{"id":11794,"date":"2025-11-21T12:07:10","date_gmt":"2025-11-21T11:07:10","guid":{"rendered":"https:\/\/www.flora-pharm.de\/blog\/?p=11794"},"modified":"2025-11-26T12:22:31","modified_gmt":"2025-11-26T11:22:31","slug":"natuerlich-schoener-adventskranz","status":"publish","type":"post","link":"https:\/\/www.flora-pharm.de\/blog\/natuerlich-schoener-adventskranz\/","title":{"rendered":"Nat\u00fcrlich sch\u00f6ner Adventskranz"},"content":{"rendered":"\n<p>Am 30. November brennt die erste Kerze. H\u00f6chste Zeit also, einen Adventskranz anzuschaffen oder, besser noch, selbst zu basteln \u2013 aus nat\u00fcrlichen Materialien ganz ohne Chemie.<\/p>\n\n\n\n<p>Ein Adventskranz ist f\u00fcr die meisten von uns fester Bestandteil der Vorweihnachtszeit.<\/p>\n\n\n\n<p>Vier Kerzen, h\u00fcbsch verziert mit reichlich Deko. Was auf den ersten Blick heimelig wirkt, hat es leider oft in sich: Viele im Handel erh\u00e4ltliche Kr\u00e4nze bestehen aus Styroporringen, Plastikdeko, Spr\u00fchkleber oder bedenklichen Lacken. Umweltfreundlich sind solche Modelle nicht, oft auch noch sch\u00e4dlich f\u00fcr die Gesundheit. Es geht auch anders. Weihnachtszauber ohne Chemie<\/p>\n\n\n\n<p>Ein nachhaltiger Kranz beginnt bei der Materialwahl. Der klassische Kranzrohling aus Styropor wird aus Erd\u00f6l hergestellt und kann Schadstoffe enthalten. Eine umweltfreundliche Alternative sind Ringe aus Stroh, Weide oder Metall, die sich sogar mehrfach verwenden lassen. Auch das Gr\u00fcn sollte m\u00f6glichst unbehandelt sein \u2013 also frei von Sprays, Lacken oder k\u00fcnstlichem Glitzer.<\/p>\n\n\n\n<p>Lesen Sie auch: <a href=\"https:\/\/www.flora-pharm.de\/blog\/o-tannenbaum-christbaeume-nachhaltig-kaufen\/\">O Tannenbaum \u2013 Christb\u00e4ume nachhaltig kaufen<\/a><\/p>\n\n\n\n<p>Von <em>Katharina Lorenz<\/em><\/p>\n\n\n\n<h2 class=\"wp-block-heading\">Zum Binden eignen sich:<\/h2>\n\n\n\n<ul class=\"wp-block-list\">\n<li>Tannenzweige von der Nordmanntanne oder Kiefer,<\/li>\n\n\n\n<li>Efeu, Buchs, Hagebutten, getrocknete Gr\u00e4ser,<\/li>\n\n\n\n<li>Zweige von Rosmarin oder Lavendel (sie duften herrlich!),<\/li>\n\n\n\n<li>Zimtstangen, Orangenscheiben, N\u00fcsse, kleine \u00c4pfel.<\/li>\n<\/ul>\n\n\n\n<p>F\u00fcr die Dekoration bitte keine Plastikteile verwenden. Viel sch\u00f6ner sind selbstgesammelte Naturmaterialien, zum Beispiel Tannenzapfen oder N\u00fcsse, oder kleine Holzfiguren \u2013 am besten aus nachhaltiger Herstellung.<\/p>\n\n\n\n<h2 class=\"wp-block-heading\">Kerzen mit Verantwortung<\/h2>\n\n\n\n<p>Auch bei den Lichtern lohnt es sich, genau hinzuschauen. Konventionelle <a href=\"https:\/\/www.flora-pharm.de\/blog\/kerzen-ohne-gift\/\">Adventskerzen<\/a> bestehen meist aus Paraffin \u2013 einem Erd\u00f6lprodukt. Besser sind Varianten aus Bienenwachs oder pflanzlichem Stearin, m\u00f6glichst aus kontrolliert-biologischer Herkunft. Diese brennen sauberer und setzen weniger Schadstoffe frei.<\/p>\n\n\n\n<h2 class=\"wp-block-heading\">Sicher durch den Advent<\/h2>\n\n\n\n<p>Doch aufgepasst: Ein Adventskranz sollte nie unbeaufsichtigt brennen \u2013 das gilt besonders, wenn er aus trocknenden Naturmaterialien besteht. Tannenzweige werden mit der Zeit spr\u00f6de und k\u00f6nnen leicht Feuer fangen. Daher: Kerzen in Halterungen fixieren, die nicht direkt mit dem Gr\u00fcn in Ber\u00fchrung kommen, und den Kranz auf eine feuerfeste Unterlage stellen. Die Zweige sollten Sie regelm\u00e4\u00dfig austauschen oder vorsichtig befeuchten. Wenn Sie diese Hinweise beachten, kann das weihnachtliche Bastelvergn\u00fcgen auch schon beginnen!<\/p>\n\n\n\n<div style=\"height:100px\" aria-hidden=\"true\" class=\"wp-block-spacer\"><\/div>\n\n\n\n<h2 class=\"wp-block-heading\">DIY-Anleitung: Nat\u00fcrlicher Adventskranz<\/h2>\n\n\n\n<p><strong>Das brauchen Sie:<\/strong><\/p>\n\n\n\n<ul class=\"wp-block-list\">\n<li>1 Kranzrohling aus Stroh oder Weide (30\u201335 cm Durchmesser)<\/li>\n\n\n\n<li>Ca. 1 m Bindedraht (z.B. gr\u00fcner Wickeldraht &#8211; ggf. auch mehr)<\/li>\n\n\n\n<li>Tannenzweige, Efeuranken, Hagebutten, Zimtstangen, Orangenscheiben<\/li>\n\n\n\n<li>4 Kerzen aus Bienenwachs oder Stearin<\/li>\n\n\n\n<li>4 feuerfeste Kerzenhalter mit Dorn<\/li>\n\n\n\n<li>Deko nach Belieben: z. B. Zapfen, getrocknete Apfelscheiben, N\u00fcsse, kleine Holzsterne Schere oder Gartenschere<\/li>\n<\/ul>\n\n\n\n<p><strong>So geht \u2019s:<\/strong><\/p>\n\n\n\n<ol class=\"wp-block-list\">\n<li>Die Tannenzweige in kleine B\u00fcndel schneiden.<\/li>\n\n\n\n<li>Mit dem Draht das erste B\u00fcndel auf dem Rohling befestigen.<\/li>\n\n\n\n<li>Nach und nach weitere B\u00fcndel \u00fcberlappend auflegen und festwickeln \u2013 immer in dieselbe Richtung.<\/li>\n\n\n\n<li>Wenn der Kranz ganz umwickelt ist, Draht gut verknoten und die Enden im Gr\u00fcn verstecken.<\/li>\n\n\n\n<li>Die Kerzenhalter gleichm\u00e4\u00dfig auf dem Kranz verteilen und die Kerzen darauf stecken.<\/li>\n\n\n\n<li>Jetzt kommt die kreative Phase: Zapfen, Zimtstangen, Orangenscheiben und andere Naturmaterialien nach Lust und Laune dekorativ befestigen \u2013 idealerweise mit Draht.<\/li>\n\n\n\n<li>Den fertigen Kranz auf eine feuerfeste Unterlage stellen und genie\u00dfen!<\/li>\n<\/ol>\n\n\n\n<div style=\"height:15px\" aria-hidden=\"true\" class=\"wp-block-spacer\"><\/div>\n\n\n\n<h2 class=\"wp-block-heading\">Schmuckst\u00fcck mit Bedeutung<\/h2>\n\n\n\n<p>Ein nachhaltiger Adventskranz ist deutlich mehr als ein h\u00fcbsches Deko-Objekt: Er verbindet Achtsamkeit, Kreativit\u00e4t und Umweltbewusstsein \u2013 und bringt wahrhaftigen Zauber in die Vorweihnachtszeit. Viel Vergn\u00fcgen beim Ausprobieren!<\/p>\n\n\n\n<div style=\"height:49px\" aria-hidden=\"true\" class=\"wp-block-spacer\"><\/div>\n\n\n\n<p>Lesen Sie auch weitere <a href=\"https:\/\/www.flora-pharm.de\/blog\/tag\/advent\/\">Artikel zum Thema Advent<\/a> hier im Flora-Blog.<\/p>\n\n\n\n<p><strong><em>Das Team der Flora-Apotheke w\u00fcnscht schon mal eine <\/em><\/strong><a href=\"https:\/\/www.flora-pharm.de\/blog\/quality-time-advent-weihnachten-wohlfuehlen-geschenke\/\"><strong><em>sch\u00f6ne Adventszeit<\/em><\/strong><\/a><strong><em> und steht Ihnen bei Fragen nat\u00fcrlich immer gern beratend zur Seite. Sprechen Sie uns einfach an.<\/em><\/strong><\/p>\n\n\n\n<div style=\"height:100px\" aria-hidden=\"true\" class=\"wp-block-spacer\"><\/div>\n\n\n\n<figure class=\"wp-block-image aligncenter size-medium\"><img loading=\"lazy\" decoding=\"async\" width=\"225\" height=\"300\" data-attachment-id=\"11784\" data-permalink=\"https:\/\/www.flora-pharm.de\/blog\/naturheilkunde-und-gesundheit-cover-11-2025\/\" data-orig-file=\"https:\/\/www.flora-pharm.de\/blog\/wp-content\/uploads\/2025\/10\/naturheilkunde-und-gesundheit-cover-11-2025.jpg\" data-orig-size=\"450,600\" data-comments-opened=\"1\" data-image-meta=\"{&quot;aperture&quot;:&quot;0&quot;,&quot;credit&quot;:&quot;&quot;,&quot;camera&quot;:&quot;&quot;,&quot;caption&quot;:&quot;&quot;,&quot;created_timestamp&quot;:&quot;0&quot;,&quot;copyright&quot;:&quot;&quot;,&quot;focal_length&quot;:&quot;0&quot;,&quot;iso&quot;:&quot;0&quot;,&quot;shutter_speed&quot;:&quot;0&quot;,&quot;title&quot;:&quot;&quot;,&quot;orientation&quot;:&quot;1&quot;}\" data-image-title=\"naturheilkunde-und-gesundheit-cover-11-2025\" data-image-description=\"\" data-image-caption=\"&lt;p&gt;Text mit freundlicher Genehmigung der S &amp;#038; D Verlag GmbH. Das komplette \u201cNaturheilkunde &amp;#038; Gesundheit\u201d Heft bekommen Sie auch bei uns in der Apotheke.&lt;\/p&gt;\n\" data-large-file=\"https:\/\/www.flora-pharm.de\/blog\/wp-content\/uploads\/2025\/10\/naturheilkunde-und-gesundheit-cover-11-2025.jpg\" src=\"https:\/\/www.flora-pharm.de\/blog\/wp-content\/uploads\/2025\/10\/naturheilkunde-und-gesundheit-cover-11-2025-225x300.jpg\" alt=\"Bild vom Cover des &quot;Naturheilkunde &amp; Gesundheit&quot; Heftes 11\/25, aus dem der Text zu diesem Artikel stammt. Der Verlag hat uns die Nutzung freundlicherweise genehmigt.\" class=\"wp-image-11784\" srcset=\"https:\/\/www.flora-pharm.de\/blog\/wp-content\/uploads\/2025\/10\/naturheilkunde-und-gesundheit-cover-11-2025-225x300.jpg 225w, https:\/\/www.flora-pharm.de\/blog\/wp-content\/uploads\/2025\/10\/naturheilkunde-und-gesundheit-cover-11-2025.jpg 450w\" sizes=\"auto, (max-width: 225px) 100vw, 225px\" \/><figcaption class=\"wp-element-caption\">Text mit freundlicher Genehmigung der S &amp; D Verlag GmbH. Das komplette \u201cNaturheilkunde &amp; Gesundheit\u201d Heft bekommen Sie auch bei uns in der Apotheke.<\/figcaption><\/figure>\n","protected":false},"excerpt":{"rendered":"<p>Die Zeit f\u00fcr einen Adventskranz naht. Wie w\u00e4re es, ihn dieses Jahr selbst zu basteln \u2013 aus nat\u00fcrlichen Materialien ganz ohne Chemie<\/p>\n","protected":false},"author":1,"featured_media":11787,"comment_status":"open","ping_status":"open","sticky":false,"template":"","format":"standard","meta":{"jetpack_post_was_ever_published":false,"_jetpack_newsletter_access":"","_jetpack_dont_email_post_to_subs":false,"_jetpack_newsletter_tier_id":0,"_jetpack_memberships_contains_paywalled_content":false,"_jetpack_memberships_contains_paid_content":false,"footnotes":""},"categories":[8],"tags":[67,598,422],"class_list":["post-11794","post","type-post","status-publish","format-standard","has-post-thumbnail","hentry","category-wissenswert","tag-advent","tag-diy","tag-naturheilkunde-und-gesundheit","has-post-title","has-post-date","has-post-category","has-post-tag","has-post-comment","has-post-author",""],"jetpack_featured_media_url":"https:\/\/www.flora-pharm.de\/blog\/wp-content\/uploads\/2025\/10\/adventskranz-natur.jpg","jetpack-related-posts":[{"id":8013,"url":"https:\/\/www.flora-pharm.de\/blog\/o-tannenbaum-christbaeume-nachhaltig-kaufen\/","url_meta":{"origin":11794,"position":0},"title":"O Tannenbaum &#8211; Christb\u00e4ume nachhaltig kaufen","author":"Flora Team","date":"10. Dezember 2021","format":false,"excerpt":"Knapp 30 Millionen Weihnachtsb\u00e4ume werden j\u00e4hrlich in Deutschland verkauft. \u00d6kobilanz? Alles andere als zum Feiern. So klappt\u2019s mit dem wirklich gr\u00fcnen Baum!","rel":"","context":"In &quot;Wissenswert&quot;","block_context":{"text":"Wissenswert","link":"https:\/\/www.flora-pharm.de\/blog\/category\/wissenswert\/"},"img":{"alt_text":"O Tannenbaum, Christb\u00e4ume nachhaltig kaufen","src":"https:\/\/i0.wp.com\/www.flora-pharm.de\/blog\/wp-content\/uploads\/2021\/12\/tannenbaum-nachhaltig.jpg?resize=350%2C200&ssl=1","width":350,"height":200,"srcset":"https:\/\/i0.wp.com\/www.flora-pharm.de\/blog\/wp-content\/uploads\/2021\/12\/tannenbaum-nachhaltig.jpg?resize=350%2C200&ssl=1 1x, https:\/\/i0.wp.com\/www.flora-pharm.de\/blog\/wp-content\/uploads\/2021\/12\/tannenbaum-nachhaltig.jpg?resize=525%2C300&ssl=1 1.5x, https:\/\/i0.wp.com\/www.flora-pharm.de\/blog\/wp-content\/uploads\/2021\/12\/tannenbaum-nachhaltig.jpg?resize=700%2C400&ssl=1 2x"},"classes":[]},{"id":4677,"url":"https:\/\/www.flora-pharm.de\/blog\/wie-duftet-weihnachten\/","url_meta":{"origin":11794,"position":1},"title":"Wie duftet Weihnachten?","author":"Flora Team","date":"12. Dezember 2017","format":false,"excerpt":"Lassen Sie doch den Weihnachtsstress drau\u00dfen vor Ihrer T\u00fcr und stimmen Sie sich zu Hause mit angenehmen D\u00fcften auf das Fest ein. \u00c4therische \u00d6le zaubern einen Raumduft, der Geborgenheit und W\u00e4rme schenkt. \u00a0 Aroma\u00f6le f\u00fcr die Adventszeit D\u00fcfte haben eine erstaunliche Wirkung auf unseren K\u00f6rper und unsere Seele. Inzwischen ist\u2026","rel":"","context":"In &quot;Wissenswert&quot;","block_context":{"text":"Wissenswert","link":"https:\/\/www.flora-pharm.de\/blog\/category\/wissenswert\/"},"img":{"alt_text":"Weihnachtsduft Aromatherapie","src":"https:\/\/i0.wp.com\/www.flora-pharm.de\/blog\/wp-content\/uploads\/2017\/12\/weihnachtsduft.jpg?resize=350%2C200&ssl=1","width":350,"height":200,"srcset":"https:\/\/i0.wp.com\/www.flora-pharm.de\/blog\/wp-content\/uploads\/2017\/12\/weihnachtsduft.jpg?resize=350%2C200&ssl=1 1x, https:\/\/i0.wp.com\/www.flora-pharm.de\/blog\/wp-content\/uploads\/2017\/12\/weihnachtsduft.jpg?resize=525%2C300&ssl=1 1.5x, https:\/\/i0.wp.com\/www.flora-pharm.de\/blog\/wp-content\/uploads\/2017\/12\/weihnachtsduft.jpg?resize=700%2C400&ssl=1 2x"},"classes":[]},{"id":8547,"url":"https:\/\/www.flora-pharm.de\/blog\/kerzen-ohne-gift\/","url_meta":{"origin":11794,"position":2},"title":"Kerzen ohne Gift","author":"Flora Team","date":"12. Dezember 2022","format":false,"excerpt":"O, du Nachhaltige\u2026 achten Sie bei den stimmungsvollen Wachslichtern unbedingt auf die inneren Werte; in vielen Kerzen stecken sch\u00e4dliche Substanzen.","rel":"","context":"In &quot;Wissenswert&quot;","block_context":{"text":"Wissenswert","link":"https:\/\/www.flora-pharm.de\/blog\/category\/wissenswert\/"},"img":{"alt_text":"Giftfreie Kerzen","src":"https:\/\/i0.wp.com\/www.flora-pharm.de\/blog\/wp-content\/uploads\/2022\/11\/kerzen-ohne-gift.jpg?resize=350%2C200&ssl=1","width":350,"height":200,"srcset":"https:\/\/i0.wp.com\/www.flora-pharm.de\/blog\/wp-content\/uploads\/2022\/11\/kerzen-ohne-gift.jpg?resize=350%2C200&ssl=1 1x, https:\/\/i0.wp.com\/www.flora-pharm.de\/blog\/wp-content\/uploads\/2022\/11\/kerzen-ohne-gift.jpg?resize=525%2C300&ssl=1 1.5x, https:\/\/i0.wp.com\/www.flora-pharm.de\/blog\/wp-content\/uploads\/2022\/11\/kerzen-ohne-gift.jpg?resize=700%2C400&ssl=1 2x, https:\/\/i0.wp.com\/www.flora-pharm.de\/blog\/wp-content\/uploads\/2022\/11\/kerzen-ohne-gift.jpg?resize=1050%2C600&ssl=1 3x"},"classes":[]},{"id":8543,"url":"https:\/\/www.flora-pharm.de\/blog\/der-besinnlichste-advent-ihres-lebens\/","url_meta":{"origin":11794,"position":3},"title":"Der besinnlichste Advent Ihres Lebens","author":"Flora Team","date":"30. November 2022","format":false,"excerpt":"Die Wochen bis Weihnachten sind gez\u00e4hlt! Zeitdruck? Diesmal nicht. Mit unserem 4-Wochen-Plan wird es eine entspannte Adventszeit - f\u00fcr alle","rel":"","context":"In &quot;Wissenswert&quot;","block_context":{"text":"Wissenswert","link":"https:\/\/www.flora-pharm.de\/blog\/category\/wissenswert\/"},"img":{"alt_text":"besinnlicher advent - planung - entspannung - stressfrei","src":"https:\/\/i0.wp.com\/www.flora-pharm.de\/blog\/wp-content\/uploads\/2022\/11\/besinnlicher-advent.jpg?resize=350%2C200&ssl=1","width":350,"height":200,"srcset":"https:\/\/i0.wp.com\/www.flora-pharm.de\/blog\/wp-content\/uploads\/2022\/11\/besinnlicher-advent.jpg?resize=350%2C200&ssl=1 1x, https:\/\/i0.wp.com\/www.flora-pharm.de\/blog\/wp-content\/uploads\/2022\/11\/besinnlicher-advent.jpg?resize=525%2C300&ssl=1 1.5x, https:\/\/i0.wp.com\/www.flora-pharm.de\/blog\/wp-content\/uploads\/2022\/11\/besinnlicher-advent.jpg?resize=700%2C400&ssl=1 2x, https:\/\/i0.wp.com\/www.flora-pharm.de\/blog\/wp-content\/uploads\/2022\/11\/besinnlicher-advent.jpg?resize=1050%2C600&ssl=1 3x"},"classes":[]},{"id":8932,"url":"https:\/\/www.flora-pharm.de\/blog\/herbstlaub\/","url_meta":{"origin":11794,"position":4},"title":"Herbstlaub","author":"Flora Team","date":"14. November 2023","format":false,"excerpt":"Herbstlaub: Sie leuchten in den sch\u00f6nsten Farben und rascheln so herrlich unter den F\u00fc\u00dfen \u2013 bunte Bl\u00e4tter. Und sie sind n\u00fctzlich!","rel":"","context":"In &quot;Wissenswert&quot;","block_context":{"text":"Wissenswert","link":"https:\/\/www.flora-pharm.de\/blog\/category\/wissenswert\/"},"img":{"alt_text":"Buntes, n\u00fctzliches Herbstlaub","src":"https:\/\/i0.wp.com\/www.flora-pharm.de\/blog\/wp-content\/uploads\/2023\/10\/herbstlaub.jpg?resize=350%2C200&ssl=1","width":350,"height":200,"srcset":"https:\/\/i0.wp.com\/www.flora-pharm.de\/blog\/wp-content\/uploads\/2023\/10\/herbstlaub.jpg?resize=350%2C200&ssl=1 1x, https:\/\/i0.wp.com\/www.flora-pharm.de\/blog\/wp-content\/uploads\/2023\/10\/herbstlaub.jpg?resize=525%2C300&ssl=1 1.5x, https:\/\/i0.wp.com\/www.flora-pharm.de\/blog\/wp-content\/uploads\/2023\/10\/herbstlaub.jpg?resize=700%2C400&ssl=1 2x, https:\/\/i0.wp.com\/www.flora-pharm.de\/blog\/wp-content\/uploads\/2023\/10\/herbstlaub.jpg?resize=1050%2C600&ssl=1 3x"},"classes":[]},{"id":4863,"url":"https:\/\/www.flora-pharm.de\/blog\/natuerlich-sauber-umweltfreundlicher-fruehjahrsputz\/","url_meta":{"origin":11794,"position":5},"title":"Nat\u00fcrlich sauber &#8211; Umweltfreundlicher Fr\u00fchjahrsputz","author":"Flora Team","date":"8. M\u00e4rz 2018","format":false,"excerpt":"Dicke Staubschicht auf den K\u00fcchenschr\u00e4nken und ein fieser Grauschleier auf den Fensterscheiben? Wer glaubt, dem Winterdreck nur mit scharfen Reinigern zu Leibe r\u00fccken zu k\u00f6nnen, ist auf dem Holzweg. Fr\u00fchjahrsputz funktioniert auch umweltfreundlich. \u201eGr\u00fcn\u201c Scheuern und Schrubben sind kein Hexenwerk, sondern kinderleicht, originell und sogar preisg\u00fcnstig. Es sprudelt, sch\u00e4umt und\u2026","rel":"","context":"In &quot;Wissenswert&quot;","block_context":{"text":"Wissenswert","link":"https:\/\/www.flora-pharm.de\/blog\/category\/wissenswert\/"},"img":{"alt_text":"","src":"https:\/\/i0.wp.com\/www.flora-pharm.de\/blog\/wp-content\/uploads\/2018\/03\/umweltfreundlicher-fruehjahrsputz.jpg?resize=350%2C200&ssl=1","width":350,"height":200,"srcset":"https:\/\/i0.wp.com\/www.flora-pharm.de\/blog\/wp-content\/uploads\/2018\/03\/umweltfreundlicher-fruehjahrsputz.jpg?resize=350%2C200&ssl=1 1x, https:\/\/i0.wp.com\/www.flora-pharm.de\/blog\/wp-content\/uploads\/2018\/03\/umweltfreundlicher-fruehjahrsputz.jpg?resize=525%2C300&ssl=1 1.5x, https:\/\/i0.wp.com\/www.flora-pharm.de\/blog\/wp-content\/uploads\/2018\/03\/umweltfreundlicher-fruehjahrsputz.jpg?resize=700%2C400&ssl=1 2x"},"classes":[]}],"jetpack_sharing_enabled":true,"_links":{"self":[{"href":"https:\/\/www.flora-pharm.de\/blog\/wp-json\/wp\/v2\/posts\/11794","targetHints":{"allow":["GET"]}}],"collection":[{"href":"https:\/\/www.flora-pharm.de\/blog\/wp-json\/wp\/v2\/posts"}],"about":[{"href":"https:\/\/www.flora-pharm.de\/blog\/wp-json\/wp\/v2\/types\/post"}],"author":[{"embeddable":true,"href":"https:\/\/www.flora-pharm.de\/blog\/wp-json\/wp\/v2\/users\/1"}],"replies":[{"embeddable":true,"href":"https:\/\/www.flora-pharm.de\/blog\/wp-json\/wp\/v2\/comments?post=11794"}],"version-history":[{"count":5,"href":"https:\/\/www.flora-pharm.de\/blog\/wp-json\/wp\/v2\/posts\/11794\/revisions"}],"predecessor-version":[{"id":11874,"href":"https:\/\/www.flora-pharm.de\/blog\/wp-json\/wp\/v2\/posts\/11794\/revisions\/11874"}],"wp:featuredmedia":[{"embeddable":true,"href":"https:\/\/www.flora-pharm.de\/blog\/wp-json\/wp\/v2\/media\/11787"}],"wp:attachment":[{"href":"https:\/\/www.flora-pharm.de\/blog\/wp-json\/wp\/v2\/media?parent=11794"}],"wp:term":[{"taxonomy":"category","embeddable":true,"href":"https:\/\/www.flora-pharm.de\/blog\/wp-json\/wp\/v2\/categories?post=11794"},{"taxonomy":"post_tag","embeddable":true,"href":"https:\/\/www.flora-pharm.de\/blog\/wp-json\/wp\/v2\/tags?post=11794"}],"curies":[{"name":"wp","href":"https:\/\/api.w.org\/{rel}","templated":true}]}}