{"id":11870,"date":"2025-12-15T12:02:44","date_gmt":"2025-12-15T11:02:44","guid":{"rendered":"https:\/\/www.flora-pharm.de\/blog\/?p=11870"},"modified":"2025-12-15T12:02:47","modified_gmt":"2025-12-15T11:02:47","slug":"weihnachtsrituale-aus-aller-welt","status":"publish","type":"post","link":"https:\/\/www.flora-pharm.de\/blog\/weihnachtsrituale-aus-aller-welt\/","title":{"rendered":"Weihnachtsrituale aus aller Welt"},"content":{"rendered":"\n<p>Genug von Weihnachtsgans und Lametta? Dann lassen Sie sich von den festlichen Br\u00e4uchen anderer L\u00e4nder inspirieren \u2013 teils romantisch, teils kurios. Wir nehmen Sie mit auf eine glanzvolle Reise von Irland bis Norwegen.<\/p>\n\n\n\n<p>Eine Welt, ein Weihnachtsfest. \u00dcberall auf der Erde feiern die Menschen die Festtage, allerdings auf ihre eigene Art. W\u00e4hrend bei uns Lametta und Kartoffelsalat mit Bockwurst eine lange Tradition haben, herrschen woanders f\u00fcr unseren Geschmack ganz fremdartige Rituale. Andere L\u00e4nder, anderer Heiligabend. Eines haben jedoch alle Br\u00e4uche gemeinsam: Sie schenken Freude und wollen das Zusammengeh\u00f6rigkeitsgef\u00fchl st\u00e4rken.<\/p>\n\n\n\n<p><strong>Schauen Sie auch mal in unseren <a href=\"https:\/\/www.flora-pharm.de\/blog\/quality-time-advent-weihnachten-wohlfuehlen-geschenke\/\">Weihnachts-\u00dcbersichtsartikel<\/a>.<\/strong><\/p>\n\n\n\n<div style=\"height:20px\" aria-hidden=\"true\" class=\"wp-block-spacer\"><\/div>\n\n\n\n<h2 class=\"wp-block-heading\">Irland &#8211; <em>Nollaig Shona Duit<\/em><\/h2>\n\n\n\n<p><strong>Christmas Swim<\/strong><\/p>\n\n\n\n<p>Traditionell am fr\u00fchen Morgen des ersten Weihnachtstages kommen die hartgesottenen Menschen in Irland an ihren K\u00fcsten zusammen, um sich gemeinsam in die eiskalten Fluten zu st\u00fcrzen. Manche tragen dabei bunte Kost\u00fcme, die Stimmung ist ausgelassen. Wer den Sprung ins k\u00fchle Nass gewagt hat, wird vom Publikum lautstark bejubelt. Hinterher gibt\u2019s f\u00fcr jeden ein Hei\u00dfgetr\u00e4nk. Wenn das kein Anreiz ist?! Diese recht junge Tradition des \u201eChristmas Swim\u201c \u2013 Mitte des 20. Jahrhunderts am Forty Foot Strand bei Dublin entstanden \u2013 schwappt sogar allm\u00e4hlich zu uns r\u00fcber. Am Eisbaden finden immer mehr Deutsche Gefallen \u2013 allerdings zum Neujahrsmorgen. Der Effekt ist nunmal nicht zu leugnen: Schwimmen im kalten Wasser erfrischt den Geist, heizt den Abwehrkr\u00e4ften ein und bringt den Kreislauf auf Touren. Noch dazu macht es gute Laune. Tipp f\u00fcr Nachahmer: Kopf und H\u00e4nde bleiben \u00fcber dem Wasser.<\/p>\n\n\n\n<div style=\"height:20px\" aria-hidden=\"true\" class=\"wp-block-spacer\"><\/div>\n\n\n\n<h2 class=\"wp-block-heading\">Venezuela &#8211; <em>Feliz Navidad!<\/em><\/h2>\n\n\n\n<p><strong>Weihnachtsmann auf Rollen<\/strong><\/p>\n\n\n\n<p>Einer der schr\u00e4gsten Weihnachtsbr\u00e4uche aus aller Welt: In der venezolanischen Stadt Caracas gehen die Menschen nicht zur Kirche \u2013 sie rollen. Fr\u00fchmorgens schl\u00fcpfen sie in die Rollschuhe oder Inline-Skates und fahren gemeinsam vor den Altar. Woher diese Tradition stammt, ist nicht bekannt, doch sie hat sich durchgesetzt. Inzwischen werden daf\u00fcr sogar ganze Stra\u00dfenz\u00fcge gesperrt, damit die Skater freie Bahn haben. In Venezuela kommt der Weihnachtsmann also nicht mit dem Schlitten, sondern auf Rollerblades. Etwas Bewegung rund um die Feiertage kann ja nicht schaden&#8230;<\/p>\n\n\n\n<div style=\"height:20px\" aria-hidden=\"true\" class=\"wp-block-spacer\"><\/div>\n\n\n\n<h2 class=\"wp-block-heading\">Finnland &#8211; <em>Hyv\u00e4\u00e4 Joulua!<\/em><\/h2>\n\n\n\n<p><strong>O, du Schwitzige<\/strong><\/p>\n\n\n\n<p>Hektisches Treiben in der K\u00fcche, damit p\u00fcnktlich die Weihnachtsgans auf dem Tisch steht? Nicht in Finnland. Im Land der tausend Seen zieht man sich lieber aus. Runter mit den Klamotten und ab in die Sauna. Bei 100 Grad, geringer Luftfeuchtigkeit und dem Duft von Birkenbl\u00e4ttern schwitzen Familien gemeinsam \u2013 traditionell ab 12 Uhr \u2013 und genie\u00dfen dabei Ruhe und Frieden, bevor es hinterher an die letzten Vorbereitungen des Festtagsschmauses geht. Mit diesem Entspannungsritual ist alle Aufmerksamkeit auf die \u201estille Nacht\u201c gerichtet. Gleichzeitig tun sich alle viel Gutes damit: Das Schwitzen kurbelt die Durchblutung an, l\u00f6st verkrampfte Muskeln und beruhigt den Geist. Der Birkenduft \u00fcbrigens wirkt belebend und erfrischend; die \u00e4therischen \u00d6le aus dem getrockneten Holz befreien die Atemwege und sollen die Haut reinigen. Sauna-Aufg\u00fcsse mit Birke gibt es auch bei uns in der Apotheke \u2013 auch wenn nicht jeder von uns eine Schwitzh\u00fctte in romantischer Schneelandschaft vor der Haust\u00fcr hat.<\/p>\n\n\n\n<div style=\"height:20px\" aria-hidden=\"true\" class=\"wp-block-spacer\"><\/div>\n\n\n\n<h2 class=\"wp-block-heading\">Ukraine<\/h2>\n\n\n\n<p><strong>Spinnen bringen Gl\u00fcck<\/strong><\/p>\n\n\n\n<p>Von wegen Lametta und Lichterkette. Spinnennetze funkeln in der Ukraine am Weihnachtsbaum. Sie gelten als Gl\u00fccksbringer und als Segen f\u00fcr ein gesundes, gl\u00fcckliches neues Jahr. Dahinter steckt die Legende einer alten Frau: Angeblich hatte sie kein Geld f\u00fcr einen geschm\u00fcckten Christbaum in ihrer Wohnung. Als sie am Weihnachtsmorgen aufwachte, war die Tanne vor ihrem Haus mit Spinnenweben \u00fcberzogen, die im Sonnenlicht glitzerten \u2013 was f\u00fcr ein Zeichen! Seitdem basteln die Menschen in der Ukraine traditionell in der Adventszeit Spinnennetze aus Kunststoff und verzieren sie mit Perlen. \u201ePavuchky\u201c, die Weihnachtsspinne, hat \u00fcbrigens \u00c4hnlichkeit mit unseren Strohsternen, die f\u00fcr Arachnophobiker vielleicht vertr\u00e4glicher sind.<\/p>\n\n\n\n<div style=\"height:20px\" aria-hidden=\"true\" class=\"wp-block-spacer\"><\/div>\n\n\n\n<h2 class=\"wp-block-heading\">USA &#8211; <em>Merry Christmas!<\/em><\/h2>\n\n\n\n<p><strong>Die Gl\u00fccksgurke<\/strong><\/p>\n\n\n\n<p>Ja ja, die Amis \u2026 Um diesen verr\u00fcckten Brauch ranken sich viele Mythen. Warum man in den USA traditionell eine gl\u00e4serne Gurke im Weihnachtsbaum versteckt, ist nicht zu 100 Prozent gekl\u00e4rt. Fakt ist: Dieses witzige Accessoire darf dort nirgends fehlen. Meistens sind es die Kinder, die sich am Weihnachtsmorgen oder -abend auf die Suche nach der Glasgurke machen. Wer sie schlie\u00dflich hinter all den glitzernden Kugeln und Lichterketten findet, bekommt als Erstes die Weihnachtsgeschenke. Noch dazu soll diese Person im kommenden Jahr besonders viel Gl\u00fcck haben \u2013 dank der Weihnachtsgurke. \u201eChristmas pickle\u201c, wie man in Amerika sagt, ist inzwischen zum Exportschlager geworden. Auch hierzulande g\u00f6nnen sich immer mehr diesen Spa\u00df und h\u00e4ngen eine Gurke in den Baum \u2013 fr\u00fcher war schlie\u00dflich mehr Lametta.<\/p>\n\n\n\n<div style=\"height:20px\" aria-hidden=\"true\" class=\"wp-block-spacer\"><\/div>\n\n\n\n<h2 class=\"wp-block-heading\">Italien &#8211; <em>Buon Natale!<\/em><\/h2>\n\n\n\n<p><strong>Morgen kommt die Weihnachtshexe<\/strong><\/p>\n\n\n\n<p>Was bei uns der Nikolaus ist, kommt in Italien in Gestalt einer Hexe \u2013 und zwar zum Ende der Weihnachtszeit am Dreik\u00f6nigstag, 6. Januar. La Befana fliegt auf ihrem Besen von Haus zu Haus und f\u00fcllt die Str\u00fcmpfe der Kinder mit S\u00fc\u00dfigkeiten und Geschenken \u2013 so die Sage. Nach den \u00dcberlieferungen soll Befana auf der Suche nach dem Jesuskind sein und vermutet es in jeder Wohnung. Um ihm gut gesonnen zu sein, hinterl\u00e4sst sie \u00fcberall Pr\u00e4sente. Heute ist das Fest in Italien mit bunten Umz\u00fcgen und M\u00e4rkten verbunden \u2013 auch mit viel Kommerz.<\/p>\n\n\n\n<div style=\"height:20px\" aria-hidden=\"true\" class=\"wp-block-spacer\"><\/div>\n\n\n\n<h2 class=\"wp-block-heading\">Norwegen &#8211; <em>God Jul!<\/em><\/h2>\n\n\n\n<p><strong>Troll mit roter M\u00fctze<\/strong><\/p>\n\n\n\n<p>Weihnachten, das \u201eJulefest\u201c, ist in Norwegen eine gro\u00dfe Sache. Auch weil viel l\u00e4nger gefeiert wird als bei uns \u2013 vom 13. Dezember mit dem Santa Lucia Fest bis zum 13. Januar, dem Tag des Heiligen Knut. Am wichtigsten ist jedoch auch dort der Heiligabend, \u201eJulaften\u201c, denn dann kommt \u201eJulenissen\u201c, der norwegische Weihnachtstroll mit roter M\u00fctze. Um ihn milde zu stimmen, stellt man ihm traditionell eine Sch\u00fcssel Sauerrahmgr\u00fctze, \u201eR\u00f8mmegr\u00f8t\u201c, vor die T\u00fcr. Au\u00dferdem bekommen Wildv\u00f6gel einen Bund Hafer (\u201eJulenek\u201c) und Haustiere spezielles Weihnachtsfutter \u2013 als Zeichen der Naturverbundenheit. Die langen Weihnachtsabende in dieser festlichen Zeit verbringen die Menschen \u00fcbrigens kuschelig bei Kerzenschein und Kaminfeuer. \u201eHygge\u201c hei\u00dft dieser Zustand nordisch-entspannter Gem\u00fctlichkeit \u2013 unbedingt nachahmenswert.<\/p>\n\n\n\n<div style=\"height:50px\" aria-hidden=\"true\" class=\"wp-block-spacer\"><\/div>\n\n\n\n<p>Kennen Sie weitere Weihnachtsrituale aus fernen L\u00e4ndern? Nutzen Sie gern die Kommentarfunktion unter dem Artikel.<\/p>\n\n\n\n<p>Tipp: Beauty, Wellness oder Gesundheit &#8211; In Ihrer Apotheke finden Sie das passende Weihnachtsgeschenk!<\/p>\n\n\n\n<div style=\"height:100px\" aria-hidden=\"true\" class=\"wp-block-spacer\"><\/div>\n\n\n\n<figure class=\"wp-block-image aligncenter size-medium\"><img loading=\"lazy\" decoding=\"async\" width=\"225\" height=\"300\" data-attachment-id=\"11858\" data-permalink=\"https:\/\/www.flora-pharm.de\/blog\/naturheilkunde-und-gesundheit-cover-12-2025\/\" data-orig-file=\"https:\/\/www.flora-pharm.de\/blog\/wp-content\/uploads\/2025\/11\/naturheilkunde-und-gesundheit-cover-12-2025.jpg\" data-orig-size=\"450,600\" data-comments-opened=\"1\" data-image-meta=\"{&quot;aperture&quot;:&quot;0&quot;,&quot;credit&quot;:&quot;&quot;,&quot;camera&quot;:&quot;&quot;,&quot;caption&quot;:&quot;&quot;,&quot;created_timestamp&quot;:&quot;0&quot;,&quot;copyright&quot;:&quot;&quot;,&quot;focal_length&quot;:&quot;0&quot;,&quot;iso&quot;:&quot;0&quot;,&quot;shutter_speed&quot;:&quot;0&quot;,&quot;title&quot;:&quot;&quot;,&quot;orientation&quot;:&quot;1&quot;}\" data-image-title=\"naturheilkunde-und-gesundheit-cover-12-2025\" data-image-description=\"\" data-image-caption=\"&lt;p&gt;Text mit freundlicher Genehmigung der S &amp;#038; D Verlag GmbH. Das komplette \u201cNaturheilkunde &amp;#038; Gesundheit\u201d Heft bekommen Sie auch bei uns in der Apotheke.&lt;\/p&gt;\n\" data-large-file=\"https:\/\/www.flora-pharm.de\/blog\/wp-content\/uploads\/2025\/11\/naturheilkunde-und-gesundheit-cover-12-2025.jpg\" src=\"https:\/\/www.flora-pharm.de\/blog\/wp-content\/uploads\/2025\/11\/naturheilkunde-und-gesundheit-cover-12-2025-225x300.jpg\" alt=\"Bild vom Cover des &quot;Naturheilkunde &amp; Gesundheit&quot; Heftes 12\/25, aus dem der Text zu diesem Artikel stammt. Der Verlag hat uns die Nutzung freundlicherweise genehmigt.\" class=\"wp-image-11858\" srcset=\"https:\/\/www.flora-pharm.de\/blog\/wp-content\/uploads\/2025\/11\/naturheilkunde-und-gesundheit-cover-12-2025-225x300.jpg 225w, https:\/\/www.flora-pharm.de\/blog\/wp-content\/uploads\/2025\/11\/naturheilkunde-und-gesundheit-cover-12-2025.jpg 450w\" sizes=\"auto, (max-width: 225px) 100vw, 225px\" \/><figcaption class=\"wp-element-caption\">Text mit freundlicher Genehmigung der S &#038; D Verlag GmbH. Das komplette \u201cNaturheilkunde &#038; Gesundheit\u201d Heft bekommen Sie auch bei uns in der Apotheke.<\/figcaption><\/figure>\n","protected":false},"excerpt":{"rendered":"<p>Genug von Weihnachtsgans und Lametta? Dann lassen Sie sich von den festlichen Br\u00e4uchen anderer L\u00e4nder inspirieren<\/p>\n","protected":false},"author":1,"featured_media":11862,"comment_status":"open","ping_status":"open","sticky":false,"template":"","format":"standard","meta":{"jetpack_post_was_ever_published":false,"_jetpack_newsletter_access":"","_jetpack_dont_email_post_to_subs":false,"_jetpack_newsletter_tier_id":0,"_jetpack_memberships_contains_paywalled_content":false,"_jetpack_memberships_contains_paid_content":false,"footnotes":""},"categories":[8],"tags":[67,422,69],"class_list":["post-11870","post","type-post","status-publish","format-standard","has-post-thumbnail","hentry","category-wissenswert","tag-advent","tag-naturheilkunde-und-gesundheit","tag-weihnachten","has-post-title","has-post-date","has-post-category","has-post-tag","has-post-comment","has-post-author",""],"jetpack_featured_media_url":"https:\/\/www.flora-pharm.de\/blog\/wp-content\/uploads\/2025\/11\/weihnachtsrituale-aus-aller-welt.jpg","jetpack-related-posts":[{"id":4677,"url":"https:\/\/www.flora-pharm.de\/blog\/wie-duftet-weihnachten\/","url_meta":{"origin":11870,"position":0},"title":"Wie duftet Weihnachten?","author":"Flora Team","date":"12. Dezember 2017","format":false,"excerpt":"Lassen Sie doch den Weihnachtsstress drau\u00dfen vor Ihrer T\u00fcr und stimmen Sie sich zu Hause mit angenehmen D\u00fcften auf das Fest ein. \u00c4therische \u00d6le zaubern einen Raumduft, der Geborgenheit und W\u00e4rme schenkt. \u00a0 Aroma\u00f6le f\u00fcr die Adventszeit D\u00fcfte haben eine erstaunliche Wirkung auf unseren K\u00f6rper und unsere Seele. Inzwischen ist\u2026","rel":"","context":"In &quot;Wissenswert&quot;","block_context":{"text":"Wissenswert","link":"https:\/\/www.flora-pharm.de\/blog\/category\/wissenswert\/"},"img":{"alt_text":"Weihnachtsduft Aromatherapie","src":"https:\/\/i0.wp.com\/www.flora-pharm.de\/blog\/wp-content\/uploads\/2017\/12\/weihnachtsduft.jpg?resize=350%2C200&ssl=1","width":350,"height":200,"srcset":"https:\/\/i0.wp.com\/www.flora-pharm.de\/blog\/wp-content\/uploads\/2017\/12\/weihnachtsduft.jpg?resize=350%2C200&ssl=1 1x, https:\/\/i0.wp.com\/www.flora-pharm.de\/blog\/wp-content\/uploads\/2017\/12\/weihnachtsduft.jpg?resize=525%2C300&ssl=1 1.5x, https:\/\/i0.wp.com\/www.flora-pharm.de\/blog\/wp-content\/uploads\/2017\/12\/weihnachtsduft.jpg?resize=700%2C400&ssl=1 2x"},"classes":[]},{"id":9390,"url":"https:\/\/www.flora-pharm.de\/blog\/stille-nacht-vor-ort-apotheken-sind-fuer-sie-da\/","url_meta":{"origin":11870,"position":1},"title":"Stille Nacht \u2013 Vor-Ort-Apotheken sind f\u00fcr Sie da","author":"Flora Team","date":"20. Dezember 2024","format":false,"excerpt":"Wenn die meisten von uns rund um den Weihnachtsbaum sitzen, beginnt f\u00fcr viele Vor-Ort Apotheker hierzulande eine lange Nachtschicht.","rel":"","context":"In &quot;Wissenswert&quot;","block_context":{"text":"Wissenswert","link":"https:\/\/www.flora-pharm.de\/blog\/category\/wissenswert\/"},"img":{"alt_text":"Stille Nacht mit Apothekennotdienst","src":"https:\/\/i0.wp.com\/www.flora-pharm.de\/blog\/wp-content\/uploads\/2024\/12\/stille-nacht-weihnachten-apotheke-notdienst.jpg?resize=350%2C200&ssl=1","width":350,"height":200,"srcset":"https:\/\/i0.wp.com\/www.flora-pharm.de\/blog\/wp-content\/uploads\/2024\/12\/stille-nacht-weihnachten-apotheke-notdienst.jpg?resize=350%2C200&ssl=1 1x, https:\/\/i0.wp.com\/www.flora-pharm.de\/blog\/wp-content\/uploads\/2024\/12\/stille-nacht-weihnachten-apotheke-notdienst.jpg?resize=525%2C300&ssl=1 1.5x, https:\/\/i0.wp.com\/www.flora-pharm.de\/blog\/wp-content\/uploads\/2024\/12\/stille-nacht-weihnachten-apotheke-notdienst.jpg?resize=700%2C400&ssl=1 2x, https:\/\/i0.wp.com\/www.flora-pharm.de\/blog\/wp-content\/uploads\/2024\/12\/stille-nacht-weihnachten-apotheke-notdienst.jpg?resize=1050%2C600&ssl=1 3x"},"classes":[]},{"id":8543,"url":"https:\/\/www.flora-pharm.de\/blog\/der-besinnlichste-advent-ihres-lebens\/","url_meta":{"origin":11870,"position":2},"title":"Der besinnlichste Advent Ihres Lebens","author":"Flora Team","date":"30. November 2022","format":false,"excerpt":"Die Wochen bis Weihnachten sind gez\u00e4hlt! Zeitdruck? Diesmal nicht. Mit unserem 4-Wochen-Plan wird es eine entspannte Adventszeit - f\u00fcr alle","rel":"","context":"In &quot;Wissenswert&quot;","block_context":{"text":"Wissenswert","link":"https:\/\/www.flora-pharm.de\/blog\/category\/wissenswert\/"},"img":{"alt_text":"besinnlicher advent - planung - entspannung - stressfrei","src":"https:\/\/i0.wp.com\/www.flora-pharm.de\/blog\/wp-content\/uploads\/2022\/11\/besinnlicher-advent.jpg?resize=350%2C200&ssl=1","width":350,"height":200,"srcset":"https:\/\/i0.wp.com\/www.flora-pharm.de\/blog\/wp-content\/uploads\/2022\/11\/besinnlicher-advent.jpg?resize=350%2C200&ssl=1 1x, https:\/\/i0.wp.com\/www.flora-pharm.de\/blog\/wp-content\/uploads\/2022\/11\/besinnlicher-advent.jpg?resize=525%2C300&ssl=1 1.5x, https:\/\/i0.wp.com\/www.flora-pharm.de\/blog\/wp-content\/uploads\/2022\/11\/besinnlicher-advent.jpg?resize=700%2C400&ssl=1 2x, https:\/\/i0.wp.com\/www.flora-pharm.de\/blog\/wp-content\/uploads\/2022\/11\/besinnlicher-advent.jpg?resize=1050%2C600&ssl=1 3x"},"classes":[]},{"id":4686,"url":"https:\/\/www.flora-pharm.de\/blog\/oh-du-ausnahmezustand\/","url_meta":{"origin":11870,"position":3},"title":"Oh, du Ausnahmezustand","author":"Flora Team","date":"18. Dezember 2017","format":false,"excerpt":"Zeitdruck, famili\u00e4re Verpflichtungen, oft auch die Frage nach dem Sinn und Zweck und ein Gef\u00fchl von Einsamkeit: Weihnachten und Jahresende bedeuten f\u00fcr viele alles andere als Gl\u00fcckseligkeit. \u00a0 \u201eIdyllische wei\u00dfe Weihnachten, wie sie uns die Werbung vormachen will, gibt es einfach nicht\u201c, betont Diplom-Psychologe Fritz Propach, Vorsitzender von Pro Psychotherapie\u2026","rel":"","context":"In &quot;Wissenswert&quot;","block_context":{"text":"Wissenswert","link":"https:\/\/www.flora-pharm.de\/blog\/category\/wissenswert\/"},"img":{"alt_text":"","src":"https:\/\/i0.wp.com\/www.flora-pharm.de\/blog\/wp-content\/uploads\/2017\/12\/oh-du-ausnahmezustand-xmas.jpg?resize=350%2C200&ssl=1","width":350,"height":200,"srcset":"https:\/\/i0.wp.com\/www.flora-pharm.de\/blog\/wp-content\/uploads\/2017\/12\/oh-du-ausnahmezustand-xmas.jpg?resize=350%2C200&ssl=1 1x, https:\/\/i0.wp.com\/www.flora-pharm.de\/blog\/wp-content\/uploads\/2017\/12\/oh-du-ausnahmezustand-xmas.jpg?resize=525%2C300&ssl=1 1.5x, https:\/\/i0.wp.com\/www.flora-pharm.de\/blog\/wp-content\/uploads\/2017\/12\/oh-du-ausnahmezustand-xmas.jpg?resize=700%2C400&ssl=1 2x"},"classes":[]},{"id":9350,"url":"https:\/\/www.flora-pharm.de\/blog\/adventskalender-mal-anders\/","url_meta":{"origin":11870,"position":4},"title":"Adventskalender mal anders","author":"Flora Team","date":"12. November 2024","format":false,"excerpt":"Adventskalender verk\u00fcrzen und vers\u00fc\u00dfen Kindern und uns mit 24 kleinen \u00dcberraschungen die Wartezeit zum Fest. Wir haben Tipps f\u00fcr eine DIY-Variante gesammelt:","rel":"","context":"In &quot;Wissenswert&quot;","block_context":{"text":"Wissenswert","link":"https:\/\/www.flora-pharm.de\/blog\/category\/wissenswert\/"},"img":{"alt_text":"Adventskalender selbst bauen und f\u00fcllen mit den Flora-Tipps","src":"https:\/\/i0.wp.com\/www.flora-pharm.de\/blog\/wp-content\/uploads\/2024\/10\/DIY-adventskalender.jpg?resize=350%2C200&ssl=1","width":350,"height":200,"srcset":"https:\/\/i0.wp.com\/www.flora-pharm.de\/blog\/wp-content\/uploads\/2024\/10\/DIY-adventskalender.jpg?resize=350%2C200&ssl=1 1x, https:\/\/i0.wp.com\/www.flora-pharm.de\/blog\/wp-content\/uploads\/2024\/10\/DIY-adventskalender.jpg?resize=525%2C300&ssl=1 1.5x, https:\/\/i0.wp.com\/www.flora-pharm.de\/blog\/wp-content\/uploads\/2024\/10\/DIY-adventskalender.jpg?resize=700%2C400&ssl=1 2x, https:\/\/i0.wp.com\/www.flora-pharm.de\/blog\/wp-content\/uploads\/2024\/10\/DIY-adventskalender.jpg?resize=1050%2C600&ssl=1 3x"},"classes":[]},{"id":139,"url":"https:\/\/www.flora-pharm.de\/blog\/advent-nikolaus-weihnachtsmann-christkind-und-unser-adventskalender\/","url_meta":{"origin":11870,"position":5},"title":"Advent \u2013 Nikolaus \u2013 Weihnachtsmann \u2013 Christkind und&#8230; unser Adventskalender","author":"Flora Team","date":"2. Dezember 2013","format":false,"excerpt":"So viele Feste, so viele Figuren und Br\u00e4uche. Das alles genau auseinanderzuhalten ist komplex und regional unterschiedlich. Wir m\u00f6chten die Hintergr\u00fcnde ein wenig n\u00e4her bringen und f\u00fchren unseren Feiertagskalender hier weiter. Wenn es Ihnen gef\u00e4llt, freuen wir uns \u00fcber Ihren Kommentar! Advent (Adventus Domini = Ankunft des Herrn) Es ist\u2026","rel":"","context":"In &quot;Flora Apotheke&quot;","block_context":{"text":"Flora Apotheke","link":"https:\/\/www.flora-pharm.de\/blog\/category\/flora-apotheke\/"},"img":{"alt_text":"","src":"https:\/\/i0.wp.com\/www.flora-pharm.de\/blog\/wp-content\/uploads\/2013\/12\/Foto_Advkal_800x800.jpg?resize=350%2C200&ssl=1","width":350,"height":200,"srcset":"https:\/\/i0.wp.com\/www.flora-pharm.de\/blog\/wp-content\/uploads\/2013\/12\/Foto_Advkal_800x800.jpg?resize=350%2C200&ssl=1 1x, https:\/\/i0.wp.com\/www.flora-pharm.de\/blog\/wp-content\/uploads\/2013\/12\/Foto_Advkal_800x800.jpg?resize=525%2C300&ssl=1 1.5x, https:\/\/i0.wp.com\/www.flora-pharm.de\/blog\/wp-content\/uploads\/2013\/12\/Foto_Advkal_800x800.jpg?resize=700%2C400&ssl=1 2x"},"classes":[]}],"jetpack_sharing_enabled":true,"_links":{"self":[{"href":"https:\/\/www.flora-pharm.de\/blog\/wp-json\/wp\/v2\/posts\/11870","targetHints":{"allow":["GET"]}}],"collection":[{"href":"https:\/\/www.flora-pharm.de\/blog\/wp-json\/wp\/v2\/posts"}],"about":[{"href":"https:\/\/www.flora-pharm.de\/blog\/wp-json\/wp\/v2\/types\/post"}],"author":[{"embeddable":true,"href":"https:\/\/www.flora-pharm.de\/blog\/wp-json\/wp\/v2\/users\/1"}],"replies":[{"embeddable":true,"href":"https:\/\/www.flora-pharm.de\/blog\/wp-json\/wp\/v2\/comments?post=11870"}],"version-history":[{"count":2,"href":"https:\/\/www.flora-pharm.de\/blog\/wp-json\/wp\/v2\/posts\/11870\/revisions"}],"predecessor-version":[{"id":11872,"href":"https:\/\/www.flora-pharm.de\/blog\/wp-json\/wp\/v2\/posts\/11870\/revisions\/11872"}],"wp:featuredmedia":[{"embeddable":true,"href":"https:\/\/www.flora-pharm.de\/blog\/wp-json\/wp\/v2\/media\/11862"}],"wp:attachment":[{"href":"https:\/\/www.flora-pharm.de\/blog\/wp-json\/wp\/v2\/media?parent=11870"}],"wp:term":[{"taxonomy":"category","embeddable":true,"href":"https:\/\/www.flora-pharm.de\/blog\/wp-json\/wp\/v2\/categories?post=11870"},{"taxonomy":"post_tag","embeddable":true,"href":"https:\/\/www.flora-pharm.de\/blog\/wp-json\/wp\/v2\/tags?post=11870"}],"curies":[{"name":"wp","href":"https:\/\/api.w.org\/{rel}","templated":true}]}}