{"id":11964,"date":"2026-03-17T11:03:51","date_gmt":"2026-03-17T10:03:51","guid":{"rendered":"https:\/\/www.flora-pharm.de\/blog\/?p=11964"},"modified":"2026-03-17T11:03:54","modified_gmt":"2026-03-17T10:03:54","slug":"superfood-sprossen","status":"publish","type":"post","link":"https:\/\/www.flora-pharm.de\/blog\/superfood-sprossen\/","title":{"rendered":"Superfood Sprossen"},"content":{"rendered":"\n<p>Kleine Kraftpakete von der Fensterbank. Ziehen Sie sich Ihr gesundes, junges Gem\u00fcse doch einfach selbst \u2013 so geht\u2019s.<\/p>\n\n\n\n<p>Fein und filigran. Und dennoch sind Sprossen wahre N\u00e4hrstoffbomben. Aus den Samen verschiedenster Pflanzen \u2013 ob H\u00fclsenfr\u00fcchte, Getreide oder Gem\u00fcse \u2013 lassen sich diese kleinen, kraftvollen Keimlinge einfach selbst ziehen \u2013 auch bei Ihnen in der K\u00fcche. Sie brauchen daf\u00fcr also weder Balkon noch Garten, nicht einmal einen gr\u00fcnen Daumen. Je nach Sorte k\u00f6nnen Sie Ihre eigenen Sprossen schon nach wenigen Tagen ernten und vielseitig verwenden. Als Zutat f\u00fcr Salate oder als Topping f\u00fcr Sandwiches geben Kresse, Alfalfa, Mungbohnen und Co. Ihren Speisen nicht nur das gewisse knackige Etwas; sie gelten allesamt auch als supergesund. Vor allem jetzt in der kalten Jahreszeit sind Samensprossen die perfekten Begleiter, weil sie Ihr Immunsystem unterst\u00fctzen und den K\u00f6rper mit wichtigen N\u00e4hrstoffen versorgen.<\/p>\n\n\n\n<p>Lesen Sie auch: <a href=\"https:\/\/www.flora-pharm.de\/blog\/microgreens-kleines-gruen-ganz-gross\/\">Microgreens \u2013 Kleines Gr\u00fcn ganz gro\u00df<\/a><\/p>\n\n\n\n<div style=\"height:20px\" aria-hidden=\"true\" class=\"wp-block-spacer\"><\/div>\n\n\n\n<h2 class=\"wp-block-heading\">Beliebte Babypflanzen<\/h2>\n\n\n\n<p>In den winzigen Samen steckt bereits alles, was eine Pflanze zum Heranwachsen braucht \u2013 frisch und unverbraucht. Beim Keimprozess erh\u00f6ht sich der Anteil bioaktiver und bioverf\u00fcgbarer N\u00e4hrstoffe. Die enthaltenen Vitamine, Mineralstoffe, Proteine, Fette und Kohlenhydrate k\u00f6nnen wir also besonders gut aufnehmen. W\u00e4hrend sich die ersten zarten Triebe und Bl\u00e4ttchen also bilden, strotzen sie vor verdauungsf\u00f6rdernden Ballast- und abwehrst\u00e4rkenden sekund\u00e4ren Pflanzenstoffen. Zudem haben sie einen hohen Gehalt an Antioxidanzien, die uns vor Entz\u00fcndungen sch\u00fctzen. Sprossen verzehren Sie am besten roh, dann bleiben die meisten der wertvollen, hitzeempfindlichen Mikron\u00e4hstoffe erhalten. Welche Sprossen wiederum als die ges\u00fcndesten gelten, l\u00e4sst sich pauschal nicht sagen. Alle haben ihr eigenes Profil. Daher lassen Sie doch Ihren Geschmack entscheiden und probieren Sie aus \u2013 Sprosse f\u00fcr Sprosse.<\/p>\n\n\n\n<div style=\"height:10px\" aria-hidden=\"true\" class=\"wp-block-spacer\"><\/div>\n\n\n\n<h3 class=\"wp-block-heading\">Alfalfasprossen<\/h3>\n\n\n\n<p>Der Name \u201eAlfalfa\u201c kommt aus dem Arabischen und bedeutet \u00fcbersetzt \u201egute Nahrung\u201c. Tats\u00e4chlich stecken in den gekeimten Samen der Luzerne neben Vitaminen viele Mineralstoffe wie Eisen, Kalium, Magnesium und Zink. Ihr gro\u00dfer Vorzug sind die Saponine \u2013 ein Booster f\u00fcr die Darmgesundheit. Daher streuen Sie die \u201eK\u00f6nigin der Sprossen\u201c einfach roh aufs Brot oder geben Sie Smoothies und Salaten ein nussiges Aroma. Gekeimt sind Alfalfasprossen in vier bis sechs Tagen und zeigen d\u00fcnne, hellgr\u00fcne Triebe mit kleinen, runden Bl\u00e4ttchen.<\/p>\n\n\n\n<h3 class=\"wp-block-heading\">Kresse<\/h3>\n\n\n\n<p>Aus den Samen der Gartenkresse sprie\u00dfen fleischige Triebe mit gelappten Bl\u00e4ttchen. Sie enthalten viele B-Vitamine, Calcium, Kalium und vor allem Senf\u00f6le mit antibakterieller Wirkung. Kresse peppt Joghurt, Quark und andere Lebensmittel auf, die von Natur aus ein eher mildes Aroma haben. In drei bis sechs Tagen gekeimt.<\/p>\n\n\n\n<h3 class=\"wp-block-heading\">Brokkolisprossen<\/h3>\n\n\n\n<p>Sie sind die Keimlinge der Brokkolipflanze und bilden filigrane, wei\u00dfe F\u00e4den mit zwei winzigen Bl\u00e4ttchen. Wie kaum eine andere Sprossensorte punkten sie mit Senf\u00f6lglucosiden, die dem Immunsystem ordentlich einheizen. Verwenden Sie sie wie ein scharfes Gew\u00fcrz zu Suppen, Nudeln oder Kartoffeln. Brokkolisprossen keimen in drei bis f\u00fcnf Tagen.<\/p>\n\n\n\n<h3 class=\"wp-block-heading\">Buchweizensprossen<\/h3>\n\n\n\n<p>Nussig im Geschmack, reich an N\u00e4hrstoffen wie B-Vitaminen, Eisen, Magnesium und vor allem Rutin, einem Flavonoid, das antioxidativ wirkt und die Blutgef\u00e4\u00dfe st\u00e4rkt. Noch dazu k\u00f6nnen diese Keimlinge den Blutzuckerspiegel regulieren. Von allen Sprossen keimen sie am schnellsten. Schon nach zwei Tagen k\u00f6nnen Sie ernten und mit den Buchweizensprossen M\u00fcsli, Porridge und Salate toppen.<\/p>\n\n\n\n<h3 class=\"wp-block-heading\">Mungbohnensprossen<\/h3>\n\n\n\n<p>Bekannt aus der asiatischen K\u00fcche: Mungbohnensprossen mit den hellen St\u00e4ngeln der gr\u00fcn-braunen Kapsel am \u201eK\u00f6pfchen\u201c \u2013 der anh\u00e4ngenden Mungbohne \u2013 geben den Gerichten aus Fernost einen raffinierten \u201eKnack\u201c und milden Geschmack. Dabei sind sie reich an Vitamin A, B1, B2, C und E, haben viele pflanzliche Proteine, aber wenig Fett. Ihre Keimdauer betr\u00e4gt drei bis 5 Tage.<\/p>\n\n\n\n<h3 class=\"wp-block-heading\">Radieschensprossen<\/h3>\n\n\n\n<p>Aus den Radieschensamen (Titelbild) keimen zarte, faserige Sprossen mit r\u00f6tlichen Bl\u00e4ttchen. Daher machen sie auch optisch viel her. Mit ihren inneren Werten \u2013 Senf\u00f6len, Eisen und Vitamin C \u2013 bringen sie unsere Immunabwehr auf Touren. Ihr Geschmack erinnert an Rettich, passt daher gut in Dips, zu Wraps und Bowls. Keimzeit: vier bis f\u00fcnf Tage.<\/p>\n\n\n\n<div style=\"height:20px\" aria-hidden=\"true\" class=\"wp-block-spacer\"><\/div>\n\n\n\n<h2 class=\"wp-block-heading\">Sprossen selbst ziehen<\/h2>\n\n\n\n<p>F\u00fcr die Anzucht zu Hause kaufen Sie zun\u00e4chst unbehandeltes Bio-Saatgut von den H\u00fclsenfr\u00fcchten, Getreiden und Gem\u00fcsen Ihrer Wahl. Am einfachsten ist, die Sprossen auf Papier zu ziehen. Daf\u00fcr legen Sie ein K\u00fcchenpapier in eine Auflaufform, befeuchten es mit Wasser und verteilen darauf die Saat. Kresse ist f\u00fcr diese Variante gut geeignet. Alfalfa-, Brokkoli-, Buchweizen-, Mungbohnen- und Radieschensprossen lassen sich besser in einem Glas oder einer Schale ziehen. Samen zuerst zw\u00f6lf Stunden einweichen, mithilfe eines K\u00fcchensiebs gut absp\u00fclen und zur\u00fcck ins Glas geben. Schr\u00e4g hinstellen und an einem hellen, warmen Ort (18 bis 22 Grad) platzieren. Zweimal t\u00e4glich mit frischem Wasser sp\u00fclen, abtropfen lassen und wieder auf einer Kante abstellen. Nach wenigen Tagen sind die Sprossen erntereif. Vor dem Verzehr noch einmal abwaschen und sofort verarbeiten.<\/p>\n\n\n\n<div style=\"height:20px\" aria-hidden=\"true\" class=\"wp-block-spacer\"><\/div>\n\n\n\n<h2 class=\"wp-block-heading\">Vorsicht, Schimmel!<\/h2>\n\n\n\n<p>Expertenrat von Apothekerin <em>Dr. Christine Reinecke<\/em><\/p>\n\n\n\n<p>\u201eSprossenziehen ist eine tolle Idee, um ein frisches, w\u00fcrziges Topping immer griffbereit zu haben. Doch achten Sie unbedingt auf Hygiene. Im feuchtwarmen Keimklima kann sich nun mal schnell Schimmel bilden \u2013 erkennbar an einem pelzigen, watte\u00e4hnlichen Belag. Frische Sprossen bilden zwar auch wei\u00dfe H\u00e4rchen, sogenannte Sprossenwurzeln, doch diese sind harmlos. Bei Unsicherheit machen Sie den Wassertest: Legen sich die F\u00e4den an die Wurzeln, wenn Sie die Sprossen einweichen, ist alles in Ordnung. Schimmel dagegen schwimmt im Wasser\u2026 Dann m\u00fcssen Sie Ihre Anzucht leider entsorgen. Auch wenn ein modriger, s\u00e4uerlicher Geruch aufsteigt oder die Sprossen matschig werden, sind dies Anzeichen f\u00fcr unerw\u00fcnschtes Bakterienwachstum. Das ist nicht nur eklig, sondern kann auch gesundheitliche Probleme verursachen. Um dies zu verhindern, sp\u00fclen Sie die Sprossen regelm\u00e4\u00dfig und gr\u00fcndlich ab. Sind sie sauber gekeimt, halten sie sich zwei bis drei Tage im K\u00fchlschrank.\u201c<\/p>\n\n\n\n<div style=\"height:40px\" aria-hidden=\"true\" class=\"wp-block-spacer\"><\/div>\n\n\n\n<p><strong><em>Sprechen Sie uns gern auf das Thema an.<\/em><\/strong><\/p>\n\n\n\n<div style=\"height:100px\" aria-hidden=\"true\" class=\"wp-block-spacer\"><\/div>\n\n\n\n<figure class=\"wp-block-image aligncenter size-medium\"><img loading=\"lazy\" decoding=\"async\" width=\"225\" height=\"300\" data-attachment-id=\"11946\" data-permalink=\"https:\/\/www.flora-pharm.de\/blog\/naturheilkunde-und-gesundheit-cover-01-2026\/\" data-orig-file=\"https:\/\/www.flora-pharm.de\/blog\/wp-content\/uploads\/2025\/12\/naturheilkunde-und-gesundheit-cover-01-2026.jpg\" data-orig-size=\"450,600\" data-comments-opened=\"1\" data-image-meta=\"{&quot;aperture&quot;:&quot;0&quot;,&quot;credit&quot;:&quot;&quot;,&quot;camera&quot;:&quot;&quot;,&quot;caption&quot;:&quot;&quot;,&quot;created_timestamp&quot;:&quot;0&quot;,&quot;copyright&quot;:&quot;&quot;,&quot;focal_length&quot;:&quot;0&quot;,&quot;iso&quot;:&quot;0&quot;,&quot;shutter_speed&quot;:&quot;0&quot;,&quot;title&quot;:&quot;&quot;,&quot;orientation&quot;:&quot;1&quot;}\" data-image-title=\"naturheilkunde-und-gesundheit-cover-01-2026\" data-image-description=\"\" data-image-caption=\"&lt;p&gt;Text mit freundlicher Genehmigung der S &amp;#038; D Verlag GmbH. Das komplette \u201cNaturheilkunde &amp;#038; Gesundheit\u201d Heft bekommen Sie auch bei uns in der Apotheke.&lt;\/p&gt;\n\" data-large-file=\"https:\/\/www.flora-pharm.de\/blog\/wp-content\/uploads\/2025\/12\/naturheilkunde-und-gesundheit-cover-01-2026.jpg\" src=\"https:\/\/www.flora-pharm.de\/blog\/wp-content\/uploads\/2025\/12\/naturheilkunde-und-gesundheit-cover-01-2026-225x300.jpg\" alt=\"Bild vom Cover des &quot;Naturheilkunde &amp; Gesundheit&quot; Heftes 01\/26, aus dem der Text zu diesem Artikel stammt. Der Verlag hat uns die Nutzung freundlicherweise genehmigt.\" class=\"wp-image-11946\" srcset=\"https:\/\/www.flora-pharm.de\/blog\/wp-content\/uploads\/2025\/12\/naturheilkunde-und-gesundheit-cover-01-2026-225x300.jpg 225w, https:\/\/www.flora-pharm.de\/blog\/wp-content\/uploads\/2025\/12\/naturheilkunde-und-gesundheit-cover-01-2026.jpg 450w\" sizes=\"auto, (max-width: 225px) 100vw, 225px\" \/><figcaption class=\"wp-element-caption\">Text mit freundlicher Genehmigung der S &amp; D Verlag GmbH. Das komplette \u201cNaturheilkunde &amp; Gesundheit\u201d Heft bekommen Sie auch bei uns in der Apotheke.<\/figcaption><\/figure>\n","protected":false},"excerpt":{"rendered":"<p>Kleine Kraftpakete von der Fensterbank. Ziehen Sie sich Ihr gesundes, junges Gem\u00fcse doch einfach selbst \u2013 so geht\u2019s\u2026 <\/p>\n","protected":false},"author":1,"featured_media":11952,"comment_status":"open","ping_status":"open","sticky":false,"template":"","format":"standard","meta":{"jetpack_post_was_ever_published":false,"_jetpack_newsletter_access":"","_jetpack_dont_email_post_to_subs":false,"_jetpack_newsletter_tier_id":0,"_jetpack_memberships_contains_paywalled_content":false,"_jetpack_memberships_contains_paid_content":false,"footnotes":""},"categories":[8],"tags":[598,239,422],"class_list":["post-11964","post","type-post","status-publish","format-standard","has-post-thumbnail","hentry","category-wissenswert","tag-diy","tag-ernaehrung","tag-naturheilkunde-und-gesundheit","has-post-title","has-post-date","has-post-category","has-post-tag","has-post-comment","has-post-author",""],"jetpack_featured_media_url":"https:\/\/www.flora-pharm.de\/blog\/wp-content\/uploads\/2025\/12\/sprossen-superfood.jpg","jetpack-related-posts":[{"id":9046,"url":"https:\/\/www.flora-pharm.de\/blog\/microgreens-kleines-gruen-ganz-gross\/","url_meta":{"origin":11964,"position":0},"title":"Microgreens &#8211; Kleines Gr\u00fcn ganz gro\u00df","author":"Flora Team","date":"15. Februar 2024","format":false,"excerpt":"Microgreens, also junge Keimlinge, verbreiten in der K\u00fcche erste Fr\u00fchlingsgef\u00fchle, stecken voller Energie und schmecken herrlich frisch","rel":"","context":"In &quot;Kr\u00e4uter &amp; Gew\u00fcrze&quot;","block_context":{"text":"Kr\u00e4uter &amp; Gew\u00fcrze","link":"https:\/\/www.flora-pharm.de\/blog\/category\/kraeuter-gewuerze\/"},"img":{"alt_text":"Microgreens, frische Sprossen, Booster in der K\u00fcche","src":"https:\/\/i0.wp.com\/www.flora-pharm.de\/blog\/wp-content\/uploads\/2024\/02\/microgreens-sprossen.jpg?resize=350%2C200&ssl=1","width":350,"height":200,"srcset":"https:\/\/i0.wp.com\/www.flora-pharm.de\/blog\/wp-content\/uploads\/2024\/02\/microgreens-sprossen.jpg?resize=350%2C200&ssl=1 1x, https:\/\/i0.wp.com\/www.flora-pharm.de\/blog\/wp-content\/uploads\/2024\/02\/microgreens-sprossen.jpg?resize=525%2C300&ssl=1 1.5x, https:\/\/i0.wp.com\/www.flora-pharm.de\/blog\/wp-content\/uploads\/2024\/02\/microgreens-sprossen.jpg?resize=700%2C400&ssl=1 2x, https:\/\/i0.wp.com\/www.flora-pharm.de\/blog\/wp-content\/uploads\/2024\/02\/microgreens-sprossen.jpg?resize=1050%2C600&ssl=1 3x"},"classes":[]},{"id":2711,"url":"https:\/\/www.flora-pharm.de\/blog\/moringa-oleifera\/","url_meta":{"origin":11964,"position":1},"title":"Moringa oleifera","author":"Flora Team","date":"5. Juni 2015","format":false,"excerpt":"Der Wunderbaum gilt als n\u00e4hrstoffreichste Pflanze und ist ein medizinisches Multitalent. Urspr\u00fcnglich stammt der Moringabaum aus Indien, dort am Fu\u00dfe des Himalajagebirges w\u00e4chst er noch heute. Inzwischen ist er in fast allen tropischen und subtropischen Regionen aller Kontinente verbreitet. In den Ursprungsl\u00e4ndern wird Moringa aufgrund seines hohen N\u00e4hrwertes und seiner\u2026","rel":"","context":"In &quot;Heilpflanzen \/ Arzneipflanzen&quot;","block_context":{"text":"Heilpflanzen \/ Arzneipflanzen","link":"https:\/\/www.flora-pharm.de\/blog\/category\/heilpflanzen-arzneipflanzen\/"},"img":{"alt_text":"NuG-05-2015-cover","src":"https:\/\/i0.wp.com\/www.flora-pharm.de\/blog\/wp-content\/uploads\/2015\/06\/NuG-05-2015-cover-225x300.jpg?resize=350%2C200&ssl=1","width":350,"height":200},"classes":[]},{"id":6868,"url":"https:\/\/www.flora-pharm.de\/blog\/fruehjahrsputz\/","url_meta":{"origin":11964,"position":2},"title":"Fr\u00fchjahrsputz","author":"Flora Team","date":"30. April 2020","format":false,"excerpt":"Nein, nicht wie sie es denken \u2013 es geht hier nicht um Putzen und Schrubben \u2013 obwohl, in gewisser Weise schon. Es geht um Reinigung von innen, die Reinigung der Organsysteme in ihrem K\u00f6rper und was sie dazu beitragen k\u00f6nnen. Die Autorin Kurz zu meiner Person: mein Name ist Manuela\u2026","rel":"","context":"In &quot;Flora Apotheke&quot;","block_context":{"text":"Flora Apotheke","link":"https:\/\/www.flora-pharm.de\/blog\/category\/flora-apotheke\/"},"img":{"alt_text":"Fr\u00fchjahrsputz durch Ern\u00e4hrungsanpassung","src":"https:\/\/i0.wp.com\/www.flora-pharm.de\/blog\/wp-content\/uploads\/2020\/04\/fruehjahrsputz-ernaehrung.jpg?resize=350%2C200&ssl=1","width":350,"height":200,"srcset":"https:\/\/i0.wp.com\/www.flora-pharm.de\/blog\/wp-content\/uploads\/2020\/04\/fruehjahrsputz-ernaehrung.jpg?resize=350%2C200&ssl=1 1x, https:\/\/i0.wp.com\/www.flora-pharm.de\/blog\/wp-content\/uploads\/2020\/04\/fruehjahrsputz-ernaehrung.jpg?resize=525%2C300&ssl=1 1.5x, https:\/\/i0.wp.com\/www.flora-pharm.de\/blog\/wp-content\/uploads\/2020\/04\/fruehjahrsputz-ernaehrung.jpg?resize=700%2C400&ssl=1 2x"},"classes":[]},{"id":8744,"url":"https:\/\/www.flora-pharm.de\/blog\/in-der-knospe-liegt-die-kraft\/","url_meta":{"origin":11964,"position":3},"title":"In der Knospe liegt die Kraft","author":"Flora Team","date":"14. April 2023","format":false,"excerpt":"Gemmotherapie: Die Knospenmedizin nutzt die knackige Kraft der Knospen. Sie ist ein aufstrebender Zweig der Pflanzenheilkunde","rel":"","context":"In &quot;Wissenswert&quot;","block_context":{"text":"Wissenswert","link":"https:\/\/www.flora-pharm.de\/blog\/category\/wissenswert\/"},"img":{"alt_text":"Gemmotherapie Knospenmedizin","src":"https:\/\/i0.wp.com\/www.flora-pharm.de\/blog\/wp-content\/uploads\/2023\/03\/knospe-kraft.jpg?resize=350%2C200&ssl=1","width":350,"height":200,"srcset":"https:\/\/i0.wp.com\/www.flora-pharm.de\/blog\/wp-content\/uploads\/2023\/03\/knospe-kraft.jpg?resize=350%2C200&ssl=1 1x, https:\/\/i0.wp.com\/www.flora-pharm.de\/blog\/wp-content\/uploads\/2023\/03\/knospe-kraft.jpg?resize=525%2C300&ssl=1 1.5x, https:\/\/i0.wp.com\/www.flora-pharm.de\/blog\/wp-content\/uploads\/2023\/03\/knospe-kraft.jpg?resize=700%2C400&ssl=1 2x, https:\/\/i0.wp.com\/www.flora-pharm.de\/blog\/wp-content\/uploads\/2023\/03\/knospe-kraft.jpg?resize=1050%2C600&ssl=1 3x"},"classes":[]},{"id":8769,"url":"https:\/\/www.flora-pharm.de\/blog\/hier-bluehen-sie-auf\/","url_meta":{"origin":11964,"position":4},"title":"Hier bl\u00fchen Sie auf","author":"Flora Team","date":"5. Mai 2023","format":false,"excerpt":"Graben, buddeln, s\u00e4en. Gartenarbeit erdet, macht gl\u00fccklich und gesund. Daf\u00fcr gibt es sogar gute, gr\u00fcne Gr\u00fcnde.","rel":"","context":"In &quot;Wissenswert&quot;","block_context":{"text":"Wissenswert","link":"https:\/\/www.flora-pharm.de\/blog\/category\/wissenswert\/"},"img":{"alt_text":"","src":"https:\/\/i0.wp.com\/www.flora-pharm.de\/blog\/wp-content\/uploads\/2023\/04\/gartenarbeit-aufbluehen.jpg?resize=350%2C200&ssl=1","width":350,"height":200,"srcset":"https:\/\/i0.wp.com\/www.flora-pharm.de\/blog\/wp-content\/uploads\/2023\/04\/gartenarbeit-aufbluehen.jpg?resize=350%2C200&ssl=1 1x, https:\/\/i0.wp.com\/www.flora-pharm.de\/blog\/wp-content\/uploads\/2023\/04\/gartenarbeit-aufbluehen.jpg?resize=525%2C300&ssl=1 1.5x, https:\/\/i0.wp.com\/www.flora-pharm.de\/blog\/wp-content\/uploads\/2023\/04\/gartenarbeit-aufbluehen.jpg?resize=700%2C400&ssl=1 2x, https:\/\/i0.wp.com\/www.flora-pharm.de\/blog\/wp-content\/uploads\/2023\/04\/gartenarbeit-aufbluehen.jpg?resize=1050%2C600&ssl=1 3x"},"classes":[]},{"id":4553,"url":"https:\/\/www.flora-pharm.de\/blog\/molybdaen\/","url_meta":{"origin":11964,"position":5},"title":"Molybd\u00e4n","author":"Flora Team","date":"20. Oktober 2017","format":false,"excerpt":"Wir m\u00f6chten Ihnen dieses kleine Spurenelement mit dem Periodensystem-Symbol Mo vorstellen. Es z\u00e4hlt chemisch zu den \u00dcbergangsmetallen, ist kaum jemanden namentlich bekannt und gilt dennoch als \u201eessentiell\u201c, wird also vom K\u00f6rper ben\u00f6tigt und muss ihm \u00fcber die Nahrung zugef\u00fchrt werden. Im Rahmen einer normalen Ern\u00e4hrung und normaler Darmfunktion wird der\u2026","rel":"","context":"In &quot;Flora Apotheke&quot;","block_context":{"text":"Flora Apotheke","link":"https:\/\/www.flora-pharm.de\/blog\/category\/flora-apotheke\/"},"img":{"alt_text":"Molybd\u00e4n","src":"https:\/\/i0.wp.com\/www.flora-pharm.de\/blog\/wp-content\/uploads\/2017\/10\/molybdaen.jpg?resize=350%2C200&ssl=1","width":350,"height":200,"srcset":"https:\/\/i0.wp.com\/www.flora-pharm.de\/blog\/wp-content\/uploads\/2017\/10\/molybdaen.jpg?resize=350%2C200&ssl=1 1x, https:\/\/i0.wp.com\/www.flora-pharm.de\/blog\/wp-content\/uploads\/2017\/10\/molybdaen.jpg?resize=525%2C300&ssl=1 1.5x, https:\/\/i0.wp.com\/www.flora-pharm.de\/blog\/wp-content\/uploads\/2017\/10\/molybdaen.jpg?resize=700%2C400&ssl=1 2x"},"classes":[]}],"jetpack_sharing_enabled":true,"_links":{"self":[{"href":"https:\/\/www.flora-pharm.de\/blog\/wp-json\/wp\/v2\/posts\/11964","targetHints":{"allow":["GET"]}}],"collection":[{"href":"https:\/\/www.flora-pharm.de\/blog\/wp-json\/wp\/v2\/posts"}],"about":[{"href":"https:\/\/www.flora-pharm.de\/blog\/wp-json\/wp\/v2\/types\/post"}],"author":[{"embeddable":true,"href":"https:\/\/www.flora-pharm.de\/blog\/wp-json\/wp\/v2\/users\/1"}],"replies":[{"embeddable":true,"href":"https:\/\/www.flora-pharm.de\/blog\/wp-json\/wp\/v2\/comments?post=11964"}],"version-history":[{"count":2,"href":"https:\/\/www.flora-pharm.de\/blog\/wp-json\/wp\/v2\/posts\/11964\/revisions"}],"predecessor-version":[{"id":12306,"href":"https:\/\/www.flora-pharm.de\/blog\/wp-json\/wp\/v2\/posts\/11964\/revisions\/12306"}],"wp:featuredmedia":[{"embeddable":true,"href":"https:\/\/www.flora-pharm.de\/blog\/wp-json\/wp\/v2\/media\/11952"}],"wp:attachment":[{"href":"https:\/\/www.flora-pharm.de\/blog\/wp-json\/wp\/v2\/media?parent=11964"}],"wp:term":[{"taxonomy":"category","embeddable":true,"href":"https:\/\/www.flora-pharm.de\/blog\/wp-json\/wp\/v2\/categories?post=11964"},{"taxonomy":"post_tag","embeddable":true,"href":"https:\/\/www.flora-pharm.de\/blog\/wp-json\/wp\/v2\/tags?post=11964"}],"curies":[{"name":"wp","href":"https:\/\/api.w.org\/{rel}","templated":true}]}}