{"id":12054,"date":"2026-03-03T10:19:03","date_gmt":"2026-03-03T09:19:03","guid":{"rendered":"https:\/\/www.flora-pharm.de\/blog\/?p=12054"},"modified":"2026-03-03T10:19:06","modified_gmt":"2026-03-03T09:19:06","slug":"endlich-mehr-licht","status":"publish","type":"post","link":"https:\/\/www.flora-pharm.de\/blog\/endlich-mehr-licht\/","title":{"rendered":"Endlich mehr Licht"},"content":{"rendered":"\n<p>Stimmungsaufheller gesucht?<\/p>\n\n\n\n<p>Unser Experte Dr. Andreas Hagemann, \u00c4rztlicher Direktor der Privatkliniken Duisburg, Eschweiler und Merbeck, hat Tipps f\u00fcr Sie, die den winterlichen Tr\u00fcbsinn schnell in heitere Freude verwandeln.<\/p>\n\n\n\n<p>\u201eSonne tanken und Waldbaden sind nat\u00fcrliche Ma\u00dfnahmen, um die Stimmung zu erhellen.\u201c<\/p>\n\n\n\n<p>Als wenn dieser finstere, lausige Winter nie endet&#8230; Solche tr\u00fcben Gedanken haben gerade jetzt viele von uns im Kopf. Kein Wunder: Denn w\u00e4hrend wir uns am Anfang der kalten Jahreszeit noch darauf freuen, es uns zu Hause so richtig gem\u00fctlich zu machen \u2013 bei Kerzenschein und hei\u00dfem Tee \u2013, ist von dieser Heimeligkeit im Februar stimmungstechnisch nicht mehr allzu viel \u00fcbrig. Weihnachten ist im wahrsten Sinn des Wortes gegessen, Silvester verpufft und das Usselwetter sind wir inzwischen mehr als leid. Also: Was hebt die Stimmung? &#8211; Von <em>Stefanie Happ<\/em><\/p>\n\n\n\n<p>PS: Mehr zum <a href=\"https:\/\/www.flora-pharm.de\/blog\/tag\/licht\/\">Thema Licht<\/a> finden Sie auch hier im Blog. Nutzen Sie gern die Suchfunktion f\u00fcr eine tiefergehende Textrecherche.<\/p>\n\n\n\n<div style=\"height:20px\" aria-hidden=\"true\" class=\"wp-block-spacer\"><\/div>\n\n\n\n<h2 class=\"wp-block-heading\">Sonne f\u00fcr die Seele<\/h2>\n\n\n\n<p>Auch wenn die Tage trist sind und die Lust, nach drau\u00dfen zu gehen, sich mehr als in Grenzen h\u00e4lt, \u201esollten Sie sich aufraffen\u201c, sagt Dr. Andreas Hagemann. \u201eDenn insbesondere Spazierg\u00e4nge im Freien sind Wellness f\u00fcr die Seele\u201c, meint er. Sonnenlicht dringt schlie\u00dflich selbst durch einen grauen, wolkenverhangenen Himmel. F\u00e4llt es auf die Haut, bildet daraus der K\u00f6rper <a href=\"https:\/\/www.flora-pharm.de\/blog\/tag\/vitamin-d\/\">Vitamin D<\/a>. Und dieses Sonnenvitamin, wie man sagt, tr\u00e4gt ma\u00dfgeblich zur guten Laune bei.<\/p>\n\n\n\n<div style=\"height:20px\" aria-hidden=\"true\" class=\"wp-block-spacer\"><\/div>\n\n\n\n<h2 class=\"wp-block-heading\">Das Gl\u00fcck im Gehen<\/h2>\n\n\n\n<p>Vitamin D ist nicht der einzige Grund, warum Schlendern an der frischen Luft unser Stimmungsbarometer nach oben dreht. \u201eDas Gehen hat einen enorm positiven Einfluss auf das Gehirn\u201c, wei\u00df der Facharzt f\u00fcr Psychiatrie und Psychotherapie. Die Durchblutung bestimmter Hirnregionen verbessert sich schon nach einer kurzen <a href=\"https:\/\/www.flora-pharm.de\/blog\/wanderlust\/\">Wanderung<\/a>. \u201eKonzentration und Ged\u00e4chtnisleistungen verbessern sich deutlich\u201c, so Dr. Hagemann. Au\u00dferdem kommt es zur Aussch\u00fcttung von Endorphinen, also Gl\u00fcckshormonen, die Tristesse einfach vergessen lassen.<\/p>\n\n\n\n<div style=\"height:20px\" aria-hidden=\"true\" class=\"wp-block-spacer\"><\/div>\n\n\n\n<h2 class=\"wp-block-heading\">Wald wirkt Wunder<\/h2>\n\n\n\n<p>Ganz egal, wo wir uns die Beine vertreten, ist es allerdings nicht. \u201eIm Wald\u201c, sagt der Psychotherapeut, \u201ekann die Seele regelrecht aufatmen.\u201c Und er ermuntert zum <a href=\"https:\/\/www.flora-pharm.de\/blog\/so-wirkt-der-wald\/\">Waldbaden<\/a> \u2013 zum Eintauchen in die Natur. Denn inmitten von immergr\u00fcnen Fichten, Kiefern und Tannen tummeln sich \u00e4therische \u00d6le, die den typischen <a href=\"https:\/\/www.flora-pharm.de\/blog\/baum-medizin-gesundes-gehoelz\/\">Waldduft<\/a> ausmachen. Sogenannte Terpene dringen von der Nase direkt ins Oberst\u00fcbchen, wo sie ein bedingungsloses Wohlbefinden ausl\u00f6sen. Nicht umsonst sagt man: \u201eDer Wald geh\u00f6rt zu den besten Krafttankstellen.\u201c Die feinen Molek\u00fcle in der Luft helfen beim Abbau von Stress und sorgen daf\u00fcr, dass wir entspannt den Wald wieder verlassen. Noch dazu hat das Gr\u00fcn der B\u00e4ume laut moderner Farbpsychologie eine beruhigende Wirkung auf unser Gem\u00fct.<\/p>\n\n\n\n<div style=\"height:20px\" aria-hidden=\"true\" class=\"wp-block-spacer\"><\/div>\n\n\n\n<h2 class=\"wp-block-heading\">Sport spornt an<\/h2>\n\n\n\n<p>Auch Sport kann gl\u00fccklich machen. \u201eWer regelm\u00e4\u00dfig <a href=\"https:\/\/www.flora-pharm.de\/blog\/fitnesscenter-forst\/\">joggt<\/a>, in die Pedale tritt oder im Schwimmbad seine Bahnen zieht, f\u00f6rdert die Dopamin-Produktion im Gehirn. Dieser Neurotransmitter\u201c, erkl\u00e4rt Dr. Andreas Hagemann, \u201egibt uns inneren Antrieb und ein Gef\u00fchl der Freude.\u201c Noch dazu st\u00f6\u00dft dieser Botenstoff entz\u00fcndungshemmende Prozesse im ganzen K\u00f6rper an \u2013 gut f\u00fcrs allgemeine Wohlbefinden.<\/p>\n\n\n\n<div style=\"height:20px\" aria-hidden=\"true\" class=\"wp-block-spacer\"><\/div>\n\n\n\n<h2 class=\"wp-block-heading\">Her mit der Helligkeit<\/h2>\n\n\n\n<p>Wer es partout nicht schafft, vor die T\u00fcr zu gehen \u2013 ob wegen Regen, Glatteis oder weil der Feierabend noch nicht naht \u2013, muss trotzdem nicht auf die Extraportion Helligkeit verzichten. Mit speziellen Tageslichtlampen aus Ihrer Vor-Ort-Apotheke holen Sie sich die Sonne einfach nach Hause. Mit rund 10.000 Lux (ohne sch\u00e4dlichen UV-Anteil) wirken sie Symptomen entgegen, die typischerweise aufgrund von Lichtmangel entstehen. Bei Schlafst\u00f6rungen in der Nacht, Tagesm\u00fcdigkeit und betr\u00fcbter Stimmung, sogar bei einer Winterdepression hat sich diese Art der <a href=\"https:\/\/www.flora-pharm.de\/blog\/heilende-licht-farben\/\">Lichttherapie<\/a> bew\u00e4hrt. Au\u00dferdem gilt f\u00fcr Ihre Wohnr\u00e4ume: Vorhang auf! \u201eGute Lichtverh\u00e4ltnisse\u201c, r\u00e4t der Experte, \u201esorgen f\u00fcr eine angenehme Wohlf\u00fchl-Atmosph\u00e4re.\u201c<\/p>\n\n\n\n<div style=\"height:20px\" aria-hidden=\"true\" class=\"wp-block-spacer\"><\/div>\n\n\n\n<h2 class=\"wp-block-heading\">Geniessen Sie sich gl\u00fccklich<\/h2>\n\n\n\n<p>Au\u00dfer Lichttanken und Waldbaden k\u00f6nnen Sie noch einiges mehr tun, um Ihre Stimmung an tr\u00fcben Tagen zu verbessern. Ausgewogen essen zum Beispiel und pflanzlichen Lebensmitteln, also gr\u00fcnem Gem\u00fcse und H\u00fclsenfr\u00fcchten, den Vorrang geben. Spinal, Spargel und Petersilie enthalten viel <a href=\"https:\/\/www.flora-pharm.de\/blog\/folsaeure-nahrungsergaenzung-pro-und-contra\/\">Fols\u00e4ure<\/a> \u2013 ein Vitamin, das die Nerven unterst\u00fctzt. Aber auch Fisch, N\u00fcsse und gute Pflanzen\u00f6le gelten als Stimmungsaufheller aus dem Speiseregal. Ihre <a href=\"https:\/\/www.flora-pharm.de\/blog\/omega-3-fettsaeuren-gut-versorgt\/\">Omega-3-Fetts\u00e4uren<\/a> spielen eine wichtige Rolle f\u00fcr die Hirnfunktion und f\u00f6rdern die Aussch\u00fcttung von Serotonin, unserem Gl\u00fcckshormon. Ein \u201estimmungsvoller Genuss\u201c ist zudem hei\u00dfer Kakao. Mit seinem Theobromin, einer Coffein-\u00e4hnlichen Substanz, wirkt er stimulierend und anregend. Die echte Kakaobohne \u2013 ohne Zuckerzusatz \u2013 macht also wach an dunklen, m\u00fcden Tagen.<\/p>\n\n\n\n<div style=\"height:20px\" aria-hidden=\"true\" class=\"wp-block-spacer\"><\/div>\n\n\n\n<h2 class=\"wp-block-heading\">Johanniskraut &amp; Passionsblume<\/h2>\n\n\n\n<p>Das perfekte Pflanzenduo, wenn sich der gef\u00fchlt ewig lange Winter wie Blei aufs Gem\u00fct legt. <a href=\"https:\/\/www.flora-pharm.de\/blog\/johanniskraut-fuer-haut-und-seele\/\">Johanniskraut<\/a> [Hypericum perforatum] hat eine nachweislich stimmungserhellende Wirkung. Mit seinen leuchtendgelben Bl\u00fcten gilt es als \u201eSonne f\u00fcr die Seele\u201c. <a href=\"https:\/\/www.flora-pharm.de\/blog\/heilpflanzen-fuer-die-seele\/\">Passionsblume<\/a> [Passiflora incarnata] verst\u00e4rkt diesen Effekt, indem sie Gamma-Aminobutters\u00e4ure, kurz GABA, positiv beeinflusst. Sie regt damit diesen k\u00f6rpereigenen Botenstoff an, der f\u00fcr unsere Beruhigung sorgt. Kombi-Pr\u00e4parate mit Johanniskraut und Passionsblume bekommen Sie in Ihrer Apotheke. Lassen Sie sich vor Ort zur richtigen Einnahme und m\u00f6glichen Wechselwirkungen beraten.<\/p>\n\n\n\n<div style=\"height:20px\" aria-hidden=\"true\" class=\"wp-block-spacer\"><\/div>\n\n\n\n<h2 class=\"wp-block-heading\">So \u00fcberwinden Sie das Wintertief<\/h2>\n\n\n\n<p>Apropos: <a href=\"https:\/\/www.flora-pharm.de\/blog\/tag\/schlafhygiene\/\">Erholsamer Schlaf<\/a> ist essenziell wichtig f\u00fcr unsere emotionale Ausgeglichenheit. 7,5 Stunden pro Nacht sollten es sein. \u00dcberhaupt tr\u00e4gt bewusste Entspannung dazu bei, dass wir das Stimmungstief in der finsteren Jahreszeit \u00fcberwinden. \u201eDabei f\u00f6rdern kontinuierliche Zeiten im Entspannungsmodus die k\u00f6rperliche und geistige Regeneration und k\u00f6nnen einem winterlichen Durchh\u00e4nger entgegensteuern\u201c, betont Dr. Andreas Hagemann. Besonders bew\u00e4hrt haben sich Yoga, Pilates und die Progressive Muskelrelaxation. \u201eEinen hundertprozentigen Schutz vor Winterblues oder gar einer Winterdepression\u201c, sagt der Psychotherapeut, \u201ehat dennoch leider niemand von uns. Erhellt sich Ihre d\u00fcstere Stimmung trotz aller sonnigen Ma\u00dfnahmen nicht, suchen Sie sich professionelle Unterst\u00fctzung.\u201c Erste Anlaufstelle ist Ihr Hausarzt.<\/p>\n\n\n\n<div style=\"height:20px\" aria-hidden=\"true\" class=\"wp-block-spacer\"><\/div>\n\n\n\n<h2 class=\"wp-block-heading\">Beruhigende Bergamotte<\/h2>\n\n\n\n<p>Der fruchtig-herbe Duft der <a href=\"https:\/\/www.flora-pharm.de\/blog\/bergamotte-lichtbringerin\/\">Bergamotte<\/a> [Citrus bergamia] weckt die Sinne auf. Feinste Duftmolek\u00fcle erreichen von der Nase direkt das Gehirn. Dort geben sie das Signal, Serotonin, also Gl\u00fcckshormone, sprudeln zu lassen. Wie Forscher der Universit\u00e4t Mailand herausgefunden haben, kann Bergamotte Stressgef\u00fchle mildern und \u00c4ngste l\u00f6sen. Beruhigend und belebend zugleich \u2013 perfekt also f\u00fcr tr\u00fcbe Wintertage. Das 100 Prozent reine \u00e4therische \u00d6l f\u00fcr den Diffuser ist in Ihrer Apotheke erh\u00e4ltlich. Und es schafft eine heitere Atmosph\u00e4re.<\/p>\n\n\n\n<div style=\"height:20px\" aria-hidden=\"true\" class=\"wp-block-spacer\"><\/div>\n\n\n\n<h2 class=\"wp-block-heading\">Winterblues oder Winterdepression?<\/h2>\n\n\n\n<p>Schlechte Stimmung in der dunklen Jahreszeit kennt fast jeder von uns \u2013 jedenfalls von Zeit zu Zeit. Der Lichtmangel schl\u00e4gt aufs Gem\u00fct und versetzt uns in Melancholie. So ein Winterblues vergeht meist von allein, sobald die Vorfr\u00fchlingstage allm\u00e4hlich und sp\u00fcrbar heller werden. Ganz anders sieht die Sache bei einer Winterdepression aus. Fachlich nennt man sie saisonal abh\u00e4ngige Depression, kurz SAD. Betroffene f\u00fchlen sich niedergeschlagen, antriebslos und schl\u00e4frig, selbst am Tag, haben Hei\u00dfhungerattacken \u2013 meist auf S\u00fc\u00dfes \u2013 und schlagen sich folglich mit Gewichtszunahme herum. Auch wenn sich das Allgemeinbefinden im Fr\u00fchjahr bessert, tauchen die Symptome im n\u00e4chsten Herbst zur\u00fcck. Typisch ist ein wiederkehrender Verlauf. Oft verst\u00e4rken sich die depressiven Episoden von Jahr zu Jahr. Manchmal werden sie sogar zum Dauerzustand. Zwar unterscheidet sich der saisonale Rhythmus von der klassischen <a href=\"https:\/\/www.flora-pharm.de\/blog\/tag\/depression\/\">Depression<\/a>. Die \u00dcberg\u00e4nge k\u00f6nnen jedoch flie\u00dfend sein. Um gegenzusteuern, sollte sich niemand scheuen, psychotherapeutische Hilfe in Anspruch zu nehmen.<\/p>\n\n\n\n<div style=\"height:48px\" aria-hidden=\"true\" class=\"wp-block-spacer\"><\/div>\n\n\n\n<p><strong><em>Tipp: Sanfte Stimmungsaufheller aus der Natur gibt\u2019s in Ihrer Apotheke und nat\u00fcrlich stehen wir Ihnen gern beratend zur Seite.<\/em><\/strong><\/p>\n\n\n\n<div style=\"height:100px\" aria-hidden=\"true\" class=\"wp-block-spacer\"><\/div>\n\n\n\n<figure class=\"wp-block-image aligncenter size-medium\"><img loading=\"lazy\" decoding=\"async\" width=\"225\" height=\"300\" data-attachment-id=\"12046\" data-permalink=\"https:\/\/www.flora-pharm.de\/blog\/naturheilkunde-und-gesundheit-cover-02-2026\/\" data-orig-file=\"https:\/\/www.flora-pharm.de\/blog\/wp-content\/uploads\/2026\/01\/naturheilkunde-und-gesundheit-cover-02-2026.jpg\" data-orig-size=\"450,600\" data-comments-opened=\"1\" data-image-meta=\"{&quot;aperture&quot;:&quot;0&quot;,&quot;credit&quot;:&quot;&quot;,&quot;camera&quot;:&quot;&quot;,&quot;caption&quot;:&quot;&quot;,&quot;created_timestamp&quot;:&quot;0&quot;,&quot;copyright&quot;:&quot;&quot;,&quot;focal_length&quot;:&quot;0&quot;,&quot;iso&quot;:&quot;0&quot;,&quot;shutter_speed&quot;:&quot;0&quot;,&quot;title&quot;:&quot;&quot;,&quot;orientation&quot;:&quot;1&quot;}\" data-image-title=\"naturheilkunde-und-gesundheit-cover-02-2026\" data-image-description=\"\" data-image-caption=\"&lt;p&gt;Text mit freundlicher Genehmigung der S &amp;#038; D Verlag GmbH. Das komplette \u201cNaturheilkunde &amp;#038; Gesundheit\u201d Heft bekommen Sie auch bei uns in der Apotheke.&lt;\/p&gt;\n\" data-large-file=\"https:\/\/www.flora-pharm.de\/blog\/wp-content\/uploads\/2026\/01\/naturheilkunde-und-gesundheit-cover-02-2026.jpg\" src=\"https:\/\/www.flora-pharm.de\/blog\/wp-content\/uploads\/2026\/01\/naturheilkunde-und-gesundheit-cover-02-2026-225x300.jpg\" alt=\"Bild vom Cover des &quot;Naturheilkunde &amp; Gesundheit&quot; Heftes 02\/26 mit Joey Kelly, aus dem der Text zu diesem Artikel stammt. Der Verlag hat uns die Nutzung freundlicherweise genehmigt.\" class=\"wp-image-12046\" srcset=\"https:\/\/www.flora-pharm.de\/blog\/wp-content\/uploads\/2026\/01\/naturheilkunde-und-gesundheit-cover-02-2026-225x300.jpg 225w, https:\/\/www.flora-pharm.de\/blog\/wp-content\/uploads\/2026\/01\/naturheilkunde-und-gesundheit-cover-02-2026.jpg 450w\" sizes=\"auto, (max-width: 225px) 100vw, 225px\" \/><figcaption class=\"wp-element-caption\">Text mit freundlicher Genehmigung der S &#038; D Verlag GmbH. Das komplette \u201cNaturheilkunde &#038; Gesundheit\u201d Heft bekommen Sie auch bei uns in der Apotheke.<\/figcaption><\/figure>\n","protected":false},"excerpt":{"rendered":"<p>Wir haben einige Tipps vom Experten, die Ihnen helfen, den winterlichen Tr\u00fcbsinn schnell in heitere Freude zu verwandeln.<\/p>\n","protected":false},"author":1,"featured_media":12048,"comment_status":"open","ping_status":"open","sticky":false,"template":"","format":"standard","meta":{"jetpack_post_was_ever_published":false,"_jetpack_newsletter_access":"","_jetpack_dont_email_post_to_subs":false,"_jetpack_newsletter_tier_id":0,"_jetpack_memberships_contains_paywalled_content":false,"_jetpack_memberships_contains_paid_content":false,"footnotes":""},"categories":[8],"tags":[132,558,422,24],"class_list":["post-12054","post","type-post","status-publish","format-standard","has-post-thumbnail","hentry","category-wissenswert","tag-depression","tag-licht","tag-naturheilkunde-und-gesundheit","tag-winter","has-post-title","has-post-date","has-post-category","has-post-tag","has-post-comment","has-post-author",""],"jetpack_featured_media_url":"https:\/\/www.flora-pharm.de\/blog\/wp-content\/uploads\/2026\/01\/mehr-licht.jpg","jetpack-related-posts":[{"id":6567,"url":"https:\/\/www.flora-pharm.de\/blog\/heilpflanzen-fuer-die-seele\/","url_meta":{"origin":12054,"position":0},"title":"Heilpflanzen f\u00fcr die Seele","author":"Flora Team","date":"22. November 2019","format":false,"excerpt":"M\u00fcde, lustlos, traurig - Herbstblues? Mit unseren Tipps und mit der Unterst\u00fctzung durch diese drei Arzneipflanzen k\u00f6nnen Sie dar\u00fcber hinwegkommen.","rel":"","context":"In &quot;Heilpflanzen \/ Arzneipflanzen&quot;","block_context":{"text":"Heilpflanzen \/ Arzneipflanzen","link":"https:\/\/www.flora-pharm.de\/blog\/category\/heilpflanzen-arzneipflanzen\/"},"img":{"alt_text":"Heilpflanzen f\u00fcr die Seele","src":"https:\/\/i0.wp.com\/www.flora-pharm.de\/blog\/wp-content\/uploads\/2019\/11\/heilpflanzen-seele.jpg?resize=350%2C200&ssl=1","width":350,"height":200,"srcset":"https:\/\/i0.wp.com\/www.flora-pharm.de\/blog\/wp-content\/uploads\/2019\/11\/heilpflanzen-seele.jpg?resize=350%2C200&ssl=1 1x, https:\/\/i0.wp.com\/www.flora-pharm.de\/blog\/wp-content\/uploads\/2019\/11\/heilpflanzen-seele.jpg?resize=525%2C300&ssl=1 1.5x, https:\/\/i0.wp.com\/www.flora-pharm.de\/blog\/wp-content\/uploads\/2019\/11\/heilpflanzen-seele.jpg?resize=700%2C400&ssl=1 2x"},"classes":[]},{"id":7952,"url":"https:\/\/www.flora-pharm.de\/blog\/winterfit-mit-ayurveda-kost-brokkoli-rezept\/","url_meta":{"origin":12054,"position":1},"title":"Winterfit mit Ayurveda-Kost + Brokkoli-Rezept","author":"Flora Team","date":"12. November 2021","format":false,"excerpt":"Im November w\u00e4chst der Wunsch nach W\u00e4rme, Geborgenheit, Ruhe und \u2026 deftigen Gerichten! Aus ayurvedischer Sicht sind kalorienreiche Winterspeisen durchaus sinnvoll","rel":"","context":"In &quot;Rezept&quot;","block_context":{"text":"Rezept","link":"https:\/\/www.flora-pharm.de\/blog\/category\/rezept\/"},"img":{"alt_text":"Winterfit mit Ayurveda-Kost","src":"https:\/\/i0.wp.com\/www.flora-pharm.de\/blog\/wp-content\/uploads\/2021\/10\/Winterfit-mit-Ayurveda-Kost.jpg?resize=350%2C200&ssl=1","width":350,"height":200,"srcset":"https:\/\/i0.wp.com\/www.flora-pharm.de\/blog\/wp-content\/uploads\/2021\/10\/Winterfit-mit-Ayurveda-Kost.jpg?resize=350%2C200&ssl=1 1x, https:\/\/i0.wp.com\/www.flora-pharm.de\/blog\/wp-content\/uploads\/2021\/10\/Winterfit-mit-Ayurveda-Kost.jpg?resize=525%2C300&ssl=1 1.5x, https:\/\/i0.wp.com\/www.flora-pharm.de\/blog\/wp-content\/uploads\/2021\/10\/Winterfit-mit-Ayurveda-Kost.jpg?resize=700%2C400&ssl=1 2x"},"classes":[]},{"id":4626,"url":"https:\/\/www.flora-pharm.de\/blog\/bergamotte-lichtbringerin\/","url_meta":{"origin":12054,"position":2},"title":"Bergamotte","author":"Flora Team","date":"21. November 2017","format":false,"excerpt":"Die Lichtbringerin (Citrus bergamia) Wenn im November die Nebelschwaden \u00fcbers Land ziehen und die Welt im Einheitsgrau versinkt, haben wir den Eindruck: Es wird gar nicht richtig hell. Der Mangel an nat\u00fcrlichem Tageslicht in Kombination mit den sinkenden Temperaturen schl\u00e4gt vielen von uns aufs Gem\u00fct. Herbstblues macht schlapp, antriebslos und\u2026","rel":"","context":"In &quot;Wissenswert&quot;","block_context":{"text":"Wissenswert","link":"https:\/\/www.flora-pharm.de\/blog\/category\/wissenswert\/"},"img":{"alt_text":"Bergamotte","src":"https:\/\/i0.wp.com\/www.flora-pharm.de\/blog\/wp-content\/uploads\/2017\/11\/bergamotte.jpg?resize=350%2C200&ssl=1","width":350,"height":200,"srcset":"https:\/\/i0.wp.com\/www.flora-pharm.de\/blog\/wp-content\/uploads\/2017\/11\/bergamotte.jpg?resize=350%2C200&ssl=1 1x, https:\/\/i0.wp.com\/www.flora-pharm.de\/blog\/wp-content\/uploads\/2017\/11\/bergamotte.jpg?resize=525%2C300&ssl=1 1.5x, https:\/\/i0.wp.com\/www.flora-pharm.de\/blog\/wp-content\/uploads\/2017\/11\/bergamotte.jpg?resize=700%2C400&ssl=1 2x"},"classes":[]},{"id":8710,"url":"https:\/\/www.flora-pharm.de\/blog\/hormone-im-fruehlingshoch\/","url_meta":{"origin":12054,"position":3},"title":"Hormone im Fr\u00fchlingshoch","author":"Flora Team","date":"17. M\u00e4rz 2023","format":false,"excerpt":"Alles f\u00fchlt sich auf einmal ein wenig leichter an: Mit den Temperaturen steigt im Lenz die Laune. Jetzt geht es in unserem Hormonhaushalt rund","rel":"","context":"In &quot;Wissenswert&quot;","block_context":{"text":"Wissenswert","link":"https:\/\/www.flora-pharm.de\/blog\/category\/wissenswert\/"},"img":{"alt_text":"Fr\u00fchling und Hormone","src":"https:\/\/i0.wp.com\/www.flora-pharm.de\/blog\/wp-content\/uploads\/2023\/03\/hormone-in-fruehlingshoch.jpg?resize=350%2C200&ssl=1","width":350,"height":200,"srcset":"https:\/\/i0.wp.com\/www.flora-pharm.de\/blog\/wp-content\/uploads\/2023\/03\/hormone-in-fruehlingshoch.jpg?resize=350%2C200&ssl=1 1x, https:\/\/i0.wp.com\/www.flora-pharm.de\/blog\/wp-content\/uploads\/2023\/03\/hormone-in-fruehlingshoch.jpg?resize=525%2C300&ssl=1 1.5x, https:\/\/i0.wp.com\/www.flora-pharm.de\/blog\/wp-content\/uploads\/2023\/03\/hormone-in-fruehlingshoch.jpg?resize=700%2C400&ssl=1 2x, https:\/\/i0.wp.com\/www.flora-pharm.de\/blog\/wp-content\/uploads\/2023\/03\/hormone-in-fruehlingshoch.jpg?resize=1050%2C600&ssl=1 3x"},"classes":[]},{"id":8438,"url":"https:\/\/www.flora-pharm.de\/blog\/kraeuter-koennen-viel\/","url_meta":{"origin":12054,"position":4},"title":"Kr\u00e4uter k\u00f6nnen viel","author":"Flora Team","date":"7. Oktober 2022","format":false,"excerpt":"Kr\u00e4uter geben Aroma und wirken als sanfte Medizin. Beispielhaft ein Herbst-Rezept: Gebratener Chicor\u00e9e mit Birne und Lavendel-Rosmarin-Topping","rel":"","context":"In &quot;Kr\u00e4uter &amp; Gew\u00fcrze&quot;","block_context":{"text":"Kr\u00e4uter &amp; Gew\u00fcrze","link":"https:\/\/www.flora-pharm.de\/blog\/category\/kraeuter-gewuerze\/"},"img":{"alt_text":"kr\u00e4uter - herbst","src":"https:\/\/i0.wp.com\/www.flora-pharm.de\/blog\/wp-content\/uploads\/2022\/10\/kraeuter-herbst.jpg?resize=350%2C200&ssl=1","width":350,"height":200,"srcset":"https:\/\/i0.wp.com\/www.flora-pharm.de\/blog\/wp-content\/uploads\/2022\/10\/kraeuter-herbst.jpg?resize=350%2C200&ssl=1 1x, https:\/\/i0.wp.com\/www.flora-pharm.de\/blog\/wp-content\/uploads\/2022\/10\/kraeuter-herbst.jpg?resize=525%2C300&ssl=1 1.5x, https:\/\/i0.wp.com\/www.flora-pharm.de\/blog\/wp-content\/uploads\/2022\/10\/kraeuter-herbst.jpg?resize=700%2C400&ssl=1 2x, https:\/\/i0.wp.com\/www.flora-pharm.de\/blog\/wp-content\/uploads\/2022\/10\/kraeuter-herbst.jpg?resize=1050%2C600&ssl=1 3x"},"classes":[]},{"id":8563,"url":"https:\/\/www.flora-pharm.de\/blog\/teezeit-entspannungstee-flora-apotheke\/","url_meta":{"origin":12054,"position":5},"title":"Herbst- und Winterzeit ist Teezeit","author":"Flora Team","date":"6. Dezember 2022","format":false,"excerpt":"Sturmfest und erdverwachsen... Die Tee Komposition unseres Chef-Druiden: Der Flora-Entspannungstee gegen den Herbst- und Winterblues.","rel":"","context":"In &quot;Eigenrezepturen&quot;","block_context":{"text":"Eigenrezepturen","link":"https:\/\/www.flora-pharm.de\/blog\/category\/eigenrezepturen\/"},"img":{"alt_text":"Flora Entspannungs-Tee","src":"https:\/\/i0.wp.com\/www.flora-pharm.de\/blog\/wp-content\/uploads\/2022\/12\/flora-entspannungstee.jpg?resize=350%2C200&ssl=1","width":350,"height":200,"srcset":"https:\/\/i0.wp.com\/www.flora-pharm.de\/blog\/wp-content\/uploads\/2022\/12\/flora-entspannungstee.jpg?resize=350%2C200&ssl=1 1x, https:\/\/i0.wp.com\/www.flora-pharm.de\/blog\/wp-content\/uploads\/2022\/12\/flora-entspannungstee.jpg?resize=525%2C300&ssl=1 1.5x, https:\/\/i0.wp.com\/www.flora-pharm.de\/blog\/wp-content\/uploads\/2022\/12\/flora-entspannungstee.jpg?resize=700%2C400&ssl=1 2x, https:\/\/i0.wp.com\/www.flora-pharm.de\/blog\/wp-content\/uploads\/2022\/12\/flora-entspannungstee.jpg?resize=1050%2C600&ssl=1 3x"},"classes":[]}],"jetpack_sharing_enabled":true,"_links":{"self":[{"href":"https:\/\/www.flora-pharm.de\/blog\/wp-json\/wp\/v2\/posts\/12054","targetHints":{"allow":["GET"]}}],"collection":[{"href":"https:\/\/www.flora-pharm.de\/blog\/wp-json\/wp\/v2\/posts"}],"about":[{"href":"https:\/\/www.flora-pharm.de\/blog\/wp-json\/wp\/v2\/types\/post"}],"author":[{"embeddable":true,"href":"https:\/\/www.flora-pharm.de\/blog\/wp-json\/wp\/v2\/users\/1"}],"replies":[{"embeddable":true,"href":"https:\/\/www.flora-pharm.de\/blog\/wp-json\/wp\/v2\/comments?post=12054"}],"version-history":[{"count":1,"href":"https:\/\/www.flora-pharm.de\/blog\/wp-json\/wp\/v2\/posts\/12054\/revisions"}],"predecessor-version":[{"id":12055,"href":"https:\/\/www.flora-pharm.de\/blog\/wp-json\/wp\/v2\/posts\/12054\/revisions\/12055"}],"wp:featuredmedia":[{"embeddable":true,"href":"https:\/\/www.flora-pharm.de\/blog\/wp-json\/wp\/v2\/media\/12048"}],"wp:attachment":[{"href":"https:\/\/www.flora-pharm.de\/blog\/wp-json\/wp\/v2\/media?parent=12054"}],"wp:term":[{"taxonomy":"category","embeddable":true,"href":"https:\/\/www.flora-pharm.de\/blog\/wp-json\/wp\/v2\/categories?post=12054"},{"taxonomy":"post_tag","embeddable":true,"href":"https:\/\/www.flora-pharm.de\/blog\/wp-json\/wp\/v2\/tags?post=12054"}],"curies":[{"name":"wp","href":"https:\/\/api.w.org\/{rel}","templated":true}]}}