{"id":12175,"date":"2026-03-05T09:11:13","date_gmt":"2026-03-05T08:11:13","guid":{"rendered":"https:\/\/www.flora-pharm.de\/blog\/?p=12175"},"modified":"2026-03-05T09:11:16","modified_gmt":"2026-03-05T08:11:16","slug":"gesunde-ernaehrung-bleibt-eine-herausforderung","status":"publish","type":"post","link":"https:\/\/www.flora-pharm.de\/blog\/gesunde-ernaehrung-bleibt-eine-herausforderung\/","title":{"rendered":"Gesunde Ern\u00e4hrung bleibt eine Herausforderung"},"content":{"rendered":"\n<p><strong>Am 7. M\u00e4rz ist Tag der gesunden Ern\u00e4hrung<\/strong><\/p>\n\n\n\n<p><em>Jo Hiller<\/em> mischt sich gerne ein \u2013 in Alltagsthemen, die uns alle angehen, etwa Lebensmittel. Wie sicher sind sie und wo bekommen wir wirklich noch Qualit\u00e4t auf den Teller? Im Interview mit <em>Stefanie Happ<\/em> spricht der Moderator, Reporter und kritische Kopf des NDR-Verbrauchermagazins \u201eMarkt\u201c \u00fcber Mogelpackungen, <a href=\"https:\/\/www.flora-pharm.de\/blog\/wie-schaedlich-ist-nanoplastik\/\">Mikroplastik<\/a> im Essen und die Herausforderungen beim Einkauf.<\/p>\n\n\n\n<div style=\"height:20px\" aria-hidden=\"true\" class=\"wp-block-spacer\"><\/div>\n\n\n\n<p><strong><em>Lieber Herr Hiller, was fasziniert Sie am Verbrauchermagazin und daran, sich in Dinge \u201eeinzumischen\u201c, zu denen Normalb\u00fcrger kaum Zutritt haben?<\/em><\/strong><\/p>\n\n\n\n<p>Ich bin von Grund auf ein neugieriger Mensch. Schon als Kind soll ich bei meinen Eltern st\u00e4ndig nachgefragt haben: \u201eWarum ist das so?\u201c Die Lust, etwas herauszufinden, hat nie aufgeh\u00f6rt. Und so gebe ich mich auch heute noch selten mit der ersten Antwort zufrieden. Dazu kommt, dass ich einen ausgepr\u00e4gten Gerechtigkeitssinn habe. Man k\u00f6nnte auch sagen: Ich lasse mich nicht gerne \u00fcber den Tisch ziehen. Auch wenn ich mir meine positive Lebenseinstellung bewahrt habe, wei\u00df ich doch, dass es nicht alle Menschen gut mit uns meinen. Wenn wir dabei auf die Lebensmittelindustrie schauen, muss uns bewusst sein: Es ist ein riesiges Gesch\u00e4ft. Konzerne wollen Profit erwirtschaften und nutzen daf\u00fcr alle rechtlichen M\u00f6glichkeiten. Stichwort: Mogelpackung. Es ist erlaubt, Inhalte zu verkleinern bei gleichem Preis \u2013 das nennt man Shrinkflation. F\u00fcr Verbraucher ist das oft schwer zu erkennen und wird uns quasi untergeschoben. Solche Beispiele wollen wir aufdecken, Verbraucher warnen und daf\u00fcr sensibilisieren, beim Einkauf genauer hinzuschauen.<\/p>\n\n\n\n<div style=\"height:20px\" aria-hidden=\"true\" class=\"wp-block-spacer\"><\/div>\n\n\n\n<p><strong><em>Welche Tricks der Lebensmittelhersteller haben Sie besonders \u00fcberrascht oder gar schockiert?<\/em><\/strong><\/p>\n\n\n\n<p>Wir lassen f\u00fcr unsere Sendung oft Lebensmittel im Labor untersuchen \u2013 auf Stoffe, die da nicht reingeh\u00f6ren. Zum Beispiel Teebeutel. Von den modernen Pyramidenbeuteln kann ich nur abraten, sie bestehen aus Kunststoff. Und offenbar l\u00f6sen sich Teile der Kunststoffe im hei\u00dfen Wasser auf und landen in unserem Tee. Lieber die klassischen Teebeutel aus Filterpapier benutzen. Au\u00dferdem haben wir Brot und Br\u00f6tchen genauer analysiert. Ich war \u00fcberrascht, dass selbst mancher Handwerksb\u00e4cker mit Fertigbackmischungen und anderen Hilfsmitteln arbeitet. Technische Enzyme, Emulgatoren und Stabilisatoren sowie Konservierungsmittel kommen leider auch dort viel zu h\u00e4ufig zum Einsatz. Was hat das noch mit Handwerk zu tun? Wer auf Industriestoffe verzichten m\u00f6chte, sollte sich beim B\u00e4cker seines Vertrauens nach der Zutatenliste erkundigen. Je k\u00fcrzer diese ist, desto besser. Wasser, Mehl, Salz, Sauerteig, eventuell N\u00fcsse und Kerne \u2013 mehr braucht ein gutes Brot nicht. Besonders schockierend war ein Besuch in einer Fleischfabrik. Tausende Schweine werden dort t\u00e4glich get\u00f6tet und weiterverarbeitet. Bevor sie mit Kohlendioxid bet\u00e4ubt werden, spielt man ihnen in einer gro\u00dfen Halle beruhigende Musik vor. Das war schon gespenstisch. Schweine sind sensible Tiere, die merken, wenn es ernst wird. Bevor sie in den Tod geschickt wurden, habe ich ihr panisches Quietschen geh\u00f6rt. Das werde ich wohl nie vergessen&#8230;<\/p>\n\n\n\n<div style=\"height:20px\" aria-hidden=\"true\" class=\"wp-block-spacer\"><\/div>\n\n\n\n<p><strong><em>Wo sehen Sie aktuell die gr\u00f6\u00dften Risiken f\u00fcr Verbraucher beim Thema Lebensmittel?<\/em><\/strong><\/p>\n\n\n\n<p>In den meisten F\u00e4llen werden Grenzwerte f\u00fcr Schadstoffe in Lebensmitteln eingehalten. Das hei\u00dft aber nicht, dass keine drin sind. Das Problem ist die Summe aller Schadstoffe, die wir \u00fcber Lebensmittel zu uns nehmen. Au\u00dferdem wird selten erforscht, ob und wie manche Stoffe miteinander interagieren. Hochverarbeitete Lebensmittel sehe ich daher kritisch. Lieber selbst kochen. Dann kennt man die Zutaten. Au\u00dferdem habe ich einen empfindlichen Magen. (lacht)<\/p>\n\n\n\n<div style=\"height:20px\" aria-hidden=\"true\" class=\"wp-block-spacer\"><\/div>\n\n\n\n<p><strong><em>Was muss sich sowohl in der Lebensmittelindustrie als auch in unserem Konsum \u00e4ndern, wenn wir Klimawandel, Umweltschutz und Tierwohl einbeziehen?<\/em><\/strong><\/p>\n\n\n\n<p>Wenn \u00fcberhaupt, sollten wir nur selten und dann ganz bewusst Fleisch essen und dabei nat\u00fcrlich auf Haltungsformen achten. Auch Fisch sollte aus Umweltgr\u00fcnden nicht zu oft auf den Teller, da im industriellen Fischfang die Methoden oft problematisch sind und viele Arten durch \u00dcberfischung bedroht sind. F\u00fcr Obst und Gem\u00fcse empfehle ich: saisonal, regional und gerne in Bioqualit\u00e4t. Aber das muss man sich auch leisten k\u00f6nnen. Es bleibt also eine Herausforderung, uns alle mit gesunden Lebensmitteln zu versorgen, ohne Klima, Umwelt und Tiere zu belasten.<\/p>\n\n\n\n<div style=\"height:20px\" aria-hidden=\"true\" class=\"wp-block-spacer\"><\/div>\n\n\n\n<p><strong><em>Schauen Sie selbst beim Einkauf genau hin? Hat sich Ihr eigenes Konsumverhalten durch die Sendung ver\u00e4ndert?<\/em><\/strong><\/p>\n\n\n\n<p>Ja, das bringt der Job mit sich. Aber ich habe auch nicht immer Lust, das Kleingedruckte zu lesen. Und da ich oft mehr oder weniger das Gleiche kaufe, habe ich mir meine Lieblingsprodukte ganz genau angeschaut.<\/p>\n\n\n\n<div style=\"height:20px\" aria-hidden=\"true\" class=\"wp-block-spacer\"><\/div>\n\n\n\n<p><strong><em>Lebensmittelherstellung kritisch zu hinterfragen, dazu geh\u00f6rt Mut. Und Mut beweisen Sie auch in anderen Bereichen. Stichwort Bergsteigen, Skifahren und Kitesurfen. Was bedeuten Ihnen solche Abenteuer?<\/em><\/strong><\/p>\n\n\n\n<p>Wenn ich Sport und Natur verbinden kann, bin ich gl\u00fccklich. Vor einigen Jahren stand ich zum Sonnenaufgang auf Afrikas h\u00f6chstem Berg, dem Kilimandscharo, auf fast 6.000 Metern H\u00f6he. Das war ein Erlebnis! Ansonsten versuche ich, Wind und Wetter zu trotzen. Beim Kitesurfen sp\u00fcrt man die Kr\u00e4fte der Natur besonders. Da bin ich mit Leidenschaft dabei.<\/p>\n\n\n\n<div style=\"height:20px\" aria-hidden=\"true\" class=\"wp-block-spacer\"><\/div>\n\n\n\n<p><strong><em>Welches Abenteuer steht als N\u00e4chstes auf Ihrer Bucket List?<\/em><\/strong><\/p>\n\n\n\n<p>Ich m\u00f6chte gerne mal nach Island. Dort ist die Natur wild und rau und wenn man Gl\u00fcck hat, findet man dort beeindruckende Orte \u2013 ganz f\u00fcr sich allein, fernab der gro\u00dfen Touristenspots. Genau so, wie ich es liebe.<\/p>\n\n\n\n<p>Vielen Dank f\u00fcr das freundliche Gespr\u00e4ch!<\/p>\n\n\n\n<div style=\"height:40px\" aria-hidden=\"true\" class=\"wp-block-spacer\"><\/div>\n\n\n\n<p><a href=\"https:\/\/www.flora-pharm.de\/blog\/tag\/ernaehrung\/\">Das Thema Ern\u00e4hrung ist Bestandteil vieler Artikel hier im Blog<\/a>.<\/p>\n\n\n\n<p><strong><em>Sprechen Sie uns gern auf das Thema an und lassen Sie sich von uns ganz individuell beraten.<\/em><\/strong><\/p>\n\n\n\n<div style=\"height:100px\" aria-hidden=\"true\" class=\"wp-block-spacer\"><\/div>\n\n\n\n<figure class=\"wp-block-image aligncenter size-medium\"><img loading=\"lazy\" decoding=\"async\" width=\"225\" height=\"300\" data-attachment-id=\"12164\" data-permalink=\"https:\/\/www.flora-pharm.de\/blog\/naturheilkunde-und-gesundheit-cover-03-2026\/\" data-orig-file=\"https:\/\/www.flora-pharm.de\/blog\/wp-content\/uploads\/2026\/02\/naturheilkunde-und-gesundheit-cover-03-2026.jpg\" data-orig-size=\"450,600\" data-comments-opened=\"1\" data-image-meta=\"{&quot;aperture&quot;:&quot;0&quot;,&quot;credit&quot;:&quot;&quot;,&quot;camera&quot;:&quot;&quot;,&quot;caption&quot;:&quot;&quot;,&quot;created_timestamp&quot;:&quot;0&quot;,&quot;copyright&quot;:&quot;&quot;,&quot;focal_length&quot;:&quot;0&quot;,&quot;iso&quot;:&quot;0&quot;,&quot;shutter_speed&quot;:&quot;0&quot;,&quot;title&quot;:&quot;&quot;,&quot;orientation&quot;:&quot;1&quot;}\" data-image-title=\"naturheilkunde-und-gesundheit-cover-03-2026\" data-image-description=\"\" data-image-caption=\"&lt;p&gt;Text mit freundlicher Genehmigung der S &amp;#038; D Verlag GmbH. Das komplette \u201cNaturheilkunde &amp;#038; Gesundheit\u201d Heft bekommen Sie auch bei uns in der Apotheke.&lt;\/p&gt;\n\" data-large-file=\"https:\/\/www.flora-pharm.de\/blog\/wp-content\/uploads\/2026\/02\/naturheilkunde-und-gesundheit-cover-03-2026.jpg\" src=\"https:\/\/www.flora-pharm.de\/blog\/wp-content\/uploads\/2026\/02\/naturheilkunde-und-gesundheit-cover-03-2026-225x300.jpg\" alt=\"Bild vom Cover des &quot;Naturheilkunde &amp; Gesundheit&quot; Heftes 03\/26, aus dem der Text zu diesem Artikel stammt. Der Verlag hat uns die Nutzung freundlicherweise genehmigt.\" class=\"wp-image-12164\" srcset=\"https:\/\/www.flora-pharm.de\/blog\/wp-content\/uploads\/2026\/02\/naturheilkunde-und-gesundheit-cover-03-2026-225x300.jpg 225w, https:\/\/www.flora-pharm.de\/blog\/wp-content\/uploads\/2026\/02\/naturheilkunde-und-gesundheit-cover-03-2026.jpg 450w\" sizes=\"auto, (max-width: 225px) 100vw, 225px\" \/><figcaption class=\"wp-element-caption\">Text mit freundlicher Genehmigung der S &#038; D Verlag GmbH. Das komplette \u201cNaturheilkunde &#038; Gesundheit\u201d Heft bekommen Sie auch bei uns in der Apotheke.<\/figcaption><\/figure>\n","protected":false},"excerpt":{"rendered":"<p>7. M\u00e4rz ist Tag der gesunden Ern\u00e4hrung. Jo Hiller vom NDR-Verbrauchermagazin \u201eMarkt\u201c \u00fcber die Herausforderung sich gesund zu ern\u00e4hren.<\/p>\n","protected":false},"author":1,"featured_media":12167,"comment_status":"open","ping_status":"open","sticky":false,"template":"","format":"standard","meta":{"jetpack_post_was_ever_published":false,"_jetpack_newsletter_access":"","_jetpack_dont_email_post_to_subs":false,"_jetpack_newsletter_tier_id":0,"_jetpack_memberships_contains_paywalled_content":false,"_jetpack_memberships_contains_paid_content":false,"footnotes":""},"categories":[8],"tags":[239,738,422],"class_list":["post-12175","post","type-post","status-publish","format-standard","has-post-thumbnail","hentry","category-wissenswert","tag-ernaehrung","tag-mogelpackungen","tag-naturheilkunde-und-gesundheit","has-post-title","has-post-date","has-post-category","has-post-tag","has-post-comment","has-post-author",""],"jetpack_featured_media_url":"https:\/\/www.flora-pharm.de\/blog\/wp-content\/uploads\/2026\/02\/gesunde-ernaehrung-herausforderung.jpg","jetpack-related-posts":[{"id":8767,"url":"https:\/\/www.flora-pharm.de\/blog\/appetit-auf-insekten\/","url_meta":{"origin":12175,"position":0},"title":"Appetit auf Insekten","author":"Flora Team","date":"23. Juni 2023","format":false,"excerpt":"Seit Jahresanfang 2023 ist der Einsatz von Grillen und Co. als Lebensmittelzutaten in Teilen erlaubt. Wir verraten Ihnen, was Sie dazu wissen m\u00fcssen.","rel":"","context":"In &quot;Wissenswert&quot;","block_context":{"text":"Wissenswert","link":"https:\/\/www.flora-pharm.de\/blog\/category\/wissenswert\/"},"img":{"alt_text":"","src":"https:\/\/i0.wp.com\/www.flora-pharm.de\/blog\/wp-content\/uploads\/2023\/04\/Appetit-auf-Insekten.jpg?resize=350%2C200&ssl=1","width":350,"height":200,"srcset":"https:\/\/i0.wp.com\/www.flora-pharm.de\/blog\/wp-content\/uploads\/2023\/04\/Appetit-auf-Insekten.jpg?resize=350%2C200&ssl=1 1x, https:\/\/i0.wp.com\/www.flora-pharm.de\/blog\/wp-content\/uploads\/2023\/04\/Appetit-auf-Insekten.jpg?resize=525%2C300&ssl=1 1.5x, https:\/\/i0.wp.com\/www.flora-pharm.de\/blog\/wp-content\/uploads\/2023\/04\/Appetit-auf-Insekten.jpg?resize=700%2C400&ssl=1 2x, https:\/\/i0.wp.com\/www.flora-pharm.de\/blog\/wp-content\/uploads\/2023\/04\/Appetit-auf-Insekten.jpg?resize=1050%2C600&ssl=1 3x"},"classes":[]},{"id":6985,"url":"https:\/\/www.flora-pharm.de\/blog\/nahrungsergaenzungsmittel-auf-dem-pruefstand-5-neg-mythen\/","url_meta":{"origin":12175,"position":1},"title":"Nahrungserg\u00e4nzungsmittel auf dem Pr\u00fcfstand \u2013 5 NEG Mythen","author":"Flora Team","date":"19. Juni 2020","format":false,"excerpt":"Nahrungserg\u00e4nzungsmittel, oft als NEM abgek\u00fcrzt, boomen \u2013 besonders in diesen Corona-Zeiten. Was k\u00f6nnen sie, was nicht? Stefanie Happ hat 5 Mythen f\u00fcr Sie aufgedeckt. \u00a0 Ersatz f\u00fcr Obst? Vitamintabletten sind wie Obst \u2013 nur in Kapselform. Stimmt oder stimmt nicht? Auf diese Frage hat die Deutsche Gesellschaft f\u00fcr Ern\u00e4hrung (DGE)\u2026","rel":"","context":"In &quot;Orthomolekulare Medizin&quot;","block_context":{"text":"Orthomolekulare Medizin","link":"https:\/\/www.flora-pharm.de\/blog\/category\/orthomolekulare-medizin\/"},"img":{"alt_text":"Nahrungserg\u00e4nzungsmittel Mythen","src":"https:\/\/i0.wp.com\/www.flora-pharm.de\/blog\/wp-content\/uploads\/2020\/06\/neg-5-mythen-pruefstand.jpg?resize=350%2C200&ssl=1","width":350,"height":200,"srcset":"https:\/\/i0.wp.com\/www.flora-pharm.de\/blog\/wp-content\/uploads\/2020\/06\/neg-5-mythen-pruefstand.jpg?resize=350%2C200&ssl=1 1x, https:\/\/i0.wp.com\/www.flora-pharm.de\/blog\/wp-content\/uploads\/2020\/06\/neg-5-mythen-pruefstand.jpg?resize=525%2C300&ssl=1 1.5x, https:\/\/i0.wp.com\/www.flora-pharm.de\/blog\/wp-content\/uploads\/2020\/06\/neg-5-mythen-pruefstand.jpg?resize=700%2C400&ssl=1 2x"},"classes":[]},{"id":7834,"url":"https:\/\/www.flora-pharm.de\/blog\/kombucha-geheimnis-des-superfoods\/","url_meta":{"origin":12175,"position":2},"title":"Kombucha \u2013 Geheimnis des Superfoods","author":"Flora Team","date":"16. August 2021","format":false,"excerpt":"Kombucha ist ein Getr\u00e4nk aus vergorenem Teepilz: Vitalisierend, gesundheitsf\u00f6rdernd, heilend - Was ist dran am Foodtrend, und wie gesund ist Kombucha wirklich?","rel":"","context":"In &quot;Wissenswert&quot;","block_context":{"text":"Wissenswert","link":"https:\/\/www.flora-pharm.de\/blog\/category\/wissenswert\/"},"img":{"alt_text":"Kombucha","src":"https:\/\/i0.wp.com\/www.flora-pharm.de\/blog\/wp-content\/uploads\/2021\/08\/kombucha.jpg?resize=350%2C200&ssl=1","width":350,"height":200,"srcset":"https:\/\/i0.wp.com\/www.flora-pharm.de\/blog\/wp-content\/uploads\/2021\/08\/kombucha.jpg?resize=350%2C200&ssl=1 1x, https:\/\/i0.wp.com\/www.flora-pharm.de\/blog\/wp-content\/uploads\/2021\/08\/kombucha.jpg?resize=525%2C300&ssl=1 1.5x, https:\/\/i0.wp.com\/www.flora-pharm.de\/blog\/wp-content\/uploads\/2021\/08\/kombucha.jpg?resize=700%2C400&ssl=1 2x"},"classes":[]},{"id":11704,"url":"https:\/\/www.flora-pharm.de\/blog\/fake-oder-fakt-faktencheck\/","url_meta":{"origin":12175,"position":3},"title":"Fake oder Fakt &#8211; Faktencheck","author":"Flora Team","date":"11. November 2025","format":false,"excerpt":"Im Internet kursieren jede Menge obskure Heilsversprechen und Wundermittel-Werbungen. Aber wie Fakes von Fakten unterscheiden?","rel":"","context":"In &quot;Wissenswert&quot;","block_context":{"text":"Wissenswert","link":"https:\/\/www.flora-pharm.de\/blog\/category\/wissenswert\/"},"img":{"alt_text":"Fake-News & Faktencheck. Das Bild soll den Betrachter verwirren. Auf blauem Hintergrund ist eine gelbe Banane zu sehen, neben der Kiwi geschrieben steht. Man soll eben nicht alles glauben, was man im Web so liest.","src":"https:\/\/i0.wp.com\/www.flora-pharm.de\/blog\/wp-content\/uploads\/2025\/10\/fake-oder-fakt__faktencheck.jpg?resize=350%2C200&ssl=1","width":350,"height":200,"srcset":"https:\/\/i0.wp.com\/www.flora-pharm.de\/blog\/wp-content\/uploads\/2025\/10\/fake-oder-fakt__faktencheck.jpg?resize=350%2C200&ssl=1 1x, https:\/\/i0.wp.com\/www.flora-pharm.de\/blog\/wp-content\/uploads\/2025\/10\/fake-oder-fakt__faktencheck.jpg?resize=525%2C300&ssl=1 1.5x, https:\/\/i0.wp.com\/www.flora-pharm.de\/blog\/wp-content\/uploads\/2025\/10\/fake-oder-fakt__faktencheck.jpg?resize=700%2C400&ssl=1 2x, https:\/\/i0.wp.com\/www.flora-pharm.de\/blog\/wp-content\/uploads\/2025\/10\/fake-oder-fakt__faktencheck.jpg?resize=1050%2C600&ssl=1 3x"},"classes":[]},{"id":7132,"url":"https:\/\/www.flora-pharm.de\/blog\/heute-esse-ich-gesuender\/","url_meta":{"origin":12175,"position":4},"title":"\u201eHeute esse ich ges\u00fcnder!\u201c","author":"Flora Team","date":"30. September 2020","format":false,"excerpt":"Nat\u00fcrlich, frisch und einfach lecker: F\u00fcr Sternekoch Johann Lafer ist Essen eine Leidenschaft. Mit nachhaltigen, regionalen, pflanzlichen Lebensmitteln bringt er Schmackhaftes ohne Schnickschnack auf den Teller. Im Interview mit Andrea Neuen spricht der beliebte Fernsehkoch \u00fcber Gesundheit und Genuss. Herr Lafer, 2019 haben Sie Ihr Sterne-Restaurant geschlossen. Sind Sie manchmal\u2026","rel":"","context":"In &quot;Wissenswert&quot;","block_context":{"text":"Wissenswert","link":"https:\/\/www.flora-pharm.de\/blog\/category\/wissenswert\/"},"img":{"alt_text":"Johann Lafer im Interview","src":"https:\/\/i0.wp.com\/www.flora-pharm.de\/blog\/wp-content\/uploads\/2020\/09\/gesuender-essen-lafer.jpg?resize=350%2C200&ssl=1","width":350,"height":200,"srcset":"https:\/\/i0.wp.com\/www.flora-pharm.de\/blog\/wp-content\/uploads\/2020\/09\/gesuender-essen-lafer.jpg?resize=350%2C200&ssl=1 1x, https:\/\/i0.wp.com\/www.flora-pharm.de\/blog\/wp-content\/uploads\/2020\/09\/gesuender-essen-lafer.jpg?resize=525%2C300&ssl=1 1.5x, https:\/\/i0.wp.com\/www.flora-pharm.de\/blog\/wp-content\/uploads\/2020\/09\/gesuender-essen-lafer.jpg?resize=700%2C400&ssl=1 2x"},"classes":[]},{"id":6025,"url":"https:\/\/www.flora-pharm.de\/blog\/mit-den-jahren-kommen-die-pfunde-das-muss-nicht-sein\/","url_meta":{"origin":12175,"position":5},"title":"Mit den Jahren kommen die Pfunde? Das muss nicht sein.","author":"Flora Team","date":"14. M\u00e4rz 2019","format":false,"excerpt":"Behalten Sie Ihr Wohlf\u00fchlgewicht. Eines stimmt (leider): Wenn wir mit 40 genauso essen wie mit 20, nehmen wir zu. Warum? Der Grundumsatz, also der Energiebedarf f\u00fcr die elementaren K\u00f6rperfunktionen, sinkt bis zu zehn Prozent pro Lebensjahrzehnt. Nach jedem runden Geburtstag brauchen wir also weniger Kalorien f\u00fcr Atmung, K\u00f6rpertemperatur und Herzfunktion.\u2026","rel":"","context":"In &quot;Wissenswert&quot;","block_context":{"text":"Wissenswert","link":"https:\/\/www.flora-pharm.de\/blog\/category\/wissenswert\/"},"img":{"alt_text":"Im Alter das Wohlf\u00fchlgewicht halten","src":"https:\/\/i0.wp.com\/www.flora-pharm.de\/blog\/wp-content\/uploads\/2019\/02\/wohlfuehlgewicht-im-alter-halten.jpg?resize=350%2C200&ssl=1","width":350,"height":200,"srcset":"https:\/\/i0.wp.com\/www.flora-pharm.de\/blog\/wp-content\/uploads\/2019\/02\/wohlfuehlgewicht-im-alter-halten.jpg?resize=350%2C200&ssl=1 1x, https:\/\/i0.wp.com\/www.flora-pharm.de\/blog\/wp-content\/uploads\/2019\/02\/wohlfuehlgewicht-im-alter-halten.jpg?resize=525%2C300&ssl=1 1.5x, https:\/\/i0.wp.com\/www.flora-pharm.de\/blog\/wp-content\/uploads\/2019\/02\/wohlfuehlgewicht-im-alter-halten.jpg?resize=700%2C400&ssl=1 2x"},"classes":[]}],"jetpack_sharing_enabled":true,"_links":{"self":[{"href":"https:\/\/www.flora-pharm.de\/blog\/wp-json\/wp\/v2\/posts\/12175","targetHints":{"allow":["GET"]}}],"collection":[{"href":"https:\/\/www.flora-pharm.de\/blog\/wp-json\/wp\/v2\/posts"}],"about":[{"href":"https:\/\/www.flora-pharm.de\/blog\/wp-json\/wp\/v2\/types\/post"}],"author":[{"embeddable":true,"href":"https:\/\/www.flora-pharm.de\/blog\/wp-json\/wp\/v2\/users\/1"}],"replies":[{"embeddable":true,"href":"https:\/\/www.flora-pharm.de\/blog\/wp-json\/wp\/v2\/comments?post=12175"}],"version-history":[{"count":1,"href":"https:\/\/www.flora-pharm.de\/blog\/wp-json\/wp\/v2\/posts\/12175\/revisions"}],"predecessor-version":[{"id":12176,"href":"https:\/\/www.flora-pharm.de\/blog\/wp-json\/wp\/v2\/posts\/12175\/revisions\/12176"}],"wp:featuredmedia":[{"embeddable":true,"href":"https:\/\/www.flora-pharm.de\/blog\/wp-json\/wp\/v2\/media\/12167"}],"wp:attachment":[{"href":"https:\/\/www.flora-pharm.de\/blog\/wp-json\/wp\/v2\/media?parent=12175"}],"wp:term":[{"taxonomy":"category","embeddable":true,"href":"https:\/\/www.flora-pharm.de\/blog\/wp-json\/wp\/v2\/categories?post=12175"},{"taxonomy":"post_tag","embeddable":true,"href":"https:\/\/www.flora-pharm.de\/blog\/wp-json\/wp\/v2\/tags?post=12175"}],"curies":[{"name":"wp","href":"https:\/\/api.w.org\/{rel}","templated":true}]}}