{"id":139,"date":"2013-12-02T12:16:28","date_gmt":"2013-12-02T11:16:28","guid":{"rendered":"http:\/\/www.flora-pharm.de\/blog\/?p=139"},"modified":"2013-12-02T15:04:48","modified_gmt":"2013-12-02T14:04:48","slug":"advent-nikolaus-weihnachtsmann-christkind-und-unser-adventskalender","status":"publish","type":"post","link":"https:\/\/www.flora-pharm.de\/blog\/advent-nikolaus-weihnachtsmann-christkind-und-unser-adventskalender\/","title":{"rendered":"Advent \u2013 Nikolaus \u2013 Weihnachtsmann \u2013 Christkind und&#8230; unser Adventskalender"},"content":{"rendered":"<p>So viele Feste, so viele Figuren und Br\u00e4uche. Das alles genau auseinanderzuhalten ist komplex und regional unterschiedlich. Wir m\u00f6chten die Hintergr\u00fcnde ein wenig n\u00e4her bringen und f\u00fchren unseren Feiertagskalender hier weiter. Wenn es Ihnen gef\u00e4llt, freuen wir uns \u00fcber Ihren Kommentar!<\/p>\n<p><b>Advent<\/b> (Adventus Domini = Ankunft des Herrn)<br \/>\nEs ist die Zeit der Vorbereitung auf das Fest zur Geburt Jesu, also Weihnachten. Ganz nebenbei beginnt mit der Vesper am Vorabend zum 1. Advent ein neues Kirchenjahr (kath. &amp; ev.-luth.).<br \/>\nSiehe auch: <a href=\"http:\/\/de.wikipedia.org\/wiki\/Advent\">http:\/\/de.wikipedia.org\/wiki\/Advent<\/a><\/p>\n<p><b>Weihnachten<\/b> ist, wie bereits geschrieben, das Fest der Geburt Jesu Christi. Der eigentliche Hauptfeiertag ist der 25.12., der 24.12. ist \u201enur\u201c der Vorabend zur Heiligen Nacht, eben der Heiligabend. Bei uns hat sich allerdings der 24. als Bescherungstag durchgesetzt.<br \/>\nSiehe auch: <a href=\"http:\/\/de.wikipedia.org\/wiki\/Weihnachten\">http:\/\/de.wikipedia.org\/wiki\/Weihnachten<\/a> und <a href=\"http:\/\/de.wikipedia.org\/wiki\/Heiliger_Abend\">http:\/\/de.wikipedia.org\/wiki\/Heiliger_Abend<\/a><\/p>\n<p>6. Dezember &#8211; <b>Nikolaus<\/b><br \/>\nEs ist der Gedenktag zu Ehren des heiliggesprochenen Nikolaus von Myra, bei uns ist das der 6. Dezember.<br \/>\nSiehe auch: <a href=\"http:\/\/de.wikipedia.org\/wiki\/Nikolaus_von_Myra\">http:\/\/de.wikipedia.org\/wiki\/Nikolaus_von_Myra<\/a><\/p>\n<p>Das er Geschenke in Stiefel steckt ist eine in unserer Region \u00fcbliche Entwicklung, das Brauchtum ist vielf\u00e4ltig. Festzuhalten ist jedoch, dass Kinder Geschenke bekommen. Zumindest wenn sie brav waren, denn in manchen Entwicklungsbereichen kommt im entgegengesetzten Fall die Rute zum Einsatz, bzw. ist er in Begleitung b\u00f6ser Wesen (hier z.B. Knecht Ruprecht).<br \/>\nSiehe auch: <a href=\"http:\/\/de.wikipedia.org\/wiki\/Nikolaus_von_Myra#Brauchtum\">http:\/\/de.wikipedia.org\/wiki\/Nikolaus_von_Myra#Brauchtum<\/a> und <a href=\"http:\/\/de.wikipedia.org\/wiki\/Knecht_Ruprecht\">http:\/\/de.wikipedia.org\/wiki\/Knecht_Ruprecht<\/a><\/p>\n<p>Der Tag des heiligen Nikolaus war auch urspr\u00fcnglich der Tag der <b>Weihnachtsbescherung<\/b>, im Rahmen der Reformation und bedingt durch die Ablehnung der Heiligenverehrung wurde die Bescherung in manchen L\u00e4ndern, wie auch bei uns, auf den Weihnachtstag verlegt. Auch in diesem Zusammenhang wurde der Nikolaus als Gabenbringer regional vom Christkind (blondgelocktes Kind mit Engelsfl\u00fcgeln, bzw. regional auch das Christuskind) abgel\u00f6st.<\/p>\n<p>In Verbindung mit international unterschiedlichen Namen der Figuren und regional unterschiedlichen Br\u00e4uchen entwickelte sich <b>ein komplexes und regional unterschiedliches Verh\u00e4ltnis zwischen Christkind, Nikolaus und Weihnachtsmann.<\/b><br \/>\nSiehe auch: <a href=\"http:\/\/de.wikipedia.org\/wiki\/Christkind\">http:\/\/de.wikipedia.org\/wiki\/Christkind<\/a><br \/>\nDie verschiedenen Auspr\u00e4gungen des <b>Weihnachtsmann<\/b>es (Sinterklaas &gt; Saint Claus &gt; Santa Claus, Gro\u00dfvater Frost, Shou Xing, \u00a0etc.) sowie seiner Kleidung, Helfer (Elfen, Engel, Rentiere etc.) und Wohnorte (Nordpol? Flora Apotheke?) haben auch regional unterschiedliche Entwicklungen als Basis. Die bekannte Brausemarke aus den USA hat den Weihnachtsmann \u00fcbrigens nicht erfunden, aber hat sicherlich etwas zum heutigen, \u00fcberregional bekannten Erscheinungsbild beigetragen.<br \/>\nSiehe auch: <a href=\"http:\/\/de.wikipedia.org\/wiki\/Weihnachtsmann\">http:\/\/de.wikipedia.org\/wiki\/Weihnachtsmann<\/a><\/p>\n<p>Es ist interessant, \u00fcber die vielen unterschiedlichen Entwicklungen und Braucht\u00fcmer zu lesen, aber letztendlich ist all das doch nebens\u00e4chlich: Es ist egal, welcher Glaubensrichtung man angeh\u00f6rt, welchen Figuren und Br\u00e4uchen man den Vorzug gibt und ob man mit oder ohne Familie den Dezember begeht. Entscheidend ist doch, dass Glanz und Zauber der Advents- und Weihnachtszeit die kalten und dunklen Tage des Jahresendes \u00fcberstrahlen und es warm wird ums Herz.<\/p>\n<p><strong>Wir w\u00fcnschen Ihnen und uns einen tollen Dezember und eine zauberhafte Adventszeit.<\/strong><\/p>\n<p>Und wenn die Nase l\u00e4uft, der Rachen kratzt oder sie sonst wie gesundheitlich angeschlagen sind, dann stehen wir bereit, um Sie schnell wieder fit zu bekommen.<br \/>\n<a href=\"https:\/\/www.flora-pharm.de\/blog\/wp-content\/uploads\/2013\/12\/Foto_Advkal_800x800.jpg\"><img loading=\"lazy\" decoding=\"async\" data-attachment-id=\"140\" data-permalink=\"https:\/\/www.flora-pharm.de\/blog\/advent-nikolaus-weihnachtsmann-christkind-und-unser-adventskalender\/foto_advkal_800x800\/\" data-orig-file=\"https:\/\/www.flora-pharm.de\/blog\/wp-content\/uploads\/2013\/12\/Foto_Advkal_800x800.jpg\" data-orig-size=\"800,800\" data-comments-opened=\"1\" data-image-meta=\"{&quot;aperture&quot;:&quot;2.4&quot;,&quot;credit&quot;:&quot;&quot;,&quot;camera&quot;:&quot;iPhone 4S&quot;,&quot;caption&quot;:&quot;&quot;,&quot;created_timestamp&quot;:&quot;1354526032&quot;,&quot;copyright&quot;:&quot;&quot;,&quot;focal_length&quot;:&quot;4.28&quot;,&quot;iso&quot;:&quot;64&quot;,&quot;shutter_speed&quot;:&quot;0.05&quot;,&quot;title&quot;:&quot;&quot;}\" data-image-title=\"Adventskalender der Flora Apotheke\" data-image-description=\"\" data-image-caption=\"\" data-large-file=\"https:\/\/www.flora-pharm.de\/blog\/wp-content\/uploads\/2013\/12\/Foto_Advkal_800x800.jpg\" class=\"alignnone size-medium wp-image-140\" alt=\"Adventskalender der Flora Apotheke\" src=\"https:\/\/www.flora-pharm.de\/blog\/wp-content\/uploads\/2013\/12\/Foto_Advkal_800x800-300x300.jpg\" width=\"250\" height=\"2500\" \/><\/a><br \/>\n<b>Ach ja, wir stellen auch wieder unseren Adventskalender auf! Kommen Sie uns besuchen, fragen Sie unser freundliches Personal und finden Sie bis Weihnachten eine kleine \u00dcberraschung in den Schubl\u00e4dchen\u2026<\/b><\/p>\n","protected":false},"excerpt":{"rendered":"<p>So viele Feste, so viele Figuren und Br\u00e4uche. Das alles genau auseinanderzuhalten ist komplex und regional unterschiedlich. Wir m\u00f6chten die Hintergr\u00fcnde ein wenig n\u00e4her bringen und f\u00fchren unseren Feiertagskalender hier weiter. Wenn es Ihnen gef\u00e4llt, freuen wir uns \u00fcber Ihren Kommentar! Advent (Adventus Domini = Ankunft des Herrn) Es ist die Zeit der Vorbereitung auf [&hellip;]<\/p>\n","protected":false},"author":1,"featured_media":140,"comment_status":"open","ping_status":"open","sticky":false,"template":"","format":"standard","meta":{"jetpack_post_was_ever_published":false,"_jetpack_newsletter_access":"","_jetpack_dont_email_post_to_subs":false,"_jetpack_newsletter_tier_id":0,"_jetpack_memberships_contains_paywalled_content":false,"_jetpack_memberships_contains_paid_content":false,"footnotes":""},"categories":[19,22,8],"tags":[67,68,71,70,69],"class_list":["post-139","post","type-post","status-publish","format-standard","has-post-thumbnail","hentry","category-flora-apotheke","category-kalenderlexikon","category-wissenswert","tag-advent","tag-adventskalender","tag-christkind","tag-nikolaus","tag-weihnachten","has-post-title","has-post-date","has-post-category","has-post-tag","has-post-comment","has-post-author",""],"jetpack_featured_media_url":"https:\/\/www.flora-pharm.de\/blog\/wp-content\/uploads\/2013\/12\/Foto_Advkal_800x800.jpg","jetpack-related-posts":[{"id":3645,"url":"https:\/\/www.flora-pharm.de\/blog\/quality-time-advent-weihnachten-wohlfuehlen-geschenke\/","url_meta":{"origin":139,"position":0},"title":"Qualitytime: Advent &#8211; Weihnachten &#8211; Wohlf\u00fchlen","author":"Flora Team","date":"28. November 2016","format":false,"excerpt":"Wundersch\u00f6ne Adventszeit. Wir haben einen \u00dcbersichtsartikel zum Thema Weihnachten und Vorweihnachtszeit erstellt. Viel Spa\u00df beim St\u00f6bern...","rel":"","context":"In &quot;Flora Apotheke&quot;","block_context":{"text":"Flora Apotheke","link":"https:\/\/www.flora-pharm.de\/blog\/category\/flora-apotheke\/"},"img":{"alt_text":"Advent, Advent - friedliche und besinnliche Tage","src":"https:\/\/i0.wp.com\/www.flora-pharm.de\/blog\/wp-content\/uploads\/2022\/11\/adventszeit-2022.jpg?resize=350%2C200&ssl=1","width":350,"height":200,"srcset":"https:\/\/i0.wp.com\/www.flora-pharm.de\/blog\/wp-content\/uploads\/2022\/11\/adventszeit-2022.jpg?resize=350%2C200&ssl=1 1x, https:\/\/i0.wp.com\/www.flora-pharm.de\/blog\/wp-content\/uploads\/2022\/11\/adventszeit-2022.jpg?resize=525%2C300&ssl=1 1.5x, https:\/\/i0.wp.com\/www.flora-pharm.de\/blog\/wp-content\/uploads\/2022\/11\/adventszeit-2022.jpg?resize=700%2C400&ssl=1 2x, https:\/\/i0.wp.com\/www.flora-pharm.de\/blog\/wp-content\/uploads\/2022\/11\/adventszeit-2022.jpg?resize=1050%2C600&ssl=1 3x"},"classes":[]},{"id":2503,"url":"https:\/\/www.flora-pharm.de\/blog\/adventszeit-der-flora-apotheke\/","url_meta":{"origin":139,"position":1},"title":"Adventszeit in der Flora Apotheke","author":"Flora Team","date":"1. Dezember 2014","format":false,"excerpt":"Alle Jahre wieder ... Er steht wieder. Was es mit unserem Adventskalender auf sich hat? Kommen Sie uns doch einmal besuchen\u2026 Wir w\u00fcnschen Ihnen und Ihren Lieben eine wundersch\u00f6ne und m\u00f6glichst gesunde Vorweihnachtszeit \u00a0 PS: Heute - am ersten Dezember - ist auch Welt AIDS Tag und das darf nicht\u2026","rel":"","context":"In &quot;Aktion&quot;","block_context":{"text":"Aktion","link":"https:\/\/www.flora-pharm.de\/blog\/category\/aktion\/"},"img":{"alt_text":"","src":"https:\/\/i0.wp.com\/www.flora-pharm.de\/blog\/wp-content\/uploads\/2014\/12\/adventskalender.jpg?resize=350%2C200&ssl=1","width":350,"height":200,"srcset":"https:\/\/i0.wp.com\/www.flora-pharm.de\/blog\/wp-content\/uploads\/2014\/12\/adventskalender.jpg?resize=350%2C200&ssl=1 1x, https:\/\/i0.wp.com\/www.flora-pharm.de\/blog\/wp-content\/uploads\/2014\/12\/adventskalender.jpg?resize=525%2C300&ssl=1 1.5x, https:\/\/i0.wp.com\/www.flora-pharm.de\/blog\/wp-content\/uploads\/2014\/12\/adventskalender.jpg?resize=700%2C400&ssl=1 2x"},"classes":[]},{"id":8543,"url":"https:\/\/www.flora-pharm.de\/blog\/der-besinnlichste-advent-ihres-lebens\/","url_meta":{"origin":139,"position":2},"title":"Der besinnlichste Advent Ihres Lebens","author":"Flora Team","date":"30. November 2022","format":false,"excerpt":"Die Wochen bis Weihnachten sind gez\u00e4hlt! Zeitdruck? Diesmal nicht. Mit unserem 4-Wochen-Plan wird es eine entspannte Adventszeit - f\u00fcr alle","rel":"","context":"In &quot;Wissenswert&quot;","block_context":{"text":"Wissenswert","link":"https:\/\/www.flora-pharm.de\/blog\/category\/wissenswert\/"},"img":{"alt_text":"besinnlicher advent - planung - entspannung - stressfrei","src":"https:\/\/i0.wp.com\/www.flora-pharm.de\/blog\/wp-content\/uploads\/2022\/11\/besinnlicher-advent.jpg?resize=350%2C200&ssl=1","width":350,"height":200,"srcset":"https:\/\/i0.wp.com\/www.flora-pharm.de\/blog\/wp-content\/uploads\/2022\/11\/besinnlicher-advent.jpg?resize=350%2C200&ssl=1 1x, https:\/\/i0.wp.com\/www.flora-pharm.de\/blog\/wp-content\/uploads\/2022\/11\/besinnlicher-advent.jpg?resize=525%2C300&ssl=1 1.5x, https:\/\/i0.wp.com\/www.flora-pharm.de\/blog\/wp-content\/uploads\/2022\/11\/besinnlicher-advent.jpg?resize=700%2C400&ssl=1 2x, https:\/\/i0.wp.com\/www.flora-pharm.de\/blog\/wp-content\/uploads\/2022\/11\/besinnlicher-advent.jpg?resize=1050%2C600&ssl=1 3x"},"classes":[]},{"id":6564,"url":"https:\/\/www.flora-pharm.de\/blog\/adventskalender-fuer-bello\/","url_meta":{"origin":139,"position":3},"title":"Adventskalender f\u00fcr Bello","author":"Flora Team","date":"21. November 2019","format":false,"excerpt":"Hallo, liebe Kinder ... ... jetzt dauert es gar nicht mehr lange, bis die Adventszeit beginnt. Und was gibt es Sch\u00f6neres, als sich zusammen mit seiner treuen Fellnase auf das Weihnachtsfest zu freuen? Nat\u00fcrlich eignet sich ein normaler Adventskalender mit S\u00fc\u00dfigkeiten nicht f\u00fcr euren Hund. Aber ihr k\u00f6nnt ihm ja\u2026","rel":"","context":"In &quot;Haustiere&quot;","block_context":{"text":"Haustiere","link":"https:\/\/www.flora-pharm.de\/blog\/category\/haustiere\/"},"img":{"alt_text":"Adventskalender f\u00fcr den Hund basteln","src":"https:\/\/i0.wp.com\/www.flora-pharm.de\/blog\/wp-content\/uploads\/2019\/11\/Adventskalender-Hunde.jpg?resize=350%2C200&ssl=1","width":350,"height":200,"srcset":"https:\/\/i0.wp.com\/www.flora-pharm.de\/blog\/wp-content\/uploads\/2019\/11\/Adventskalender-Hunde.jpg?resize=350%2C200&ssl=1 1x, https:\/\/i0.wp.com\/www.flora-pharm.de\/blog\/wp-content\/uploads\/2019\/11\/Adventskalender-Hunde.jpg?resize=525%2C300&ssl=1 1.5x, https:\/\/i0.wp.com\/www.flora-pharm.de\/blog\/wp-content\/uploads\/2019\/11\/Adventskalender-Hunde.jpg?resize=700%2C400&ssl=1 2x"},"classes":[]},{"id":9350,"url":"https:\/\/www.flora-pharm.de\/blog\/adventskalender-mal-anders\/","url_meta":{"origin":139,"position":4},"title":"Adventskalender mal anders","author":"Flora Team","date":"12. November 2024","format":false,"excerpt":"Adventskalender verk\u00fcrzen und vers\u00fc\u00dfen Kindern und uns mit 24 kleinen \u00dcberraschungen die Wartezeit zum Fest. Wir haben Tipps f\u00fcr eine DIY-Variante gesammelt:","rel":"","context":"In &quot;Wissenswert&quot;","block_context":{"text":"Wissenswert","link":"https:\/\/www.flora-pharm.de\/blog\/category\/wissenswert\/"},"img":{"alt_text":"Adventskalender selbst bauen und f\u00fcllen mit den Flora-Tipps","src":"https:\/\/i0.wp.com\/www.flora-pharm.de\/blog\/wp-content\/uploads\/2024\/10\/DIY-adventskalender.jpg?resize=350%2C200&ssl=1","width":350,"height":200,"srcset":"https:\/\/i0.wp.com\/www.flora-pharm.de\/blog\/wp-content\/uploads\/2024\/10\/DIY-adventskalender.jpg?resize=350%2C200&ssl=1 1x, https:\/\/i0.wp.com\/www.flora-pharm.de\/blog\/wp-content\/uploads\/2024\/10\/DIY-adventskalender.jpg?resize=525%2C300&ssl=1 1.5x, https:\/\/i0.wp.com\/www.flora-pharm.de\/blog\/wp-content\/uploads\/2024\/10\/DIY-adventskalender.jpg?resize=700%2C400&ssl=1 2x, https:\/\/i0.wp.com\/www.flora-pharm.de\/blog\/wp-content\/uploads\/2024\/10\/DIY-adventskalender.jpg?resize=1050%2C600&ssl=1 3x"},"classes":[]},{"id":2998,"url":"https:\/\/www.flora-pharm.de\/blog\/flora-adventskalender\/","url_meta":{"origin":139,"position":5},"title":"Flora Adventskalender","author":"Flora Team","date":"27. November 2015","format":false,"excerpt":"Seit zwei Monaten gibt es Zimtsterne und Dominosteine in den M\u00e4rkten, der erste Schnee ist bereits gefallen und die Weihnachtsm\u00e4rkte \u00f6ffnen ihre Tore. Es l\u00e4sst sich nicht leugnen, wir haben den Dezember und damit auch die Vorweihnachtszeit erreicht. Der letzte Beweis: Sonntag ist der erste Advent! Alle Jahre wieder und\u2026","rel":"","context":"In &quot;Aktion&quot;","block_context":{"text":"Aktion","link":"https:\/\/www.flora-pharm.de\/blog\/category\/aktion\/"},"img":{"alt_text":"","src":"https:\/\/i0.wp.com\/www.flora-pharm.de\/blog\/wp-content\/uploads\/2015\/11\/adventskalender.jpg?resize=350%2C200&ssl=1","width":350,"height":200,"srcset":"https:\/\/i0.wp.com\/www.flora-pharm.de\/blog\/wp-content\/uploads\/2015\/11\/adventskalender.jpg?resize=350%2C200&ssl=1 1x, https:\/\/i0.wp.com\/www.flora-pharm.de\/blog\/wp-content\/uploads\/2015\/11\/adventskalender.jpg?resize=525%2C300&ssl=1 1.5x, https:\/\/i0.wp.com\/www.flora-pharm.de\/blog\/wp-content\/uploads\/2015\/11\/adventskalender.jpg?resize=700%2C400&ssl=1 2x"},"classes":[]}],"jetpack_sharing_enabled":true,"_links":{"self":[{"href":"https:\/\/www.flora-pharm.de\/blog\/wp-json\/wp\/v2\/posts\/139","targetHints":{"allow":["GET"]}}],"collection":[{"href":"https:\/\/www.flora-pharm.de\/blog\/wp-json\/wp\/v2\/posts"}],"about":[{"href":"https:\/\/www.flora-pharm.de\/blog\/wp-json\/wp\/v2\/types\/post"}],"author":[{"embeddable":true,"href":"https:\/\/www.flora-pharm.de\/blog\/wp-json\/wp\/v2\/users\/1"}],"replies":[{"embeddable":true,"href":"https:\/\/www.flora-pharm.de\/blog\/wp-json\/wp\/v2\/comments?post=139"}],"version-history":[{"count":5,"href":"https:\/\/www.flora-pharm.de\/blog\/wp-json\/wp\/v2\/posts\/139\/revisions"}],"predecessor-version":[{"id":145,"href":"https:\/\/www.flora-pharm.de\/blog\/wp-json\/wp\/v2\/posts\/139\/revisions\/145"}],"wp:featuredmedia":[{"embeddable":true,"href":"https:\/\/www.flora-pharm.de\/blog\/wp-json\/wp\/v2\/media\/140"}],"wp:attachment":[{"href":"https:\/\/www.flora-pharm.de\/blog\/wp-json\/wp\/v2\/media?parent=139"}],"wp:term":[{"taxonomy":"category","embeddable":true,"href":"https:\/\/www.flora-pharm.de\/blog\/wp-json\/wp\/v2\/categories?post=139"},{"taxonomy":"post_tag","embeddable":true,"href":"https:\/\/www.flora-pharm.de\/blog\/wp-json\/wp\/v2\/tags?post=139"}],"curies":[{"name":"wp","href":"https:\/\/api.w.org\/{rel}","templated":true}]}}