{"id":146,"date":"2013-12-03T10:01:39","date_gmt":"2013-12-03T09:01:39","guid":{"rendered":"http:\/\/www.flora-pharm.de\/blog\/?p=146"},"modified":"2021-03-25T11:35:06","modified_gmt":"2021-03-25T10:35:06","slug":"aktionstag-age-messung-wie-alt-sind-sie-wirklich","status":"publish","type":"post","link":"https:\/\/www.flora-pharm.de\/blog\/aktionstag-age-messung-wie-alt-sind-sie-wirklich\/","title":{"rendered":"Aktionstag zur AGE Messung. Wie alt sind Sie wirklich?"},"content":{"rendered":"<p>Bei dieser Frage schaut man als erstes in seinen Ausweis und beginnt zu rechnen.<\/p>\n<p>Aber wir reden nicht nur vom Lebensalter, vielmehr interessieren wir uns f\u00fcr das <b>wahre biologische Alter des K\u00f6rpers<\/b>, denn dessen Beeinflussung ist der Ansatzpunkt f\u00fcr ein langfristig j\u00fcngeres Lebensgef\u00fchl.<\/p>\n<p>Wir helfen Ihnen, Ihr TruAge (true age = wahres Alter) zu identifizieren. Wenn Sie sich manchmal irgendwie alt, energielos und schlapp f\u00fchlen, so liegt das (neben Lebensjahren) auch an den sogenannten <b>AGEs (Advanced Glycation Endproducts)<\/b> und gegen die kann man etwas unternehmen. Faktoren wie schlechte Essgewohnheiten und Bewegungsmangel k\u00f6nnen dazu f\u00fchren, dass sich AGEs vermehrt im K\u00f6rper ansammeln. Auch mit zunehmendem Lebensalter und bei Risikopersonen wird der Prozess beschleunigt.<\/p>\n<p>Im steten Interesse, die Lebensqualit\u00e4t unserer Patienten zu erh\u00f6hen und in Kooperation mit einer Naturheilkundlichen Praxis in der Nachbarschaft (PRAXIS F\u00dcR GANZHEITLICHE HEILMETHODEN, BARBARA FREITAG, Volgersweg 58) stellen wir Ihnen den Service zur Messung Ihrer AGE vor und das funktioniert mit dem sogenannten <b>\u201eTruAge Scanner\u201c<\/b> in den Praxisr\u00e4umen schnell, zuverl\u00e4ssig, nicht-invasiv und unkompliziert. Weitere Informationen \u00fcber das Ger\u00e4t und seine Funktion (leider nur englisch): <a href=\"http:\/\/www.diagnoptics.com\/en\/age-reader\/\">http:\/\/www.diagnoptics.com\/en\/age-reader\/<\/a><\/p>\n<p>Melden Sie sich bei uns in der Apotheke oder fernm\u00fcndlich f\u00fcr eine Gratis-Messaktion am <b>Freitag, den 13.12.2013<\/b> (ja, das bringt Gl\u00fcck!) <b>in der Praxis<\/b> an (wir stellen f\u00fcr Sie ein frei verteilbares <b>Kontingent von 15 Pl\u00e4tzen<\/b> zur Verf\u00fcgung, die Terminvergabe erfolgt direkt \u00fcber die Praxis; wer sich zuerst anmeldet\u2026 Wie es abl\u00e4uft, sehen sie am Ende dieses Artikels)\u00a0 und lernen Sie Ihr TruAge, Ihr wahres Alter kennen. Das Ergebnis liegt sofort vor und die Heilpraktikerin kann direkt Tipps und Hilfen im Rahmen der von uns f\u00fcr Sie angebotenen Gratis-Messaktion aufzeigen, wie Sie gegebenenfalls Ihren AGE-Wert minimieren k\u00f6nnen. V\u00f6llig unverbindlich! Auch in unserer Apotheke k\u00f6nnen wir auf Basis Ihres AGE-Wertes Ma\u00dfnahmen zur Reduzierung vorschlagen.<\/p>\n<p><b>Was aber sind nun AGEs genau?<\/b><\/p>\n<p>Es sind Stoffe, die durch die chemische Reaktion von Zucker\u00fcbersch\u00fcssen aus der Ern\u00e4hrung \u00a0mit Protein (ggf. auch durch Fehlern\u00e4hrung, gemeint ist aber des Funktionsprotein des Zellgewebes) entstehen. Dieser Vorgang, die sogenannte Glykation, kann sowohl im K\u00f6rper als auch au\u00dferhalb, n\u00e4mlich im Lebensmittel selbst, ablaufen. Sammeln sich diese AGES im K\u00f6rpergewebe an, so k\u00f6nnen sie unseren Alterungsprozess entscheidend beeinflussen und Membranfunktionen empfindlich st\u00f6ren. Passen Sie Ihre Lebensweise Ihrem AGE-Wert an, um diesen zu reduzieren und j\u00fcngeres Lebensgef\u00fchl zur\u00fcckzugewinnen.<\/p>\n<p><b>AGEs\u2026 <\/b><i>(Quelle: \u00c4rztlicher Vortrag von Reinald Habel, Braunschweig, Nov 2013)<\/i><\/p>\n<ul>\n<li>Entstehen, wenn Zuckermolek\u00fcle sich ohne Enzym an Protein- oder Fettmolek\u00fcle binden<\/li>\n<li>stammen aus der Nahrung (Kohlehydrate v.a.\u00a0 Saccharose bestehend aus 50% Glucose und 50% Fructose sowie HFCS \u2013High Fructose Corn Sirup)\n<ul>\n<li>Fructose wird in der Leber verstoffwechselt, Glucose in unseren Zellen<\/li>\n<li>HFCS belastet die Leber, wird in der Leber in Fett verwandelt v.a. in Triglyceride und in der Leber gespeichert \u2013 Fettleber!<\/li>\n<\/ul>\n<\/li>\n<li>bewirken vorzeitige Alterung, erh\u00f6hen die Harns\u00e4ure-Entz\u00fcndung, Schmerz, Gicht, DBS, RR<\/li>\n<li>schalten das Appetitsteuerungssystem aus, machen hungrig, erh\u00f6hen das Bauchfett, das Gewicht, metabolisches Syndrom, periphere Insulinresistenz-<a href=\"https:\/\/www.flora-pharm.de\/blog\/diabetes-mellitus\/\">Diabetes<\/a>-Typ II, insulinartiger Wachstumsfaktor f\u00f6rdert Krebsentstehung<\/li>\n<li>verwirren den Hormonhaushalt<\/li>\n<li>entstehen aus k\u00f6rpereigener Produktion<\/li>\n<li>bilden plaque\u00e4hnliche Substanzen im Gehirn, Nervengewebe und dem Rest des K\u00f6rpers<\/li>\n<li>f\u00fchren zu Reizung und Entz\u00fcndung der Blutgef\u00e4\u00dfe<\/li>\n<li>sch\u00e4digen das Kollagen in den Wandgef\u00e4\u00dfen, was zu hohem Blutdruck f\u00fchrt<\/li>\n<li>schw\u00e4chen die Blutgef\u00e4\u00dfe und k\u00f6nnen zu Aneurysmen und h\u00e4morrhagischen Apoplexen f\u00fchren<\/li>\n<li>bilden klebrige Amyloid-Proteine und neurofibrill\u00e4re B\u00fcndel, welche die Kontrolle im Gehirn \u00fcbernehmen und Demenz und Alzheimer verursachen<\/li>\n<li>k\u00f6nnen leicht Nerven sch\u00e4digen, periphere Neuropathie uns Schwerh\u00f6rigkeit verursachen<\/li>\n<li>greifen die Kapillaren in den Augen an, was zur Erblindung f\u00fchren kann<\/li>\n<li>bilden stark oxidierende Nebenprodukte, die zu Krebserkrankungen f\u00fchren k\u00f6nnen<\/li>\n<li>sind ernstzunehmende F\u00f6rderer von Alterungsprozessen und Ursache vieler Erkrankungen<\/li>\n<li>sind Hauptfaktoren bei der Entstehung von Diabetes, Herz, Leber, Nieren, Haut und Augen-Erkrankungen<\/li>\n<li>st\u00f6ren den gesamten Zellstoffwechsel und die Zellfunktionen<\/li>\n<\/ul>\n<p>Unsere Aktion zeigt kostenfrei, wo sie stehen (wir \u00fcbernehmen die Testkosten von 20,&#8211; \u20ac sowie die des Beratungsgespr\u00e4ches f\u00fcr Sie) und wir zeigen Ihnen unverbindlich m\u00f6gliche Wege auf. Wir denken, Ihnen damit einen guten Ausgangspunkt zur Hinterfragung der eigenen Lebensqualit\u00e4t an die Hand zu geben. Nutzen Sie die Chance. Sie sind herzlich willkommen, uns in unserer Apotheke und bei der Therapeutin zu besuchen und Ihre Fragen zu stellen.<\/p>\n<p><b>So k\u00f6nnen Sie sich einen der 15 Pl\u00e4tze sichern: <\/b><\/p>\n<p><b>Melden Sie sich bei uns (in der Apotheke oder per Telefon) mit Angabe einer Kontakttelefonnummer an, wir leiten <span style=\"text-decoration: underline;\">die ersten 15<\/span> Kontakte zur Terminvereinbarung an die Praxis HP Freitag im Volgersweg weiter. Diese meldet sich dann direkt bei Ihnen.<\/b><\/p>\n","protected":false},"excerpt":{"rendered":"<p>Bei dieser Frage schaut man als erstes in seinen Ausweis und beginnt zu rechnen. Aber wir reden nicht nur vom Lebensalter, vielmehr interessieren wir uns f\u00fcr das wahre biologische Alter des K\u00f6rpers, denn dessen Beeinflussung ist der Ansatzpunkt f\u00fcr ein langfristig j\u00fcngeres Lebensgef\u00fchl. Wir helfen Ihnen, Ihr TruAge (true age = wahres Alter) zu identifizieren. [&hellip;]<\/p>\n","protected":false},"author":1,"featured_media":147,"comment_status":"open","ping_status":"open","sticky":false,"template":"","format":"standard","meta":{"jetpack_post_was_ever_published":false,"_jetpack_newsletter_access":"","_jetpack_dont_email_post_to_subs":false,"_jetpack_newsletter_tier_id":0,"_jetpack_memberships_contains_paywalled_content":false,"_jetpack_memberships_contains_paid_content":false,"footnotes":""},"categories":[3],"tags":[73],"class_list":["post-146","post","type-post","status-publish","format-standard","has-post-thumbnail","hentry","category-aktion","tag-alter","has-post-title","has-post-date","has-post-category","has-post-tag","has-post-comment","has-post-author",""],"jetpack_featured_media_url":"https:\/\/www.flora-pharm.de\/blog\/wp-content\/uploads\/2013\/12\/Aktionstag.jpg","jetpack-related-posts":[{"id":191,"url":"https:\/\/www.flora-pharm.de\/blog\/zweiter-aktionstag-zur-age-messung-wie-alt-sind-sie-wirklich\/","url_meta":{"origin":146,"position":0},"title":"Zweiter Aktionstag zur AGE Messung. Wie alt sind Sie wirklich?","author":"Flora Team","date":"9. Januar 2014","format":false,"excerpt":"Aufgrund der gro\u00dfen Nachfrage und der positiven R\u00fcckmeldungen bei unserem ersten AGE-Aktionstag haben wir ein weiteres kleines Kontingent f\u00fcr Sie in Auftrag gegeben\u2026 Bei der Frage nach dem wirklichen Alter schaut man als erstes in seinen Ausweis und beginnt zu rechnen. Aber wir reden nicht nur vom Lebensalter, vielmehr interessieren\u2026","rel":"","context":"In &quot;Aktion&quot;","block_context":{"text":"Aktion","link":"https:\/\/www.flora-pharm.de\/blog\/category\/aktion\/"},"img":{"alt_text":"","src":"https:\/\/i0.wp.com\/www.flora-pharm.de\/blog\/wp-content\/uploads\/2013\/12\/Aktionstag.jpg?resize=350%2C200&ssl=1","width":350,"height":200,"srcset":"https:\/\/i0.wp.com\/www.flora-pharm.de\/blog\/wp-content\/uploads\/2013\/12\/Aktionstag.jpg?resize=350%2C200&ssl=1 1x, https:\/\/i0.wp.com\/www.flora-pharm.de\/blog\/wp-content\/uploads\/2013\/12\/Aktionstag.jpg?resize=525%2C300&ssl=1 1.5x"},"classes":[]},{"id":5925,"url":"https:\/\/www.flora-pharm.de\/blog\/selbsttests-aus-der-apotheke\/","url_meta":{"origin":146,"position":1},"title":"Selbsttests aus der Apotheke","author":"Flora Team","date":"21. Februar 2019","format":false,"excerpt":"Selbsttests verraten einiges \u00fcber Ihre Gesundheit. Welche sind besonders wichtig, und was m\u00fcssen Sie beachten? Im zweiten Teil des Artikels schauen wir uns speziell die weiblichen Daten mit Blick auf Schwangerschaft und Wechseljahre an. \u00a0 Ein Artikel von Karsten Kulms und Saskia Fechte. \u00a0 Bequem, diskret und ohne lange Wartezeiten\u2026","rel":"","context":"In &quot;Wissenswert&quot;","block_context":{"text":"Wissenswert","link":"https:\/\/www.flora-pharm.de\/blog\/category\/wissenswert\/"},"img":{"alt_text":"Selbsttests aus der Apotheke","src":"https:\/\/i0.wp.com\/www.flora-pharm.de\/blog\/wp-content\/uploads\/2019\/02\/selbsttests.jpg?resize=350%2C200&ssl=1","width":350,"height":200,"srcset":"https:\/\/i0.wp.com\/www.flora-pharm.de\/blog\/wp-content\/uploads\/2019\/02\/selbsttests.jpg?resize=350%2C200&ssl=1 1x, https:\/\/i0.wp.com\/www.flora-pharm.de\/blog\/wp-content\/uploads\/2019\/02\/selbsttests.jpg?resize=525%2C300&ssl=1 1.5x, https:\/\/i0.wp.com\/www.flora-pharm.de\/blog\/wp-content\/uploads\/2019\/02\/selbsttests.jpg?resize=700%2C400&ssl=1 2x"},"classes":[]},{"id":6968,"url":"https:\/\/www.flora-pharm.de\/blog\/nahrungsergaenzungsmittel-wer-braucht-eine-extraportion\/","url_meta":{"origin":146,"position":2},"title":"Nahrungserg\u00e4nzungsmittel &#8211; Wer braucht eine Extraportion?","author":"Flora Team","date":"11. Juni 2020","format":false,"excerpt":"Nahrungserg\u00e4nzungsmittel sind in bestimmten Lebenslagen und f\u00fcr spezielle Personengruppen sinnvoll. Saskia Fechte stellt dar, auf wen das zutrifft? Wer sich ausgewogen ern\u00e4hrt, braucht keine Nahrungserg\u00e4nzungsmittel \u2013 dar\u00fcber herrscht weitgehend Einigung. Unabh\u00e4ngig von der Frage, wie viele das tats\u00e4chlich beherzigen, bef\u00fcrworten Experten die Vitamine und Mineralstoffe aus der Apotheke f\u00fcr viele\u2026","rel":"","context":"In &quot;Orthomolekulare Medizin&quot;","block_context":{"text":"Orthomolekulare Medizin","link":"https:\/\/www.flora-pharm.de\/blog\/category\/orthomolekulare-medizin\/"},"img":{"alt_text":"Nahrungserg\u00e4nzungsmittel Flora Apotheke","src":"https:\/\/i0.wp.com\/www.flora-pharm.de\/blog\/wp-content\/uploads\/2020\/06\/supplemente-extraportion.jpg?resize=350%2C200&ssl=1","width":350,"height":200,"srcset":"https:\/\/i0.wp.com\/www.flora-pharm.de\/blog\/wp-content\/uploads\/2020\/06\/supplemente-extraportion.jpg?resize=350%2C200&ssl=1 1x, https:\/\/i0.wp.com\/www.flora-pharm.de\/blog\/wp-content\/uploads\/2020\/06\/supplemente-extraportion.jpg?resize=525%2C300&ssl=1 1.5x, https:\/\/i0.wp.com\/www.flora-pharm.de\/blog\/wp-content\/uploads\/2020\/06\/supplemente-extraportion.jpg?resize=700%2C400&ssl=1 2x"},"classes":[]},{"id":2979,"url":"https:\/\/www.flora-pharm.de\/blog\/ayurveda-was-ist-das\/","url_meta":{"origin":146,"position":3},"title":"Ayurveda, was ist das?","author":"Flora Team","date":"20. November 2015","format":false,"excerpt":"Die umfassende indische Ayurveda-Philosophie ist ein Weg zu einem gesunden, vitalen Leben. \u00dcbersetzt hei\u00dft Ayurveda \u201eWissen vom guten Leben\u201c und ist eine ganzheitliche Lebens- und Gesundheitslehre, die allen Menschen offensteht. Dabei geht es um eine gesunde Lebensf\u00fchrung in der Einheit von K\u00f6rper, Geist und Seele unter Ber\u00fccksichtigung s\u00e4mtlicher Umweltfaktoren. Als\u2026","rel":"","context":"In &quot;Wissenswert&quot;","block_context":{"text":"Wissenswert","link":"https:\/\/www.flora-pharm.de\/blog\/category\/wissenswert\/"},"img":{"alt_text":"Mit freundlicher Genehmigung der S & D Verlag GmbH. Das komplette Heft bekommen Sie auch bei uns in der Apotheke.","src":"https:\/\/i0.wp.com\/www.flora-pharm.de\/blog\/wp-content\/uploads\/2015\/11\/cover-NuG-11-2015-225x300.jpg?resize=350%2C200&ssl=1","width":350,"height":200},"classes":[]},{"id":7557,"url":"https:\/\/www.flora-pharm.de\/blog\/diabetes-mellitus\/","url_meta":{"origin":146,"position":4},"title":"Diabetes mellitus","author":"Flora Team","date":"25. M\u00e4rz 2021","format":false,"excerpt":"Mit dem Begriff Diabetes werden verschiedene Krankheiten bezeichnet, die mit gesteigertem Harndrang (Polyurie) einhergehen, sie haben von der Bezeichnung abgesehen wenig gemeinsam. Umgangssprachlich wird mit \u201eDiabetes\u201c zumeist der (ja, es hei\u00dft \u201eDER Diabetes\u201c) Diabetes mellitus gemeint. Das ist lateinisch f\u00fcr \u201ehonigs\u00fc\u00dfer Durchfluss\u201c und deutet darauf hin, dass im ausgeschiedenen Urin\u2026","rel":"","context":"In &quot;Eigenrezepturen&quot;","block_context":{"text":"Eigenrezepturen","link":"https:\/\/www.flora-pharm.de\/blog\/category\/eigenrezepturen\/"},"img":{"alt_text":"Zucker, Insulin, Spritze, Diabetes","src":"https:\/\/i0.wp.com\/www.flora-pharm.de\/blog\/wp-content\/uploads\/2021\/03\/diabetes-mellitus.jpg?resize=350%2C200&ssl=1","width":350,"height":200,"srcset":"https:\/\/i0.wp.com\/www.flora-pharm.de\/blog\/wp-content\/uploads\/2021\/03\/diabetes-mellitus.jpg?resize=350%2C200&ssl=1 1x, https:\/\/i0.wp.com\/www.flora-pharm.de\/blog\/wp-content\/uploads\/2021\/03\/diabetes-mellitus.jpg?resize=525%2C300&ssl=1 1.5x, https:\/\/i0.wp.com\/www.flora-pharm.de\/blog\/wp-content\/uploads\/2021\/03\/diabetes-mellitus.jpg?resize=700%2C400&ssl=1 2x"},"classes":[]},{"id":3695,"url":"https:\/\/www.flora-pharm.de\/blog\/heilpflanzen-fuer-die-maennergesundheit\/","url_meta":{"origin":146,"position":5},"title":"Heilpflanzen f\u00fcr die M\u00e4nnergesundheit","author":"Flora Team","date":"16. Dezember 2016","format":false,"excerpt":"Die Naturheilkunde kennt eine ganze Reihe Heilpflanzen, die gegen spezielle M\u00e4nnerleiden wirksam sind. \u00a0 Prostatabeschwerden und Harnwegsinfekte Die Prostata (Vorsteherdr\u00fcse) ist eine etwa walnussgro\u00dfe Dr\u00fcse, die unterhalb der Blase die Harnr\u00f6hre ringf\u00f6rmig umschlie\u00dft. Im h\u00f6heren Lebensalter kommt es oft zu einer gutartigen Prostatavergr\u00f6\u00dferung. Nicht bei jedem Mann l\u00f6st eine wachsende\u2026","rel":"","context":"In &quot;Heilpflanzen \/ Arzneipflanzen&quot;","block_context":{"text":"Heilpflanzen \/ Arzneipflanzen","link":"https:\/\/www.flora-pharm.de\/blog\/category\/heilpflanzen-arzneipflanzen\/"},"img":{"alt_text":"","src":"https:\/\/i0.wp.com\/www.flora-pharm.de\/blog\/wp-content\/uploads\/2016\/12\/heilpflanzen-maenneregesundheit.jpg?resize=350%2C200&ssl=1","width":350,"height":200,"srcset":"https:\/\/i0.wp.com\/www.flora-pharm.de\/blog\/wp-content\/uploads\/2016\/12\/heilpflanzen-maenneregesundheit.jpg?resize=350%2C200&ssl=1 1x, https:\/\/i0.wp.com\/www.flora-pharm.de\/blog\/wp-content\/uploads\/2016\/12\/heilpflanzen-maenneregesundheit.jpg?resize=525%2C300&ssl=1 1.5x, https:\/\/i0.wp.com\/www.flora-pharm.de\/blog\/wp-content\/uploads\/2016\/12\/heilpflanzen-maenneregesundheit.jpg?resize=700%2C400&ssl=1 2x"},"classes":[]}],"jetpack_sharing_enabled":true,"_links":{"self":[{"href":"https:\/\/www.flora-pharm.de\/blog\/wp-json\/wp\/v2\/posts\/146","targetHints":{"allow":["GET"]}}],"collection":[{"href":"https:\/\/www.flora-pharm.de\/blog\/wp-json\/wp\/v2\/posts"}],"about":[{"href":"https:\/\/www.flora-pharm.de\/blog\/wp-json\/wp\/v2\/types\/post"}],"author":[{"embeddable":true,"href":"https:\/\/www.flora-pharm.de\/blog\/wp-json\/wp\/v2\/users\/1"}],"replies":[{"embeddable":true,"href":"https:\/\/www.flora-pharm.de\/blog\/wp-json\/wp\/v2\/comments?post=146"}],"version-history":[{"count":3,"href":"https:\/\/www.flora-pharm.de\/blog\/wp-json\/wp\/v2\/posts\/146\/revisions"}],"predecessor-version":[{"id":7608,"href":"https:\/\/www.flora-pharm.de\/blog\/wp-json\/wp\/v2\/posts\/146\/revisions\/7608"}],"wp:featuredmedia":[{"embeddable":true,"href":"https:\/\/www.flora-pharm.de\/blog\/wp-json\/wp\/v2\/media\/147"}],"wp:attachment":[{"href":"https:\/\/www.flora-pharm.de\/blog\/wp-json\/wp\/v2\/media?parent=146"}],"wp:term":[{"taxonomy":"category","embeddable":true,"href":"https:\/\/www.flora-pharm.de\/blog\/wp-json\/wp\/v2\/categories?post=146"},{"taxonomy":"post_tag","embeddable":true,"href":"https:\/\/www.flora-pharm.de\/blog\/wp-json\/wp\/v2\/tags?post=146"}],"curies":[{"name":"wp","href":"https:\/\/api.w.org\/{rel}","templated":true}]}}