{"id":247,"date":"2014-03-07T10:38:26","date_gmt":"2014-03-07T09:38:26","guid":{"rendered":"http:\/\/www.flora-pharm.de\/blog\/?p=247"},"modified":"2015-02-26T15:54:23","modified_gmt":"2015-02-26T14:54:23","slug":"eine-neue-studie-belegt-den-zusammenhang-zwischen-vitamin-d-status-der-mutter-und-der-muskelkraft-des-babys","status":"publish","type":"post","link":"https:\/\/www.flora-pharm.de\/blog\/eine-neue-studie-belegt-den-zusammenhang-zwischen-vitamin-d-status-der-mutter-und-der-muskelkraft-des-babys\/","title":{"rendered":"Eine neue Studie belegt den Zusammenhang zwischen Vitamin D Status der Mutter und der Muskelkraft des Babys"},"content":{"rendered":"<p>Es ist noch nicht lange her, da haben wir auf die <a href=\"https:\/\/www.flora-pharm.de\/blog\/vitamin-d-ist-und-bleibt-wichtig\/\">Wichtigkeit von Vitamin D gerade w\u00e4hrend der Schwangerschaft<\/a> hingewiesen, nun lesen wir von einer neuen Studie, deren Ergebnis in das gleiche Horn bl\u00e4st und das wir Ihnen hier kurz skizziert n\u00e4herbringen m\u00f6chten:<\/p>\n<p>&nbsp;<\/p>\n<p>Britische Wissenschaftler konnten im Rahmen einer Datenauswertung von 678 Mutter-Kind-Paaren der Southhampton Women\u2019s Survey, einer britische Kohorten-Studie, die Korrelation \u00a0zwischen Vitamin D Status der Mutter und der Muskelkraft des Babys belegen. Erfasst und aufeinander bezogen wurden die Daten der Mutter in der 34. Schwangerschaftswoche sowie die Muskelkraft des Kindes im Alter von vier Jahren, erfasst durch ein Ger\u00e4t zur Messung der Handgriffst\u00e4rke. Auch die statistische Bereinigung der Daten um St\u00f6rfaktoren (z.B. Stilldauer sowie k\u00f6rperliche Aktivit\u00e4t des Kindes) ver\u00e4nderte das Ergebnis nicht und unterstrich es somit.<\/p>\n<p>Erg\u00e4nzend sei erw\u00e4hnt, dass es sich ebenso positiv nach der Schwangerschaft auch auf die Mutter auswirken wird, da die Muskelkontraktilit\u00e4t und der Knochenstoffwechsel gerade in der zehrenden Stillzeit deutlich von einem guten Vitamin D- sowie generellen Vitalstoffspiegel profitieren. Ebenfalls die Infekt-H\u00e4ufigkeit des S\u00e4uglings und sp\u00e4teren Kleinkinds wird deutlich geringer ausfallen.<\/p>\n<p>&nbsp;<\/p>\n<p>Wenn Sie weitere Informationen brauchen oder Fragen haben, sprechen Sie und gerne an.<\/p>\n<p><b>\u00a0<\/b><\/p>\n<p>Die Studie:<\/p>\n<blockquote><p>Harvey NC, Moon RJ, Sayer AA, Ntani G, Davies JH, Javaid MK, Robinson SM, Godfrey KM, Inskip HM, Cooper C: \u201eMaternal Antenatal Vitamin D Status and Offspring Muscle Development: Findings From the Southampton Women&#8217;s Survey\u201c, nachzulesen in: The Journal of clinical endocrinology and metabolism, Januar 2014; 99 (1): S. 330-337<\/p><\/blockquote>\n","protected":false},"excerpt":{"rendered":"<p>Es ist noch nicht lange her, da haben wir auf die Wichtigkeit von Vitamin D gerade w\u00e4hrend der Schwangerschaft hingewiesen, nun lesen wir von einer neuen Studie, deren Ergebnis in das gleiche Horn bl\u00e4st und das wir Ihnen hier kurz skizziert n\u00e4herbringen m\u00f6chten: &nbsp; Britische Wissenschaftler konnten im Rahmen einer Datenauswertung von 678 Mutter-Kind-Paaren der [&hellip;]<\/p>\n","protected":false},"author":1,"featured_media":100,"comment_status":"open","ping_status":"open","sticky":false,"template":"","format":"standard","meta":{"jetpack_post_was_ever_published":false,"_jetpack_newsletter_access":"","_jetpack_dont_email_post_to_subs":false,"_jetpack_newsletter_tier_id":0,"_jetpack_memberships_contains_paywalled_content":false,"_jetpack_memberships_contains_paid_content":false,"footnotes":""},"categories":[49],"tags":[64,42,138,62,34],"class_list":["post-247","post","type-post","status-publish","format-standard","has-post-thumbnail","hentry","category-orthomolekulare-medizin","tag-kleinkind","tag-schwangerschaft","tag-stillzeit","tag-vitamin-d","tag-vitamine","has-post-title","has-post-date","has-post-category","has-post-tag","has-post-comment","has-post-author",""],"jetpack_featured_media_url":"https:\/\/www.flora-pharm.de\/blog\/wp-content\/uploads\/2013\/11\/schwanger-bauch.jpg","jetpack-related-posts":[{"id":2572,"url":"https:\/\/www.flora-pharm.de\/blog\/zusammenhang-zwischen-fehlgeburt-und-vitamin-e-spiegel\/","url_meta":{"origin":247,"position":0},"title":"Zusammenhang zwischen Fehlgeburt und Vitamin E-Spiegel","author":"Flora Team","date":"3. Februar 2015","format":false,"excerpt":"Gem\u00e4\u00df einem Bericht von Forschern der John Hopkins Bloomberg School of Public Health im \u201eAmerican Journal of Clinical Nutrition\u201c entscheidet \u00fcber die Risiken einer fr\u00fchen Fehlgeburt auch der Vitamin E-Spiegel im Blut der Mutter. Es ist wohl die erste Untersuchung, die diesen Zusammenhang aufzeigt. Bislang wurden fr\u00fche Fehlgeburten h\u00e4ufig als\u2026","rel":"","context":"In &quot;Orthomolekulare Medizin&quot;","block_context":{"text":"Orthomolekulare Medizin","link":"https:\/\/www.flora-pharm.de\/blog\/category\/orthomolekulare-medizin\/"},"img":{"alt_text":"","src":"https:\/\/i0.wp.com\/www.flora-pharm.de\/blog\/wp-content\/uploads\/2013\/11\/schwanger-bauch.jpg?resize=350%2C200&ssl=1","width":350,"height":200,"srcset":"https:\/\/i0.wp.com\/www.flora-pharm.de\/blog\/wp-content\/uploads\/2013\/11\/schwanger-bauch.jpg?resize=350%2C200&ssl=1 1x, https:\/\/i0.wp.com\/www.flora-pharm.de\/blog\/wp-content\/uploads\/2013\/11\/schwanger-bauch.jpg?resize=525%2C300&ssl=1 1.5x"},"classes":[]},{"id":6968,"url":"https:\/\/www.flora-pharm.de\/blog\/nahrungsergaenzungsmittel-wer-braucht-eine-extraportion\/","url_meta":{"origin":247,"position":1},"title":"Nahrungserg\u00e4nzungsmittel &#8211; Wer braucht eine Extraportion?","author":"Flora Team","date":"11. Juni 2020","format":false,"excerpt":"Nahrungserg\u00e4nzungsmittel sind in bestimmten Lebenslagen und f\u00fcr spezielle Personengruppen sinnvoll. Saskia Fechte stellt dar, auf wen das zutrifft? Wer sich ausgewogen ern\u00e4hrt, braucht keine Nahrungserg\u00e4nzungsmittel \u2013 dar\u00fcber herrscht weitgehend Einigung. Unabh\u00e4ngig von der Frage, wie viele das tats\u00e4chlich beherzigen, bef\u00fcrworten Experten die Vitamine und Mineralstoffe aus der Apotheke f\u00fcr viele\u2026","rel":"","context":"In &quot;Orthomolekulare Medizin&quot;","block_context":{"text":"Orthomolekulare Medizin","link":"https:\/\/www.flora-pharm.de\/blog\/category\/orthomolekulare-medizin\/"},"img":{"alt_text":"Nahrungserg\u00e4nzungsmittel Flora Apotheke","src":"https:\/\/i0.wp.com\/www.flora-pharm.de\/blog\/wp-content\/uploads\/2020\/06\/supplemente-extraportion.jpg?resize=350%2C200&ssl=1","width":350,"height":200,"srcset":"https:\/\/i0.wp.com\/www.flora-pharm.de\/blog\/wp-content\/uploads\/2020\/06\/supplemente-extraportion.jpg?resize=350%2C200&ssl=1 1x, https:\/\/i0.wp.com\/www.flora-pharm.de\/blog\/wp-content\/uploads\/2020\/06\/supplemente-extraportion.jpg?resize=525%2C300&ssl=1 1.5x, https:\/\/i0.wp.com\/www.flora-pharm.de\/blog\/wp-content\/uploads\/2020\/06\/supplemente-extraportion.jpg?resize=700%2C400&ssl=1 2x"},"classes":[]},{"id":7444,"url":"https:\/\/www.flora-pharm.de\/blog\/13-weniger-krebssterblichkeit-bei-vitamin-d-supplementierung\/","url_meta":{"origin":247,"position":2},"title":"13% weniger Krebssterblichkeit bei Vitamin D-Supplementierung","author":"Flora Team","date":"16. Februar 2021","format":false,"excerpt":"Vitamin D-Supplementierung geht nach neuester Studienlage mit einer Verringerung der Sterberate an Krebs um etwa 13 Prozent einher, berichtet das dkfz. (Deutsches Krebsforschungszentrum)","rel":"","context":"In &quot;Flora Apotheke&quot;","block_context":{"text":"Flora Apotheke","link":"https:\/\/www.flora-pharm.de\/blog\/category\/flora-apotheke\/"},"img":{"alt_text":"13% geringere Krebssterblichkeit bei Vitamin D Supplementierung nach aktuellen Studien","src":"https:\/\/i0.wp.com\/www.flora-pharm.de\/blog\/wp-content\/uploads\/2021\/02\/geringere-krebssterblichkeit-13vH-Vitamin-D.jpg?resize=350%2C200&ssl=1","width":350,"height":200,"srcset":"https:\/\/i0.wp.com\/www.flora-pharm.de\/blog\/wp-content\/uploads\/2021\/02\/geringere-krebssterblichkeit-13vH-Vitamin-D.jpg?resize=350%2C200&ssl=1 1x, https:\/\/i0.wp.com\/www.flora-pharm.de\/blog\/wp-content\/uploads\/2021\/02\/geringere-krebssterblichkeit-13vH-Vitamin-D.jpg?resize=525%2C300&ssl=1 1.5x, https:\/\/i0.wp.com\/www.flora-pharm.de\/blog\/wp-content\/uploads\/2021\/02\/geringere-krebssterblichkeit-13vH-Vitamin-D.jpg?resize=700%2C400&ssl=1 2x"},"classes":[]},{"id":3288,"url":"https:\/\/www.flora-pharm.de\/blog\/restless-legs-syndrom-rls-und-vitamin-d\/","url_meta":{"origin":247,"position":3},"title":"Restless Legs-Syndrom (RLS) und Vitamin D","author":"Flora Team","date":"10. Juni 2016","format":false,"excerpt":"Restless Legs (\u00fcbersetzt: unruhige Beine) ist eins der h\u00e4ufigsten Nervenleiden in Deutschland. Betroffene haben einen erh\u00f6hten Bewegungsdrang, oftmals verbunden mit qu\u00e4lendem Ziehen oder Kribbeln in den Beinen (manchmal auch in den Armen). Die Beschwerden treten in Ruhesituationen auf, also meistens abends oder nachts (was u.a. zu vermindertem Schlaf f\u00fchrt) aber\u2026","rel":"","context":"In &quot;Wissenswert&quot;","block_context":{"text":"Wissenswert","link":"https:\/\/www.flora-pharm.de\/blog\/category\/wissenswert\/"},"img":{"alt_text":"","src":"https:\/\/i0.wp.com\/www.flora-pharm.de\/blog\/wp-content\/uploads\/2013\/11\/Becherglas-VitaminD.jpg?resize=350%2C200&ssl=1","width":350,"height":200,"srcset":"https:\/\/i0.wp.com\/www.flora-pharm.de\/blog\/wp-content\/uploads\/2013\/11\/Becherglas-VitaminD.jpg?resize=350%2C200&ssl=1 1x, https:\/\/i0.wp.com\/www.flora-pharm.de\/blog\/wp-content\/uploads\/2013\/11\/Becherglas-VitaminD.jpg?resize=525%2C300&ssl=1 1.5x"},"classes":[]},{"id":3420,"url":"https:\/\/www.flora-pharm.de\/blog\/immunsystem-es-beginnt-in-mutters-schwangerschaft\/","url_meta":{"origin":247,"position":4},"title":"Immunsystem, es beginnt in Mutters Schwangerschaft","author":"Flora Team","date":"16. September 2016","format":false,"excerpt":"Nach \u00fcberraschend vielen R\u00fcckmeldungen zu unserem Artikel \u201eNat\u00fcrliche Babypflege\u201c m\u00f6chten wir zum Thema Baby noch einen Beitrag nachlegen und beleuchten hier nun das Neonatale Immunsystem. Unser Immunsystem hat einen ganz einfachen Sinn, es soll ungef\u00e4hrliche Stoffe in den K\u00f6rper lassen, (potentiell) gef\u00e4hrliche (z.B. Viren, Bakterien, Allergene) dagegen ausfiltern und den\u2026","rel":"","context":"In &quot;Flora Apotheke&quot;","block_context":{"text":"Flora Apotheke","link":"https:\/\/www.flora-pharm.de\/blog\/category\/flora-apotheke\/"},"img":{"alt_text":"","src":"https:\/\/i0.wp.com\/www.flora-pharm.de\/blog\/wp-content\/uploads\/2016\/09\/Neonatales%20Immunsystem.jpg?resize=350%2C200&ssl=1","width":350,"height":200,"srcset":"https:\/\/i0.wp.com\/www.flora-pharm.de\/blog\/wp-content\/uploads\/2016\/09\/Neonatales%20Immunsystem.jpg?resize=350%2C200&ssl=1 1x, https:\/\/i0.wp.com\/www.flora-pharm.de\/blog\/wp-content\/uploads\/2016\/09\/Neonatales%20Immunsystem.jpg?resize=525%2C300&ssl=1 1.5x, https:\/\/i0.wp.com\/www.flora-pharm.de\/blog\/wp-content\/uploads\/2016\/09\/Neonatales%20Immunsystem.jpg?resize=700%2C400&ssl=1 2x"},"classes":[]},{"id":6590,"url":"https:\/\/www.flora-pharm.de\/blog\/mikronaehrstoffe-unterversorgung-bei-frauen\/","url_meta":{"origin":247,"position":5},"title":"Mikron\u00e4hrstoffe \u2013 Unterversorgung bei Frauen","author":"Flora Team","date":"6. Dezember 2019","format":false,"excerpt":"Mehr davon! Frauen sind mit einigen N\u00e4hrstoffen unterversorgt \u2013 besonders diese 5 sind kritisch.Wir leben im \u00dcberfluss. Hierzulande herrscht alles andere als Lebensmittelknappheit. Also gibt es eigentlich keinen Grund f\u00fcr einen N\u00e4hrstoffmangel. W\u00fcrden wir richtig ausw\u00e4hlen, w\u00e4ren wir mit allen notwendigen Vitaminen, Mineralstoffen und Spurenelementen bestens versorgt. Doch gerade das\u2026","rel":"","context":"In &quot;Orthomolekulare Medizin&quot;","block_context":{"text":"Orthomolekulare Medizin","link":"https:\/\/www.flora-pharm.de\/blog\/category\/orthomolekulare-medizin\/"},"img":{"alt_text":"Mikron\u00e4hrstoff Mangel Frau","src":"https:\/\/i0.wp.com\/www.flora-pharm.de\/blog\/wp-content\/uploads\/2019\/11\/mikronaehrstoffe-frau-mangel.jpg?resize=350%2C200&ssl=1","width":350,"height":200,"srcset":"https:\/\/i0.wp.com\/www.flora-pharm.de\/blog\/wp-content\/uploads\/2019\/11\/mikronaehrstoffe-frau-mangel.jpg?resize=350%2C200&ssl=1 1x, https:\/\/i0.wp.com\/www.flora-pharm.de\/blog\/wp-content\/uploads\/2019\/11\/mikronaehrstoffe-frau-mangel.jpg?resize=525%2C300&ssl=1 1.5x, https:\/\/i0.wp.com\/www.flora-pharm.de\/blog\/wp-content\/uploads\/2019\/11\/mikronaehrstoffe-frau-mangel.jpg?resize=700%2C400&ssl=1 2x"},"classes":[]}],"jetpack_sharing_enabled":true,"_links":{"self":[{"href":"https:\/\/www.flora-pharm.de\/blog\/wp-json\/wp\/v2\/posts\/247","targetHints":{"allow":["GET"]}}],"collection":[{"href":"https:\/\/www.flora-pharm.de\/blog\/wp-json\/wp\/v2\/posts"}],"about":[{"href":"https:\/\/www.flora-pharm.de\/blog\/wp-json\/wp\/v2\/types\/post"}],"author":[{"embeddable":true,"href":"https:\/\/www.flora-pharm.de\/blog\/wp-json\/wp\/v2\/users\/1"}],"replies":[{"embeddable":true,"href":"https:\/\/www.flora-pharm.de\/blog\/wp-json\/wp\/v2\/comments?post=247"}],"version-history":[{"count":1,"href":"https:\/\/www.flora-pharm.de\/blog\/wp-json\/wp\/v2\/posts\/247\/revisions"}],"predecessor-version":[{"id":248,"href":"https:\/\/www.flora-pharm.de\/blog\/wp-json\/wp\/v2\/posts\/247\/revisions\/248"}],"wp:featuredmedia":[{"embeddable":true,"href":"https:\/\/www.flora-pharm.de\/blog\/wp-json\/wp\/v2\/media\/100"}],"wp:attachment":[{"href":"https:\/\/www.flora-pharm.de\/blog\/wp-json\/wp\/v2\/media?parent=247"}],"wp:term":[{"taxonomy":"category","embeddable":true,"href":"https:\/\/www.flora-pharm.de\/blog\/wp-json\/wp\/v2\/categories?post=247"},{"taxonomy":"post_tag","embeddable":true,"href":"https:\/\/www.flora-pharm.de\/blog\/wp-json\/wp\/v2\/tags?post=247"}],"curies":[{"name":"wp","href":"https:\/\/api.w.org\/{rel}","templated":true}]}}