{"id":2497,"date":"2014-11-26T09:30:31","date_gmt":"2014-11-26T08:30:31","guid":{"rendered":"http:\/\/www.flora-pharm.de\/blog\/?p=2497"},"modified":"2014-11-26T08:46:39","modified_gmt":"2014-11-26T07:46:39","slug":"pistazien-koennen-eine-gesunde-knabberei-sein","status":"publish","type":"post","link":"https:\/\/www.flora-pharm.de\/blog\/pistazien-koennen-eine-gesunde-knabberei-sein\/","title":{"rendered":"Pistazien k\u00f6nnen eine gesunde Knabberei sein"},"content":{"rendered":"<p>Soviel vorweg: Die Pistazie die Steinfrucht der Pistazien-Arten, wird vom Pistazienbaum geerntet und ist botanisch gesehen keine Nuss. Allerdings gibt es Parallelen zu den N\u00fcssen bez\u00fcglich der Inhaltsstoffe.<\/p>\n<p>Bereits bekannt ist, dass der hohe Gehalt an Pflanzenfetten (ca. 50%, gr\u00f6\u00dftenteils unges\u00e4ttigte) sowie die entz\u00fcndungshemmenden und antioxidativen Eigenschaften der bioaktiven Verbindungen (20% Eiwei\u00dfanteil, B-Vitamine, Vitamin E, Pro-Vitamin A, Kalium, Eisen, Ballaststoffe) m\u00f6glicherweise die <strong>Blutfettwerte verbessern<\/strong> k\u00f6nnen sowie allgemein zur <strong>Vermeidung von kardiovaskul\u00e4ren Erkrankungen<\/strong> also Krankheiten des Herz-Kreislauf-Systems beitragen k\u00f6nnen.<\/p>\n<p>Gem\u00e4\u00df Apotheken-Depesche 8-9\/2014 best\u00e4tigt eine aktuelle Studie folgenden Sachverhalt: \u201eDer regelm\u00e4\u00dfige Verzehr von Pistazien kann eine Insulinresistenz verringern, was auf eine m\u00f6gliche Schutzfunktion des Pistazienkonsums <strong>gegen die Entwicklung von Typ-2-Diabetes<\/strong> hinweisen k\u00f6nnte.\u201c<\/p>\n<p>Allerdings ist ein <strong>Zuviel davon auch nicht gut<\/strong>, denn in 100g Pistazien stecken knapp 600 <strong>Kalorien<\/strong>. Im Rahmen der Studie betrug die t\u00e4gliche Portion der Pistazien-Di\u00e4t daher \u00fcbrigens 57g.<\/p>\n<p><strong>Regelm\u00e4\u00dfiger aber ma\u00dfvoller Verzehr<\/strong> ist eine gute und gesunde Erg\u00e4nzung im Speiseplan, erg\u00e4nzen Sie z.B. die N\u00fcsse im M\u00fcsli durch Pistazien. Beim Einkauf gilt die Regel: je gr\u00fcner, desto besser, denn ein sattes Gr\u00fcn ist eine Qualit\u00e4tsindikator. Allerdings gibt es auch schwarze Schafe unter den Herstellern, die bei entkernten Pistazien mit gr\u00fcner Farbe nachhelfen. Also Finger weg, wenn sie im Dunkeln leuchten und lieber in der Schale kaufen. Die hat den zus\u00e4tzlichen Vorteil, dass kein ungez\u00fcgelter Verzehr einsetzt, da ein &#8211; wenn auch schnell m\u00f6gliches &#8211; Freilegen notwendig ist.<\/p>\n<p>Ein sattes Gr\u00fcn erwartet Sie \u00fcbrigens auch in der Flora-Apotheke, das ist schlie\u00dflich unsere Logofarbe.<\/p>\n","protected":false},"excerpt":{"rendered":"<p>Soviel vorweg: Die Pistazie die Steinfrucht der Pistazien-Arten, wird vom Pistazienbaum geerntet und ist botanisch gesehen keine Nuss. Allerdings gibt es Parallelen zu den N\u00fcssen bez\u00fcglich der Inhaltsstoffe. Bereits bekannt ist, dass der hohe Gehalt an Pflanzenfetten (ca. 50%, gr\u00f6\u00dftenteils unges\u00e4ttigte) sowie die entz\u00fcndungshemmenden und antioxidativen Eigenschaften der bioaktiven Verbindungen (20% Eiwei\u00dfanteil, B-Vitamine, Vitamin E, [&hellip;]<\/p>\n","protected":false},"author":1,"featured_media":2498,"comment_status":"open","ping_status":"open","sticky":false,"template":"","format":"standard","meta":{"jetpack_post_was_ever_published":false,"_jetpack_newsletter_access":"","_jetpack_dont_email_post_to_subs":false,"_jetpack_newsletter_tier_id":0,"_jetpack_memberships_contains_paywalled_content":false,"_jetpack_memberships_contains_paid_content":false,"footnotes":""},"categories":[8],"tags":[114,239,307],"class_list":["post-2497","post","type-post","status-publish","format-standard","has-post-thumbnail","hentry","category-wissenswert","tag-diabetes","tag-ernaehrung","tag-pistatien","has-post-title","has-post-date","has-post-category","has-post-tag","has-post-comment","has-post-author",""],"jetpack_featured_media_url":"https:\/\/www.flora-pharm.de\/blog\/wp-content\/uploads\/2014\/11\/pistazien-jb.jpg","jetpack-related-posts":[{"id":3148,"url":"https:\/\/www.flora-pharm.de\/blog\/backideen-fuer-ostern\/","url_meta":{"origin":2497,"position":0},"title":"Backideen f\u00fcr Ostern","author":"Flora Team","date":"24. M\u00e4rz 2016","format":false,"excerpt":"Verw\u00f6hnen Sie Ihre Familie und G\u00e4ste... Orangentorte Zutaten: 5 Eier 120 g Honig 1 Messerspitze gemahlene Nelken 1 Messerspitze gemahlener Zimt 2 EL Orangenlik\u00f6r 250 g M\u00f6hren 250 g Mandeln, gemahlen 100 g Dinkel, gemahlen Saft einer Orange Saft einer Zitrone 1 Glas Orangenfruchtaufstrich 500 g Sahne zum Dekorieren 3\u20134\u2026","rel":"","context":"In &quot;Kalenderlexikon&quot;","block_context":{"text":"Kalenderlexikon","link":"https:\/\/www.flora-pharm.de\/blog\/category\/kalenderlexikon\/"},"img":{"alt_text":"Mit freundlicher Genehmigung der S & D Verlag GmbH. Das komplette Naturheilkunde und Gesundheit Heft bekommen Sie auch bei uns in der Apotheke.","src":"https:\/\/i0.wp.com\/www.flora-pharm.de\/blog\/wp-content\/uploads\/2016\/03\/naturheilkunde-und-gesundheit-cover-03-2016-225x300.jpg?resize=350%2C200&ssl=1","width":350,"height":200},"classes":[]},{"id":311,"url":"https:\/\/www.flora-pharm.de\/blog\/radicchio-gesunder-frischer-ernaehrungstipp\/","url_meta":{"origin":2497,"position":1},"title":"Radicchio &#8211; gesunder, frischer Ern\u00e4hrungstipp","author":"Flora Team","date":"22. Mai 2014","format":false,"excerpt":"Radicchio (Aussprache:[ra\u02c8d\u026aki\u032fo]) ist mehr als nur ein simples, rotes Blattgem\u00fcse. In Italien steht es schon lange auf dem Speiseplan (darum werden die Sortengruppen auch mit italienischen, zur Anbau-Region geh\u00f6renden Namen differenziert). Bei uns fand besonders der Radicchio Rosso di Chioggia (vgl. Foto) in den 80er Jahren Einzug in unsere Esskultur.\u2026","rel":"","context":"In &quot;Flora Apotheke&quot;","block_context":{"text":"Flora Apotheke","link":"https:\/\/www.flora-pharm.de\/blog\/category\/flora-apotheke\/"},"img":{"alt_text":"","src":"https:\/\/i0.wp.com\/www.flora-pharm.de\/blog\/wp-content\/uploads\/2014\/05\/radicchio-flora.jpg?resize=350%2C200&ssl=1","width":350,"height":200,"srcset":"https:\/\/i0.wp.com\/www.flora-pharm.de\/blog\/wp-content\/uploads\/2014\/05\/radicchio-flora.jpg?resize=350%2C200&ssl=1 1x, https:\/\/i0.wp.com\/www.flora-pharm.de\/blog\/wp-content\/uploads\/2014\/05\/radicchio-flora.jpg?resize=525%2C300&ssl=1 1.5x"},"classes":[]},{"id":7797,"url":"https:\/\/www.flora-pharm.de\/blog\/schlapp-durch-schwitzen\/","url_meta":{"origin":2497,"position":2},"title":"Schlapp durch Schwitzen","author":"Flora Team","date":"12. Juli 2021","format":false,"excerpt":"Die Sommerhitze bringt uns ordentlich ins Schwitzen, eine normale Reaktion. Doch was tun, wenn es zu viel wird?","rel":"","context":"In &quot;Wissenswert&quot;","block_context":{"text":"Wissenswert","link":"https:\/\/www.flora-pharm.de\/blog\/category\/wissenswert\/"},"img":{"alt_text":"Schlapp durch Schwitzen","src":"https:\/\/i0.wp.com\/www.flora-pharm.de\/blog\/wp-content\/uploads\/2021\/06\/schlapp-durch-schwitzen.jpg?resize=350%2C200&ssl=1","width":350,"height":200,"srcset":"https:\/\/i0.wp.com\/www.flora-pharm.de\/blog\/wp-content\/uploads\/2021\/06\/schlapp-durch-schwitzen.jpg?resize=350%2C200&ssl=1 1x, https:\/\/i0.wp.com\/www.flora-pharm.de\/blog\/wp-content\/uploads\/2021\/06\/schlapp-durch-schwitzen.jpg?resize=525%2C300&ssl=1 1.5x, https:\/\/i0.wp.com\/www.flora-pharm.de\/blog\/wp-content\/uploads\/2021\/06\/schlapp-durch-schwitzen.jpg?resize=700%2C400&ssl=1 2x"},"classes":[]},{"id":3308,"url":"https:\/\/www.flora-pharm.de\/blog\/esst-mehr-salat\/","url_meta":{"origin":2497,"position":3},"title":"Esst mehr Salat","author":"Flora Team","date":"30. Juni 2016","format":false,"excerpt":"Zehn Tipps f\u00fcr k\u00f6stliche Salate Alle Salatzutaten sollten Sie erst putzen und waschen, wenn sie auch gleich gemischt werden. Das schont die Vitamine und hindert sch\u00e4dliche Keime am Sprie\u00dfen. Salatzutaten m\u00fcssen trocken sein, sonst wird das Dressing w\u00e4ssrig. Deshalb Gem\u00fcse f\u00fcr Rohkost nach dem Waschen abtrocknen, Blattsalat in der Salatschleuder\u2026","rel":"","context":"In &quot;Rezept&quot;","block_context":{"text":"Rezept","link":"https:\/\/www.flora-pharm.de\/blog\/category\/rezept\/"},"img":{"alt_text":"","src":"https:\/\/i0.wp.com\/www.flora-pharm.de\/blog\/wp-content\/uploads\/2016\/06\/esst%20mehr%20salat.jpg?resize=350%2C200&ssl=1","width":350,"height":200,"srcset":"https:\/\/i0.wp.com\/www.flora-pharm.de\/blog\/wp-content\/uploads\/2016\/06\/esst%20mehr%20salat.jpg?resize=350%2C200&ssl=1 1x, https:\/\/i0.wp.com\/www.flora-pharm.de\/blog\/wp-content\/uploads\/2016\/06\/esst%20mehr%20salat.jpg?resize=525%2C300&ssl=1 1.5x, https:\/\/i0.wp.com\/www.flora-pharm.de\/blog\/wp-content\/uploads\/2016\/06\/esst%20mehr%20salat.jpg?resize=700%2C400&ssl=1 2x"},"classes":[]},{"id":8003,"url":"https:\/\/www.flora-pharm.de\/blog\/auszeit-im-home-spa\/","url_meta":{"origin":2497,"position":4},"title":"Auszeit im Home-Spa","author":"Flora Team","date":"4. Februar 2022","format":false,"excerpt":"Verwandeln Sie Ihr Zuhause f\u00fcr 24 Stunden in Ihre pers\u00f6nliche Wohlf\u00fchloase. Wir haben das perfekte Programm f\u00fcr Ihren Beauty-Tag!","rel":"","context":"In &quot;Wissenswert&quot;","block_context":{"text":"Wissenswert","link":"https:\/\/www.flora-pharm.de\/blog\/category\/wissenswert\/"},"img":{"alt_text":"Auszeit im Home-Spa","src":"https:\/\/i0.wp.com\/www.flora-pharm.de\/blog\/wp-content\/uploads\/2021\/12\/auszeit-im-home-spa.jpg?resize=350%2C200&ssl=1","width":350,"height":200,"srcset":"https:\/\/i0.wp.com\/www.flora-pharm.de\/blog\/wp-content\/uploads\/2021\/12\/auszeit-im-home-spa.jpg?resize=350%2C200&ssl=1 1x, https:\/\/i0.wp.com\/www.flora-pharm.de\/blog\/wp-content\/uploads\/2021\/12\/auszeit-im-home-spa.jpg?resize=525%2C300&ssl=1 1.5x, https:\/\/i0.wp.com\/www.flora-pharm.de\/blog\/wp-content\/uploads\/2021\/12\/auszeit-im-home-spa.jpg?resize=700%2C400&ssl=1 2x"},"classes":[]},{"id":9495,"url":"https:\/\/www.flora-pharm.de\/blog\/alles-im-gruenen-bereich\/","url_meta":{"origin":2497,"position":5},"title":"Alles im gr\u00fcnen Bereich","author":"Flora Team","date":"24. April 2025","format":false,"excerpt":"Die Farbe GR\u00dcN steht f\u00fcr Natur, Harmonie, Hoffnung und f\u00fcr Fr\u00fchling. Allerhand Gutes verbinden wir mit dieser Farbe. Wir haben mal gesammelt\u2026","rel":"","context":"In &quot;Wissenswert&quot;","block_context":{"text":"Wissenswert","link":"https:\/\/www.flora-pharm.de\/blog\/category\/wissenswert\/"},"img":{"alt_text":"Gr\u00fcn - Alles im gr\u00fcnen Bereich. Im Bild eine gr\u00fc\u00dfe Pflanze, die in eine gr\u00fcne Wiese retuschiert wurde","src":"https:\/\/i0.wp.com\/www.flora-pharm.de\/blog\/wp-content\/uploads\/2025\/03\/Alles-im-gruenen-Bereich.jpg?resize=350%2C200&ssl=1","width":350,"height":200,"srcset":"https:\/\/i0.wp.com\/www.flora-pharm.de\/blog\/wp-content\/uploads\/2025\/03\/Alles-im-gruenen-Bereich.jpg?resize=350%2C200&ssl=1 1x, https:\/\/i0.wp.com\/www.flora-pharm.de\/blog\/wp-content\/uploads\/2025\/03\/Alles-im-gruenen-Bereich.jpg?resize=525%2C300&ssl=1 1.5x, https:\/\/i0.wp.com\/www.flora-pharm.de\/blog\/wp-content\/uploads\/2025\/03\/Alles-im-gruenen-Bereich.jpg?resize=700%2C400&ssl=1 2x, https:\/\/i0.wp.com\/www.flora-pharm.de\/blog\/wp-content\/uploads\/2025\/03\/Alles-im-gruenen-Bereich.jpg?resize=1050%2C600&ssl=1 3x"},"classes":[]}],"jetpack_sharing_enabled":true,"_links":{"self":[{"href":"https:\/\/www.flora-pharm.de\/blog\/wp-json\/wp\/v2\/posts\/2497","targetHints":{"allow":["GET"]}}],"collection":[{"href":"https:\/\/www.flora-pharm.de\/blog\/wp-json\/wp\/v2\/posts"}],"about":[{"href":"https:\/\/www.flora-pharm.de\/blog\/wp-json\/wp\/v2\/types\/post"}],"author":[{"embeddable":true,"href":"https:\/\/www.flora-pharm.de\/blog\/wp-json\/wp\/v2\/users\/1"}],"replies":[{"embeddable":true,"href":"https:\/\/www.flora-pharm.de\/blog\/wp-json\/wp\/v2\/comments?post=2497"}],"version-history":[{"count":1,"href":"https:\/\/www.flora-pharm.de\/blog\/wp-json\/wp\/v2\/posts\/2497\/revisions"}],"predecessor-version":[{"id":2499,"href":"https:\/\/www.flora-pharm.de\/blog\/wp-json\/wp\/v2\/posts\/2497\/revisions\/2499"}],"wp:featuredmedia":[{"embeddable":true,"href":"https:\/\/www.flora-pharm.de\/blog\/wp-json\/wp\/v2\/media\/2498"}],"wp:attachment":[{"href":"https:\/\/www.flora-pharm.de\/blog\/wp-json\/wp\/v2\/media?parent=2497"}],"wp:term":[{"taxonomy":"category","embeddable":true,"href":"https:\/\/www.flora-pharm.de\/blog\/wp-json\/wp\/v2\/categories?post=2497"},{"taxonomy":"post_tag","embeddable":true,"href":"https:\/\/www.flora-pharm.de\/blog\/wp-json\/wp\/v2\/tags?post=2497"}],"curies":[{"name":"wp","href":"https:\/\/api.w.org\/{rel}","templated":true}]}}