{"id":2503,"date":"2014-12-01T09:30:10","date_gmt":"2014-12-01T08:30:10","guid":{"rendered":"http:\/\/www.flora-pharm.de\/blog\/?p=2503"},"modified":"2014-12-01T08:31:31","modified_gmt":"2014-12-01T07:31:31","slug":"adventszeit-der-flora-apotheke","status":"publish","type":"post","link":"https:\/\/www.flora-pharm.de\/blog\/adventszeit-der-flora-apotheke\/","title":{"rendered":"Adventszeit in der Flora Apotheke"},"content":{"rendered":"<p>Alle Jahre <a href=\"https:\/\/www.flora-pharm.de\/blog\/advent-nikolaus-weihnachtsmann-christkind-und-unser-adventskalender\/\">wieder<\/a> &#8230;<\/p>\n<p>Er steht wieder. Was es mit unserem Adventskalender auf sich hat? Kommen Sie uns doch einmal besuchen\u2026<\/p>\n<p>Wir w\u00fcnschen Ihnen und Ihren Lieben eine wundersch\u00f6ne und m\u00f6glichst gesunde Vorweihnachtszeit<\/p>\n<p>&nbsp;<\/p>\n<p>PS: <strong>Heute &#8211; am ersten Dezember &#8211; ist auch Welt AIDS Tag<\/strong> und das darf nicht unerw\u00e4hnt bleiben. Mehr zum Thema AIDS finden Sie in unserem Blog unter dem <a href=\"https:\/\/www.flora-pharm.de\/blog\/tag\/aids\/\">Stichwort AIDS<\/a>.<\/p>\n","protected":false},"excerpt":{"rendered":"<p>Alle Jahre wieder &#8230; Er steht wieder. Was es mit unserem Adventskalender auf sich hat? Kommen Sie uns doch einmal besuchen\u2026 Wir w\u00fcnschen Ihnen und Ihren Lieben eine wundersch\u00f6ne und m\u00f6glichst gesunde Vorweihnachtszeit &nbsp; PS: Heute &#8211; am ersten Dezember &#8211; ist auch Welt AIDS Tag und das darf nicht unerw\u00e4hnt bleiben. Mehr zum Thema [&hellip;]<\/p>\n","protected":false},"author":1,"featured_media":2504,"comment_status":"open","ping_status":"open","sticky":false,"template":"","format":"standard","meta":{"jetpack_post_was_ever_published":false,"_jetpack_newsletter_access":"","_jetpack_dont_email_post_to_subs":false,"_jetpack_newsletter_tier_id":0,"_jetpack_memberships_contains_paywalled_content":false,"_jetpack_memberships_contains_paid_content":false,"footnotes":""},"categories":[3,19,22],"tags":[67,68,57,71,70,69],"class_list":["post-2503","post","type-post","status-publish","format-standard","has-post-thumbnail","hentry","category-aktion","category-flora-apotheke","category-kalenderlexikon","tag-advent","tag-adventskalender","tag-aids","tag-christkind","tag-nikolaus","tag-weihnachten","has-post-title","has-post-date","has-post-category","has-post-tag","has-post-comment","has-post-author",""],"jetpack_featured_media_url":"https:\/\/www.flora-pharm.de\/blog\/wp-content\/uploads\/2014\/12\/adventskalender.jpg","jetpack-related-posts":[{"id":134,"url":"https:\/\/www.flora-pharm.de\/blog\/1-dezember-2013-welt-aids-tag\/","url_meta":{"origin":2503,"position":0},"title":"Sonntag (1. Dezember 2013) ist Welt-AIDS-Tag","author":"Flora Team","date":"29. November 2013","format":false,"excerpt":"Der Welt-Aids-Tag findet seit 1988 jedes Jahr am 1. Dezember statt, weltweit. Am Welt-Aids-Tag wird zu Solidarit\u00e4t mit Menschen mit HIV aufgerufen und der Menschen gedacht, die an den Folgen von AIDS gestorben sind. In Deutschland leben etwa 78.000 Menschen mit HIV und AIDS, weltweit mehr als 35 Millionen. Auch\u2026","rel":"","context":"In &quot;Aktion&quot;","block_context":{"text":"Aktion","link":"https:\/\/www.flora-pharm.de\/blog\/category\/aktion\/"},"img":{"alt_text":"","src":"https:\/\/i0.wp.com\/www.flora-pharm.de\/blog\/wp-content\/uploads\/2013\/11\/flora-redribbon-v2b.jpg?resize=350%2C200&ssl=1","width":350,"height":200,"srcset":"https:\/\/i0.wp.com\/www.flora-pharm.de\/blog\/wp-content\/uploads\/2013\/11\/flora-redribbon-v2b.jpg?resize=350%2C200&ssl=1 1x, https:\/\/i0.wp.com\/www.flora-pharm.de\/blog\/wp-content\/uploads\/2013\/11\/flora-redribbon-v2b.jpg?resize=525%2C300&ssl=1 1.5x, https:\/\/i0.wp.com\/www.flora-pharm.de\/blog\/wp-content\/uploads\/2013\/11\/flora-redribbon-v2b.jpg?resize=700%2C400&ssl=1 2x"},"classes":[]},{"id":3645,"url":"https:\/\/www.flora-pharm.de\/blog\/quality-time-advent-weihnachten-wohlfuehlen-geschenke\/","url_meta":{"origin":2503,"position":1},"title":"Qualitytime: Advent &#8211; Weihnachten &#8211; Wohlf\u00fchlen","author":"Flora Team","date":"28. November 2016","format":false,"excerpt":"Wundersch\u00f6ne Adventszeit. Wir haben einen \u00dcbersichtsartikel zum Thema Weihnachten und Vorweihnachtszeit erstellt. Viel Spa\u00df beim St\u00f6bern...","rel":"","context":"In &quot;Flora Apotheke&quot;","block_context":{"text":"Flora Apotheke","link":"https:\/\/www.flora-pharm.de\/blog\/category\/flora-apotheke\/"},"img":{"alt_text":"Advent, Advent - friedliche und besinnliche Tage","src":"https:\/\/i0.wp.com\/www.flora-pharm.de\/blog\/wp-content\/uploads\/2022\/11\/adventszeit-2022.jpg?resize=350%2C200&ssl=1","width":350,"height":200,"srcset":"https:\/\/i0.wp.com\/www.flora-pharm.de\/blog\/wp-content\/uploads\/2022\/11\/adventszeit-2022.jpg?resize=350%2C200&ssl=1 1x, https:\/\/i0.wp.com\/www.flora-pharm.de\/blog\/wp-content\/uploads\/2022\/11\/adventszeit-2022.jpg?resize=525%2C300&ssl=1 1.5x, https:\/\/i0.wp.com\/www.flora-pharm.de\/blog\/wp-content\/uploads\/2022\/11\/adventszeit-2022.jpg?resize=700%2C400&ssl=1 2x, https:\/\/i0.wp.com\/www.flora-pharm.de\/blog\/wp-content\/uploads\/2022\/11\/adventszeit-2022.jpg?resize=1050%2C600&ssl=1 3x"},"classes":[]},{"id":2998,"url":"https:\/\/www.flora-pharm.de\/blog\/flora-adventskalender\/","url_meta":{"origin":2503,"position":2},"title":"Flora Adventskalender","author":"Flora Team","date":"27. November 2015","format":false,"excerpt":"Seit zwei Monaten gibt es Zimtsterne und Dominosteine in den M\u00e4rkten, der erste Schnee ist bereits gefallen und die Weihnachtsm\u00e4rkte \u00f6ffnen ihre Tore. Es l\u00e4sst sich nicht leugnen, wir haben den Dezember und damit auch die Vorweihnachtszeit erreicht. Der letzte Beweis: Sonntag ist der erste Advent! Alle Jahre wieder und\u2026","rel":"","context":"In &quot;Aktion&quot;","block_context":{"text":"Aktion","link":"https:\/\/www.flora-pharm.de\/blog\/category\/aktion\/"},"img":{"alt_text":"","src":"https:\/\/i0.wp.com\/www.flora-pharm.de\/blog\/wp-content\/uploads\/2015\/11\/adventskalender.jpg?resize=350%2C200&ssl=1","width":350,"height":200,"srcset":"https:\/\/i0.wp.com\/www.flora-pharm.de\/blog\/wp-content\/uploads\/2015\/11\/adventskalender.jpg?resize=350%2C200&ssl=1 1x, https:\/\/i0.wp.com\/www.flora-pharm.de\/blog\/wp-content\/uploads\/2015\/11\/adventskalender.jpg?resize=525%2C300&ssl=1 1.5x, https:\/\/i0.wp.com\/www.flora-pharm.de\/blog\/wp-content\/uploads\/2015\/11\/adventskalender.jpg?resize=700%2C400&ssl=1 2x"},"classes":[]},{"id":139,"url":"https:\/\/www.flora-pharm.de\/blog\/advent-nikolaus-weihnachtsmann-christkind-und-unser-adventskalender\/","url_meta":{"origin":2503,"position":3},"title":"Advent \u2013 Nikolaus \u2013 Weihnachtsmann \u2013 Christkind und&#8230; unser Adventskalender","author":"Flora Team","date":"2. Dezember 2013","format":false,"excerpt":"So viele Feste, so viele Figuren und Br\u00e4uche. Das alles genau auseinanderzuhalten ist komplex und regional unterschiedlich. Wir m\u00f6chten die Hintergr\u00fcnde ein wenig n\u00e4her bringen und f\u00fchren unseren Feiertagskalender hier weiter. Wenn es Ihnen gef\u00e4llt, freuen wir uns \u00fcber Ihren Kommentar! Advent (Adventus Domini = Ankunft des Herrn) Es ist\u2026","rel":"","context":"In &quot;Flora Apotheke&quot;","block_context":{"text":"Flora Apotheke","link":"https:\/\/www.flora-pharm.de\/blog\/category\/flora-apotheke\/"},"img":{"alt_text":"","src":"https:\/\/i0.wp.com\/www.flora-pharm.de\/blog\/wp-content\/uploads\/2013\/12\/Foto_Advkal_800x800.jpg?resize=350%2C200&ssl=1","width":350,"height":200,"srcset":"https:\/\/i0.wp.com\/www.flora-pharm.de\/blog\/wp-content\/uploads\/2013\/12\/Foto_Advkal_800x800.jpg?resize=350%2C200&ssl=1 1x, https:\/\/i0.wp.com\/www.flora-pharm.de\/blog\/wp-content\/uploads\/2013\/12\/Foto_Advkal_800x800.jpg?resize=525%2C300&ssl=1 1.5x, https:\/\/i0.wp.com\/www.flora-pharm.de\/blog\/wp-content\/uploads\/2013\/12\/Foto_Advkal_800x800.jpg?resize=700%2C400&ssl=1 2x"},"classes":[]},{"id":9350,"url":"https:\/\/www.flora-pharm.de\/blog\/adventskalender-mal-anders\/","url_meta":{"origin":2503,"position":4},"title":"Adventskalender mal anders","author":"Flora Team","date":"12. November 2024","format":false,"excerpt":"Adventskalender verk\u00fcrzen und vers\u00fc\u00dfen Kindern und uns mit 24 kleinen \u00dcberraschungen die Wartezeit zum Fest. Wir haben Tipps f\u00fcr eine DIY-Variante gesammelt:","rel":"","context":"In &quot;Wissenswert&quot;","block_context":{"text":"Wissenswert","link":"https:\/\/www.flora-pharm.de\/blog\/category\/wissenswert\/"},"img":{"alt_text":"Adventskalender selbst bauen und f\u00fcllen mit den Flora-Tipps","src":"https:\/\/i0.wp.com\/www.flora-pharm.de\/blog\/wp-content\/uploads\/2024\/10\/DIY-adventskalender.jpg?resize=350%2C200&ssl=1","width":350,"height":200,"srcset":"https:\/\/i0.wp.com\/www.flora-pharm.de\/blog\/wp-content\/uploads\/2024\/10\/DIY-adventskalender.jpg?resize=350%2C200&ssl=1 1x, https:\/\/i0.wp.com\/www.flora-pharm.de\/blog\/wp-content\/uploads\/2024\/10\/DIY-adventskalender.jpg?resize=525%2C300&ssl=1 1.5x, https:\/\/i0.wp.com\/www.flora-pharm.de\/blog\/wp-content\/uploads\/2024\/10\/DIY-adventskalender.jpg?resize=700%2C400&ssl=1 2x, https:\/\/i0.wp.com\/www.flora-pharm.de\/blog\/wp-content\/uploads\/2024\/10\/DIY-adventskalender.jpg?resize=1050%2C600&ssl=1 3x"},"classes":[]},{"id":129,"url":"https:\/\/www.flora-pharm.de\/blog\/aids-sammeldose\/","url_meta":{"origin":2503,"position":5},"title":"AIDS? Sammeldose?","author":"Flora Team","date":"25. November 2013","format":false,"excerpt":"Animiert durch unseren Beitrag zur Wanderausstellung \u201eGRO\u00dfE FREIHEIT \u2013 liebe.lust.leben.\u201c fragte die Lazaruslegion Hannover bei uns an, ob wir nicht eine Spendendose zur Unterst\u00fctzung Ihrer T\u00e4tigkeit aufstellen k\u00f6nnten. Die Lazaruslegion e.V. - Christliche AIDS-Beratungsstelle (LL) wurde 1987 als gemeinn\u00fctziger Verein gegr\u00fcndet. Eins ihrer Hauptanliegen ist es, mittels Aufkl\u00e4rung und Pr\u00e4ventionsarbeit,\u2026","rel":"","context":"In &quot;Aktion&quot;","block_context":{"text":"Aktion","link":"https:\/\/www.flora-pharm.de\/blog\/category\/aktion\/"},"img":{"alt_text":"","src":"https:\/\/i0.wp.com\/www.flora-pharm.de\/blog\/wp-content\/uploads\/2013\/11\/sammeldose-lazaruslegion-aids-hannover.jpg?resize=350%2C200&ssl=1","width":350,"height":200,"srcset":"https:\/\/i0.wp.com\/www.flora-pharm.de\/blog\/wp-content\/uploads\/2013\/11\/sammeldose-lazaruslegion-aids-hannover.jpg?resize=350%2C200&ssl=1 1x, https:\/\/i0.wp.com\/www.flora-pharm.de\/blog\/wp-content\/uploads\/2013\/11\/sammeldose-lazaruslegion-aids-hannover.jpg?resize=525%2C300&ssl=1 1.5x, https:\/\/i0.wp.com\/www.flora-pharm.de\/blog\/wp-content\/uploads\/2013\/11\/sammeldose-lazaruslegion-aids-hannover.jpg?resize=700%2C400&ssl=1 2x"},"classes":[]}],"jetpack_sharing_enabled":true,"_links":{"self":[{"href":"https:\/\/www.flora-pharm.de\/blog\/wp-json\/wp\/v2\/posts\/2503","targetHints":{"allow":["GET"]}}],"collection":[{"href":"https:\/\/www.flora-pharm.de\/blog\/wp-json\/wp\/v2\/posts"}],"about":[{"href":"https:\/\/www.flora-pharm.de\/blog\/wp-json\/wp\/v2\/types\/post"}],"author":[{"embeddable":true,"href":"https:\/\/www.flora-pharm.de\/blog\/wp-json\/wp\/v2\/users\/1"}],"replies":[{"embeddable":true,"href":"https:\/\/www.flora-pharm.de\/blog\/wp-json\/wp\/v2\/comments?post=2503"}],"version-history":[{"count":3,"href":"https:\/\/www.flora-pharm.de\/blog\/wp-json\/wp\/v2\/posts\/2503\/revisions"}],"predecessor-version":[{"id":2507,"href":"https:\/\/www.flora-pharm.de\/blog\/wp-json\/wp\/v2\/posts\/2503\/revisions\/2507"}],"wp:featuredmedia":[{"embeddable":true,"href":"https:\/\/www.flora-pharm.de\/blog\/wp-json\/wp\/v2\/media\/2504"}],"wp:attachment":[{"href":"https:\/\/www.flora-pharm.de\/blog\/wp-json\/wp\/v2\/media?parent=2503"}],"wp:term":[{"taxonomy":"category","embeddable":true,"href":"https:\/\/www.flora-pharm.de\/blog\/wp-json\/wp\/v2\/categories?post=2503"},{"taxonomy":"post_tag","embeddable":true,"href":"https:\/\/www.flora-pharm.de\/blog\/wp-json\/wp\/v2\/tags?post=2503"}],"curies":[{"name":"wp","href":"https:\/\/api.w.org\/{rel}","templated":true}]}}