{"id":2572,"date":"2015-02-03T09:14:56","date_gmt":"2015-02-03T08:14:56","guid":{"rendered":"http:\/\/www.flora-pharm.de\/blog\/?p=2572"},"modified":"2015-02-03T09:14:56","modified_gmt":"2015-02-03T08:14:56","slug":"zusammenhang-zwischen-fehlgeburt-und-vitamin-e-spiegel","status":"publish","type":"post","link":"https:\/\/www.flora-pharm.de\/blog\/zusammenhang-zwischen-fehlgeburt-und-vitamin-e-spiegel\/","title":{"rendered":"Zusammenhang zwischen Fehlgeburt und Vitamin E-Spiegel"},"content":{"rendered":"<p>Gem\u00e4\u00df einem Bericht von Forschern der John Hopkins Bloomberg School of Public Health im \u201eAmerican Journal of Clinical Nutrition\u201c entscheidet \u00fcber die Risiken einer fr\u00fchen Fehlgeburt auch der Vitamin E-Spiegel im Blut der Mutter. Es ist wohl die erste Untersuchung, die diesen Zusammenhang aufzeigt. Bislang wurden fr\u00fche Fehlgeburten h\u00e4ufig als Unregelm\u00e4\u00dfigkeiten des Menstruationszyklus fehlinterpretiert.<\/p>\n<p>Bei einer Untersuchung von mehr als 1.600 Schwangeren wiesen fast 9% die klinischen Symptome einer Fehlgeburt auf. Das Risiko f\u00fcr jene mit mangelhafter Vitamin E-Versorgung war doppelt so gro\u00df.<\/p>\n<p>Vitamin E \u00fcberschreibt eine Gruppierung von sechzehn fettl\u00f6slichen Substanzen, die fast alle als Radikalf\u00e4nger agieren. Der negative Einfluss der Radikale wird mit steigenden Anspr\u00fcchen an den Stoffwechsel (z.B. bei Krankheiten aber auch in der Schwangerschaft) immer st\u00e4rker. Durch die Reduktion der freien Radikale wird generell der Schutz vor chronischen Erkrankungen wie Herzinfarkt oder Krebsleiden erh\u00f6ht. Die wichtigsten physiologischen Vertreter mit dem h\u00f6chsten Schutzpotential sind dabei die sogenannten Tocotrienole, die in alpha, beta und gamma unterteilt werden, je nach Struktur.<\/p>\n<p>Mehr \u00fcber Vitamin E finden Sie in unserem <a href=\"https:\/\/www.flora-pharm.de\/vitalstoffe\/vitamin-abc.htm#vitamin-e\">Vitamin ABC<\/a>.<\/p>\n<p>Um aber einen optimalen Schutz f\u00fcr den Embryo von dieser Seite zu bieten, muss der Vitamin E-Spiegel bereits zu Beginn der Schwangerschaft, eigentlich sogar schon davor auf einem guten Niveau sein. Das ist besonders wichtig f\u00fcr Frauen mit akutem Kinderwunsch. Ebenso ist auf ausreichenden Zink- sowie Fols\u00e4urespiegel zu achten. Aber auch wenn die Schwangerschaft schon begonnen hat, ist es noch nicht zu sp\u00e4t. Wir fertigen daher erprobte Vitalstoffmischungen f\u00fcr Kinderwunsch oder Infertilit\u00e4t, die eine umfassende und individuelle Auff\u00fcllung von Mangelzust\u00e4nden gew\u00e4hrleisten.<\/p>\n<p>Fragen Sie vor einem \u00fcbereilten Einkauf Ihren Apotheker oder Therapeuten, denn die verschiedenen erh\u00e4ltlichen Pr\u00e4parate sind nicht alle in jeder Phase ideal. W\u00e4hrend die einen den Kinderwunsch unterst\u00fctzen durch Bildung eines idealen Vitaminmilieus, sind andere eher zur gezielten Behebung von Mangelzust\u00e4nden gedacht.<\/p>\n<p>Auch in unserem Blog haben wir zudem den <a href=\"https:\/\/www.flora-pharm.de\/blog\/eine-neue-studie-belegt-den-zusammenhang-zwischen-vitamin-d-status-der-mutter-und-der-muskelkraft-des-babys\/\" title=\"Eine neue Studie belegt den Zusammenhang zwischen Vitamin D Status der Mutter und der Muskelkraft des Babys\">Zusammenhang zwischen Vitamin D-Status der Mutter und der Muskelkraft des Babys<\/a> angesprochen. Es gibt also noch mehr zu beachten, als nur ein einzelnes Vitamin.<\/p>\n<p>Sprechen Sie uns f\u00fcr die Zusammenstellung einer individuellen Vitamin- und Mineralstoffkombination an. Auch schon, wenn sie nur einen latenten Kinderwunsch hegen oder einfach nur stress- oder sportbedingten Mehrbedarf abdecken wollen.<\/p>\n<p>&nbsp;<\/p>\n<pre style=\"text-align: right;\"><em>Quelle: <a href=\"http:\/\/www.antiagingnews.net\/nc\/news-tipps-und-trends\/einzelansicht\/date\/2015\/01\/vitamin-e-baby-wunsch-warnung-vor-mangel.html\" rel=\"nofollow\">Antiagingnews.net<\/a><\/em><\/pre>\n","protected":false},"excerpt":{"rendered":"<p>Gem\u00e4\u00df einem Bericht von Forschern der John Hopkins Bloomberg School of Public Health im \u201eAmerican Journal of Clinical Nutrition\u201c entscheidet \u00fcber die Risiken einer fr\u00fchen Fehlgeburt auch der Vitamin E-Spiegel im Blut der Mutter. Es ist wohl die erste Untersuchung, die diesen Zusammenhang aufzeigt. Bislang wurden fr\u00fche Fehlgeburten h\u00e4ufig als Unregelm\u00e4\u00dfigkeiten des Menstruationszyklus fehlinterpretiert. Bei [&hellip;]<\/p>\n","protected":false},"author":1,"featured_media":100,"comment_status":"open","ping_status":"open","sticky":false,"template":"","format":"standard","meta":{"jetpack_post_was_ever_published":false,"_jetpack_newsletter_access":"","_jetpack_dont_email_post_to_subs":false,"_jetpack_newsletter_tier_id":0,"_jetpack_memberships_contains_paywalled_content":false,"_jetpack_memberships_contains_paid_content":false,"footnotes":""},"categories":[49],"tags":[18,42,54,332,34],"class_list":["post-2572","post","type-post","status-publish","format-standard","has-post-thumbnail","hentry","category-orthomolekulare-medizin","tag-kinder","tag-schwangerschaft","tag-vitalstoffe","tag-vitamin-e","tag-vitamine","has-post-title","has-post-date","has-post-category","has-post-tag","has-post-comment","has-post-author",""],"jetpack_featured_media_url":"https:\/\/www.flora-pharm.de\/blog\/wp-content\/uploads\/2013\/11\/schwanger-bauch.jpg","jetpack-related-posts":[{"id":7057,"url":"https:\/\/www.flora-pharm.de\/blog\/schwangerschaft-gesunder-start\/","url_meta":{"origin":2572,"position":0},"title":"Schwangerschaft &#8211; Gesunder Start","author":"Flora Team","date":"13. Juli 2020","format":false,"excerpt":"Schwanger sein bedeutet Verantwortung f\u00fcr ein zweites Leben. Saskia Fechte erkl\u00e4rt, worauf es jetzt ankommt? Finden Sie auch hier im Blog weitere Artikel zum Thema Schwangerschaft. Was Sie essen und trinken. Ob Sie entspannt oder gestresst sind. All das bekommt Ihr Baby mit. Grund genug, sich Gedanken \u00fcber einige Gewohnheiten\u2026","rel":"","context":"In &quot;Wissenswert&quot;","block_context":{"text":"Wissenswert","link":"https:\/\/www.flora-pharm.de\/blog\/category\/wissenswert\/"},"img":{"alt_text":"Schwangerschaft - Gesunder Start","src":"https:\/\/i0.wp.com\/www.flora-pharm.de\/blog\/wp-content\/uploads\/2020\/06\/schwangerschaft-gesunder-start.jpg?resize=350%2C200&ssl=1","width":350,"height":200,"srcset":"https:\/\/i0.wp.com\/www.flora-pharm.de\/blog\/wp-content\/uploads\/2020\/06\/schwangerschaft-gesunder-start.jpg?resize=350%2C200&ssl=1 1x, https:\/\/i0.wp.com\/www.flora-pharm.de\/blog\/wp-content\/uploads\/2020\/06\/schwangerschaft-gesunder-start.jpg?resize=525%2C300&ssl=1 1.5x, https:\/\/i0.wp.com\/www.flora-pharm.de\/blog\/wp-content\/uploads\/2020\/06\/schwangerschaft-gesunder-start.jpg?resize=700%2C400&ssl=1 2x"},"classes":[]},{"id":219,"url":"https:\/\/www.flora-pharm.de\/blog\/hashimoto-thyreoiditis-angriff-auf-die-schilddruese\/","url_meta":{"origin":2572,"position":1},"title":"Hashimoto-Thyreoiditis \u2013 Angriff auf die Schilddr\u00fcse","author":"Flora Team","date":"12. Februar 2014","format":false,"excerpt":"Neue Sichtweisen und neue Fragen deuten auch am Beispiel dieser fast schon als Volkskrankheit zu bezeichnenden Krankheit auf die Notwendigkeit interdisziplin\u00e4rer, komplexer L\u00f6sungsans\u00e4tze und die Ber\u00fccksichtigung Orthomolekularer \u00a0Therapiemethoden. Ganzheitlich gesehen handelt es sich wohl sogar eher um eine n\u00e4hrstoffmangelvermittelte Immunfehlfunktion, zu der h\u00e4ufig noch eine Schwermetallbelastung (z.B. Quecksilber, Nickel oder\u2026","rel":"","context":"In &quot;Orthomolekulare Medizin&quot;","block_context":{"text":"Orthomolekulare Medizin","link":"https:\/\/www.flora-pharm.de\/blog\/category\/orthomolekulare-medizin\/"},"img":{"alt_text":"","src":"https:\/\/i0.wp.com\/www.flora-pharm.de\/blog\/wp-content\/uploads\/2014\/02\/schilddr%C3%BCse-hashimoto-flora3.jpg?resize=350%2C200&ssl=1","width":350,"height":200,"srcset":"https:\/\/i0.wp.com\/www.flora-pharm.de\/blog\/wp-content\/uploads\/2014\/02\/schilddr%C3%BCse-hashimoto-flora3.jpg?resize=350%2C200&ssl=1 1x, https:\/\/i0.wp.com\/www.flora-pharm.de\/blog\/wp-content\/uploads\/2014\/02\/schilddr%C3%BCse-hashimoto-flora3.jpg?resize=525%2C300&ssl=1 1.5x, https:\/\/i0.wp.com\/www.flora-pharm.de\/blog\/wp-content\/uploads\/2014\/02\/schilddr%C3%BCse-hashimoto-flora3.jpg?resize=700%2C400&ssl=1 2x"},"classes":[]},{"id":4453,"url":"https:\/\/www.flora-pharm.de\/blog\/erst-mal-den-zyklus-optimieren\/","url_meta":{"origin":2572,"position":2},"title":"Erst mal den Zyklus optimieren","author":"Flora Team","date":"14. September 2017","format":false,"excerpt":"Ich, Du, Wir \u2013 Bei unerf\u00fclltem Kinderwunsch verbessern gezielte Methoden die Fruchtbarkeit. Dr. Susanne van der Velden, Ober\u00e4rztin am Karl-Leisner-Klinikum Kleve, ist spezialisiert in der Behandlung von Paaren mit verminderter Fruchtbarkeit und Fehlgeburten. Das Ziel der engagierten Frauen\u00e4rztin: optimale Fruchtbarkeit beider Partner und eine normale Empf\u00e4ngnis \u2013 immer mit Respekt\u2026","rel":"","context":"In &quot;Wissenswert&quot;","block_context":{"text":"Wissenswert","link":"https:\/\/www.flora-pharm.de\/blog\/category\/wissenswert\/"},"img":{"alt_text":"","src":"https:\/\/i0.wp.com\/www.flora-pharm.de\/blog\/wp-content\/uploads\/2017\/09\/zyklus.jpg?resize=350%2C200&ssl=1","width":350,"height":200,"srcset":"https:\/\/i0.wp.com\/www.flora-pharm.de\/blog\/wp-content\/uploads\/2017\/09\/zyklus.jpg?resize=350%2C200&ssl=1 1x, https:\/\/i0.wp.com\/www.flora-pharm.de\/blog\/wp-content\/uploads\/2017\/09\/zyklus.jpg?resize=525%2C300&ssl=1 1.5x, https:\/\/i0.wp.com\/www.flora-pharm.de\/blog\/wp-content\/uploads\/2017\/09\/zyklus.jpg?resize=700%2C400&ssl=1 2x"},"classes":[]},{"id":6968,"url":"https:\/\/www.flora-pharm.de\/blog\/nahrungsergaenzungsmittel-wer-braucht-eine-extraportion\/","url_meta":{"origin":2572,"position":3},"title":"Nahrungserg\u00e4nzungsmittel &#8211; Wer braucht eine Extraportion?","author":"Flora Team","date":"11. Juni 2020","format":false,"excerpt":"Nahrungserg\u00e4nzungsmittel sind in bestimmten Lebenslagen und f\u00fcr spezielle Personengruppen sinnvoll. Saskia Fechte stellt dar, auf wen das zutrifft? Wer sich ausgewogen ern\u00e4hrt, braucht keine Nahrungserg\u00e4nzungsmittel \u2013 dar\u00fcber herrscht weitgehend Einigung. Unabh\u00e4ngig von der Frage, wie viele das tats\u00e4chlich beherzigen, bef\u00fcrworten Experten die Vitamine und Mineralstoffe aus der Apotheke f\u00fcr viele\u2026","rel":"","context":"In &quot;Orthomolekulare Medizin&quot;","block_context":{"text":"Orthomolekulare Medizin","link":"https:\/\/www.flora-pharm.de\/blog\/category\/orthomolekulare-medizin\/"},"img":{"alt_text":"Nahrungserg\u00e4nzungsmittel Flora Apotheke","src":"https:\/\/i0.wp.com\/www.flora-pharm.de\/blog\/wp-content\/uploads\/2020\/06\/supplemente-extraportion.jpg?resize=350%2C200&ssl=1","width":350,"height":200,"srcset":"https:\/\/i0.wp.com\/www.flora-pharm.de\/blog\/wp-content\/uploads\/2020\/06\/supplemente-extraportion.jpg?resize=350%2C200&ssl=1 1x, https:\/\/i0.wp.com\/www.flora-pharm.de\/blog\/wp-content\/uploads\/2020\/06\/supplemente-extraportion.jpg?resize=525%2C300&ssl=1 1.5x, https:\/\/i0.wp.com\/www.flora-pharm.de\/blog\/wp-content\/uploads\/2020\/06\/supplemente-extraportion.jpg?resize=700%2C400&ssl=1 2x"},"classes":[]},{"id":6915,"url":"https:\/\/www.flora-pharm.de\/blog\/selen\/","url_meta":{"origin":2572,"position":4},"title":"Selen","author":"Flora Team","date":"14. Mai 2020","format":false,"excerpt":"Selen, benannt nach der griechischen Mondg\u00f6ttin Selene, ist einer dieser vielen Stoffe, die unser Organismus dringend f\u00fcr die reibungslose Funktion ben\u00f6tigt. Es ist ein \u201eessentielles Spurenelement\u201c. Essentiell bedeutet, dass der Organismus selbst es nicht herstellen kann und ihm somit durch die Nahrung zugef\u00fchrt werden muss. Als Spurenelemente werden Mineralstoffe bezeichnet,\u2026","rel":"","context":"In &quot;Flora Apotheke&quot;","block_context":{"text":"Flora Apotheke","link":"https:\/\/www.flora-pharm.de\/blog\/category\/flora-apotheke\/"},"img":{"alt_text":"","src":"https:\/\/i0.wp.com\/www.flora-pharm.de\/blog\/wp-content\/uploads\/2020\/05\/selen-SE.jpg?resize=350%2C200&ssl=1","width":350,"height":200,"srcset":"https:\/\/i0.wp.com\/www.flora-pharm.de\/blog\/wp-content\/uploads\/2020\/05\/selen-SE.jpg?resize=350%2C200&ssl=1 1x, https:\/\/i0.wp.com\/www.flora-pharm.de\/blog\/wp-content\/uploads\/2020\/05\/selen-SE.jpg?resize=525%2C300&ssl=1 1.5x, https:\/\/i0.wp.com\/www.flora-pharm.de\/blog\/wp-content\/uploads\/2020\/05\/selen-SE.jpg?resize=700%2C400&ssl=1 2x"},"classes":[]},{"id":3420,"url":"https:\/\/www.flora-pharm.de\/blog\/immunsystem-es-beginnt-in-mutters-schwangerschaft\/","url_meta":{"origin":2572,"position":5},"title":"Immunsystem, es beginnt in Mutters Schwangerschaft","author":"Flora Team","date":"16. September 2016","format":false,"excerpt":"Nach \u00fcberraschend vielen R\u00fcckmeldungen zu unserem Artikel \u201eNat\u00fcrliche Babypflege\u201c m\u00f6chten wir zum Thema Baby noch einen Beitrag nachlegen und beleuchten hier nun das Neonatale Immunsystem. Unser Immunsystem hat einen ganz einfachen Sinn, es soll ungef\u00e4hrliche Stoffe in den K\u00f6rper lassen, (potentiell) gef\u00e4hrliche (z.B. Viren, Bakterien, Allergene) dagegen ausfiltern und den\u2026","rel":"","context":"In &quot;Flora Apotheke&quot;","block_context":{"text":"Flora Apotheke","link":"https:\/\/www.flora-pharm.de\/blog\/category\/flora-apotheke\/"},"img":{"alt_text":"","src":"https:\/\/i0.wp.com\/www.flora-pharm.de\/blog\/wp-content\/uploads\/2016\/09\/Neonatales%20Immunsystem.jpg?resize=350%2C200&ssl=1","width":350,"height":200,"srcset":"https:\/\/i0.wp.com\/www.flora-pharm.de\/blog\/wp-content\/uploads\/2016\/09\/Neonatales%20Immunsystem.jpg?resize=350%2C200&ssl=1 1x, https:\/\/i0.wp.com\/www.flora-pharm.de\/blog\/wp-content\/uploads\/2016\/09\/Neonatales%20Immunsystem.jpg?resize=525%2C300&ssl=1 1.5x, https:\/\/i0.wp.com\/www.flora-pharm.de\/blog\/wp-content\/uploads\/2016\/09\/Neonatales%20Immunsystem.jpg?resize=700%2C400&ssl=1 2x"},"classes":[]}],"jetpack_sharing_enabled":true,"_links":{"self":[{"href":"https:\/\/www.flora-pharm.de\/blog\/wp-json\/wp\/v2\/posts\/2572","targetHints":{"allow":["GET"]}}],"collection":[{"href":"https:\/\/www.flora-pharm.de\/blog\/wp-json\/wp\/v2\/posts"}],"about":[{"href":"https:\/\/www.flora-pharm.de\/blog\/wp-json\/wp\/v2\/types\/post"}],"author":[{"embeddable":true,"href":"https:\/\/www.flora-pharm.de\/blog\/wp-json\/wp\/v2\/users\/1"}],"replies":[{"embeddable":true,"href":"https:\/\/www.flora-pharm.de\/blog\/wp-json\/wp\/v2\/comments?post=2572"}],"version-history":[{"count":1,"href":"https:\/\/www.flora-pharm.de\/blog\/wp-json\/wp\/v2\/posts\/2572\/revisions"}],"predecessor-version":[{"id":2573,"href":"https:\/\/www.flora-pharm.de\/blog\/wp-json\/wp\/v2\/posts\/2572\/revisions\/2573"}],"wp:featuredmedia":[{"embeddable":true,"href":"https:\/\/www.flora-pharm.de\/blog\/wp-json\/wp\/v2\/media\/100"}],"wp:attachment":[{"href":"https:\/\/www.flora-pharm.de\/blog\/wp-json\/wp\/v2\/media?parent=2572"}],"wp:term":[{"taxonomy":"category","embeddable":true,"href":"https:\/\/www.flora-pharm.de\/blog\/wp-json\/wp\/v2\/categories?post=2572"},{"taxonomy":"post_tag","embeddable":true,"href":"https:\/\/www.flora-pharm.de\/blog\/wp-json\/wp\/v2\/tags?post=2572"}],"curies":[{"name":"wp","href":"https:\/\/api.w.org\/{rel}","templated":true}]}}