{"id":2625,"date":"2015-03-18T10:17:43","date_gmt":"2015-03-18T09:17:43","guid":{"rendered":"http:\/\/www.flora-pharm.de\/blog\/?p=2625"},"modified":"2015-03-18T10:17:43","modified_gmt":"2015-03-18T09:17:43","slug":"neu-im-sortiment-vitaloel-rapsoel-mit-butteraroma","status":"publish","type":"post","link":"https:\/\/www.flora-pharm.de\/blog\/neu-im-sortiment-vitaloel-rapsoel-mit-butteraroma\/","title":{"rendered":"Neu im Sortiment: Vital\u00d6l (Raps\u00f6l mit Butteraroma)"},"content":{"rendered":"<p>Ihre Gesundheit liegt uns am Herzen. Deshalb nehmen wir auch gern Produkte in unser Sortiment auf, von denen wir meinen, Ihnen damit Gutes tun zu k\u00f6nnen. Grundlegend wichtig f\u00fcr einen gesunden K\u00f6rper ist die Ern\u00e4hrung mit hochwertigen Rohstoffen. Genau aus diesem Grund haben wir <strong>neu im Angebot<\/strong> ein rein pflanzliches <strong>Vital- und Brat\u00f6l auf Basis von<\/strong> <strong>Raps\u00f6l aus Schweden mit leckerem Butteraroma<\/strong>.<\/p>\n<p>Es ist reich an wichtigen Omega-3-Fetts\u00e4uren und diese sind zudem im Verh\u00e4ltnis zu den auch vorhandenen Omega-6-Fetts\u00e4uren ideal ausgewogen. Es hat einen hohen Rauchpunkt (220\u00b0C), so dass man es auch bestens zum Braten, D\u00fcnsten, Grillen, Backen, Abschmelzen oder auch beim Fondue verwenden kann. Es eignet sich zudem hervorragend als Butter- bzw. Margarineersatz. Dabei ist es frei von Cholesterin, Salz, Milcheiwei\u00df, Gluten und Konservierungsmitteln. Sprechen Sie uns auf das \u201eVital\u00d6l\u201c und weitere Ern\u00e4hrungstipps gern an\u2026<\/p>\n<blockquote><p><em>Zutaten: Raps\u00f6l, Emulgator (mit Zitronens\u00e4ure verestertes Mono- und Diglycerid), natur-identische Aromastoffe, Farbstoff (Beta-Carotin), Antioxidans (Zitronens\u00e4ure)<\/em><\/p><\/blockquote>\n<p>Hintergrundinformationen zu Fetts\u00e4uren sowie zum idealen Verh\u00e4ltnis von Omega-3- zu Omega-6-Fetts\u00e4uren finden Sie <a href=\"https:\/\/www.flora-pharm.de\/vitalstoffe\/fettsaeuren.htm#verhaeltnis\">in unserem Vitalstoff-ABC<\/a>&#8230;<\/p>\n","protected":false},"excerpt":{"rendered":"<p>Ihre Gesundheit liegt uns am Herzen. Deshalb nehmen wir auch gern Produkte in unser Sortiment auf, von denen wir meinen, Ihnen damit Gutes tun zu k\u00f6nnen. Grundlegend wichtig f\u00fcr einen gesunden K\u00f6rper ist die Ern\u00e4hrung mit hochwertigen Rohstoffen. Genau aus diesem Grund haben wir neu im Angebot ein rein pflanzliches Vital- und Brat\u00f6l auf Basis [&hellip;]<\/p>\n","protected":false},"author":1,"featured_media":2626,"comment_status":"open","ping_status":"open","sticky":false,"template":"","format":"standard","meta":{"jetpack_post_was_ever_published":false,"_jetpack_newsletter_access":"","_jetpack_dont_email_post_to_subs":false,"_jetpack_newsletter_tier_id":0,"_jetpack_memberships_contains_paywalled_content":false,"_jetpack_memberships_contains_paid_content":false,"footnotes":""},"categories":[3,19],"tags":[239],"class_list":["post-2625","post","type-post","status-publish","format-standard","has-post-thumbnail","hentry","category-aktion","category-flora-apotheke","tag-ernaehrung","has-post-title","has-post-date","has-post-category","has-post-tag","has-post-comment","has-post-author",""],"jetpack_featured_media_url":"https:\/\/www.flora-pharm.de\/blog\/wp-content\/uploads\/2015\/03\/vitaloel.jpg","jetpack-related-posts":[{"id":8443,"url":"https:\/\/www.flora-pharm.de\/blog\/gute-fette-schlechte-fette\/","url_meta":{"origin":2625,"position":0},"title":"Gute Fette, schlechte Fette","author":"Flora Team","date":"3. November 2022","format":false,"excerpt":"Fette haben einen schlechten Ruf, k\u00f6nnen aber fit und gesund halten. Es kommt eben darauf an, welche Art von Fett im Essen landet...","rel":"","context":"In &quot;Wissenswert&quot;","block_context":{"text":"Wissenswert","link":"https:\/\/www.flora-pharm.de\/blog\/category\/wissenswert\/"},"img":{"alt_text":"gute vs schlechte fette","src":"https:\/\/i0.wp.com\/www.flora-pharm.de\/blog\/wp-content\/uploads\/2022\/10\/gute-vs-schlechte-fette.jpg?resize=350%2C200&ssl=1","width":350,"height":200,"srcset":"https:\/\/i0.wp.com\/www.flora-pharm.de\/blog\/wp-content\/uploads\/2022\/10\/gute-vs-schlechte-fette.jpg?resize=350%2C200&ssl=1 1x, https:\/\/i0.wp.com\/www.flora-pharm.de\/blog\/wp-content\/uploads\/2022\/10\/gute-vs-schlechte-fette.jpg?resize=525%2C300&ssl=1 1.5x, https:\/\/i0.wp.com\/www.flora-pharm.de\/blog\/wp-content\/uploads\/2022\/10\/gute-vs-schlechte-fette.jpg?resize=700%2C400&ssl=1 2x, https:\/\/i0.wp.com\/www.flora-pharm.de\/blog\/wp-content\/uploads\/2022\/10\/gute-vs-schlechte-fette.jpg?resize=1050%2C600&ssl=1 3x"},"classes":[]},{"id":4237,"url":"https:\/\/www.flora-pharm.de\/blog\/hs-omega-3-index\/","url_meta":{"origin":2625,"position":1},"title":"HS-Omega-3 Index","author":"Flora Team","date":"9. Juni 2017","format":false,"excerpt":"Dieser Index soll die Aussage dar\u00fcber standardisieren, wie gut ein Mensch mit Omega-3-Fetts\u00e4uren versorgt ist. Auf Basis der Abweichungen vom Sollwert kann das Risiko f\u00fcr kardiovaskul\u00e4re Erkrankungen, aber auch f\u00fcr psychologische Probleme wie ADHS, PMS und Depressionen quantifiziert werden. Der HS-Omega-3 Index wurde 2002 von den Professoren Harris und von\u2026","rel":"","context":"In &quot;Orthomolekulare Medizin&quot;","block_context":{"text":"Orthomolekulare Medizin","link":"https:\/\/www.flora-pharm.de\/blog\/category\/orthomolekulare-medizin\/"},"img":{"alt_text":"Omega-3-Index-Fettsaeuren","src":"https:\/\/i0.wp.com\/www.flora-pharm.de\/blog\/wp-content\/uploads\/2017\/06\/omega-3-index.jpg?resize=350%2C200&ssl=1","width":350,"height":200,"srcset":"https:\/\/i0.wp.com\/www.flora-pharm.de\/blog\/wp-content\/uploads\/2017\/06\/omega-3-index.jpg?resize=350%2C200&ssl=1 1x, https:\/\/i0.wp.com\/www.flora-pharm.de\/blog\/wp-content\/uploads\/2017\/06\/omega-3-index.jpg?resize=525%2C300&ssl=1 1.5x, https:\/\/i0.wp.com\/www.flora-pharm.de\/blog\/wp-content\/uploads\/2017\/06\/omega-3-index.jpg?resize=700%2C400&ssl=1 2x"},"classes":[]},{"id":6352,"url":"https:\/\/www.flora-pharm.de\/blog\/omega-3-fettsaeuren-gut-versorgt\/","url_meta":{"origin":2625,"position":2},"title":"Omega-3-Fetts\u00e4uren &#8211; Gut versorgt?","author":"Flora Team","date":"6. September 2019","format":false,"excerpt":"F\u00fcr unsere Gesundheit sind Omega-3-Fetts\u00e4uren unentbehrlich. Die Fitmacher stecken in Fisch, Lein\u00f6l und Algen. So bekommen Sie genug davon. Sie k\u00f6nnen zu hohe Blutfettwerte senken, genie\u00dfen einen guten Ruf als Herzfreunde, sind wichtig f\u00fcr Gehirn, Zellteilung und Sehkraft. Wom\u00f6glich k\u00f6nnen sie sogar vor Demenz sch\u00fctzen und bei Depressionen helfen. Omega-3-Fetts\u00e4uren\u2026","rel":"","context":"In &quot;Wissenswert&quot;","block_context":{"text":"Wissenswert","link":"https:\/\/www.flora-pharm.de\/blog\/category\/wissenswert\/"},"img":{"alt_text":"Omega-3 Versorgung","src":"https:\/\/i0.wp.com\/www.flora-pharm.de\/blog\/wp-content\/uploads\/2019\/08\/omega-3-versorgung.jpg?resize=350%2C200&ssl=1","width":350,"height":200,"srcset":"https:\/\/i0.wp.com\/www.flora-pharm.de\/blog\/wp-content\/uploads\/2019\/08\/omega-3-versorgung.jpg?resize=350%2C200&ssl=1 1x, https:\/\/i0.wp.com\/www.flora-pharm.de\/blog\/wp-content\/uploads\/2019\/08\/omega-3-versorgung.jpg?resize=525%2C300&ssl=1 1.5x, https:\/\/i0.wp.com\/www.flora-pharm.de\/blog\/wp-content\/uploads\/2019\/08\/omega-3-versorgung.jpg?resize=700%2C400&ssl=1 2x"},"classes":[]},{"id":7233,"url":"https:\/\/www.flora-pharm.de\/blog\/gute-oekobilanz-fuer-mikroalgen\/","url_meta":{"origin":2625,"position":3},"title":"Gute \u00d6kobilanz f\u00fcr Mikroalgen","author":"Flora Team","date":"23. November 2020","format":false,"excerpt":"Mikroalgen oder Fisch? Welche Quelle f\u00fcr Omega-3-Fetts\u00e4uren macht in Sachen Umweltvertr\u00e4glichkeit das Rennen? Laut aktueller Studie haben die winzigen Einzeller die Nase vorn. Von Andrea Neuen Chlorella, Spirulina und Co. Schon seit einigen Jahrzehnten sind Mikroalgen in den Fokus der Forschung ger\u00fcckt \u2013 zun\u00e4chst als Rohstoffe f\u00fcr alternative Kraftstoffe, in\u2026","rel":"","context":"In &quot;Wissenswert&quot;","block_context":{"text":"Wissenswert","link":"https:\/\/www.flora-pharm.de\/blog\/category\/wissenswert\/"},"img":{"alt_text":"Omega-3 Mikroalgen","src":"https:\/\/i0.wp.com\/www.flora-pharm.de\/blog\/wp-content\/uploads\/2020\/10\/omega-3-mikroalgen-vs-fisch-oekobilanz.jpg?resize=350%2C200&ssl=1","width":350,"height":200,"srcset":"https:\/\/i0.wp.com\/www.flora-pharm.de\/blog\/wp-content\/uploads\/2020\/10\/omega-3-mikroalgen-vs-fisch-oekobilanz.jpg?resize=350%2C200&ssl=1 1x, https:\/\/i0.wp.com\/www.flora-pharm.de\/blog\/wp-content\/uploads\/2020\/10\/omega-3-mikroalgen-vs-fisch-oekobilanz.jpg?resize=525%2C300&ssl=1 1.5x, https:\/\/i0.wp.com\/www.flora-pharm.de\/blog\/wp-content\/uploads\/2020\/10\/omega-3-mikroalgen-vs-fisch-oekobilanz.jpg?resize=700%2C400&ssl=1 2x"},"classes":[]},{"id":7008,"url":"https:\/\/www.flora-pharm.de\/blog\/gesuender-mit-vitalstoffen\/","url_meta":{"origin":2625,"position":4},"title":"Ges\u00fcnder mit Vitalstoffen","author":"Flora Team","date":"3. Juli 2020","format":false,"excerpt":"Die meisten Menschen setzen auf Vitamine, Mineralstoffe und Spurenelemente, um Mangelerscheinungen und Krankheiten vorzubeugen. Die Mikron\u00e4hrstoffe k\u00f6nnen aber noch mehr, berichtet Saskia Fechte. Surf-Tipp: In unserem Vitalstoff-ABC auf der Flora Apotheken Website stellen wir die wichtigsten Vitalstoffe steckbriefartig vor. \u00a0 Pr\u00e4vention: gesund bleiben Nahrungserg\u00e4nzungsmittel dienen nicht nur dazu, leere Vitaminspeicher\u2026","rel":"","context":"In &quot;Orthomolekulare Medizin&quot;","block_context":{"text":"Orthomolekulare Medizin","link":"https:\/\/www.flora-pharm.de\/blog\/category\/orthomolekulare-medizin\/"},"img":{"alt_text":"Ges\u00fcnder mit Vitalstoffen","src":"https:\/\/i0.wp.com\/www.flora-pharm.de\/blog\/wp-content\/uploads\/2020\/06\/vitalstoffe-gesund.jpg?resize=350%2C200&ssl=1","width":350,"height":200,"srcset":"https:\/\/i0.wp.com\/www.flora-pharm.de\/blog\/wp-content\/uploads\/2020\/06\/vitalstoffe-gesund.jpg?resize=350%2C200&ssl=1 1x, https:\/\/i0.wp.com\/www.flora-pharm.de\/blog\/wp-content\/uploads\/2020\/06\/vitalstoffe-gesund.jpg?resize=525%2C300&ssl=1 1.5x, https:\/\/i0.wp.com\/www.flora-pharm.de\/blog\/wp-content\/uploads\/2020\/06\/vitalstoffe-gesund.jpg?resize=700%2C400&ssl=1 2x"},"classes":[]},{"id":3324,"url":"https:\/\/www.flora-pharm.de\/blog\/multiple-sklerose-ernaehrungstherapie\/","url_meta":{"origin":2625,"position":5},"title":"Multiple Sklerose &#8211; Ern\u00e4hrungstherapie","author":"Flora Team","date":"8. Juli 2016","format":false,"excerpt":"Eine Ern\u00e4hrungstherapie kann den Verlauf einer Multiplen Sklerose (MS) stark beeinflussen und eine konventionelle Behandlung sinnvoll erg\u00e4nzen. Zuerst ein kleiner Exkurs: Was ist MS? Die Multiple Sklerose (MS) ist eine entz\u00fcndliche Erkrankung des zentralen Nervensystems und wird den Autoimmunerkrankungen zugeordnet. MS verl\u00e4uft in Sch\u00fcben oder fortschreitend. Die Entz\u00fcndungen klingen wieder\u2026","rel":"","context":"In &quot;Wissenswert&quot;","block_context":{"text":"Wissenswert","link":"https:\/\/www.flora-pharm.de\/blog\/category\/wissenswert\/"},"img":{"alt_text":"","src":"https:\/\/i0.wp.com\/www.flora-pharm.de\/blog\/wp-content\/uploads\/2016\/07\/ernaehrung%20multiple%20sklerose.jpg?resize=350%2C200&ssl=1","width":350,"height":200,"srcset":"https:\/\/i0.wp.com\/www.flora-pharm.de\/blog\/wp-content\/uploads\/2016\/07\/ernaehrung%20multiple%20sklerose.jpg?resize=350%2C200&ssl=1 1x, https:\/\/i0.wp.com\/www.flora-pharm.de\/blog\/wp-content\/uploads\/2016\/07\/ernaehrung%20multiple%20sklerose.jpg?resize=525%2C300&ssl=1 1.5x, https:\/\/i0.wp.com\/www.flora-pharm.de\/blog\/wp-content\/uploads\/2016\/07\/ernaehrung%20multiple%20sklerose.jpg?resize=700%2C400&ssl=1 2x"},"classes":[]}],"jetpack_sharing_enabled":true,"_links":{"self":[{"href":"https:\/\/www.flora-pharm.de\/blog\/wp-json\/wp\/v2\/posts\/2625","targetHints":{"allow":["GET"]}}],"collection":[{"href":"https:\/\/www.flora-pharm.de\/blog\/wp-json\/wp\/v2\/posts"}],"about":[{"href":"https:\/\/www.flora-pharm.de\/blog\/wp-json\/wp\/v2\/types\/post"}],"author":[{"embeddable":true,"href":"https:\/\/www.flora-pharm.de\/blog\/wp-json\/wp\/v2\/users\/1"}],"replies":[{"embeddable":true,"href":"https:\/\/www.flora-pharm.de\/blog\/wp-json\/wp\/v2\/comments?post=2625"}],"version-history":[{"count":1,"href":"https:\/\/www.flora-pharm.de\/blog\/wp-json\/wp\/v2\/posts\/2625\/revisions"}],"predecessor-version":[{"id":2627,"href":"https:\/\/www.flora-pharm.de\/blog\/wp-json\/wp\/v2\/posts\/2625\/revisions\/2627"}],"wp:featuredmedia":[{"embeddable":true,"href":"https:\/\/www.flora-pharm.de\/blog\/wp-json\/wp\/v2\/media\/2626"}],"wp:attachment":[{"href":"https:\/\/www.flora-pharm.de\/blog\/wp-json\/wp\/v2\/media?parent=2625"}],"wp:term":[{"taxonomy":"category","embeddable":true,"href":"https:\/\/www.flora-pharm.de\/blog\/wp-json\/wp\/v2\/categories?post=2625"},{"taxonomy":"post_tag","embeddable":true,"href":"https:\/\/www.flora-pharm.de\/blog\/wp-json\/wp\/v2\/tags?post=2625"}],"curies":[{"name":"wp","href":"https:\/\/api.w.org\/{rel}","templated":true}]}}