{"id":2628,"date":"2015-03-20T08:05:07","date_gmt":"2015-03-20T07:05:07","guid":{"rendered":"http:\/\/www.flora-pharm.de\/blog\/?p=2628"},"modified":"2015-03-20T08:08:28","modified_gmt":"2015-03-20T07:08:28","slug":"sonnenfinsternis-fuer-augen-gefaehrlich-fruehlingsanfang-2015","status":"publish","type":"post","link":"https:\/\/www.flora-pharm.de\/blog\/sonnenfinsternis-fuer-augen-gefaehrlich-fruehlingsanfang-2015\/","title":{"rendered":"Sonnenfinsternis f\u00fcr Augen gef\u00e4hrlich &#038; Fr\u00fchlingsanfang 2015"},"content":{"rendered":"<p>Heute erwartet uns ein faszinierendes Naturschauspiel, eine <strong>Sonnenfinsternis<\/strong>. Das Ph\u00e4nomen entsteht, wenn der Mond zwischen Sonne und Erde vorbeizieht und somit seinen Schatten auf uns wirft. Bei uns in Hannover beginnt das Spektakel um 09:34 Uhr, erreicht seine f\u00fcr uns maximale Bedeckung von 81,2% (es ist also keine totale Sonnenfinsternis) um 10:42 Uhr und endet schlie\u00dflich um 11:52 Uhr.<br \/>\n<strong>Aber Vorsicht: <\/strong>Bitte betrachten Sie das Spektakel nur mit einer zertifizierten Brille, die Sie im Fachhandel erhalten. Ein Blick in die nicht ganz verdunkelte Sonne ohne ausreichenden Schutz kann unwiderrufliche Besch\u00e4digungen der Netzhaut verursachen. Wenn Sie keine entsprechende Brille zur Hand haben oder Ihre Augen bereits erkrankt sind, dann verzichten Sie besser darauf, w\u00e4hrend der Finsternis in die Sonne zu schauen!<\/p>\n<p>&nbsp;<\/p>\n<p>Der heutige Tag hat aber auch noch mehr zu bieten:<\/p>\n<p><strong>Heute beginnt der astronomische Fr\u00fchling 2015<\/strong> und zwar genau um 23:43 Uhr.<br \/>\nMit dem Fr\u00fchling beginnt u.a. f\u00fcr die Perser nach der islamischen Zeitrechnung ein neues Jahr (1394), wir w\u00fcnschen zum Neujahrsfest (Nowruz) \u201e<strong>Sale no mobarak<\/strong>\u201c.<\/p>\n<p>&nbsp;<\/p>\n<pre style=\"text-align: right;\"><em>Quelle \/ Mehr zur Sonnenfinsternis: <a href=\"http:\/\/www.merkur-online.de\/leben\/gesundheit\/augenaerzte-sonnenfinsternis-spezialbrille-beobachten-zr-4822398.html\" rel=\"nofollow\">www.merkur-online.de<\/a><\/em><\/pre>\n","protected":false},"excerpt":{"rendered":"<p>Heute erwartet uns ein faszinierendes Naturschauspiel, eine Sonnenfinsternis. Das Ph\u00e4nomen entsteht, wenn der Mond zwischen Sonne und Erde vorbeizieht und somit seinen Schatten auf uns wirft. Bei uns in Hannover beginnt das Spektakel um 09:34 Uhr, erreicht seine f\u00fcr uns maximale Bedeckung von 81,2% (es ist also keine totale Sonnenfinsternis) um 10:42 Uhr und endet [&hellip;]<\/p>\n","protected":false},"author":1,"featured_media":2629,"comment_status":"open","ping_status":"open","sticky":false,"template":"","format":"standard","meta":{"jetpack_post_was_ever_published":false,"_jetpack_newsletter_access":"","_jetpack_dont_email_post_to_subs":false,"_jetpack_newsletter_tier_id":0,"_jetpack_memberships_contains_paywalled_content":false,"_jetpack_memberships_contains_paid_content":false,"footnotes":""},"categories":[22,15,8],"tags":[298,147,148],"class_list":["post-2628","post","type-post","status-publish","format-standard","has-post-thumbnail","hentry","category-kalenderlexikon","category-veranstaltungshinweis","category-wissenswert","tag-auge","tag-fruehling","tag-nowruz","has-post-title","has-post-date","has-post-category","has-post-tag","has-post-comment","has-post-author",""],"jetpack_featured_media_url":"https:\/\/www.flora-pharm.de\/blog\/wp-content\/uploads\/2015\/03\/sonnenfinsternis.jpg","jetpack-related-posts":[{"id":9235,"url":"https:\/\/www.flora-pharm.de\/blog\/der-sonne-entgegen\/","url_meta":{"origin":2628,"position":0},"title":"Der Sonne entgegen","author":"Flora Team","date":"28. Juni 2024","format":false,"excerpt":"Wir sehnen uns nach der Sonne, endlich ist sie da und mit diesen 10 Tipps bleiben Sie sogar auf der sicheren Seite der UV-Macht.","rel":"","context":"In &quot;Wissenswert&quot;","block_context":{"text":"Wissenswert","link":"https:\/\/www.flora-pharm.de\/blog\/category\/wissenswert\/"},"img":{"alt_text":"Sonnenschutz im Urlaub - Der Sonne entgegen","src":"https:\/\/i0.wp.com\/www.flora-pharm.de\/blog\/wp-content\/uploads\/2024\/06\/der-sonne-entgegen.jpg?resize=350%2C200&ssl=1","width":350,"height":200,"srcset":"https:\/\/i0.wp.com\/www.flora-pharm.de\/blog\/wp-content\/uploads\/2024\/06\/der-sonne-entgegen.jpg?resize=350%2C200&ssl=1 1x, https:\/\/i0.wp.com\/www.flora-pharm.de\/blog\/wp-content\/uploads\/2024\/06\/der-sonne-entgegen.jpg?resize=525%2C300&ssl=1 1.5x, https:\/\/i0.wp.com\/www.flora-pharm.de\/blog\/wp-content\/uploads\/2024\/06\/der-sonne-entgegen.jpg?resize=700%2C400&ssl=1 2x, https:\/\/i0.wp.com\/www.flora-pharm.de\/blog\/wp-content\/uploads\/2024\/06\/der-sonne-entgegen.jpg?resize=1050%2C600&ssl=1 3x"},"classes":[]},{"id":4636,"url":"https:\/\/www.flora-pharm.de\/blog\/licht-lebenswichtiger-taktgeber\/","url_meta":{"origin":2628,"position":1},"title":"LICHT &#8211; Lebenswichtiger Taktgeber","author":"Flora Team","date":"24. November 2017","format":false,"excerpt":"Zahlreiche K\u00f6rperfunktionen sind darauf angewiesen, dass wir uns ins rechte Licht setzen. Ver\u00e4nderungen von Helligkeit und Lichtfarbe im Lauf des Tages regulieren den Schlaf-Wach-Rhythmus, einen wichtigen Bestandteil unserer inneren Uhr (Circadianer Rhythmus). Je nach Lichtspektrum erh\u00e4lt der K\u00f6rper \u00fcber spezielle Rezeptoren im Auge entsprechende Signale. Die Steuerung dieses zirkadianen 24-Stunden-Taktes\u2026","rel":"","context":"In &quot;Wissenswert&quot;","block_context":{"text":"Wissenswert","link":"https:\/\/www.flora-pharm.de\/blog\/category\/wissenswert\/"},"img":{"alt_text":"Licht Taktgeber innere Uhr","src":"https:\/\/i0.wp.com\/www.flora-pharm.de\/blog\/wp-content\/uploads\/2017\/11\/licht-sonne-taktgeber.jpg?resize=350%2C200&ssl=1","width":350,"height":200,"srcset":"https:\/\/i0.wp.com\/www.flora-pharm.de\/blog\/wp-content\/uploads\/2017\/11\/licht-sonne-taktgeber.jpg?resize=350%2C200&ssl=1 1x, https:\/\/i0.wp.com\/www.flora-pharm.de\/blog\/wp-content\/uploads\/2017\/11\/licht-sonne-taktgeber.jpg?resize=525%2C300&ssl=1 1.5x, https:\/\/i0.wp.com\/www.flora-pharm.de\/blog\/wp-content\/uploads\/2017\/11\/licht-sonne-taktgeber.jpg?resize=700%2C400&ssl=1 2x"},"classes":[]},{"id":4601,"url":"https:\/\/www.flora-pharm.de\/blog\/heilende-licht-farben\/","url_meta":{"origin":2628,"position":2},"title":"Heilende Licht-Farben","author":"Flora Team","date":"10. November 2017","format":false,"excerpt":"Licht kann helfen wie ein Medikament - eingesetzt zur richtigen Zeit mit dem richtigen Spektrum und der geeigneten Beleuchtungsst\u00e4rke. Unterschiedliche Wellenl\u00e4ngen werden durch Lichtbrechung in einzelne Bereiche aufgef\u00e4chert. Wir k\u00f6nnen zwar einige Lichtfarben des Spektrums nicht sehen, aber therapeutisch nutzen. Infrarotlicht macht etwa die H\u00e4lfte des Sonnenlichts aus \u2013 unsichtbar,\u2026","rel":"","context":"In &quot;Wissenswert&quot;","block_context":{"text":"Wissenswert","link":"https:\/\/www.flora-pharm.de\/blog\/category\/wissenswert\/"},"img":{"alt_text":"Licht-Farben - Licht-Therapie","src":"https:\/\/i0.wp.com\/www.flora-pharm.de\/blog\/wp-content\/uploads\/2017\/11\/lichttherapie-farben.jpg?resize=350%2C200&ssl=1","width":350,"height":200,"srcset":"https:\/\/i0.wp.com\/www.flora-pharm.de\/blog\/wp-content\/uploads\/2017\/11\/lichttherapie-farben.jpg?resize=350%2C200&ssl=1 1x, https:\/\/i0.wp.com\/www.flora-pharm.de\/blog\/wp-content\/uploads\/2017\/11\/lichttherapie-farben.jpg?resize=525%2C300&ssl=1 1.5x, https:\/\/i0.wp.com\/www.flora-pharm.de\/blog\/wp-content\/uploads\/2017\/11\/lichttherapie-farben.jpg?resize=700%2C400&ssl=1 2x"},"classes":[]},{"id":3275,"url":"https:\/\/www.flora-pharm.de\/blog\/sonne-geniessen-ohne-sonnenbrand\/","url_meta":{"origin":2628,"position":3},"title":"Sonne genie\u00dfen \u2013 ohne Sonnenbrand!","author":"Flora Team","date":"6. Juni 2016","format":false,"excerpt":"Die Sonne strahlt, w\u00e4rmt und macht gl\u00fccklich! Doch wer zu viel Sonne abbekommt, erh\u00f6ht sein Risiko f\u00fcr Hautkrebs! \u00a0 Wie k\u00f6nnen Sie sich sch\u00fctzen? Sonnenlicht tut gut! Es regt den Stoffwechsel an und hilft bei der Bildung von Vitamin D. Doch zu viel Sonne kann die Haut sch\u00e4digen und l\u00e4sst\u2026","rel":"","context":"In &quot;Wissenswert&quot;","block_context":{"text":"Wissenswert","link":"https:\/\/www.flora-pharm.de\/blog\/category\/wissenswert\/"},"img":{"alt_text":"","src":"https:\/\/i0.wp.com\/www.flora-pharm.de\/blog\/wp-content\/uploads\/2016\/05\/sonne__copyright-joerg-buetehorn.jpg?resize=350%2C200&ssl=1","width":350,"height":200,"srcset":"https:\/\/i0.wp.com\/www.flora-pharm.de\/blog\/wp-content\/uploads\/2016\/05\/sonne__copyright-joerg-buetehorn.jpg?resize=350%2C200&ssl=1 1x, https:\/\/i0.wp.com\/www.flora-pharm.de\/blog\/wp-content\/uploads\/2016\/05\/sonne__copyright-joerg-buetehorn.jpg?resize=525%2C300&ssl=1 1.5x"},"classes":[]},{"id":3549,"url":"https:\/\/www.flora-pharm.de\/blog\/besser-sehen-im-dunkeln\/","url_meta":{"origin":2628,"position":4},"title":"Besser sehen im Dunkeln","author":"Flora Team","date":"24. Oktober 2016","format":false,"excerpt":"Jeder f\u00fcnfte Autofahrer ist von Nachtsehst\u00f6rungen betroffen! Gerade im Herbst gef\u00e4hrden unentdeckte Sehschw\u00e4chen wie Kurzsichtigkeit oder \u201eNachtblindheit\u201c die Sicherheit auf den Stra\u00dfen. Und es ist kein reines Seniorenproblem, denn Untersuchungen haben gezeigt, dass auch junge Menschen betroffen sind. Etwa ein Drittel der Kurzsichtigen bekommen ihre Fehlsichtigkeit zwischen 18 und 30\u2026","rel":"","context":"In &quot;Wissenswert&quot;","block_context":{"text":"Wissenswert","link":"https:\/\/www.flora-pharm.de\/blog\/category\/wissenswert\/"},"img":{"alt_text":"","src":"https:\/\/i0.wp.com\/www.flora-pharm.de\/blog\/wp-content\/uploads\/2016\/10\/besser-sehen-im-dunklen.jpg?resize=350%2C200&ssl=1","width":350,"height":200,"srcset":"https:\/\/i0.wp.com\/www.flora-pharm.de\/blog\/wp-content\/uploads\/2016\/10\/besser-sehen-im-dunklen.jpg?resize=350%2C200&ssl=1 1x, https:\/\/i0.wp.com\/www.flora-pharm.de\/blog\/wp-content\/uploads\/2016\/10\/besser-sehen-im-dunklen.jpg?resize=525%2C300&ssl=1 1.5x, https:\/\/i0.wp.com\/www.flora-pharm.de\/blog\/wp-content\/uploads\/2016\/10\/besser-sehen-im-dunklen.jpg?resize=700%2C400&ssl=1 2x"},"classes":[]},{"id":8400,"url":"https:\/\/www.flora-pharm.de\/blog\/ayurveda-fuer-den-alltag\/","url_meta":{"origin":2628,"position":5},"title":"Ayurveda f\u00fcr den Alltag","author":"Flora Team","date":"14. Oktober 2022","format":false,"excerpt":"Um Ayurveda erleben zu k\u00f6nnen, m\u00fcssen Sie nicht nach Indien reisen. Diese ganzheitliche Heilkunst l\u00e4sst sich einfach in den Tagesablauf integrieren","rel":"","context":"In &quot;Wissenswert&quot;","block_context":{"text":"Wissenswert","link":"https:\/\/www.flora-pharm.de\/blog\/category\/wissenswert\/"},"img":{"alt_text":"ayurveda im alltag","src":"https:\/\/i0.wp.com\/www.flora-pharm.de\/blog\/wp-content\/uploads\/2022\/09\/ayurveda-im-alltag.jpg?resize=350%2C200&ssl=1","width":350,"height":200,"srcset":"https:\/\/i0.wp.com\/www.flora-pharm.de\/blog\/wp-content\/uploads\/2022\/09\/ayurveda-im-alltag.jpg?resize=350%2C200&ssl=1 1x, https:\/\/i0.wp.com\/www.flora-pharm.de\/blog\/wp-content\/uploads\/2022\/09\/ayurveda-im-alltag.jpg?resize=525%2C300&ssl=1 1.5x, https:\/\/i0.wp.com\/www.flora-pharm.de\/blog\/wp-content\/uploads\/2022\/09\/ayurveda-im-alltag.jpg?resize=700%2C400&ssl=1 2x, https:\/\/i0.wp.com\/www.flora-pharm.de\/blog\/wp-content\/uploads\/2022\/09\/ayurveda-im-alltag.jpg?resize=1050%2C600&ssl=1 3x"},"classes":[]}],"jetpack_sharing_enabled":true,"_links":{"self":[{"href":"https:\/\/www.flora-pharm.de\/blog\/wp-json\/wp\/v2\/posts\/2628","targetHints":{"allow":["GET"]}}],"collection":[{"href":"https:\/\/www.flora-pharm.de\/blog\/wp-json\/wp\/v2\/posts"}],"about":[{"href":"https:\/\/www.flora-pharm.de\/blog\/wp-json\/wp\/v2\/types\/post"}],"author":[{"embeddable":true,"href":"https:\/\/www.flora-pharm.de\/blog\/wp-json\/wp\/v2\/users\/1"}],"replies":[{"embeddable":true,"href":"https:\/\/www.flora-pharm.de\/blog\/wp-json\/wp\/v2\/comments?post=2628"}],"version-history":[{"count":2,"href":"https:\/\/www.flora-pharm.de\/blog\/wp-json\/wp\/v2\/posts\/2628\/revisions"}],"predecessor-version":[{"id":2631,"href":"https:\/\/www.flora-pharm.de\/blog\/wp-json\/wp\/v2\/posts\/2628\/revisions\/2631"}],"wp:featuredmedia":[{"embeddable":true,"href":"https:\/\/www.flora-pharm.de\/blog\/wp-json\/wp\/v2\/media\/2629"}],"wp:attachment":[{"href":"https:\/\/www.flora-pharm.de\/blog\/wp-json\/wp\/v2\/media?parent=2628"}],"wp:term":[{"taxonomy":"category","embeddable":true,"href":"https:\/\/www.flora-pharm.de\/blog\/wp-json\/wp\/v2\/categories?post=2628"},{"taxonomy":"post_tag","embeddable":true,"href":"https:\/\/www.flora-pharm.de\/blog\/wp-json\/wp\/v2\/tags?post=2628"}],"curies":[{"name":"wp","href":"https:\/\/api.w.org\/{rel}","templated":true}]}}