{"id":2706,"date":"2015-06-04T10:49:35","date_gmt":"2015-06-04T08:49:35","guid":{"rendered":"http:\/\/www.flora-pharm.de\/blog\/?p=2706"},"modified":"2015-10-29T09:24:21","modified_gmt":"2015-10-29T08:24:21","slug":"kraeutersalat","status":"publish","type":"post","link":"https:\/\/www.flora-pharm.de\/blog\/kraeutersalat\/","title":{"rendered":"Kr\u00e4utersalat"},"content":{"rendered":"<p><strong>Du bist, was du isst &#8211; Mens sana in corpore sano<\/strong> (lat.: ein gesunder Geist in einem gesunden K\u00f6rper)<br \/>\nWir m\u00f6chten Ihnen mit unserer Rezeptreihe Anregungen geben, die eine gesunde Ern\u00e4hrung unterst\u00fctzen. Wir hoffen, es schmeckt Ihnen.<\/p>\n<p><strong>Zutaten:<\/strong><br \/>\n1 gr\u00fcner Salat (gemischt mit Feldsalat, L\u00f6wenzahn oder Spinat)<br \/>\n1 Orange<br \/>\n1 Bund Radieschen<br \/>\n1 rote Zwiebel<br \/>\n1 Bund Schnittlauch<br \/>\n1 Bund Dill<br \/>\n1 Bund glatte Petersilie<br \/>\n4 EL Oliven\u00f6l<br \/>\n2 EL heller Balsam-Essig<br \/>\n1 TL Senf<br \/>\nSalz<br \/>\nPfeffer<br \/>\n2 EL K\u00fcrbiskerne<\/p>\n<p><strong>Zubereitung:<\/strong><br \/>\nK\u00fcrbiskerne in einer trockenen Pfanne anr\u00f6sten und auf einem Teller abk\u00fchlen lassen. Zwiebel sch\u00e4len und in feine W\u00fcrfel schneiden. Salate putzen, waschen, abtropfen lassen und teils grob zerschneiden. Kr\u00e4uter putzen, waschen und kleinschneiden. Orange sch\u00e4len, Radieschen putzen, waschen und beides in Scheiben schneiden.<\/p>\n<p>Salatzutaten auf vier Tellern anrichten.<\/p>\n<p>Aus \u00d6l, Senf, Essig, Pfeffer und Salz eine Salatso\u00dfe r\u00fchren und \u00fcber den Salat tr\u00e4ufeln.<\/p>\n<p>Mit ger\u00f6steten K\u00fcrbiskernen bestreuen.<\/p>\n<figure id=\"attachment_2723\" aria-describedby=\"caption-attachment-2723\" style=\"width: 225px\" class=\"wp-caption alignnone\"><a href=\"https:\/\/www.flora-pharm.de\/blog\/wp-content\/uploads\/2015\/06\/NuG-05-2015-cover.jpg\"><img loading=\"lazy\" decoding=\"async\" data-attachment-id=\"2723\" data-permalink=\"https:\/\/www.flora-pharm.de\/blog\/moringa-oleifera\/nug-05-2015-cover\/\" data-orig-file=\"https:\/\/www.flora-pharm.de\/blog\/wp-content\/uploads\/2015\/06\/NuG-05-2015-cover.jpg\" data-orig-size=\"450,600\" data-comments-opened=\"1\" data-image-meta=\"{&quot;aperture&quot;:&quot;0&quot;,&quot;credit&quot;:&quot;&quot;,&quot;camera&quot;:&quot;&quot;,&quot;caption&quot;:&quot;&quot;,&quot;created_timestamp&quot;:&quot;0&quot;,&quot;copyright&quot;:&quot;&quot;,&quot;focal_length&quot;:&quot;0&quot;,&quot;iso&quot;:&quot;0&quot;,&quot;shutter_speed&quot;:&quot;0&quot;,&quot;title&quot;:&quot;&quot;,&quot;orientation&quot;:&quot;1&quot;}\" data-image-title=\"NuG-05-2015-cover\" data-image-description=\"\" data-image-caption=\"\" data-large-file=\"https:\/\/www.flora-pharm.de\/blog\/wp-content\/uploads\/2015\/06\/NuG-05-2015-cover.jpg\" class=\"wp-image-2723 size-medium\" src=\"https:\/\/www.flora-pharm.de\/blog\/wp-content\/uploads\/2015\/06\/NuG-05-2015-cover-225x300.jpg\" alt=\"NuG-05-2015-cover\" width=\"225\" height=\"300\" srcset=\"https:\/\/www.flora-pharm.de\/blog\/wp-content\/uploads\/2015\/06\/NuG-05-2015-cover-225x300.jpg 225w, https:\/\/www.flora-pharm.de\/blog\/wp-content\/uploads\/2015\/06\/NuG-05-2015-cover.jpg 450w\" sizes=\"auto, (max-width: 225px) 100vw, 225px\" \/><\/a><figcaption id=\"caption-attachment-2723\" class=\"wp-caption-text\">Mit freundlicher Genehmigung der<br \/>S &amp; D Verlag GmbH<\/figcaption><\/figure>\n","protected":false},"excerpt":{"rendered":"<p>Du bist, was du isst &#8211; Mens sana in corpore sano (lat.: ein gesunder Geist in einem gesunden K\u00f6rper) Wir m\u00f6chten Ihnen mit unserer Rezeptreihe Anregungen geben, die eine gesunde Ern\u00e4hrung unterst\u00fctzen. Wir hoffen, es schmeckt Ihnen. Zutaten: 1 gr\u00fcner Salat (gemischt mit Feldsalat, L\u00f6wenzahn oder Spinat) 1 Orange 1 Bund Radieschen 1 rote Zwiebel [&hellip;]<\/p>\n","protected":false},"author":1,"featured_media":0,"comment_status":"open","ping_status":"open","sticky":false,"template":"","format":"standard","meta":{"jetpack_post_was_ever_published":false,"_jetpack_newsletter_access":"","_jetpack_dont_email_post_to_subs":false,"_jetpack_newsletter_tier_id":0,"_jetpack_memberships_contains_paywalled_content":false,"_jetpack_memberships_contains_paid_content":false,"footnotes":""},"categories":[405,360],"tags":[239,361],"class_list":["post-2706","post","type-post","status-publish","format-standard","hentry","category-kraeuter-gewuerze","category-rezept","tag-ernaehrung","tag-salat","has-post-title","has-post-date","has-post-category","has-post-tag","has-post-comment","has-post-author",""],"jetpack_featured_media_url":"","jetpack-related-posts":[{"id":3308,"url":"https:\/\/www.flora-pharm.de\/blog\/esst-mehr-salat\/","url_meta":{"origin":2706,"position":0},"title":"Esst mehr Salat","author":"Flora Team","date":"30. Juni 2016","format":false,"excerpt":"Zehn Tipps f\u00fcr k\u00f6stliche Salate Alle Salatzutaten sollten Sie erst putzen und waschen, wenn sie auch gleich gemischt werden. Das schont die Vitamine und hindert sch\u00e4dliche Keime am Sprie\u00dfen. Salatzutaten m\u00fcssen trocken sein, sonst wird das Dressing w\u00e4ssrig. Deshalb Gem\u00fcse f\u00fcr Rohkost nach dem Waschen abtrocknen, Blattsalat in der Salatschleuder\u2026","rel":"","context":"In &quot;Rezept&quot;","block_context":{"text":"Rezept","link":"https:\/\/www.flora-pharm.de\/blog\/category\/rezept\/"},"img":{"alt_text":"","src":"https:\/\/i0.wp.com\/www.flora-pharm.de\/blog\/wp-content\/uploads\/2016\/06\/esst%20mehr%20salat.jpg?resize=350%2C200&ssl=1","width":350,"height":200,"srcset":"https:\/\/i0.wp.com\/www.flora-pharm.de\/blog\/wp-content\/uploads\/2016\/06\/esst%20mehr%20salat.jpg?resize=350%2C200&ssl=1 1x, https:\/\/i0.wp.com\/www.flora-pharm.de\/blog\/wp-content\/uploads\/2016\/06\/esst%20mehr%20salat.jpg?resize=525%2C300&ssl=1 1.5x, https:\/\/i0.wp.com\/www.flora-pharm.de\/blog\/wp-content\/uploads\/2016\/06\/esst%20mehr%20salat.jpg?resize=700%2C400&ssl=1 2x"},"classes":[]},{"id":3172,"url":"https:\/\/www.flora-pharm.de\/blog\/bunte-cremige-smoothies\/","url_meta":{"origin":2706,"position":1},"title":"Bunte cremige SMOOTHIES","author":"Flora Team","date":"8. April 2016","format":false,"excerpt":"Lecker, gesund und schnell gemacht! Aromatische, frische Mixgetr\u00e4nke aus cremig p\u00fcriertem saisonalem Obst und Gem\u00fcse, mit oder ohne Milchprodukte, werden Smoothies genannt. Den Namen haben die Mixgetr\u00e4nke aufgrund ihrer besonders s\u00e4migen (engl. \u201esmooth\u201c) Konsistenz erhalten. Sie sind dickfl\u00fcssiger als Fruchts\u00e4fte und nur kurze Zeit haltbar. Ein richtiger Smoothie muss den\u2026","rel":"","context":"In &quot;Rezept&quot;","block_context":{"text":"Rezept","link":"https:\/\/www.flora-pharm.de\/blog\/category\/rezept\/"},"img":{"alt_text":"Mit freundlicher Genehmigung der S & D Verlag GmbH. Das komplette Naturheilkunde und Gesundheit Heft bekommen Sie auch bei uns in der Apotheke.","src":"https:\/\/i0.wp.com\/www.flora-pharm.de\/blog\/wp-content\/uploads\/2016\/04\/naturheilkunde-und-gesundheit-cover-04-2016-225x300.jpg?resize=350%2C200&ssl=1","width":350,"height":200},"classes":[]},{"id":3530,"url":"https:\/\/www.flora-pharm.de\/blog\/so-schmeckt-der-herbst\/","url_meta":{"origin":2706,"position":2},"title":"So schmeckt der Herbst!","author":"Flora Team","date":"12. Oktober 2016","format":false,"excerpt":"Bunt und vielf\u00e4ltig ist nun das Gem\u00fcse- und Obstangebot. \u00a0 Duftende Quitten Goldgelbe Quitten enthalten reichlich Kalium, Vitamin C, Vitamine der B-Gruppe, \u00e4therische \u00d6le, Fruchts\u00e4uren, Gerbs\u00e4uren, Ballaststoffe (Pektine) und Schleimstoffe. Durch die Quellwirkung der Pektine k\u00f6nnen Giftstoffe und Cholesterin im Darm gebunden werden. Quitten besitzen gro\u00dfe Heilkraft! Sie st\u00e4rken die\u2026","rel":"","context":"In &quot;Rezept&quot;","block_context":{"text":"Rezept","link":"https:\/\/www.flora-pharm.de\/blog\/category\/rezept\/"},"img":{"alt_text":"","src":"https:\/\/i0.wp.com\/www.flora-pharm.de\/blog\/wp-content\/uploads\/2016\/10\/so%20schmeckt%20der%20herbst.jpg?resize=350%2C200&ssl=1","width":350,"height":200,"srcset":"https:\/\/i0.wp.com\/www.flora-pharm.de\/blog\/wp-content\/uploads\/2016\/10\/so%20schmeckt%20der%20herbst.jpg?resize=350%2C200&ssl=1 1x, https:\/\/i0.wp.com\/www.flora-pharm.de\/blog\/wp-content\/uploads\/2016\/10\/so%20schmeckt%20der%20herbst.jpg?resize=525%2C300&ssl=1 1.5x, https:\/\/i0.wp.com\/www.flora-pharm.de\/blog\/wp-content\/uploads\/2016\/10\/so%20schmeckt%20der%20herbst.jpg?resize=700%2C400&ssl=1 2x"},"classes":[]},{"id":2968,"url":"https:\/\/www.flora-pharm.de\/blog\/weisser-bohnensalat\/","url_meta":{"origin":2706,"position":3},"title":"Wei\u00dfer Bohnensalat","author":"Flora Team","date":"10. November 2015","format":false,"excerpt":"Ein s\u00e4ttigender Salat, hier ausgelegt auf vier Portionen. Zutaten: 250 g wei\u00dfe Bohnen 1 rote Zwiebel 1 Fleischtomate 1 gelbe Paprika 2 EL Essig 6 EL Oliven\u00f6l Kr\u00e4uter der Provence Salz, Pfeffer Zubereitung: Die Bohnen \u00fcber Nacht in reichlich Wasser einweichen. In frischem Wasser zum Kochen bringen und etwa 50\u2026","rel":"","context":"In &quot;Rezept&quot;","block_context":{"text":"Rezept","link":"https:\/\/www.flora-pharm.de\/blog\/category\/rezept\/"},"img":{"alt_text":"Mit freundlicher Genehmigung der S & D Verlag GmbH. Das komplette Heft bekommen Sie auch bei uns in der Apotheke.","src":"https:\/\/i0.wp.com\/www.flora-pharm.de\/blog\/wp-content\/uploads\/2015\/11\/cover-NuG-11-2015-225x300.jpg?resize=350%2C200&ssl=1","width":350,"height":200},"classes":[]},{"id":8205,"url":"https:\/\/www.flora-pharm.de\/blog\/salat-aus-gebratenem-spargel\/","url_meta":{"origin":2706,"position":4},"title":"Salat aus gebratenem Spargel","author":"Flora Team","date":"27. April 2022","format":false,"excerpt":"Es ist Spargelsaison. Wir haben einen leckeren Rezept-Tipp f\u00fcr Sie, ein Salat aus gebratenem Spargel. Probieren Sie es einfach mal aus.","rel":"","context":"In &quot;Rezept&quot;","block_context":{"text":"Rezept","link":"https:\/\/www.flora-pharm.de\/blog\/category\/rezept\/"},"img":{"alt_text":"Rezept Salat aus gebratenem Spargel","src":"https:\/\/i0.wp.com\/www.flora-pharm.de\/blog\/wp-content\/uploads\/2022\/04\/spargelsalat.jpg?resize=350%2C200&ssl=1","width":350,"height":200,"srcset":"https:\/\/i0.wp.com\/www.flora-pharm.de\/blog\/wp-content\/uploads\/2022\/04\/spargelsalat.jpg?resize=350%2C200&ssl=1 1x, https:\/\/i0.wp.com\/www.flora-pharm.de\/blog\/wp-content\/uploads\/2022\/04\/spargelsalat.jpg?resize=525%2C300&ssl=1 1.5x, https:\/\/i0.wp.com\/www.flora-pharm.de\/blog\/wp-content\/uploads\/2022\/04\/spargelsalat.jpg?resize=700%2C400&ssl=1 2x"},"classes":[]},{"id":3148,"url":"https:\/\/www.flora-pharm.de\/blog\/backideen-fuer-ostern\/","url_meta":{"origin":2706,"position":5},"title":"Backideen f\u00fcr Ostern","author":"Flora Team","date":"24. M\u00e4rz 2016","format":false,"excerpt":"Verw\u00f6hnen Sie Ihre Familie und G\u00e4ste... Orangentorte Zutaten: 5 Eier 120 g Honig 1 Messerspitze gemahlene Nelken 1 Messerspitze gemahlener Zimt 2 EL Orangenlik\u00f6r 250 g M\u00f6hren 250 g Mandeln, gemahlen 100 g Dinkel, gemahlen Saft einer Orange Saft einer Zitrone 1 Glas Orangenfruchtaufstrich 500 g Sahne zum Dekorieren 3\u20134\u2026","rel":"","context":"In &quot;Kalenderlexikon&quot;","block_context":{"text":"Kalenderlexikon","link":"https:\/\/www.flora-pharm.de\/blog\/category\/kalenderlexikon\/"},"img":{"alt_text":"Mit freundlicher Genehmigung der S & D Verlag GmbH. Das komplette Naturheilkunde und Gesundheit Heft bekommen Sie auch bei uns in der Apotheke.","src":"https:\/\/i0.wp.com\/www.flora-pharm.de\/blog\/wp-content\/uploads\/2016\/03\/naturheilkunde-und-gesundheit-cover-03-2016-225x300.jpg?resize=350%2C200&ssl=1","width":350,"height":200},"classes":[]}],"jetpack_sharing_enabled":true,"_links":{"self":[{"href":"https:\/\/www.flora-pharm.de\/blog\/wp-json\/wp\/v2\/posts\/2706","targetHints":{"allow":["GET"]}}],"collection":[{"href":"https:\/\/www.flora-pharm.de\/blog\/wp-json\/wp\/v2\/posts"}],"about":[{"href":"https:\/\/www.flora-pharm.de\/blog\/wp-json\/wp\/v2\/types\/post"}],"author":[{"embeddable":true,"href":"https:\/\/www.flora-pharm.de\/blog\/wp-json\/wp\/v2\/users\/1"}],"replies":[{"embeddable":true,"href":"https:\/\/www.flora-pharm.de\/blog\/wp-json\/wp\/v2\/comments?post=2706"}],"version-history":[{"count":3,"href":"https:\/\/www.flora-pharm.de\/blog\/wp-json\/wp\/v2\/posts\/2706\/revisions"}],"predecessor-version":[{"id":2735,"href":"https:\/\/www.flora-pharm.de\/blog\/wp-json\/wp\/v2\/posts\/2706\/revisions\/2735"}],"wp:attachment":[{"href":"https:\/\/www.flora-pharm.de\/blog\/wp-json\/wp\/v2\/media?parent=2706"}],"wp:term":[{"taxonomy":"category","embeddable":true,"href":"https:\/\/www.flora-pharm.de\/blog\/wp-json\/wp\/v2\/categories?post=2706"},{"taxonomy":"post_tag","embeddable":true,"href":"https:\/\/www.flora-pharm.de\/blog\/wp-json\/wp\/v2\/tags?post=2706"}],"curies":[{"name":"wp","href":"https:\/\/api.w.org\/{rel}","templated":true}]}}