{"id":2885,"date":"2015-09-07T10:52:43","date_gmt":"2015-09-07T08:52:43","guid":{"rendered":"http:\/\/www.flora-pharm.de\/blog\/?p=2885"},"modified":"2016-01-13T15:15:46","modified_gmt":"2016-01-13T14:15:46","slug":"windbeutel-mit-brombeeren","status":"publish","type":"post","link":"https:\/\/www.flora-pharm.de\/blog\/windbeutel-mit-brombeeren\/","title":{"rendered":"Windbeutel mit Brombeeren"},"content":{"rendered":"<p><strong>Zutaten Windbeutel:<\/strong><br \/>\n1\/8 l Sahne<br \/>\n1\/8 l Wasser<br \/>\n60 g Butter<br \/>\n1 Prise Salz<br \/>\n150 g Dinkel, gemahlen<br \/>\n3 Eier<br \/>\n1 EL Honig<br \/>\n1 Messerspitze gemahlene Vanille<br \/>\n1 TL Weinsteinbackpulver<\/p>\n<p><strong>Zutaten F\u00fcllung:<\/strong><br \/>\n250 g Brombeeren<br \/>\n1 EL Honig<br \/>\n200 g Sahne<\/p>\n<p>&nbsp;<\/p>\n<p><strong>Zubereitung:<\/strong><\/p>\n<p>Sahne-Wassergemisch mit Butter und Salz aufkochen. Das Dinkelmehl auf einmal hineinsch\u00fctten und alles schnell zu einem glatten Klo\u00df verr\u00fchren, weiterf\u00fchren, bis sich der Teig vom Topfboden l\u00f6st. Den Topf vom Herd nehmen, Teig etwas abk\u00fchlen lassen und ein Ei nach dem anderen sowie den Honig und die Vanille unterr\u00fchren. Anschlie\u00dfend den Brandteig bei Zimmertemperatur ca. 30 Minuten quellen lassen und das Backpulver unterr\u00fchren.<\/p>\n<p>&nbsp;<\/p>\n<p>Mithilfe von zwei Essl\u00f6ffeln kleine Teigh\u00e4ufchen auf ein gefettetes Backblech setzen, dabei gen\u00fcgend Abstand halten. Bei 180 Grad ca. 25 Minuten backen. W\u00e4hrend der ersten 20 Minuten darf der Backofen nicht ge\u00f6ffnet werden, sonst f\u00e4llt das Geb\u00e4ck zusammen. Nach dem Abk\u00fchlen aufschneiden. F\u00fcr die F\u00fcllung die Brombeeren waschen und mit Honig und der steif geschlagenen Sahne vermischen.<\/p>\n<p>&nbsp;<\/p>\n<p><strong>Tipp:<\/strong> Die F\u00fcllung erst kurz vor dem Servieren in die aufgeschnittenen Windbeutel geben, sonst weicht das Geb\u00e4ck durch.<\/p>\n<p>&nbsp;<\/p>\n<p>Weitere Rezepte in unserem Blog finden Sie unter dem Schlagwort \u201e<a href=\"https:\/\/www.flora-pharm.de\/blog\/category\/rezept\/\">Rezept<\/a>\u201c.<\/p>\n<figure id=\"attachment_2886\" aria-describedby=\"caption-attachment-2886\" style=\"width: 225px\" class=\"wp-caption alignleft\"><a href=\"https:\/\/www.flora-pharm.de\/blog\/wp-content\/uploads\/2015\/09\/NuG-09-2015-cover.jpg\"><img loading=\"lazy\" decoding=\"async\" data-attachment-id=\"2886\" data-permalink=\"https:\/\/www.flora-pharm.de\/blog\/windbeutel-mit-brombeeren\/linke-seite-4\/\" data-orig-file=\"https:\/\/www.flora-pharm.de\/blog\/wp-content\/uploads\/2015\/09\/NuG-09-2015-cover.jpg\" data-orig-size=\"450,600\" data-comments-opened=\"1\" data-image-meta=\"{&quot;aperture&quot;:&quot;0&quot;,&quot;credit&quot;:&quot;&quot;,&quot;camera&quot;:&quot;&quot;,&quot;caption&quot;:&quot;&quot;,&quot;created_timestamp&quot;:&quot;0&quot;,&quot;copyright&quot;:&quot;&quot;,&quot;focal_length&quot;:&quot;0&quot;,&quot;iso&quot;:&quot;0&quot;,&quot;shutter_speed&quot;:&quot;0&quot;,&quot;title&quot;:&quot;Linke Seite&quot;,&quot;orientation&quot;:&quot;1&quot;}\" data-image-title=\"Linke Seite\" data-image-description=\"\" data-image-caption=\"\" data-large-file=\"https:\/\/www.flora-pharm.de\/blog\/wp-content\/uploads\/2015\/09\/NuG-09-2015-cover.jpg\" class=\"wp-image-2886 size-medium\" src=\"https:\/\/www.flora-pharm.de\/blog\/wp-content\/uploads\/2015\/09\/NuG-09-2015-cover-225x300.jpg\" alt=\"Linke Seite\" width=\"225\" height=\"300\" srcset=\"https:\/\/www.flora-pharm.de\/blog\/wp-content\/uploads\/2015\/09\/NuG-09-2015-cover-225x300.jpg 225w, https:\/\/www.flora-pharm.de\/blog\/wp-content\/uploads\/2015\/09\/NuG-09-2015-cover.jpg 450w\" sizes=\"auto, (max-width: 225px) 100vw, 225px\" \/><\/a><figcaption id=\"caption-attachment-2886\" class=\"wp-caption-text\">Mit freundlicher Genehmigung der S &amp; D Verlag GmbH. Das komplette Heft bekommen Sie auch bei uns in der Apotheke.<\/figcaption><\/figure>\n","protected":false},"excerpt":{"rendered":"<p>Zutaten Windbeutel: 1\/8 l Sahne 1\/8 l Wasser 60 g Butter 1 Prise Salz 150 g Dinkel, gemahlen 3 Eier 1 EL Honig 1 Messerspitze gemahlene Vanille 1 TL Weinsteinbackpulver Zutaten F\u00fcllung: 250 g Brombeeren 1 EL Honig 200 g Sahne &nbsp; Zubereitung: Sahne-Wassergemisch mit Butter und Salz aufkochen. Das Dinkelmehl auf einmal hineinsch\u00fctten und [&hellip;]<\/p>\n","protected":false},"author":1,"featured_media":0,"comment_status":"open","ping_status":"open","sticky":false,"template":"","format":"standard","meta":{"jetpack_post_was_ever_published":false,"_jetpack_newsletter_access":"","_jetpack_dont_email_post_to_subs":false,"_jetpack_newsletter_tier_id":0,"_jetpack_memberships_contains_paywalled_content":false,"_jetpack_memberships_contains_paid_content":false,"footnotes":""},"categories":[360],"tags":[422],"class_list":["post-2885","post","type-post","status-publish","format-standard","hentry","category-rezept","tag-naturheilkunde-und-gesundheit","has-post-title","has-post-date","has-post-category","has-post-tag","has-post-comment","has-post-author",""],"jetpack_featured_media_url":"","jetpack-related-posts":[{"id":3148,"url":"https:\/\/www.flora-pharm.de\/blog\/backideen-fuer-ostern\/","url_meta":{"origin":2885,"position":0},"title":"Backideen f\u00fcr Ostern","author":"Flora Team","date":"24. M\u00e4rz 2016","format":false,"excerpt":"Verw\u00f6hnen Sie Ihre Familie und G\u00e4ste... Orangentorte Zutaten: 5 Eier 120 g Honig 1 Messerspitze gemahlene Nelken 1 Messerspitze gemahlener Zimt 2 EL Orangenlik\u00f6r 250 g M\u00f6hren 250 g Mandeln, gemahlen 100 g Dinkel, gemahlen Saft einer Orange Saft einer Zitrone 1 Glas Orangenfruchtaufstrich 500 g Sahne zum Dekorieren 3\u20134\u2026","rel":"","context":"In &quot;Kalenderlexikon&quot;","block_context":{"text":"Kalenderlexikon","link":"https:\/\/www.flora-pharm.de\/blog\/category\/kalenderlexikon\/"},"img":{"alt_text":"Mit freundlicher Genehmigung der S & D Verlag GmbH. Das komplette Naturheilkunde und Gesundheit Heft bekommen Sie auch bei uns in der Apotheke.","src":"https:\/\/i0.wp.com\/www.flora-pharm.de\/blog\/wp-content\/uploads\/2016\/03\/naturheilkunde-und-gesundheit-cover-03-2016-225x300.jpg?resize=350%2C200&ssl=1","width":350,"height":200},"classes":[]},{"id":3530,"url":"https:\/\/www.flora-pharm.de\/blog\/so-schmeckt-der-herbst\/","url_meta":{"origin":2885,"position":1},"title":"So schmeckt der Herbst!","author":"Flora Team","date":"12. Oktober 2016","format":false,"excerpt":"Bunt und vielf\u00e4ltig ist nun das Gem\u00fcse- und Obstangebot. \u00a0 Duftende Quitten Goldgelbe Quitten enthalten reichlich Kalium, Vitamin C, Vitamine der B-Gruppe, \u00e4therische \u00d6le, Fruchts\u00e4uren, Gerbs\u00e4uren, Ballaststoffe (Pektine) und Schleimstoffe. Durch die Quellwirkung der Pektine k\u00f6nnen Giftstoffe und Cholesterin im Darm gebunden werden. Quitten besitzen gro\u00dfe Heilkraft! Sie st\u00e4rken die\u2026","rel":"","context":"In &quot;Rezept&quot;","block_context":{"text":"Rezept","link":"https:\/\/www.flora-pharm.de\/blog\/category\/rezept\/"},"img":{"alt_text":"","src":"https:\/\/i0.wp.com\/www.flora-pharm.de\/blog\/wp-content\/uploads\/2016\/10\/so%20schmeckt%20der%20herbst.jpg?resize=350%2C200&ssl=1","width":350,"height":200,"srcset":"https:\/\/i0.wp.com\/www.flora-pharm.de\/blog\/wp-content\/uploads\/2016\/10\/so%20schmeckt%20der%20herbst.jpg?resize=350%2C200&ssl=1 1x, https:\/\/i0.wp.com\/www.flora-pharm.de\/blog\/wp-content\/uploads\/2016\/10\/so%20schmeckt%20der%20herbst.jpg?resize=525%2C300&ssl=1 1.5x, https:\/\/i0.wp.com\/www.flora-pharm.de\/blog\/wp-content\/uploads\/2016\/10\/so%20schmeckt%20der%20herbst.jpg?resize=700%2C400&ssl=1 2x"},"classes":[]},{"id":153,"url":"https:\/\/www.flora-pharm.de\/blog\/adventszeit-ist-kekszeit\/","url_meta":{"origin":2885,"position":2},"title":"Adventszeit ist Kekszeit","author":"Flora Team","date":"4. Dezember 2013","format":false,"excerpt":"\u2026und jedes Kind wei\u00df, dass zum Kekse-Backen undbedingt \u00a0Zucker notwendig ist und im Zucker stecken die b\u00f6sen Kalorien. Es ist schon eine gemeine Zeit des Jahres. Aber es gibt Auswege aus dem Dilemma! Kennen Sie die Alternative Xucker? Es hat nicht nur weniger Kalorien, sondern ist sogar noch GUT f\u00fcr\u2026","rel":"","context":"In &quot;Flora Apotheke&quot;","block_context":{"text":"Flora Apotheke","link":"https:\/\/www.flora-pharm.de\/blog\/category\/flora-apotheke\/"},"img":{"alt_text":"","src":"https:\/\/i0.wp.com\/www.flora-pharm.de\/blog\/wp-content\/uploads\/2013\/12\/schaukasten-xucker-rezept.jpg?resize=350%2C200&ssl=1","width":350,"height":200,"srcset":"https:\/\/i0.wp.com\/www.flora-pharm.de\/blog\/wp-content\/uploads\/2013\/12\/schaukasten-xucker-rezept.jpg?resize=350%2C200&ssl=1 1x, https:\/\/i0.wp.com\/www.flora-pharm.de\/blog\/wp-content\/uploads\/2013\/12\/schaukasten-xucker-rezept.jpg?resize=525%2C300&ssl=1 1.5x, https:\/\/i0.wp.com\/www.flora-pharm.de\/blog\/wp-content\/uploads\/2013\/12\/schaukasten-xucker-rezept.jpg?resize=700%2C400&ssl=1 2x"},"classes":[]},{"id":2741,"url":"https:\/\/www.flora-pharm.de\/blog\/erdbeerbecher\/","url_meta":{"origin":2885,"position":3},"title":"Erdbeerbecher","author":"Flora Team","date":"17. Juni 2015","format":false,"excerpt":"Zutaten: 250 g reife Erdbeeren 120 g Magerquark 2 EL Honig 1 TL Zitronensaft 1 Messerspitze gemahlene Vanille 120 g Sahne Erdbeeren zum Dekorieren \u00a0 Zubereitung: Erdbeeren waschen, putzen und in St\u00fccke schneiden. Die H\u00e4lfte der Erdbeeren mit Quark und einem Essl\u00f6ffel Honig im Mixer oder mit dem P\u00fcrierstab p\u00fcrieren.\u2026","rel":"","context":"In &quot;Rezept&quot;","block_context":{"text":"Rezept","link":"https:\/\/www.flora-pharm.de\/blog\/category\/rezept\/"},"img":{"alt_text":"Mit freundlicher Genehmigung der S & D Verlag GmbH","src":"https:\/\/i0.wp.com\/www.flora-pharm.de\/blog\/wp-content\/uploads\/2015\/06\/NuG-06-2015-cover-225x300.jpg?resize=350%2C200&ssl=1","width":350,"height":200},"classes":[]},{"id":3680,"url":"https:\/\/www.flora-pharm.de\/blog\/suesse-fruechte\/","url_meta":{"origin":2885,"position":4},"title":"S\u00fc\u00dfe Fr\u00fcchte","author":"Flora Team","date":"9. Dezember 2016","format":false,"excerpt":"Getrocknete Aprikosen, Pflaumen, \u00c4pfel, Datteln oder Sultaninen sind ein gesunder Genuss! S\u00fc\u00dfe getrocknete Fr\u00fcchte schmecken pur als Snack, in M\u00fcsliriegeln, M\u00fcsli oder Fruchtschnitten und nat\u00fcrlich im Weihnachtsgeb\u00e4ck. \u00a0 D\u00f6rren und Trocknen ist eine der \u00e4ltesten Konservierungsarten. Durch D\u00f6rren bzw. Trocknen an der Sonne, im D\u00f6rrger\u00e4t oder im Ofen bei m\u00e4\u00dfigen\u2026","rel":"","context":"In &quot;Rezept&quot;","block_context":{"text":"Rezept","link":"https:\/\/www.flora-pharm.de\/blog\/category\/rezept\/"},"img":{"alt_text":"","src":"https:\/\/i0.wp.com\/www.flora-pharm.de\/blog\/wp-content\/uploads\/2016\/12\/suesse-fruechte%2Bweihnachtsgebaeck.jpg?resize=350%2C200&ssl=1","width":350,"height":200,"srcset":"https:\/\/i0.wp.com\/www.flora-pharm.de\/blog\/wp-content\/uploads\/2016\/12\/suesse-fruechte%2Bweihnachtsgebaeck.jpg?resize=350%2C200&ssl=1 1x, https:\/\/i0.wp.com\/www.flora-pharm.de\/blog\/wp-content\/uploads\/2016\/12\/suesse-fruechte%2Bweihnachtsgebaeck.jpg?resize=525%2C300&ssl=1 1.5x, https:\/\/i0.wp.com\/www.flora-pharm.de\/blog\/wp-content\/uploads\/2016\/12\/suesse-fruechte%2Bweihnachtsgebaeck.jpg?resize=700%2C400&ssl=1 2x"},"classes":[]},{"id":3905,"url":"https:\/\/www.flora-pharm.de\/blog\/low-carb-oder-besser-no-carb\/","url_meta":{"origin":2885,"position":5},"title":"Low Carb oder besser No Carb?","author":"Flora Team","date":"1. M\u00e4rz 2017","format":false,"excerpt":"Kennen Sie den Unterschied zwischen der kohlenhydratreduzierten (Low Carb) und der ketogenen Ern\u00e4hrung (No Carb)? Der folgende Beitrag stammt von einer gesch\u00e4tzten Gast-Autorin, der Heilpraktikerin Dr. Annette Pitzer. Am Fu\u00dfe des Artikels haben wir erg\u00e4nzend noch einige Low Carb Rezepte f\u00fcr Sie gesammelt. Kohlenhydratreduktion, heute als Low Carb Ern\u00e4hrung bekannt,\u2026","rel":"","context":"In &quot;Flora Apotheke&quot;","block_context":{"text":"Flora Apotheke","link":"https:\/\/www.flora-pharm.de\/blog\/category\/flora-apotheke\/"},"img":{"alt_text":"","src":"https:\/\/i0.wp.com\/www.flora-pharm.de\/blog\/wp-content\/uploads\/2017\/01\/low-carb_no-carb.jpg?resize=350%2C200&ssl=1","width":350,"height":200,"srcset":"https:\/\/i0.wp.com\/www.flora-pharm.de\/blog\/wp-content\/uploads\/2017\/01\/low-carb_no-carb.jpg?resize=350%2C200&ssl=1 1x, https:\/\/i0.wp.com\/www.flora-pharm.de\/blog\/wp-content\/uploads\/2017\/01\/low-carb_no-carb.jpg?resize=525%2C300&ssl=1 1.5x, https:\/\/i0.wp.com\/www.flora-pharm.de\/blog\/wp-content\/uploads\/2017\/01\/low-carb_no-carb.jpg?resize=700%2C400&ssl=1 2x"},"classes":[]}],"jetpack_sharing_enabled":true,"_links":{"self":[{"href":"https:\/\/www.flora-pharm.de\/blog\/wp-json\/wp\/v2\/posts\/2885","targetHints":{"allow":["GET"]}}],"collection":[{"href":"https:\/\/www.flora-pharm.de\/blog\/wp-json\/wp\/v2\/posts"}],"about":[{"href":"https:\/\/www.flora-pharm.de\/blog\/wp-json\/wp\/v2\/types\/post"}],"author":[{"embeddable":true,"href":"https:\/\/www.flora-pharm.de\/blog\/wp-json\/wp\/v2\/users\/1"}],"replies":[{"embeddable":true,"href":"https:\/\/www.flora-pharm.de\/blog\/wp-json\/wp\/v2\/comments?post=2885"}],"version-history":[{"count":1,"href":"https:\/\/www.flora-pharm.de\/blog\/wp-json\/wp\/v2\/posts\/2885\/revisions"}],"predecessor-version":[{"id":2888,"href":"https:\/\/www.flora-pharm.de\/blog\/wp-json\/wp\/v2\/posts\/2885\/revisions\/2888"}],"wp:attachment":[{"href":"https:\/\/www.flora-pharm.de\/blog\/wp-json\/wp\/v2\/media?parent=2885"}],"wp:term":[{"taxonomy":"category","embeddable":true,"href":"https:\/\/www.flora-pharm.de\/blog\/wp-json\/wp\/v2\/categories?post=2885"},{"taxonomy":"post_tag","embeddable":true,"href":"https:\/\/www.flora-pharm.de\/blog\/wp-json\/wp\/v2\/tags?post=2885"}],"curies":[{"name":"wp","href":"https:\/\/api.w.org\/{rel}","templated":true}]}}