{"id":2893,"date":"2015-09-10T10:52:03","date_gmt":"2015-09-10T08:52:03","guid":{"rendered":"http:\/\/www.flora-pharm.de\/blog\/?p=2893"},"modified":"2015-09-10T11:53:20","modified_gmt":"2015-09-10T09:53:20","slug":"cocktailzeit-das-schmeckt-auch-alkoholfrei","status":"publish","type":"post","link":"https:\/\/www.flora-pharm.de\/blog\/cocktailzeit-das-schmeckt-auch-alkoholfrei\/","title":{"rendered":"Cocktailzeit? Das schmeckt auch alkoholfrei."},"content":{"rendered":"<p>Der gesunde Menschenverstand sollte ausreichen, die negativen Folgen des Alkoholkonsums ernst zu nehmen. Dennoch wird zu oft zu viel Alkohol getrunken. Die Gr\u00fcnde und Ausreden sind so vielf\u00e4ltig wie kaum etwas anderes. Au\u00dferdem sollen auch die Autofahrer einen ad\u00e4quaten sommerlichen Drink genie\u00dfen k\u00f6nnen.<\/p>\n<p>Nun wollen wir uns nicht mit erhobenem Zeigefinger hinstellen (wir haben hier im Blog das Thema auch bereits mehrfach aufgegriffen: <a href=\"https:\/\/www.flora-pharm.de\/blog\/tag\/alkohol\/\">https:\/\/www.flora-pharm.de\/blog\/tag\/alkohol\/<\/a>), vielmehr ist uns eine charmante Rezeptsammlung sch\u00f6ner alkoholfreier Getr\u00e4nke \u00fcber den Weg gelaufen, die als Ideengeber vielleicht den einen oder anderen alkoholischen Drink nicht nur ersetzen k\u00f6nnen sondern auch den eigentlichen Grund daf\u00fcr bestens bedienen, n\u00e4mlich einen s\u00fcffigen, erfrischenden und gaumenkitzelnden Genuss bei sommerlichen Temperaturen und geselligen Gespr\u00e4chen zu bieten: <a href=\"http:\/\/www.kenn-dein-limit.info\/rezepte-fuer-alkoholfreies.html\" rel=\"nofollow\">www.kenn-dein-limit.info\/rezepte-fuer-alkoholfreies.html<\/a><\/p>\n<p>&nbsp;<\/p>\n<h2>Flora Coconut Sunrise<\/h2>\n<p>Und unsere eigene Komposition, den &#8222;Flora Coconut Sunrise&#8220;, m\u00f6chten wir Ihnen auch nicht vorenthalten:<\/p>\n<p><u>Zutaten:<\/u><br \/>\n40ml Orangensaft<br \/>\n40ml Ananassaft<br \/>\n20ml Sahne<br \/>\n20ml Kokosnuss Milch<br \/>\n15ml Grenadine<br \/>\nAnanas und Cocktailkirsche zum Garnieren<\/p>\n<p>Bis auf den Grenadine alle Zutaten mit Eisw\u00fcrfeln im Shaker gut sch\u00fctteln und in ein Tropical Glas (es geht auch mit einem normalen Glas) mit Crushed Ice abseihen. Nun vorsichtig die Grenadine floaten (einlaufen lassen \u2013 Sunrise-Effekt), garnieren, servieren und den exotischen Flair genie\u00dfen.<\/p>\n<p>Das Flora Team sagt: Prost!<\/p>\n<p>&nbsp;<\/p>\n<p>PS: Wenn aber doch Alkohol konsumiert wird, achten Sie auf sich und darauf kein Fahrzeug zu f\u00fchren. Achten Sie auch auf Ihre Freunde\u2026<\/p>\n","protected":false},"excerpt":{"rendered":"<p>Der gesunde Menschenverstand sollte ausreichen, die negativen Folgen des Alkoholkonsums ernst zu nehmen. Dennoch wird zu oft zu viel Alkohol getrunken. Die Gr\u00fcnde und Ausreden sind so vielf\u00e4ltig wie kaum etwas anderes. Au\u00dferdem sollen auch die Autofahrer einen ad\u00e4quaten sommerlichen Drink genie\u00dfen k\u00f6nnen. Nun wollen wir uns nicht mit erhobenem Zeigefinger hinstellen (wir haben hier [&hellip;]<\/p>\n","protected":false},"author":1,"featured_media":2894,"comment_status":"open","ping_status":"open","sticky":false,"template":"","format":"standard","meta":{"jetpack_post_was_ever_published":false,"_jetpack_newsletter_access":"","_jetpack_dont_email_post_to_subs":false,"_jetpack_newsletter_tier_id":0,"_jetpack_memberships_contains_paywalled_content":false,"_jetpack_memberships_contains_paid_content":false,"footnotes":""},"categories":[360],"tags":[134],"class_list":["post-2893","post","type-post","status-publish","format-standard","has-post-thumbnail","hentry","category-rezept","tag-alkohol","has-post-title","has-post-date","has-post-category","has-post-tag","has-post-comment","has-post-author",""],"jetpack_featured_media_url":"https:\/\/www.flora-pharm.de\/blog\/wp-content\/uploads\/2015\/09\/non-alc-drink.jpg","jetpack-related-posts":[{"id":3741,"url":"https:\/\/www.flora-pharm.de\/blog\/phytopharmaka-fuer-kinder-mit-alkoholgehalt\/","url_meta":{"origin":2893,"position":0},"title":"Phytopharmaka f\u00fcr Kinder &#8211; mit Alkoholgehalt?","author":"Flora Team","date":"11. Januar 2017","format":false,"excerpt":"Phytopharmaka sind Arzneimittel pflanzlichen Ursprungs und sind eher Vielstoffgemische, die aus vielen Substanzen bestehen k\u00f6nnen. Es sind Naturprodukte, auf die von Heilpraktikern und Eltern gerade bei Magen-Darm-Erkrankungen oder bei Erk\u00e4ltungen und insbesondere bei Kindern als sanfte Ma\u00dfnahme gern zur\u00fcckgegriffen wird. In nicht wenigen Mitteln findet der aufmerksame Beipackzettel-Leser den Bestandteil\u2026","rel":"","context":"In &quot;Wissenswert&quot;","block_context":{"text":"Wissenswert","link":"https:\/\/www.flora-pharm.de\/blog\/category\/wissenswert\/"},"img":{"alt_text":"","src":"","width":0,"height":0},"classes":[]},{"id":6002,"url":"https:\/\/www.flora-pharm.de\/blog\/fastenzeit-40-tage-verzicht\/","url_meta":{"origin":2893,"position":1},"title":"Fastenzeit &#8211; 40 Tage Verzicht","author":"Flora Team","date":"4. M\u00e4rz 2019","format":false,"excerpt":"Am Aschermittwoch beginnt die Fastenzeit 2019 (06.03. bis 18.04.19 \u2013 nicht zu verwechseln mit dem Ramadan: 05.05. bis 04.06.2019). Immer mehr Menschen sind bereit, 40 Tage lang einer lieb gewonnenen Gewohnheit oder sogar mehreren lieb gewonnenen Gewohnheiten zu entsagen, nicht mehr nur dem Essen. Worauf sind die meisten bereit zu\u2026","rel":"","context":"In &quot;Wissenswert&quot;","block_context":{"text":"Wissenswert","link":"https:\/\/www.flora-pharm.de\/blog\/category\/wissenswert\/"},"img":{"alt_text":"Fastenzeit 2019 beginnt Aschermittwoch","src":"https:\/\/i0.wp.com\/www.flora-pharm.de\/blog\/wp-content\/uploads\/2019\/02\/fastenzeit-2019.jpg?resize=350%2C200&ssl=1","width":350,"height":200,"srcset":"https:\/\/i0.wp.com\/www.flora-pharm.de\/blog\/wp-content\/uploads\/2019\/02\/fastenzeit-2019.jpg?resize=350%2C200&ssl=1 1x, https:\/\/i0.wp.com\/www.flora-pharm.de\/blog\/wp-content\/uploads\/2019\/02\/fastenzeit-2019.jpg?resize=525%2C300&ssl=1 1.5x, https:\/\/i0.wp.com\/www.flora-pharm.de\/blog\/wp-content\/uploads\/2019\/02\/fastenzeit-2019.jpg?resize=700%2C400&ssl=1 2x"},"classes":[]},{"id":7834,"url":"https:\/\/www.flora-pharm.de\/blog\/kombucha-geheimnis-des-superfoods\/","url_meta":{"origin":2893,"position":2},"title":"Kombucha \u2013 Geheimnis des Superfoods","author":"Flora Team","date":"16. August 2021","format":false,"excerpt":"Kombucha ist ein Getr\u00e4nk aus vergorenem Teepilz: Vitalisierend, gesundheitsf\u00f6rdernd, heilend - Was ist dran am Foodtrend, und wie gesund ist Kombucha wirklich?","rel":"","context":"In &quot;Wissenswert&quot;","block_context":{"text":"Wissenswert","link":"https:\/\/www.flora-pharm.de\/blog\/category\/wissenswert\/"},"img":{"alt_text":"Kombucha","src":"https:\/\/i0.wp.com\/www.flora-pharm.de\/blog\/wp-content\/uploads\/2021\/08\/kombucha.jpg?resize=350%2C200&ssl=1","width":350,"height":200,"srcset":"https:\/\/i0.wp.com\/www.flora-pharm.de\/blog\/wp-content\/uploads\/2021\/08\/kombucha.jpg?resize=350%2C200&ssl=1 1x, https:\/\/i0.wp.com\/www.flora-pharm.de\/blog\/wp-content\/uploads\/2021\/08\/kombucha.jpg?resize=525%2C300&ssl=1 1.5x, https:\/\/i0.wp.com\/www.flora-pharm.de\/blog\/wp-content\/uploads\/2021\/08\/kombucha.jpg?resize=700%2C400&ssl=1 2x"},"classes":[]},{"id":5639,"url":"https:\/\/www.flora-pharm.de\/blog\/hier-lauern-die-meisten-krankheitskeime\/","url_meta":{"origin":2893,"position":3},"title":"Hier lauern die meisten Krankheitskeime","author":"Flora Team","date":"4. Januar 2019","format":false,"excerpt":"Auf vielen Alltagsgegenst\u00e4nden lauern Keime. Das ist im normalen Tages-\/Lebensablauf nur bedingt zu \u00e4ndern aber hier und da ist es gut zu wissen","rel":"","context":"In &quot;Wissenswert&quot;","block_context":{"text":"Wissenswert","link":"https:\/\/www.flora-pharm.de\/blog\/category\/wissenswert\/"},"img":{"alt_text":"Keime im Alltag, z.B. auf Handy-Displays","src":"https:\/\/i0.wp.com\/www.flora-pharm.de\/blog\/wp-content\/uploads\/2019\/01\/krankheitskeime-lauern-im-alltag.jpg?resize=350%2C200&ssl=1","width":350,"height":200,"srcset":"https:\/\/i0.wp.com\/www.flora-pharm.de\/blog\/wp-content\/uploads\/2019\/01\/krankheitskeime-lauern-im-alltag.jpg?resize=350%2C200&ssl=1 1x, https:\/\/i0.wp.com\/www.flora-pharm.de\/blog\/wp-content\/uploads\/2019\/01\/krankheitskeime-lauern-im-alltag.jpg?resize=525%2C300&ssl=1 1.5x, https:\/\/i0.wp.com\/www.flora-pharm.de\/blog\/wp-content\/uploads\/2019\/01\/krankheitskeime-lauern-im-alltag.jpg?resize=700%2C400&ssl=1 2x"},"classes":[]},{"id":2736,"url":"https:\/\/www.flora-pharm.de\/blog\/thema-alkohol\/","url_meta":{"origin":2893,"position":4},"title":"Thema Alkohol \u2026","author":"Flora Team","date":"11. Juni 2015","format":false,"excerpt":"Wir k\u00f6nnten uns jetzt \u00fcber Sinn und noch mehr \u00fcber Unsinn des Alkoholkonsums auslassen... Stattdessen m\u00f6chten wir lieber auf die Aktionswoche Alkohol hinweisen (13. bis 21. Juni 2015). Mit dieser Aktion wird das Thema in die \u00d6ffentlichkeit getragen und versucht, die Menschen mit pers\u00f6nlicher Ansprache in ihren unterschiedlichen Lebensbereichen zu\u2026","rel":"","context":"In &quot;Veranstaltungshinweis&quot;","block_context":{"text":"Veranstaltungshinweis","link":"https:\/\/www.flora-pharm.de\/blog\/category\/veranstaltungshinweis\/"},"img":{"alt_text":"","src":"https:\/\/i0.wp.com\/www.flora-pharm.de\/blog\/wp-content\/uploads\/2015\/06\/flora-surftipp-aktionswoche-alkohol.jpg?resize=350%2C200&ssl=1","width":350,"height":200,"srcset":"https:\/\/i0.wp.com\/www.flora-pharm.de\/blog\/wp-content\/uploads\/2015\/06\/flora-surftipp-aktionswoche-alkohol.jpg?resize=350%2C200&ssl=1 1x, https:\/\/i0.wp.com\/www.flora-pharm.de\/blog\/wp-content\/uploads\/2015\/06\/flora-surftipp-aktionswoche-alkohol.jpg?resize=525%2C300&ssl=1 1.5x"},"classes":[]},{"id":3029,"url":"https:\/\/www.flora-pharm.de\/blog\/gesund-ins-neue-jahr-2016\/","url_meta":{"origin":2893,"position":5},"title":"Gesund ins neue Jahr!","author":"Flora Team","date":"31. Dezember 2015","format":false,"excerpt":"Der Jahreswechsel wird traditionsgem\u00e4\u00df ausgiebig und laut gefeiert. Wir geben Tipps, wie Sie dies unbeschadet \u00fcberstehen! \u00a0 Vern\u00fcnftig essen und trinken Nat\u00fcrlich m\u00fcssen Sie Silvester nicht ganz auf alkoholische Getr\u00e4nke verzichten. Damit der Kater am n\u00e4chsten Tag etwas milder ausf\u00e4llt, ist es ratsam, vor der Feier etwas Kr\u00e4ftiges zu essen\u2026","rel":"","context":"In &quot;Flora Apotheke&quot;","block_context":{"text":"Flora Apotheke","link":"https:\/\/www.flora-pharm.de\/blog\/category\/flora-apotheke\/"},"img":{"alt_text":"151231 regenbogen","src":"https:\/\/i0.wp.com\/www.flora-pharm.de\/blog\/wp-content\/uploads\/2015\/12\/151231-regenbogen-300x225.jpg?resize=350%2C200&ssl=1","width":350,"height":200},"classes":[]}],"jetpack_sharing_enabled":true,"_links":{"self":[{"href":"https:\/\/www.flora-pharm.de\/blog\/wp-json\/wp\/v2\/posts\/2893","targetHints":{"allow":["GET"]}}],"collection":[{"href":"https:\/\/www.flora-pharm.de\/blog\/wp-json\/wp\/v2\/posts"}],"about":[{"href":"https:\/\/www.flora-pharm.de\/blog\/wp-json\/wp\/v2\/types\/post"}],"author":[{"embeddable":true,"href":"https:\/\/www.flora-pharm.de\/blog\/wp-json\/wp\/v2\/users\/1"}],"replies":[{"embeddable":true,"href":"https:\/\/www.flora-pharm.de\/blog\/wp-json\/wp\/v2\/comments?post=2893"}],"version-history":[{"count":2,"href":"https:\/\/www.flora-pharm.de\/blog\/wp-json\/wp\/v2\/posts\/2893\/revisions"}],"predecessor-version":[{"id":2896,"href":"https:\/\/www.flora-pharm.de\/blog\/wp-json\/wp\/v2\/posts\/2893\/revisions\/2896"}],"wp:featuredmedia":[{"embeddable":true,"href":"https:\/\/www.flora-pharm.de\/blog\/wp-json\/wp\/v2\/media\/2894"}],"wp:attachment":[{"href":"https:\/\/www.flora-pharm.de\/blog\/wp-json\/wp\/v2\/media?parent=2893"}],"wp:term":[{"taxonomy":"category","embeddable":true,"href":"https:\/\/www.flora-pharm.de\/blog\/wp-json\/wp\/v2\/categories?post=2893"},{"taxonomy":"post_tag","embeddable":true,"href":"https:\/\/www.flora-pharm.de\/blog\/wp-json\/wp\/v2\/tags?post=2893"}],"curies":[{"name":"wp","href":"https:\/\/api.w.org\/{rel}","templated":true}]}}