{"id":2952,"date":"2015-10-29T09:22:33","date_gmt":"2015-10-29T08:22:33","guid":{"rendered":"http:\/\/www.flora-pharm.de\/blog\/?p=2952"},"modified":"2021-10-06T08:42:20","modified_gmt":"2021-10-06T06:42:20","slug":"beifuss","status":"publish","type":"post","link":"https:\/\/www.flora-pharm.de\/blog\/beifuss\/","title":{"rendered":"Beifu\u00df"},"content":{"rendered":"<p>Beifu\u00df (Artemisia vulgaris) w\u00e4chst wild und ist mit dem Wermut verwandt, aber milder im Geschmack. In vielen Gegenden der Welt gilt die \u201eMutter aller Kr\u00e4uter\u201c in Form von Tee, R\u00e4ucherungen oder aufgeh\u00e4ngten Str\u00e4u\u00dfen als Schutzmittel gegen Krankheiten und wilde Tiere oder als Mittel zur Reinigung und gegen Hexerei.<\/p>\n<p>Als Heilkraut wurde der Beifu\u00df fr\u00fcher auch nach oder w\u00e4hrend langer Wanderungen eingesetzt, um die F\u00fc\u00dfe nach der Anstrengung zu beleben und um die Schmerzen zu lindern, woher vermutlich auch sein Name stammt.<\/p>\n<h2>Gesundheitsplus<\/h2>\n<p>Beifu\u00df enth\u00e4lt \u00e4therische \u00d6le wie Cineol, Thujon oder Kampfer sowie Bitterstoffe und Gerbstoffe. Verwendet werden die Bl\u00fcten, die Bl\u00e4tter und die Wurzeln. Im aromatisch duftenden Einj\u00e4hrigen Beifu\u00df (Artemisia annua, s.u.) ist auch Artemisinin enthalten. Es wird nicht nur von der <a href=\"https:\/\/www.flora-pharm.de\/blog\/traditionelle-chinesische-medizin-tcm-mehr-als-akupunktur\/\">Traditionellen Chinesischen Medizin<\/a> (TCM) schon lange erfolgreich als Mittel gegen Malaria eingesetzt.<\/p>\n<p>Aufgrund der Inhaltsstoffe wirkt Beifu\u00df antibakteriell, appetitanregend, beruhigend, durchblutungsf\u00f6rdernd, galletreibend, krampfl\u00f6send, verdauungsf\u00f6rdernd und wehenf\u00f6rdernd. Dadurch hat das Kraut ein breites Anwendungsspektrum.<\/p>\n<p>Beifu\u00df gilt als traditionelles Frauenkraut mit entkrampfender Wirkung bei Unterleibs- und Menstruationsbeschwerden, aber auch bei Blasenkatarrh, chronischer Eierstockentz\u00fcndung und Ausfluss. Mit Beifu\u00df als Gew\u00fcrz kann die Verdaulichkeit \u00fcppiger Mahlzeiten verbessert werden, da enthaltene Bitterstoffe die Bildung von Magensaft und Gallenfl\u00fcssigkeit f\u00f6rdern. Ein Aufguss aus Beifu\u00dfkraut ist ein ideales Fu\u00dfbad und Beifu\u00df\u00f6l eignet sich hervorragend f\u00fcr Fu\u00dfmassagen nach einem anstrengenden Tag. Schmerzende F\u00fc\u00dfe werden dadurch warm und entspannt! Beifu\u00df wird eine entspannende Wirkung auf das Nervensystem nachgesagt und es soll gegen Schlafst\u00f6rungen, Nervosit\u00e4t und \u00c4ngste helfen. Das Heilkraut wird hier als Tee oder in einem Dufts\u00e4ckchen als Riechkraut verwendet. Die Bl\u00e4tter vom Beifu\u00df (Artemisia vulgaris) bilden gerieben und getrocknet das Moxakraut. Es ist Bestandteil der Moxa-Therapie, einer W\u00e4rmebehandlung der Akupunkturpunkte.<\/p>\n<p><strong>Achtung:<\/strong> Beifu\u00df darf nicht \u00fcberdosiert und nicht bei Fieber und in der Fr\u00fch-Schwangerschaft eingesetzt werden. Es kann auch allergische Reaktionen ausl\u00f6sen!<\/p>\n<h2>K\u00fcchentipps<\/h2>\n<p>Das aromatisch-zartbittere Gew\u00fcrz mit seinem intensiven balsamischen Geruch eignet sich besonders zum W\u00fcrzen von fetten und schweren Speisen. Es ist das traditionelle Gew\u00fcrz f\u00fcr die Weihnachtsgans. Das Kraut mit seinen knospigen Bl\u00fctenst\u00e4nden w\u00fcrzt Feta, Schmalz, Kartoffelgerichte und H\u00fclsenfr\u00fcchte. Beifu\u00df l\u00e4sst sich gut trocknen, ohne an W\u00fcrze zu verlieren, und so f\u00fcr den Winter konservieren.<\/p>\n<p>Der Duft wird besonders stark beim Zerreiben der w\u00fcrzigen Pflanzenteile freigesetzt. Interessant sind auch mit Beifu\u00df aromatisierte Essige und \u00d6le.<\/p>\n<p>Au\u00dferdem h\u00e4lt Beifu\u00df in den Schr\u00e4nken die Motten fern!<\/p>\n<p>Beifu\u00df bekommen Sie in der Natur, auf dem Markt und im Gew\u00fcrzregal. Pr\u00e4parate mit Beifu\u00df bekommen Sie nebst Beratung auch bei uns, in Ihrer <em>Flora Apotheke<\/em>!<\/p>\n<h1>Einj\u00e4hriger Beifu\u00df (Artemisia annua)<\/h1>\n<figure id=\"attachment_4412\" aria-describedby=\"caption-attachment-4412\" style=\"width: 300px\" class=\"wp-caption alignleft\"><a href=\"https:\/\/www.flora-pharm.de\/blog\/wp-content\/uploads\/2017\/09\/artemisia_annua.jpg\"><img loading=\"lazy\" decoding=\"async\" data-attachment-id=\"4412\" data-permalink=\"https:\/\/www.flora-pharm.de\/blog\/beifuss\/artemisia_annua\/\" data-orig-file=\"https:\/\/www.flora-pharm.de\/blog\/wp-content\/uploads\/2017\/09\/artemisia_annua.jpg\" data-orig-size=\"600,600\" data-comments-opened=\"1\" data-image-meta=\"{&quot;aperture&quot;:&quot;0&quot;,&quot;credit&quot;:&quot;&quot;,&quot;camera&quot;:&quot;&quot;,&quot;caption&quot;:&quot;&quot;,&quot;created_timestamp&quot;:&quot;0&quot;,&quot;copyright&quot;:&quot;&quot;,&quot;focal_length&quot;:&quot;0&quot;,&quot;iso&quot;:&quot;0&quot;,&quot;shutter_speed&quot;:&quot;0&quot;,&quot;title&quot;:&quot;&quot;,&quot;orientation&quot;:&quot;1&quot;}\" data-image-title=\"artemisia_annua\" data-image-description=\"\" data-image-caption=\"&lt;p&gt;Artemisia Annua&lt;\/p&gt;\n\" data-large-file=\"https:\/\/www.flora-pharm.de\/blog\/wp-content\/uploads\/2017\/09\/artemisia_annua.jpg\" class=\"size-medium wp-image-4412\" src=\"https:\/\/www.flora-pharm.de\/blog\/wp-content\/uploads\/2017\/09\/artemisia_annua-300x300.jpg\" alt=\"\" width=\"300\" height=\"300\" srcset=\"https:\/\/www.flora-pharm.de\/blog\/wp-content\/uploads\/2017\/09\/artemisia_annua-300x300.jpg 300w, https:\/\/www.flora-pharm.de\/blog\/wp-content\/uploads\/2017\/09\/artemisia_annua-150x150.jpg 150w, https:\/\/www.flora-pharm.de\/blog\/wp-content\/uploads\/2017\/09\/artemisia_annua.jpg 600w\" sizes=\"auto, (max-width: 300px) 100vw, 300px\" \/><\/a><figcaption id=\"caption-attachment-4412\" class=\"wp-caption-text\">Artemisia annua<\/figcaption><\/figure>\n<p><strong>Nachtrag (September 2017):<\/strong> In unserem Artikel <a href=\"https:\/\/www.flora-pharm.de\/blog\/zeit-der-kraeuterweihe\/\">Zeit der Kr\u00e4uterweihe<\/a> haben wir uns u.a. auch auf den Beifu\u00df bezogen und einige Nachfragen erhalten. Diesen m\u00f6chten wir mit einem kleinen Nachtrag zur Studienlage Rechnung tragen.<\/p>\n<p>Der oben bereits kurz erw\u00e4hnte Einj\u00e4hrige Beifu\u00df (Artemisia annua) ist nur eine Artemisia Art und ist vom gew\u00f6hnlichen Beifu\u00df (Artemisia vulgaris, s.o.) und auch dem Wermut (<em>Artemisia absinthium L.<\/em>)\u00a0 zu unterscheiden.<\/p>\n<p>Er gelangte in den 70ern zu Ruhm, da das aus ihm hergestellten Artemether bzw. Artesunat (Derivate des nat\u00fcrlichen Wirkstoffs Artemisinin) so wirksam bei Malaria helfen (gesteigertes Forschungsinteresse w\u00e4hrend des Vietnamkrieges), dass sie 1997 bzw. 2002 von der Weltgesundheitsorganisation (WHO) in die Liste der unentbehrlichen Arzneimittel aufgenommen wurden. Die Chinesin Youyou Tu isolierte und erforschte den sekund\u00e4ren Pflanzenstoff Artemisinin als erste und wurde daf\u00fcr 2015 mit dem Medizin-Nobelpreis geehrt. Sie kam auf die Idee durch das Studium altchinesischer Schriften, also der Traditionellen Chinesischen Medizin (TCM).<\/p>\n<p>Eben dort finden sich auch Hinweise auf weitere Einsatzgebiete, so wird die Pflanze recht erfolgreich gegen Parasiten, Viren, Bakterien und Pilzen sowie zur Unterst\u00fctzung des Immunsystems, zur Desinfektion, bei Verdauungsst\u00f6rungen, Gelenkbeschwerden, Hautproblemen etc. verwendet. Ja sogar bei <a href=\"https:\/\/www.flora-pharm.de\/blog\/diabetes-mellitus\/\">Diabetes<\/a> und Krebs scheint Artemisia annua erfolgversprechend Wirkung zu zeigen, insbesondere in Verbindung mit <a href=\"https:\/\/www.flora-pharm.de\/blog\/vitamin-c-der-komplementaeren-onkologie\/\">Vitamin C Hochdosistherapie<\/a> sowie <a href=\"https:\/\/www.flora-pharm.de\/blog\/tag\/eisen\/\">Eisen<\/a>gabe.<\/p>\n<p>Die Wirkung gegen Krebs ist \u00e4hnlich der gegen Malaria:<\/p>\n<blockquote><p><em>\u201eDas Geheimnis seiner Wirkung liegt dabei in seiner Reaktion mit Eisen, das sich in hohen Konzentrationen in Malariaerregern findet. Ger\u00e4t Artemisinin mit dem Eisen in Kontakt, kommt es zu einer chemischen Reaktion, durch welche freie Radikale erzeugt werden: Die eigentliche Waffe gegen die Malariaparasiten. Diese greifen die Zellmembranen an, rei\u00dfen sie f\u00f6rmlich auseinander und vernichten so die Erreger. Da auch Krebszellen gro\u00dfe Mengen an Eisen verbrauchen, um bei der Zellteilung ihre DNS reproduzieren zu k\u00f6nnen, enthalten auch sie wesentlich h\u00f6here Eisenkonzentrationen als normale Zellen. Weil sich an ihrer Oberfl\u00e4che viele Transferrin-Rezeptoren befinden, k\u00f6nnen sie besonders viel Eisen aufnehmen. Diese binden die Eisenteilchen und schleusen sie in das Zellinnere. So pumpen sich die Krebszellen regelrecht mit Eisen voll. Verabreicht man nun Artemisinin, wird die gleiche Reaktion wie bei Malaria in Gang gesetzt: Es kommt zur massiven Freisetzung von Sauerstoffradikalen in der Krebszelle, was zu ihrem Untergang f\u00fchrt.\u201c<br \/>\nQuelle: Natur &amp; Heilen 8\/2017, S. 49 <\/em><\/p><\/blockquote>\n<h3>Die breite Heilkraft wurde mittlerweile vielfach in Studien nachgewiesen.<\/h3>\n<p><strong>Studien in Bezug auf Artemisia annua und Krebs<\/strong><\/p>\n<ul>\n<li>Studie zu Brustkrebszellen:<br \/>\nStudy of Artesunate in Metastatic Breast Cancer. Efferth et al., Inter. J. Oncology 18: 767, 2001 (auch im <a href=\"http:\/\/clinicaltrials.gov\/show\/NCT00764036\" target=\"_blank\" rel=\"nofollow noopener\">Web<\/a>)<\/li>\n<li>Studie zu Geb\u00e4rmutterhalskrebs:<br \/>\nFirst Study of Oral Artenimol-R in Advanced Cervical Cancer: Clinical Benefit, Tolerability and Tumor Markers. Frans Herwig Jansen, Innocent Adoubi, Kouassi Comoe J.C., Tinne De Cnodder, Nicolas Jansen, Alexander Tschukalow and Thomas Efferth, Anticancer Research 31:4417-4422 (2011)<\/li>\n<li>Studie zur Apoptose (Selbstmord) der Krebszelle:<br \/>\nArtesunate activates mitochondrial apoptosis in breast cancer cells via iron-catalysed lysomalreactive oxygen species production. Hamacher-Brady, A. u.a., J. Biol Chem, 25.2.2011; 286 (8): 6587-6601, DOI: 10.1074\/jbc.M110.210047<\/li>\n<li>Studie zu Darmkrebs:<br \/>\nEBioMedicine. A Randomised, Double Blind, Placebo-Controlled Pilot Study of Oral Artesunate Therapy for Colorectal Cancer. Sanjeev Krishna, Senthil Ganapathi, Irina Chis Ster, Mohamed E.M. Saeed, Matt Cowan, Caroline Finlayson, Hajnalka Kovacsevics, Herwig Jansen, Peter G. Kremsner, Thomas Efferth, Devinder Kumar. 2014<\/li>\n<li>Allgemein:<br \/>\nFrom ancient herb to versatile, modern drug: Artemisia annua and artemisinin for cancer therapy. Thomas Efferth, Johannes Gutenberg University, Institute of Pharmacy and Biochemistry, Department of Pharmaceutical Biology, Mainz, Elsevier 2017<\/li>\n<\/ul>\n<p><a href=\"https:\/\/www.naturundheilen.de\/artikel\/2017\/artemisia\/\" target=\"_blank\" rel=\"nofollow noopener\">Studienquelle: Natur und Heilen<\/a><\/p>\n<figure id=\"attachment_2930\" aria-describedby=\"caption-attachment-2930\" style=\"width: 225px\" class=\"wp-caption alignleft\"><a href=\"https:\/\/www.flora-pharm.de\/blog\/wp-content\/uploads\/2015\/10\/cover-NuG-10-2015.jpg\"><img loading=\"lazy\" decoding=\"async\" data-attachment-id=\"2930\" data-permalink=\"https:\/\/www.flora-pharm.de\/blog\/moehren-traubensalat\/linke-seite-5\/\" data-orig-file=\"https:\/\/www.flora-pharm.de\/blog\/wp-content\/uploads\/2015\/10\/cover-NuG-10-2015.jpg\" data-orig-size=\"450,600\" data-comments-opened=\"1\" data-image-meta=\"{&quot;aperture&quot;:&quot;0&quot;,&quot;credit&quot;:&quot;&quot;,&quot;camera&quot;:&quot;&quot;,&quot;caption&quot;:&quot;&quot;,&quot;created_timestamp&quot;:&quot;0&quot;,&quot;copyright&quot;:&quot;&quot;,&quot;focal_length&quot;:&quot;0&quot;,&quot;iso&quot;:&quot;0&quot;,&quot;shutter_speed&quot;:&quot;0&quot;,&quot;title&quot;:&quot;Linke Seite&quot;,&quot;orientation&quot;:&quot;1&quot;}\" data-image-title=\"Linke Seite\" data-image-description=\"\" data-image-caption=\"&lt;p&gt;Mit freundlicher Genehmigung der S &amp;#038; D Verlag GmbH. Das komplette Heft bekommen Sie auch bei uns in der Apotheke.&lt;\/p&gt;\n\" data-large-file=\"https:\/\/www.flora-pharm.de\/blog\/wp-content\/uploads\/2015\/10\/cover-NuG-10-2015.jpg\" class=\"size-medium wp-image-2930\" src=\"https:\/\/www.flora-pharm.de\/blog\/wp-content\/uploads\/2015\/10\/cover-NuG-10-2015-225x300.jpg\" alt=\"Haupttext mit freundlicher Genehmigung der S &amp; D Verlag GmbH. Das komplette Heft bekommen Sie auch bei uns in der Apotheke.\" width=\"225\" height=\"300\" srcset=\"https:\/\/www.flora-pharm.de\/blog\/wp-content\/uploads\/2015\/10\/cover-NuG-10-2015-225x300.jpg 225w, https:\/\/www.flora-pharm.de\/blog\/wp-content\/uploads\/2015\/10\/cover-NuG-10-2015.jpg 450w\" sizes=\"auto, (max-width: 225px) 100vw, 225px\" \/><\/a><figcaption id=\"caption-attachment-2930\" class=\"wp-caption-text\">Haupttext (ohne Nachtrag) mit freundlicher Genehmigung<br \/>der S &amp; D Verlag GmbH. Das komplette Heft bekommen Sie auch bei uns in der Apotheke.<\/figcaption><\/figure>\n","protected":false},"excerpt":{"rendered":"<p>Beifu\u00df (Artemisia vulgaris) w\u00e4chst wild und ist mit dem Wermut verwandt, aber milder im Geschmack. In vielen Gegenden der Welt gilt die \u201eMutter aller Kr\u00e4uter\u201c in Form von Tee, R\u00e4ucherungen oder aufgeh\u00e4ngten Str\u00e4u\u00dfen als Schutzmittel gegen Krankheiten und wilde Tiere oder als Mittel zur Reinigung und gegen Hexerei. Als Heilkraut wurde der Beifu\u00df fr\u00fcher auch [&hellip;]<\/p>\n","protected":false},"author":1,"featured_media":0,"comment_status":"open","ping_status":"open","sticky":false,"template":"","format":"standard","meta":{"jetpack_post_was_ever_published":false,"_jetpack_newsletter_access":"","_jetpack_dont_email_post_to_subs":false,"_jetpack_newsletter_tier_id":0,"_jetpack_memberships_contains_paywalled_content":false,"_jetpack_memberships_contains_paid_content":false,"footnotes":""},"categories":[405],"tags":[239,407,163,422,149,431],"class_list":["post-2952","post","type-post","status-publish","format-standard","hentry","category-kraeuter-gewuerze","tag-ernaehrung","tag-frauenkraut","tag-malaria","tag-naturheilkunde-und-gesundheit","tag-pflanzenwirkstoffe","tag-phytotherapie","has-post-title","has-post-date","has-post-category","has-post-tag","has-post-comment","has-post-author",""],"jetpack_featured_media_url":"","jetpack-related-posts":[{"id":4375,"url":"https:\/\/www.flora-pharm.de\/blog\/zeit-der-kraeuterweihe\/","url_meta":{"origin":2952,"position":0},"title":"Zeit der Kr\u00e4uterweihe","author":"Flora Team","date":"23. August 2017","format":false,"excerpt":"Feiern Sie ein Fest der F\u00fclle \u201eLammas\u201c bedeutet: Die Zeit der Ernte beginnt. Der keltische Jahreskreis setzt im August wieder eine Wegmarke. \u201eLughnasad\u201c ist das Fest des Lichtes und der F\u00fclle. Manche nennen es \u201eSchnitterinnenfest\u201c, weil sich nach alter Tradition die Frauen jetzt auf den Weg machen, um Kr\u00e4uter zu\u2026","rel":"","context":"In &quot;Kr\u00e4uter &amp; Gew\u00fcrze&quot;","block_context":{"text":"Kr\u00e4uter &amp; Gew\u00fcrze","link":"https:\/\/www.flora-pharm.de\/blog\/category\/kraeuter-gewuerze\/"},"img":{"alt_text":"Kr\u00e4uterweihe","src":"https:\/\/i0.wp.com\/www.flora-pharm.de\/blog\/wp-content\/uploads\/2017\/08\/Zeit-der-Kraeuterweihe.jpg?resize=350%2C200&ssl=1","width":350,"height":200,"srcset":"https:\/\/i0.wp.com\/www.flora-pharm.de\/blog\/wp-content\/uploads\/2017\/08\/Zeit-der-Kraeuterweihe.jpg?resize=350%2C200&ssl=1 1x, https:\/\/i0.wp.com\/www.flora-pharm.de\/blog\/wp-content\/uploads\/2017\/08\/Zeit-der-Kraeuterweihe.jpg?resize=525%2C300&ssl=1 1.5x, https:\/\/i0.wp.com\/www.flora-pharm.de\/blog\/wp-content\/uploads\/2017\/08\/Zeit-der-Kraeuterweihe.jpg?resize=700%2C400&ssl=1 2x"},"classes":[]},{"id":6893,"url":"https:\/\/www.flora-pharm.de\/blog\/kraeuterstraeusse-7-pflanzen-fuer-die-liebe\/","url_meta":{"origin":2952,"position":1},"title":"Kr\u00e4uterstr\u00e4u\u00dfe &#8211; 7 Pflanzen f\u00fcr die Liebe","author":"Flora Team","date":"15. Juni 2020","format":false,"excerpt":"Ein sch\u00f6ner Brauch f\u00fcr die Hochzeit: Kr\u00e4uter im Brautstrau\u00df. Stefanie Happ erkl\u00e4rt, wie sie der Liebe die passende W\u00fcrze geben. Blumen f\u00fcr die Braut. Warum nicht auch Kr\u00e4uter? Fr\u00fcher war das so \u00fcblich. Denn ganz bestimmten Heilpflanzen sagt man seit jeher eine starke Symbolkraft nach. Wir haben allen Verliebten einen\u2026","rel":"","context":"In &quot;Kr\u00e4uter &amp; Gew\u00fcrze&quot;","block_context":{"text":"Kr\u00e4uter &amp; Gew\u00fcrze","link":"https:\/\/www.flora-pharm.de\/blog\/category\/kraeuter-gewuerze\/"},"img":{"alt_text":"Kr\u00e4uter im Brautstrauss","src":"https:\/\/i0.wp.com\/www.flora-pharm.de\/blog\/wp-content\/uploads\/2020\/05\/kraeuter-im-brautstrauss.jpg?resize=350%2C200&ssl=1","width":350,"height":200,"srcset":"https:\/\/i0.wp.com\/www.flora-pharm.de\/blog\/wp-content\/uploads\/2020\/05\/kraeuter-im-brautstrauss.jpg?resize=350%2C200&ssl=1 1x, https:\/\/i0.wp.com\/www.flora-pharm.de\/blog\/wp-content\/uploads\/2020\/05\/kraeuter-im-brautstrauss.jpg?resize=525%2C300&ssl=1 1.5x, https:\/\/i0.wp.com\/www.flora-pharm.de\/blog\/wp-content\/uploads\/2020\/05\/kraeuter-im-brautstrauss.jpg?resize=700%2C400&ssl=1 2x"},"classes":[]},{"id":3016,"url":"https:\/\/www.flora-pharm.de\/blog\/bitterstoffe-sind-nuetzlich\/","url_meta":{"origin":2952,"position":2},"title":"Bitterstoffe sind n\u00fctzlich!","author":"Flora Team","date":"8. Dezember 2015","format":false,"excerpt":"Bitteres kurbelt den Stoffwechsel an, st\u00e4rkt die Verdauung und das Immunsystem und sorgt f\u00fcr mehr Wohlbefinden! S\u00fc\u00df Schmeckendes wird von den meisten Menschen geliebt, und nicht nur in der Advents- und Weihnachtszeit. Bittere Lebensmittel essen nur die wenigsten gerne! Es gibt sogar eine angeborene Abneigung gegen\u00fcber Bitterem, die vor dem\u2026","rel":"","context":"In &quot;Heilpflanzen \/ Arzneipflanzen&quot;","block_context":{"text":"Heilpflanzen \/ Arzneipflanzen","link":"https:\/\/www.flora-pharm.de\/blog\/category\/heilpflanzen-arzneipflanzen\/"},"img":{"alt_text":"Mit freundlicher Genehmigung der S & D Verlag GmbH. Das komplette Heft bekommen Sie auch bei uns in der Apotheke.","src":"https:\/\/i0.wp.com\/www.flora-pharm.de\/blog\/wp-content\/uploads\/2015\/12\/cover-NuG-12-2015-225x300.jpg?resize=350%2C200&ssl=1","width":350,"height":200},"classes":[]},{"id":7863,"url":"https:\/\/www.flora-pharm.de\/blog\/baby-durch-die-blume\/","url_meta":{"origin":2952,"position":3},"title":"Baby durch die Blume","author":"Flora Team","date":"4. Oktober 2021","format":false,"excerpt":"Phytotherapie kann die Fruchtbarkeit f\u00f6rdern: Schon seit Jahrhunderten machen sich Frauen mit Kinderwunsch die Kraft der Heilpflanzen zunutze.","rel":"","context":"In &quot;Wissenswert&quot;","block_context":{"text":"Wissenswert","link":"https:\/\/www.flora-pharm.de\/blog\/category\/wissenswert\/"},"img":{"alt_text":"Baby durch die Blume","src":"https:\/\/i0.wp.com\/www.flora-pharm.de\/blog\/wp-content\/uploads\/2021\/09\/Baby-durch-die-Blume.jpg?resize=350%2C200&ssl=1","width":350,"height":200,"srcset":"https:\/\/i0.wp.com\/www.flora-pharm.de\/blog\/wp-content\/uploads\/2021\/09\/Baby-durch-die-Blume.jpg?resize=350%2C200&ssl=1 1x, https:\/\/i0.wp.com\/www.flora-pharm.de\/blog\/wp-content\/uploads\/2021\/09\/Baby-durch-die-Blume.jpg?resize=525%2C300&ssl=1 1.5x, https:\/\/i0.wp.com\/www.flora-pharm.de\/blog\/wp-content\/uploads\/2021\/09\/Baby-durch-die-Blume.jpg?resize=700%2C400&ssl=1 2x"},"classes":[]},{"id":2974,"url":"https:\/\/www.flora-pharm.de\/blog\/frauenkraeuter-fuer-jede-lebensphase\/","url_meta":{"origin":2952,"position":4},"title":"Frauenkr\u00e4uter f\u00fcr jede Lebensphase","author":"Flora Team","date":"13. November 2015","format":false,"excerpt":"Von der ersten Regelblutung bis zu den Wechseljahren helfen Kr\u00e4uter und Heilpflanzen auf nat\u00fcrliche Weise. Kinderwunsch Bei unerf\u00fclltem Kinderwunsch k\u00f6nnen Pflanzenstoffe mit Hormonwirkung hilfreich sein. Die Naturheilkunde nutzt Pr\u00e4parate aus Rotklee, Traubensilberkerze, Sibirischer Rhabarberwurzel und M\u00f6nchspfeffer. Diese traditionellen Frauenkr\u00e4uter haben Einfluss auf einen stabilen Zyklus und damit auch auf die\u2026","rel":"","context":"In &quot;Heilpflanzen \/ Arzneipflanzen&quot;","block_context":{"text":"Heilpflanzen \/ Arzneipflanzen","link":"https:\/\/www.flora-pharm.de\/blog\/category\/heilpflanzen-arzneipflanzen\/"},"img":{"alt_text":"Mit freundlicher Genehmigung der S & D Verlag GmbH. Das komplette Heft bekommen Sie auch bei uns in der Apotheke.","src":"https:\/\/i0.wp.com\/www.flora-pharm.de\/blog\/wp-content\/uploads\/2015\/11\/cover-NuG-11-2015-225x300.jpg?resize=350%2C200&ssl=1","width":350,"height":200},"classes":[]},{"id":7102,"url":"https:\/\/www.flora-pharm.de\/blog\/allergene-im-anflug\/","url_meta":{"origin":2952,"position":5},"title":"Allergene im Anflug","author":"Flora Team","date":"10. September 2020","format":false,"excerpt":"Pollen und Insekten k\u00f6nnen Allergikern so manchen Sommertag verleiden. Dank einiger Vorsichtsma\u00dfnahmen wird der n\u00e4chste Ausflug trotzdem zum Vergn\u00fcgen. Picknick im Gr\u00fcnen, Grillen im Garten, ein Trip in die Natur \u2013 an sonnigen Tagen halten wir uns am liebsten drau\u00dfen auf. So mancher Allergiker begegnet dieser Jahreszeit jedoch mit Vorsicht,\u2026","rel":"","context":"In &quot;Wissenswert&quot;","block_context":{"text":"Wissenswert","link":"https:\/\/www.flora-pharm.de\/blog\/category\/wissenswert\/"},"img":{"alt_text":"Allergene Sp\u00e4tsommer Herbst","src":"https:\/\/i0.wp.com\/www.flora-pharm.de\/blog\/wp-content\/uploads\/2020\/08\/allergene-im-anflug.jpg?resize=350%2C200&ssl=1","width":350,"height":200,"srcset":"https:\/\/i0.wp.com\/www.flora-pharm.de\/blog\/wp-content\/uploads\/2020\/08\/allergene-im-anflug.jpg?resize=350%2C200&ssl=1 1x, https:\/\/i0.wp.com\/www.flora-pharm.de\/blog\/wp-content\/uploads\/2020\/08\/allergene-im-anflug.jpg?resize=525%2C300&ssl=1 1.5x, https:\/\/i0.wp.com\/www.flora-pharm.de\/blog\/wp-content\/uploads\/2020\/08\/allergene-im-anflug.jpg?resize=700%2C400&ssl=1 2x"},"classes":[]}],"jetpack_sharing_enabled":true,"_links":{"self":[{"href":"https:\/\/www.flora-pharm.de\/blog\/wp-json\/wp\/v2\/posts\/2952","targetHints":{"allow":["GET"]}}],"collection":[{"href":"https:\/\/www.flora-pharm.de\/blog\/wp-json\/wp\/v2\/posts"}],"about":[{"href":"https:\/\/www.flora-pharm.de\/blog\/wp-json\/wp\/v2\/types\/post"}],"author":[{"embeddable":true,"href":"https:\/\/www.flora-pharm.de\/blog\/wp-json\/wp\/v2\/users\/1"}],"replies":[{"embeddable":true,"href":"https:\/\/www.flora-pharm.de\/blog\/wp-json\/wp\/v2\/comments?post=2952"}],"version-history":[{"count":6,"href":"https:\/\/www.flora-pharm.de\/blog\/wp-json\/wp\/v2\/posts\/2952\/revisions"}],"predecessor-version":[{"id":7598,"href":"https:\/\/www.flora-pharm.de\/blog\/wp-json\/wp\/v2\/posts\/2952\/revisions\/7598"}],"wp:attachment":[{"href":"https:\/\/www.flora-pharm.de\/blog\/wp-json\/wp\/v2\/media?parent=2952"}],"wp:term":[{"taxonomy":"category","embeddable":true,"href":"https:\/\/www.flora-pharm.de\/blog\/wp-json\/wp\/v2\/categories?post=2952"},{"taxonomy":"post_tag","embeddable":true,"href":"https:\/\/www.flora-pharm.de\/blog\/wp-json\/wp\/v2\/tags?post=2952"}],"curies":[{"name":"wp","href":"https:\/\/api.w.org\/{rel}","templated":true}]}}