{"id":2956,"date":"2015-11-03T12:16:50","date_gmt":"2015-11-03T11:16:50","guid":{"rendered":"http:\/\/www.flora-pharm.de\/blog\/?p=2956"},"modified":"2023-01-12T08:47:42","modified_gmt":"2023-01-12T07:47:42","slug":"senfoele-aus-grosser-kapuzinerkresse-und-meerrettich-ein-natuerliches-antibiotikum","status":"publish","type":"post","link":"https:\/\/www.flora-pharm.de\/blog\/senfoele-aus-grosser-kapuzinerkresse-und-meerrettich-ein-natuerliches-antibiotikum\/","title":{"rendered":"Senf\u00f6le aus Gro\u00dfer Kapuzinerkresse und Meerrettich, ein nat\u00fcrliches Antibiotikum"},"content":{"rendered":"<p>Oftmals werden wir zu ver\u00f6ffentlichten Artikeln angesprochen und stellen fest, dass scheinbar Bedarf nach vertiefenden, erg\u00e4nzenden Informationen besteht. So war es auch mit unserem Artikel \u201e<a href=\"https:\/\/www.flora-pharm.de\/blog\/natuerliche-antibiotika\/\">Nat\u00fcrliche Antibiotika<\/a>\u201c: Wir m\u00f6chten daher erg\u00e4nzend auf die <strong>Senf\u00f6le aus Kapuzinerkresse und Meerrettich<\/strong> eingehen. Diese finden besonders bei Erk\u00e4ltungen aber auch Blasenentz\u00fcndungen als sanfte \u201escharfe Gesch\u00fctze\u201c Verwendung. Eine durchaus beachtenswerte Alternative, gerade auch f\u00fcr Kinder (vgl. unten, Studie), insbesondere, weil hier nicht durch Gabe nat\u00fcrlicher Antibiotika die Darm- und Schleimhautflora total ver\u00e4ndert wird.<\/p>\n<p>Viele kennen Kapuzinerkresse nur als Zierpflanze, eventuell auch als Salatbeilage. Auch der <a href=\"https:\/\/www.flora-pharm.de\/blog\/meerrettich-scharfe-wurzel\/\">Meerrettich<\/a> ist eher als Geschmackskomponente bei Lachs oder Tafelspitz bekannt. Jedoch setzt die traditionelle Klostermedizin diese seit Jahrhunderten zur Behandlung von Infektionen der oberen Atem- und der Harnwege ein. Die Inhaltsstoffe, insbesondere die Senf\u00f6le (Benzylsenf\u00f6l bei der Kapuzinerkresse sowie Allyl- und Phenylethylsenf\u00f6le beim Meerrettich), wirken hemmend auf das Wachstum von Krankheitserregern, und k\u00f6nnen Viren und Bakterien abt\u00f6ten, genau dort, wo die Infektion erfolgt. Das funktioniert so:<\/p>\n<p>Die Senf\u00f6lmolek\u00fcle gelangen im oberen Darmabschnitt ins Blut, das ist besonders gut, weil so die \u201eguten\u201c, also n\u00fctzlichen Darmbakterien nicht angegriffen werden, was die Darmflora intakt h\u00e4lt und sich somit letztlich positiv auf das Abwehrsystem auswirkt. Dann zirkulieren sie an Eiwei\u00dfe gebunden im Kreislauf und reichern sich in Ausscheidungsorganen wie Lunge und Nieren bzw. Blase an, dem eigentlichen Zielgebiet ihrer Wirkung.<\/p>\n<p>Die Senf\u00f6le geh\u00f6ren zu den sogenannten <strong>Glucosinolaten<\/strong> (Das sind schwefelhaltige Molek\u00fcle, die im Sekund\u00e4rstoffwechsel der Pflanze aus Aminos\u00e4uren gebildet werden. Sie kommen vorwiegend in Pflanzen der Kreuzbl\u00fctler-Familie vor und sind auch verantwortlich f\u00fcr deren typischen Geschmack.) und stellen dabei eine Art von Fressschutz f\u00fcr die Pflanze dar, die sich erst bei Verletzung aktivieren. Und so funktioniert das: Werden Zellen dieser Pflanzen verletzt, setzt das pflanzeneigene Enzym Myrosinase, was sich in einem anderen Kompartiment (Teil) der Pflanze befindet, die besagten Senf\u00f6le frei, die direkt einen Schutz vor Fresssch\u00e4den und mikrobiellem Befall bieten. Die Senf\u00f6le haben eine nachgewiesene wachstumshemmende Wirkung auf diverse Bakterien, Viren und Pilze. Wie gesagt findet die Aktivierung erst beim Zerkleinern bzw. \u201eAnknabbern\u201c der Pflanze statt; daher ist die Zufuhr entweder in Form frischer Komponenten, die unmittelbar vor Gebrauch erst zubereitet werden, besonders wichtig. Die auch gegen Luftsauerstoff empfindlichen Senf\u00f6le w\u00fcrden sonst bei l\u00e4ngerem Stehen deutlich an Wirksamkeit verlieren, deswegen schmeckt der Meerrettich aus dem Glas nicht nur deutlich lascher als frisch zubereiteter, sondern ist auch in der Wirkung weit hinter der frischen Ware.<\/p>\n<p><u>Anwendung und Zubereitung von frischem Meerrettich:<\/u><\/p>\n<p>Wie gesagt, die \u00e4therischen \u00d6le verfliegen bzw. ver\u00e4ndern sich schon innerhalb einer Viertelstunde, deshalb die frische Wurzel ganz fein reiben und sofort verwenden. Den geriebenen Meerrettich kann man einfach auf Brot essen, mit ein wenig Pfeffer, Salz und Petersilie sowie reichlich Cr\u00e8me fra\u00eeche verr\u00fchren oder in anderen Gerichten weiterverarbeiten. Man kann ihn aber auch <strong>als Wickel<\/strong> benutzen, daf\u00fcr die geriebene Masse etwa einen Zentimeter dick auf ein Tuch streichen und an den Seiten umschlagen. Gegen Kopfschmerzen das P\u00e4ckchen auf den Nacken legen. Bei Bronchitis in Lungenh\u00f6he auf dem R\u00fccken platzieren.<\/p>\n<p>Die Senf\u00f6le aus Kapuzinerkresse und Meerrettich sind aber auch als schonend getrocknete Konzentrate in hoch konzentrierter Form z.B. als Filmtabletten (ANGOCIN\u00ae Anti-Infekt N) rezeptfrei in Apotheken erh\u00e4ltlich. Sprechen Sie uns zu diesem Pr\u00e4parat oder auch weiteren \u201enat\u00fcrlichen Antibiotika\u201c an. Wir beraten Sie gern und individuell.<\/p>\n<p>In Einzelf\u00e4llen und unter therapeutischer Begleitung ist es mitunter notwendig und m\u00f6glich, mit noch h\u00f6heren Dosen zu arbeiten, die auch Empfehlungen in den Beipackzetteln etablierter Medikamente mit diesen Wirkstoffen deutlich \u00fcberschreiten k\u00f6nnen. Durch entsprechende Dosierungen wird erreicht, dass gen\u00fcgend davon durch den nicht mehr resorbierbaren Anteil in den Dickdarm gelangt, um dortige Fehlflorabesiedelungen zu beheben. Allerdings sollte dies nur in Absprache mit einem erfahrenen Therapeuten durchgef\u00fchrt werden und zudem ist dann nach Beendigung der Therapie noch eine entsprechende Sanierung der gesunden Darmflora durchzuf\u00fchren.<\/p>\n<p>PS: Die Gro\u00dfe Kapuzinerkresse wurde aufgrund ihrer belegten Wirksamkeit 2013 sogar schon zur Arzneipflanze des Jahres gew\u00e4hlt. (Zum Artikel: <a href=\"https:\/\/www.flora-pharm.de\/blog\/heil-und-arzneipflanze-des-jahres-2015-winner\/\">Heil- und Arzneipflanze des Jahres 2015<\/a>).<\/p>\n<p>2021 wurde dann der Meerrettich zur Heilpflanze des Jahres 2021gek\u00fcrt. Lesen Sie mehr in unserem Artikel <a class=\"feature-posts-title\" href=\"https:\/\/www.flora-pharm.de\/blog\/meerrettich-scharfe-wurzel\/\">Meerrettich \u2013 Scharfe Wurzel<\/a><\/p>\n<h2><\/h2>\n<h2>Wichtig f\u00fcr den N\u00e4hrstoffgehalt ist die Frische \/ Zubereitung (Update Nov 2017)<\/h2>\n<p>Oben haben wir bereits bez\u00fcglich der Senf\u00f6le auf eine m\u00f6glichst frische Zubereitung hingewiesen, aber auch beim Vitamin C Gehalt von Meerrettich ist das besonders beachtenswert. H\u00e4ufig findet man die Aussage, dass <strong>in Meerrettich doppelt so viel Vitamin C stecke, wie in einer Zitrone<\/strong>.<\/p>\n<p><strong>Das stimmt jedoch nur bedingt. Es h\u00e4ngt von der Zubereitung ab. <\/strong><\/p>\n<p>In 100g Zitrone stecken 53mg Vitamin C.<\/p>\n<p>100g Meerrettich bringen zwischen 25 und 114mg Vitamin C mit, die Spanne liegt also zwischen der H\u00e4lfte bis zum Doppelten.<\/p>\n<p>W\u00e4hrend die h\u00f6chste Vitamin C Konzentration (114mg) in frischem Meerrettich tats\u00e4chlich doppelt so hoch ist wie in der Zitrone, so verliert Meerrettich in der Weiterverarbeitung diesen hohen Wert recht schnell. In Konserven liegt er dann (bei 100g) nur noch bei etwa 25mg.<\/p>\n<p>Um also in den vollen Vitamin-C Genuss zu kommen, verzehren Sie den Meerrettich am besten ganz frisch gerieben.<\/p>\n<h2>Nachgewiesene Wirkung bei rezidivierender Zystitis<\/h2>\n<p>2017 wurde die f\u00fcr \u00c4rtze bei der Pr\u00e4parateauswahl relevante S3 Leitlinie zur Therapie von unkomplizierten Harnwegsinfektionen (AWMF-Register-Nr. 043\/044) \u00fcberarbeitet und der Einsatz einer Kombination aus Kapuzinerkresse und Meerrettich als pyhtotherapeutische Option bei h\u00e4ufig rezidivierender Zystitis sogar empfohlen, da es hier nicht zur Resistenzbildung kommt und eine Schutzflora aufrecht erhalten bleibt. Damit ist es dem Einsatz von schulmedizinischen Antibiotika gleichgesetzt und hinsichtlich der problem- und nebenwirkungloseren Einsatzbarkeit in dieser Hinsicht sogar \u00fcberlegen Siehe hierzu auch die kritische Berichterstattung zum <a href=\"https:\/\/www.flora-pharm.de\/blog\/fluorchinolone-fda-warnt-vor-nebenwirkungen-bestimmter-antibiotika\/\">generellen Einsatz von Antibiotika<\/a> sowie hinsichtlich der <a href=\"https:\/\/www.flora-pharm.de\/blog\/studie-zusammenhang-antibiotika-makrolide-und-kindesalter-asthma-und-uebergewicht\/\">Langzeitfolgen von Antibiotikagaben<\/a>). Die Wirksamkeit ist ja ohnehin durch mehrere klinische Studien belegt, s. u. .<\/p>\n<p>Es lohnt sich daher, Ihren Arzt darauf anzusprechen. Bitte bedenken Sie jedoch, dass es von Ihrem Auftreten beim Arztbesuch abh\u00e4ngen kann, wof\u00fcr sich der Therapeut entscheidet. Wenn Sie darauf dr\u00e4ngen und die Erwartung signalisieren, sofort wieder einsetzbar und symptomfrei zu sein, motivieren Sie ihn auch zum Griff in die Chemiekiste. Der K\u00f6rper ist durchaus in der Lage, solche Infektionen mit biologischer Unterst\u00fctzung abzuarbeiten, ben\u00f6tigt dazu jedoch auch Schonung, Ruhe und ggf. auch Geduld von Ihrer Seite. Gerade nach vorangegangener merhfachert Antibiotikagabe muss auch unterst\u00fctzend die <a href=\"https:\/\/www.flora-pharm.de\/blog\/darmgesundheit\/\">Darmflora umfangreich saniert werden<\/a>, um f\u00fcr Stabilit\u00e4t und Nachhaltigkeit zu sorgen und ggf. die <a href=\"https:\/\/www.flora-pharm.de\/blog\/mineralstoffmangel-vorbeugen\/\">N\u00e4hrstoffsituation<\/a> entsprechend zu substituieren.<\/p>\n<p>Die Absch\u00e4tzung des Risikos bzw Einsatzes sollte nat\u00fcrlich Ihr Arzt vornehmen, da es bei schwerwiegenden Infekten u.U. notwendig sein kann, auf Antibiotika zur\u00fcckzugreifen. Wir beraten Sie hierzu gern weitergehend, nat\u00fcrlich auch zur <a href=\"https:\/\/www.flora-pharm.de\/blog\/rekonvaleszenz-rasch-wieder-fit\/\">Wiederherstellung eines gesunden Milieus<\/a>.<\/p>\n<h2>Folgende Studien belegen u.a. die Wirksamkeit bzw. nebenwirkungsarme Anwendung:<\/h2>\n<p><strong>Prospektive Kohortenstudie: Senf\u00f6le als effektive Behandlungsoption bei Sinusitis, Bronchitis und Blasenentz\u00fcndung<\/strong><br \/>\nGoos, K.-H. et al.: Wirksamkeit und Vertr\u00e4glichkeit eines pflanzlichen Arzneimittels mit Kapuzinerkressenkraut und Meerrettich bei akuter Sinusitis, akuter Bronchitis und akuter Blasenentz\u00fcndung im Vergleich zu anderen Therapien unter den Bedingungen der t\u00e4glichen Praxis, Drug Res 56. No.3, 249-257 (2006).<br \/>\n<strong>Fazit:<\/strong> Die Wirkstoffe stellen eine <strong>wirksame pflanzliche Therapieoption<\/strong> bei unkomplizierten akuten Infekten der Atemwege und der ableitenden Harnwege (Sinusitis, Bronchitis, Blasenentz\u00fcndung) zur Verf\u00fcgung, die sich durch ein geringes Nebenwirkungspotenzial und eine sehr gute Vertr\u00e4glichkeit auszeichnet.<\/p>\n<p><strong>In-vitro-Untersuchung: Kombination aus Kapuzinerkressenkraut und Meerrettichwurzel wirkt gegen 13 klinisch relevante Bakterienspezies <\/strong><br \/>\nConrad A., Kolberg T., Engels I., Frank U.: In-vitro-Untersuchungen zur antibakteriellen Wirksamkeit einer Kombination aus Kapuzinerkressenkraut (Tropaeoli majoris herba) und Meerrettichwurzel (Armoraciae rusticanae radix), Drug Res 56\/12: 842-849 (2006).<br \/>\n<strong>Fazit:<\/strong> Die breite <strong>antibakterielle Wirkung der Kombination aus Kapuzinerkresse und Meerrettichwurzel<\/strong> gegen klinisch relevante Bakterienspezies im grampositiven und gramnegativen Bereich ist die Basis f\u00fcr eine wirkungsvolle antiinfektive Therapie bei Infektionen des Respirationstrakts und der ableitenden Harnwege.<\/p>\n<p><strong>Senf\u00f6le bei Sinusitis, Bronchitis und Blasenentz\u00fcndung \u2013 eine effektive pflanzliche Behandlungsoption bei Kindern!<\/strong><br \/>\nGoos, K.-H. et al.: Aktuelle Untersuchungen zur Wirksamkeit und Vertr\u00e4glichkeit eines pflanzlichen Arzneimittels mit Kapuzinerkressekraut und Meerrettich bei akuter Sinusitis, akuter Bronchitis und akuter Blasenentz\u00fcndung bei Kindern im Vergleich zu anderen Antibiotika, Arzneim.-Forsch.\/Drug Res. 57, No. 4, 238-246 (2007).<br \/>\n<strong>Fazit:<\/strong> Es steht <strong>auch f\u00fcr Kinder<\/strong> eine wirksame pflanzliche Therapieoption bei unkomplizierten akuten Infekten der Atemwege und der ableitenden Harnwege (Sinusitis, Bronchitis, Blasenentz\u00fcndung) zur Verf\u00fcgung, die sich durch ein geringes Nebenwirkungspotenzial und eine sehr gute Vertr\u00e4glichkeit auszeichnet.<\/p>\n<hr \/>\n<h2>P.S.: Brunnenkresse<\/h2>\n<p>Auch zu den senf\u00f6lhaltigen Kr\u00e4utern geh\u00f6rt die <strong>Brunnenkresse (Herba nasturtii)<\/strong>.<\/p>\n<p>Hier sind jedoch weniger die scharfen Allylsenf\u00f6le von Interesse sondern das sogenannte Phenylisothiocyanat, welches L\u00f6sungsmittel- und leberentgiftende Eigenschaften besitzt und dar\u00fcber hinaus sehr effektiv die z.B. beim Grillen entstehenden Nitrosamine abbauen kann.<\/p>\n<p>Dies haben bereits unsere Vorfahren instinktiv eingesetzt, weil Sie Brunnenkresse in den Fleischmarinaden verwendet haben oder als Paste auf \u00fcber dem offenen Feuer zubereitetem Fleisch aufgetragen haben (die ersten kultivierten Formen der Kr\u00e4uterkruste). Leider ist die Brunnenkresse eine wenig in Verruf gekommen, weil in den sumpfartigen Anbaugebieten in der Vergangenheit W\u00fcrmer an den Pflanzen klebten und es somit in Einzelf\u00e4llen zu Infektionen kam.<\/p>\n<p>Brunnenkresse ist daher in den Regalen der entsprechenden Reformh\u00e4user oder Biol\u00e4den selten geworden, bei uns bekommen Sie jedoch schonend getrocknete und fein gepulverte Brunnenkresse, die Sie zur Entgiftung z.B. in Tomatensaft einnehmen k\u00f6nnen. Diese Thematik werden wir jedoch in einem separaten Beitrag genauer beleuchten.<\/p>\n<p>PS: <a href=\"https:\/\/www.flora-pharm.de\/blog\/brunnenkresse-hats-drauf\/\">Brunnenkresse hat\u2019s drauf<\/a><\/p>\n<p>Noch Fragen? Sprechen Sie uns an\u2026<\/p>\n","protected":false},"excerpt":{"rendered":"<p>Oftmals werden wir zu ver\u00f6ffentlichten Artikeln angesprochen und stellen fest, dass scheinbar Bedarf nach vertiefenden, erg\u00e4nzenden Informationen besteht. So war es auch mit unserem Artikel \u201eNat\u00fcrliche Antibiotika\u201c: Wir m\u00f6chten daher erg\u00e4nzend auf die Senf\u00f6le aus Kapuzinerkresse und Meerrettich eingehen. Diese finden besonders bei Erk\u00e4ltungen aber auch Blasenentz\u00fcndungen als sanfte \u201escharfe Gesch\u00fctze\u201c Verwendung. Eine durchaus beachtenswerte [&hellip;]<\/p>\n","protected":false},"author":1,"featured_media":2957,"comment_status":"open","ping_status":"open","sticky":false,"template":"","format":"standard","meta":{"jetpack_post_was_ever_published":false,"_jetpack_newsletter_access":"","_jetpack_dont_email_post_to_subs":false,"_jetpack_newsletter_tier_id":0,"_jetpack_memberships_contains_paywalled_content":false,"_jetpack_memberships_contains_paid_content":false,"footnotes":""},"categories":[676,405,8],"tags":[282,304,408,5,653,149,431],"class_list":["post-2956","post","type-post","status-publish","format-standard","has-post-thumbnail","hentry","category-heilpflanzen-arzneipflanzen","category-kraeuter-gewuerze","category-wissenswert","tag-antibiotika","tag-arzneipflanze","tag-brunnenkresse","tag-erkaeltung","tag-meerrettich","tag-pflanzenwirkstoffe","tag-phytotherapie","has-post-title","has-post-date","has-post-category","has-post-tag","has-post-comment","has-post-author",""],"jetpack_featured_media_url":"https:\/\/www.flora-pharm.de\/blog\/wp-content\/uploads\/2015\/11\/natuerliches-antibiotikum.jpg","jetpack-related-posts":[{"id":7350,"url":"https:\/\/www.flora-pharm.de\/blog\/meerrettich-scharfe-wurzel\/","url_meta":{"origin":2956,"position":0},"title":"Meerrettich &#8211; Scharfe Wurzel","author":"Flora Team","date":"25. Januar 2021","format":false,"excerpt":"Meerrettich ist die Heilpflanze des Jahres 2021. Die antiviralen Inhaltsstoffe haben die Jury \u00fcberzeugt. Im Salat, als Gew\u00fcrzpaste oder zur Verfeinerung von So\u00dfen. Meerrettich ist in der K\u00fcche l\u00e4ngst ein Star. Auch in der Pflanzenheilkunde ist die scharfe Wurzel kein unbeschriebenes Blatt. Dass der Verein NHV Theophrastus den Kreuzbl\u00fctler nun\u2026","rel":"","context":"In &quot;Heilpflanzen \/ Arzneipflanzen&quot;","block_context":{"text":"Heilpflanzen \/ Arzneipflanzen","link":"https:\/\/www.flora-pharm.de\/blog\/category\/heilpflanzen-arzneipflanzen\/"},"img":{"alt_text":"Meerrettich \/ Kren - Heilpflanze des Jahres 2021","src":"https:\/\/i0.wp.com\/www.flora-pharm.de\/blog\/wp-content\/uploads\/2021\/01\/meerrettich-kren.jpg?resize=350%2C200&ssl=1","width":350,"height":200,"srcset":"https:\/\/i0.wp.com\/www.flora-pharm.de\/blog\/wp-content\/uploads\/2021\/01\/meerrettich-kren.jpg?resize=350%2C200&ssl=1 1x, https:\/\/i0.wp.com\/www.flora-pharm.de\/blog\/wp-content\/uploads\/2021\/01\/meerrettich-kren.jpg?resize=525%2C300&ssl=1 1.5x, https:\/\/i0.wp.com\/www.flora-pharm.de\/blog\/wp-content\/uploads\/2021\/01\/meerrettich-kren.jpg?resize=700%2C400&ssl=1 2x"},"classes":[]},{"id":9409,"url":"https:\/\/www.flora-pharm.de\/blog\/efeu-und-mehr-heilpflanzen-fuer-die-atemwege\/","url_meta":{"origin":2956,"position":1},"title":"Efeu und mehr Heilpflanzen f\u00fcr die Atemwege","author":"Flora Team","date":"16. Januar 2025","format":false,"excerpt":"Hat es Sie bei diesem Schietwetter erwischt? Die Natur h\u00e4lt einen gro\u00dfen Strau\u00df Arzneikr\u00e4uter bereit, der Sie wirksam durch die Erk\u00e4ltungszeit bringt.","rel":"","context":"In &quot;Heilpflanzen \/ Arzneipflanzen&quot;","block_context":{"text":"Heilpflanzen \/ Arzneipflanzen","link":"https:\/\/www.flora-pharm.de\/blog\/category\/heilpflanzen-arzneipflanzen\/"},"img":{"alt_text":"efeu & weitere Heilpflanzen - atemwege","src":"https:\/\/i0.wp.com\/www.flora-pharm.de\/blog\/wp-content\/uploads\/2024\/12\/efeu.jpg?resize=350%2C200&ssl=1","width":350,"height":200,"srcset":"https:\/\/i0.wp.com\/www.flora-pharm.de\/blog\/wp-content\/uploads\/2024\/12\/efeu.jpg?resize=350%2C200&ssl=1 1x, https:\/\/i0.wp.com\/www.flora-pharm.de\/blog\/wp-content\/uploads\/2024\/12\/efeu.jpg?resize=525%2C300&ssl=1 1.5x, https:\/\/i0.wp.com\/www.flora-pharm.de\/blog\/wp-content\/uploads\/2024\/12\/efeu.jpg?resize=700%2C400&ssl=1 2x, https:\/\/i0.wp.com\/www.flora-pharm.de\/blog\/wp-content\/uploads\/2024\/12\/efeu.jpg?resize=1050%2C600&ssl=1 3x"},"classes":[]},{"id":3728,"url":"https:\/\/www.flora-pharm.de\/blog\/rekonvaleszenz-rasch-wieder-fit\/","url_meta":{"origin":2956,"position":2},"title":"Rekonvaleszenz &#8211; Rasch wieder fit!","author":"Flora Team","date":"6. Januar 2017","format":false,"excerpt":"Nach einer Erkrankung braucht der K\u00f6rper dringend Unterst\u00fctzung.Als Faustregel gilt: Krankheit und Erholung dauern gleich lang. Heute nehmen sich viele Leute kaum mehr Zeit, krank zu sein. Und so schnell, wie es sich mancher w\u00fcnscht, ist man nach einer Grippe oder \u00fcberstandenem grippalen Infekt nicht wieder fit. Nach einer Krankheit\u2026","rel":"","context":"In &quot;Flora Apotheke&quot;","block_context":{"text":"Flora Apotheke","link":"https:\/\/www.flora-pharm.de\/blog\/category\/flora-apotheke\/"},"img":{"alt_text":"","src":"https:\/\/i0.wp.com\/www.flora-pharm.de\/blog\/wp-content\/uploads\/2017\/01\/naturheilkunde-und-gesundheit-cover-01-2017-225x300.jpg?resize=350%2C200&ssl=1","width":350,"height":200},"classes":[]},{"id":2903,"url":"https:\/\/www.flora-pharm.de\/blog\/gewuerze-scharf-und-gesund\/","url_meta":{"origin":2956,"position":3},"title":"Gew\u00fcrze: Scharf und gesund!","author":"Flora Team","date":"18. September 2015","format":false,"excerpt":"Chili, Ingwer und Co. sorgen f\u00fcr guten Geschmack und bringen den Organismus auf Hochtouren. Gew\u00fcrze geben nicht nur Geschmack, sondern verbessern die Haltbarkeit und Bek\u00f6mmlichkeit von Speisen und tun dem K\u00f6rper gut. Vor allem scharfe Gew\u00fcrze wie Chili, Pfeffer, Ingwer und Meerrettich regen die Speichel- und Magensaftaussch\u00fcttung an. Der Speichelfluss,\u2026","rel":"","context":"In &quot;Kr\u00e4uter &amp; Gew\u00fcrze&quot;","block_context":{"text":"Kr\u00e4uter &amp; Gew\u00fcrze","link":"https:\/\/www.flora-pharm.de\/blog\/category\/kraeuter-gewuerze\/"},"img":{"alt_text":"Linke Seite","src":"https:\/\/i0.wp.com\/www.flora-pharm.de\/blog\/wp-content\/uploads\/2015\/09\/NuG-09-2015-cover-225x300.jpg?resize=350%2C200&ssl=1","width":350,"height":200},"classes":[]},{"id":7012,"url":"https:\/\/www.flora-pharm.de\/blog\/das-beste-fuer-die-blase\/","url_meta":{"origin":2956,"position":4},"title":"Das Beste f\u00fcr die Blase","author":"Flora Team","date":"6. Juli 2020","format":false,"excerpt":"Harnwegsinfektionen, ein typisches Frauenleiden. Stefanie Happ erkl\u00e4rt, wie die Natur helfen kann.Fast jede Frau kennt das: Es brennt f\u00fcrchterlich beim Wasserlassen. Viele machen diese schmerzhafte Erfahrung nicht nur einmal im Leben, sie plagen sich sogar mehrfach im Jahr mit einer l\u00e4stigen Blasenentz\u00fcndung. Eine Zystitis, so der medizinische Fachbegriff, ist meist\u2026","rel":"","context":"In &quot;Wissenswert&quot;","block_context":{"text":"Wissenswert","link":"https:\/\/www.flora-pharm.de\/blog\/category\/wissenswert\/"},"img":{"alt_text":"Das Beste f\u00fcr die Blase","src":"https:\/\/i0.wp.com\/www.flora-pharm.de\/blog\/wp-content\/uploads\/2020\/06\/harnwegsinfekt-natuerlich-behandeln.jpg?resize=350%2C200&ssl=1","width":350,"height":200,"srcset":"https:\/\/i0.wp.com\/www.flora-pharm.de\/blog\/wp-content\/uploads\/2020\/06\/harnwegsinfekt-natuerlich-behandeln.jpg?resize=350%2C200&ssl=1 1x, https:\/\/i0.wp.com\/www.flora-pharm.de\/blog\/wp-content\/uploads\/2020\/06\/harnwegsinfekt-natuerlich-behandeln.jpg?resize=525%2C300&ssl=1 1.5x, https:\/\/i0.wp.com\/www.flora-pharm.de\/blog\/wp-content\/uploads\/2020\/06\/harnwegsinfekt-natuerlich-behandeln.jpg?resize=700%2C400&ssl=1 2x"},"classes":[]},{"id":3361,"url":"https:\/\/www.flora-pharm.de\/blog\/heilende-blueten\/","url_meta":{"origin":2956,"position":5},"title":"Heilende Bl\u00fcten","author":"Flora Team","date":"8. August 2016","format":false,"excerpt":"Rosen, Lavendel, Ringelblumen & Co. erfreuen nicht nur durch ihren Duft oder mit ihren pr\u00e4chtigen Farben. Richtig angewendet, entfalten sie eine heilende Wirkung. Bl\u00fcten kommen unterschiedlich zum Einsatz Aromatherapie Stark duftende \u00e4therische \u00d6le der Bl\u00fcten werden in der Aromatherapie verwendet. Eine Aufnahme von \u00e4therischen \u00d6len und D\u00fcften geschieht \u00fcber Haut\u2026","rel":"","context":"In &quot;Wissenswert&quot;","block_context":{"text":"Wissenswert","link":"https:\/\/www.flora-pharm.de\/blog\/category\/wissenswert\/"},"img":{"alt_text":"","src":"https:\/\/i0.wp.com\/www.flora-pharm.de\/blog\/wp-content\/uploads\/2016\/08\/heilende-blueten.jpg?resize=350%2C200&ssl=1","width":350,"height":200,"srcset":"https:\/\/i0.wp.com\/www.flora-pharm.de\/blog\/wp-content\/uploads\/2016\/08\/heilende-blueten.jpg?resize=350%2C200&ssl=1 1x, https:\/\/i0.wp.com\/www.flora-pharm.de\/blog\/wp-content\/uploads\/2016\/08\/heilende-blueten.jpg?resize=525%2C300&ssl=1 1.5x, https:\/\/i0.wp.com\/www.flora-pharm.de\/blog\/wp-content\/uploads\/2016\/08\/heilende-blueten.jpg?resize=700%2C400&ssl=1 2x"},"classes":[]}],"jetpack_sharing_enabled":true,"_links":{"self":[{"href":"https:\/\/www.flora-pharm.de\/blog\/wp-json\/wp\/v2\/posts\/2956","targetHints":{"allow":["GET"]}}],"collection":[{"href":"https:\/\/www.flora-pharm.de\/blog\/wp-json\/wp\/v2\/posts"}],"about":[{"href":"https:\/\/www.flora-pharm.de\/blog\/wp-json\/wp\/v2\/types\/post"}],"author":[{"embeddable":true,"href":"https:\/\/www.flora-pharm.de\/blog\/wp-json\/wp\/v2\/users\/1"}],"replies":[{"embeddable":true,"href":"https:\/\/www.flora-pharm.de\/blog\/wp-json\/wp\/v2\/comments?post=2956"}],"version-history":[{"count":14,"href":"https:\/\/www.flora-pharm.de\/blog\/wp-json\/wp\/v2\/posts\/2956\/revisions"}],"predecessor-version":[{"id":8631,"href":"https:\/\/www.flora-pharm.de\/blog\/wp-json\/wp\/v2\/posts\/2956\/revisions\/8631"}],"wp:featuredmedia":[{"embeddable":true,"href":"https:\/\/www.flora-pharm.de\/blog\/wp-json\/wp\/v2\/media\/2957"}],"wp:attachment":[{"href":"https:\/\/www.flora-pharm.de\/blog\/wp-json\/wp\/v2\/media?parent=2956"}],"wp:term":[{"taxonomy":"category","embeddable":true,"href":"https:\/\/www.flora-pharm.de\/blog\/wp-json\/wp\/v2\/categories?post=2956"},{"taxonomy":"post_tag","embeddable":true,"href":"https:\/\/www.flora-pharm.de\/blog\/wp-json\/wp\/v2\/tags?post=2956"}],"curies":[{"name":"wp","href":"https:\/\/api.w.org\/{rel}","templated":true}]}}