{"id":2964,"date":"2015-11-06T09:45:37","date_gmt":"2015-11-06T08:45:37","guid":{"rendered":"http:\/\/www.flora-pharm.de\/blog\/?p=2964"},"modified":"2021-10-06T08:51:55","modified_gmt":"2021-10-06T06:51:55","slug":"alles-kuemmel-oder-was","status":"publish","type":"post","link":"https:\/\/www.flora-pharm.de\/blog\/alles-kuemmel-oder-was\/","title":{"rendered":"Alles K\u00fcmmel, oder was?"},"content":{"rendered":"<p>Manche m\u00f6gen K\u00fcmmel wegen seines speziellen Geschmacks nicht und lehnen auch Kreuz- und Schwarzk\u00fcmmel ab. Doch alle drei Gew\u00fcrze unterscheiden sich \u2013 nicht nur im Aroma!<\/p>\n<h2>Echter K\u00fcmmel<\/h2>\n<p>K\u00fcmmel gilt als typisch deutsches Gew\u00fcrz. An seinem w\u00fcrzig-scharfen Geschmack scheiden sich die Geister. Wie Anis und Fenchel geh\u00f6rt K\u00fcmmel (Carum carvi) zu den Doldenbl\u00fctlern. Seine sichelf\u00f6rmigen Samen haben durch die enthaltenen \u00e4therischen \u00d6le einen charakteristischen Duft und eine verdauungsf\u00f6rdernde Wirkung. K\u00fcmmel wird ganz genommen oder fein gemahlen und vor allem zum W\u00fcrzen von Sauerkraut, Kohlgerichten, Eint\u00f6pfen, Kartoffeln, Rote Bete, Quark, K\u00e4se und f\u00fcr Backwaren verwendet. Zusammen mit Koriander, Fenchel und Anis hat sich Echter K\u00fcmmel als Brotgew\u00fcrz bew\u00e4hrt.<\/p>\n<p><strong>Apotheken-Tipp:<\/strong><br \/>\nZersto\u00dfene K\u00fcmmelk\u00f6rner, K\u00fcmmel\u00f6l oder ein Tee aus K\u00fcmmel sind wirksame Mittel gegen Verdauungsst\u00f6rungen und Menstruationsbeschwerden. Bei stillenden M\u00fcttern f\u00f6rdert K\u00fcmmel die Milchbildung.<\/p>\n<p><strong>PS:<\/strong> Echter K\u00fcmmel (Carum carvi) wurde gerade zur <strong>Arzneipflanze des Jahres 2016<\/strong> gew\u00e4hlt! (<a href=\"http:\/\/www.pharmazeutische-zeitung.de\/index.php?id=60174\" rel=\"nofollow noopener\" target=\"_blank\">LINK<\/a>)<\/p>\n<h2>Kreuzk\u00fcmmel<\/h2>\n<p>(Anmerkung unseres Apothekers: &#8222;Diesen Absatz widme ich insbesondere meinem ehem. Hochschuldozenten der pharm. Biologie, Dr. U. Eilert, er und die damals anwesenden Studenten wissen schon warum\u2026&#8220;)<\/p>\n<p>Der Kreuzk\u00fcmmel (Cuminum cyminum) \u00e4hnelt \u00e4u\u00dferlich dem Echten K\u00fcmmel und geh\u00f6rt der gleichen botanischen Familie an. Doch beide haben geschmacklich nichts gemeinsam. Kreuzk\u00fcmmel schmeckt leicht bitter und scharf, etwas s\u00fc\u00df und hat ein frisches Aroma. Das Gew\u00fcrz wird vor allem in der orientalischen und indischen K\u00fcche genutzt. In Indien wird wei\u00dfer (safed) und schwarzer (kala) Kreuzk\u00fcmmel verwendet. Er ist in Garam Masala und Curry- Mischungen enthalten und unverzichtbar f\u00fcr Tandoori-Gerichte. Kreuzk\u00fcmmel gibt K\u00e4sesorten ihren speziellen Geschmack und passt zu Fleischgerichten, Eint\u00f6pfen, Kohl und Eierspeisen.<\/p>\n<p><strong>Apotheken-Tipp:<\/strong><br \/>\nKreuzk\u00fcmmel wirkt krampfl\u00f6send, antibakteriell, w\u00e4rmend und regt den Appetit an. In der Heilkunde hilft ein Kreuzk\u00fcmmeltee bei leichten Verdauungsbeschwerden wie Bl\u00e4hungen, Leber- und Magenschw\u00e4che.<\/p>\n<h2>Schwarzk\u00fcmmel<\/h2>\n<p>Die Samen des Hahnenfu\u00dfgew\u00e4chses Schwarzk\u00fcmmel (Nigella sativa) sind mattschwarz und \u00e4hneln Zwiebelsamen, riechen aber anisartig und werden in Asien und im mittleren Osten als Universalgew\u00fcrz verwendet. Die kleinen dreikantigen Samen, mit ihrer leichten Sch\u00e4rfe aromatisieren Joghurt und Getr\u00e4nke, w\u00fcrzen Currys, Salate, Vorspeisen und Hauptgerichte. Schwarzk\u00fcmmel ist aromatische Zutat im t\u00fcrkischen Fladenbrot und die Inder sch\u00e4tzen die antibakterielle Wirkung des Gew\u00fcrzes und verwenden ihn auch zum Einmachen.<\/p>\n<p><strong>Apotheken-Tipp:<\/strong><br \/>\nEssentielle unges\u00e4ttigte Fetts\u00e4uren des Schwarzk\u00fcmmel\u00f6ls wirken sich positiv auf die Stoffwechselprozesse aus. Schwarzk\u00fcmmel\u00f6l hilft bei trockener, rauer, schuppender Haut und lindert Juckreiz.<\/p>\n<p>&nbsp;<\/p>\n<p>Weitergehende Informationen und eine individuelle Beratung erhalten Sie bei uns, in Ihrer Apotheke!<\/p>\n<figure id=\"attachment_2965\" aria-describedby=\"caption-attachment-2965\" style=\"width: 225px\" class=\"wp-caption alignleft\"><a href=\"https:\/\/www.flora-pharm.de\/blog\/wp-content\/uploads\/2015\/11\/cover-NuG-11-2015.jpg\"><img loading=\"lazy\" decoding=\"async\" data-attachment-id=\"2965\" data-permalink=\"https:\/\/www.flora-pharm.de\/blog\/alles-kuemmel-oder-was\/linke-seite-6\/\" data-orig-file=\"https:\/\/www.flora-pharm.de\/blog\/wp-content\/uploads\/2015\/11\/cover-NuG-11-2015.jpg\" data-orig-size=\"450,600\" data-comments-opened=\"1\" data-image-meta=\"{&quot;aperture&quot;:&quot;0&quot;,&quot;credit&quot;:&quot;&quot;,&quot;camera&quot;:&quot;&quot;,&quot;caption&quot;:&quot;&quot;,&quot;created_timestamp&quot;:&quot;0&quot;,&quot;copyright&quot;:&quot;&quot;,&quot;focal_length&quot;:&quot;0&quot;,&quot;iso&quot;:&quot;0&quot;,&quot;shutter_speed&quot;:&quot;0&quot;,&quot;title&quot;:&quot;Linke Seite&quot;,&quot;orientation&quot;:&quot;1&quot;}\" data-image-title=\"Linke Seite\" data-image-description=\"\" data-image-caption=\"&lt;p&gt;Mit freundlicher Genehmigung der S &amp;#038; D Verlag GmbH. Das komplette Heft bekommen Sie auch bei uns in der Apotheke.&lt;\/p&gt;\n\" data-large-file=\"https:\/\/www.flora-pharm.de\/blog\/wp-content\/uploads\/2015\/11\/cover-NuG-11-2015.jpg\" src=\"https:\/\/www.flora-pharm.de\/blog\/wp-content\/uploads\/2015\/11\/cover-NuG-11-2015-225x300.jpg\" alt=\"Mit freundlicher Genehmigung der S &amp; D Verlag GmbH. Das komplette Heft bekommen Sie auch bei uns in der Apotheke.\" width=\"225\" height=\"300\" class=\"size-medium wp-image-2965\" srcset=\"https:\/\/www.flora-pharm.de\/blog\/wp-content\/uploads\/2015\/11\/cover-NuG-11-2015-225x300.jpg 225w, https:\/\/www.flora-pharm.de\/blog\/wp-content\/uploads\/2015\/11\/cover-NuG-11-2015.jpg 450w\" sizes=\"auto, (max-width: 225px) 100vw, 225px\" \/><\/a><figcaption id=\"caption-attachment-2965\" class=\"wp-caption-text\">Mit freundlicher Genehmigung der<br \/>S &#038; D Verlag GmbH. Das komplette Heft bekommen Sie auch bei uns in der Apotheke.<\/figcaption><\/figure>\n","protected":false},"excerpt":{"rendered":"<p>Manche m\u00f6gen K\u00fcmmel wegen seines speziellen Geschmacks nicht und lehnen auch Kreuz- und Schwarzk\u00fcmmel ab. Doch alle drei Gew\u00fcrze unterscheiden sich \u2013 nicht nur im Aroma! Echter K\u00fcmmel K\u00fcmmel gilt als typisch deutsches Gew\u00fcrz. An seinem w\u00fcrzig-scharfen Geschmack scheiden sich die Geister. Wie Anis und Fenchel geh\u00f6rt K\u00fcmmel (Carum carvi) zu den Doldenbl\u00fctlern. Seine sichelf\u00f6rmigen [&hellip;]<\/p>\n","protected":false},"author":1,"featured_media":0,"comment_status":"open","ping_status":"open","sticky":false,"template":"","format":"standard","meta":{"jetpack_post_was_ever_published":false,"_jetpack_newsletter_access":"","_jetpack_dont_email_post_to_subs":false,"_jetpack_newsletter_tier_id":0,"_jetpack_memberships_contains_paywalled_content":false,"_jetpack_memberships_contains_paid_content":false,"footnotes":""},"categories":[676,405],"tags":[304,410,422],"class_list":["post-2964","post","type-post","status-publish","format-standard","hentry","category-heilpflanzen-arzneipflanzen","category-kraeuter-gewuerze","tag-arzneipflanze","tag-kuemmel","tag-naturheilkunde-und-gesundheit","has-post-title","has-post-date","has-post-category","has-post-tag","has-post-comment","has-post-author",""],"jetpack_featured_media_url":"","jetpack-related-posts":[{"id":2974,"url":"https:\/\/www.flora-pharm.de\/blog\/frauenkraeuter-fuer-jede-lebensphase\/","url_meta":{"origin":2964,"position":0},"title":"Frauenkr\u00e4uter f\u00fcr jede Lebensphase","author":"Flora Team","date":"13. November 2015","format":false,"excerpt":"Von der ersten Regelblutung bis zu den Wechseljahren helfen Kr\u00e4uter und Heilpflanzen auf nat\u00fcrliche Weise. Kinderwunsch Bei unerf\u00fclltem Kinderwunsch k\u00f6nnen Pflanzenstoffe mit Hormonwirkung hilfreich sein. Die Naturheilkunde nutzt Pr\u00e4parate aus Rotklee, Traubensilberkerze, Sibirischer Rhabarberwurzel und M\u00f6nchspfeffer. Diese traditionellen Frauenkr\u00e4uter haben Einfluss auf einen stabilen Zyklus und damit auch auf die\u2026","rel":"","context":"In &quot;Heilpflanzen \/ Arzneipflanzen&quot;","block_context":{"text":"Heilpflanzen \/ Arzneipflanzen","link":"https:\/\/www.flora-pharm.de\/blog\/category\/heilpflanzen-arzneipflanzen\/"},"img":{"alt_text":"Mit freundlicher Genehmigung der S & D Verlag GmbH. Das komplette Heft bekommen Sie auch bei uns in der Apotheke.","src":"https:\/\/i0.wp.com\/www.flora-pharm.de\/blog\/wp-content\/uploads\/2015\/11\/cover-NuG-11-2015-225x300.jpg?resize=350%2C200&ssl=1","width":350,"height":200},"classes":[]},{"id":4319,"url":"https:\/\/www.flora-pharm.de\/blog\/die-wunderbare-welt-der-gewuerze\/","url_meta":{"origin":2964,"position":1},"title":"Die wunderbare Welt der Gew\u00fcrze","author":"Flora Team","date":"17. Juli 2017","format":false,"excerpt":"Arch\u00e4ologische Funde belegen, dass bereits die Menschen in der Jungsteinzeit ihren Speisen Gew\u00fcrze beif\u00fcgten: sie fanden wilden K\u00fcmmel. Nur der Grund l\u00e4sst sich nicht mehr nachvollziehen (Geschmack, Bek\u00f6mmlichkeit oder Ritual). Die Grenze zwischen Gew\u00fcrz- und Heilpflanzen ist flie\u00dfend. Selten sollten Gew\u00fcrze das Essen einfach nur leckerer machen, insbesondere in fr\u00fcheren\u2026","rel":"","context":"In &quot;Heilpflanzen \/ Arzneipflanzen&quot;","block_context":{"text":"Heilpflanzen \/ Arzneipflanzen","link":"https:\/\/www.flora-pharm.de\/blog\/category\/heilpflanzen-arzneipflanzen\/"},"img":{"alt_text":"","src":"https:\/\/i0.wp.com\/www.flora-pharm.de\/blog\/wp-content\/uploads\/2017\/07\/gewuerze.jpg?resize=350%2C200&ssl=1","width":350,"height":200,"srcset":"https:\/\/i0.wp.com\/www.flora-pharm.de\/blog\/wp-content\/uploads\/2017\/07\/gewuerze.jpg?resize=350%2C200&ssl=1 1x, https:\/\/i0.wp.com\/www.flora-pharm.de\/blog\/wp-content\/uploads\/2017\/07\/gewuerze.jpg?resize=525%2C300&ssl=1 1.5x, https:\/\/i0.wp.com\/www.flora-pharm.de\/blog\/wp-content\/uploads\/2017\/07\/gewuerze.jpg?resize=700%2C400&ssl=1 2x"},"classes":[]},{"id":8957,"url":"https:\/\/www.flora-pharm.de\/blog\/heilkraeuter-fuer-miez-mops\/","url_meta":{"origin":2964,"position":2},"title":"Heilkr\u00e4uter f\u00fcr Miez &amp; Mops","author":"Flora Team","date":"5. Februar 2024","format":false,"excerpt":"Alltagsbeschwerden behandeln wir gerne nat\u00fcrlich, z.B. mit Arzneipflanzen. Funktioniert das auch bei Haustieren? Was gibt es zu beachten?","rel":"","context":"In &quot;Haustiere&quot;","block_context":{"text":"Haustiere","link":"https:\/\/www.flora-pharm.de\/blog\/category\/haustiere\/"},"img":{"alt_text":"Heilkr\u00e4uter f\u00fcr Katze und Hund","src":"https:\/\/i0.wp.com\/www.flora-pharm.de\/blog\/wp-content\/uploads\/2023\/11\/heilkraeuter-fuer-miez-und-mops.jpg?resize=350%2C200&ssl=1","width":350,"height":200,"srcset":"https:\/\/i0.wp.com\/www.flora-pharm.de\/blog\/wp-content\/uploads\/2023\/11\/heilkraeuter-fuer-miez-und-mops.jpg?resize=350%2C200&ssl=1 1x, https:\/\/i0.wp.com\/www.flora-pharm.de\/blog\/wp-content\/uploads\/2023\/11\/heilkraeuter-fuer-miez-und-mops.jpg?resize=525%2C300&ssl=1 1.5x, https:\/\/i0.wp.com\/www.flora-pharm.de\/blog\/wp-content\/uploads\/2023\/11\/heilkraeuter-fuer-miez-und-mops.jpg?resize=700%2C400&ssl=1 2x, https:\/\/i0.wp.com\/www.flora-pharm.de\/blog\/wp-content\/uploads\/2023\/11\/heilkraeuter-fuer-miez-und-mops.jpg?resize=1050%2C600&ssl=1 3x"},"classes":[]},{"id":9352,"url":"https:\/\/www.flora-pharm.de\/blog\/bauch-in-balance\/","url_meta":{"origin":2964,"position":3},"title":"Bauch in Balance","author":"Flora Team","date":"31. M\u00e4rz 2025","format":false,"excerpt":"Muckt der Magen oder dr\u00fcckt es im Darm? Es gibt heilsame Helfer aus der Natur, die sanft f\u00fcr eine entspannte Mitte sorgen\u2026","rel":"","context":"In &quot;Wissenswert&quot;","block_context":{"text":"Wissenswert","link":"https:\/\/www.flora-pharm.de\/blog\/category\/wissenswert\/"},"img":{"alt_text":"Muckt der Magen oder dr\u00fcckt es im Darm? Hilfe aus der Natur","src":"https:\/\/i0.wp.com\/www.flora-pharm.de\/blog\/wp-content\/uploads\/2024\/10\/bauch-in-balance.jpg?resize=350%2C200&ssl=1","width":350,"height":200,"srcset":"https:\/\/i0.wp.com\/www.flora-pharm.de\/blog\/wp-content\/uploads\/2024\/10\/bauch-in-balance.jpg?resize=350%2C200&ssl=1 1x, https:\/\/i0.wp.com\/www.flora-pharm.de\/blog\/wp-content\/uploads\/2024\/10\/bauch-in-balance.jpg?resize=525%2C300&ssl=1 1.5x, https:\/\/i0.wp.com\/www.flora-pharm.de\/blog\/wp-content\/uploads\/2024\/10\/bauch-in-balance.jpg?resize=700%2C400&ssl=1 2x, https:\/\/i0.wp.com\/www.flora-pharm.de\/blog\/wp-content\/uploads\/2024\/10\/bauch-in-balance.jpg?resize=1050%2C600&ssl=1 3x"},"classes":[]},{"id":4690,"url":"https:\/\/www.flora-pharm.de\/blog\/schlemmen-ja-bauchweh-nein\/","url_meta":{"origin":2964,"position":4},"title":"Schlemmen ja \u2013 Bauchweh nein","author":"Flora Team","date":"21. Dezember 2017","format":false,"excerpt":"Weihnachten ohne Verdauungsbeschwerden Wenn die Verdauung ausgerechnet an den Festtagen verr\u00fccktspielt, gibt es in Ihrer Apotheke sanfte Mittel f\u00fcrs Wohlsein im Darm. An Weihnachten s\u00fcndigen wir alle gerne. Mit einem herzhaften Schlemmermen\u00fc ist es dann nicht getan. Ein zuckers\u00fc\u00dfes Dessert setzt dem Gelage noch die Krone auf. Und was ist\u2026","rel":"","context":"In &quot;Heilpflanzen \/ Arzneipflanzen&quot;","block_context":{"text":"Heilpflanzen \/ Arzneipflanzen","link":"https:\/\/www.flora-pharm.de\/blog\/category\/heilpflanzen-arzneipflanzen\/"},"img":{"alt_text":"schlemmen ja - bauchweh nein","src":"https:\/\/i0.wp.com\/www.flora-pharm.de\/blog\/wp-content\/uploads\/2017\/12\/schlemmen-bauchweh.jpg?resize=350%2C200&ssl=1","width":350,"height":200,"srcset":"https:\/\/i0.wp.com\/www.flora-pharm.de\/blog\/wp-content\/uploads\/2017\/12\/schlemmen-bauchweh.jpg?resize=350%2C200&ssl=1 1x, https:\/\/i0.wp.com\/www.flora-pharm.de\/blog\/wp-content\/uploads\/2017\/12\/schlemmen-bauchweh.jpg?resize=525%2C300&ssl=1 1.5x, https:\/\/i0.wp.com\/www.flora-pharm.de\/blog\/wp-content\/uploads\/2017\/12\/schlemmen-bauchweh.jpg?resize=700%2C400&ssl=1 2x"},"classes":[]},{"id":3076,"url":"https:\/\/www.flora-pharm.de\/blog\/verdauungstipps-so-klappt-es-wieder\/","url_meta":{"origin":2964,"position":5},"title":"Verdauungstipps &#8211; So klappt es wieder!","author":"Flora Team","date":"28. Januar 2016","format":false,"excerpt":"Was tun bei Sodbrennen, Bauchschmerzen, V\u00f6llegef\u00fchl, Bl\u00e4hungen, Verstopfung oder Durchfall? Verdauungsprobleme lassen sich nat\u00fcrlich beheben, mithilfe von Hausmitteln und Produkten aus Ihr er Apotheke! \u00a0 Geriebene \u00c4pfel Es gibt zahlreiche Ursachen f\u00fcr Durchfall, angefangen von Angst, Nervosit\u00e4t und Stress, Lebensmittelvergiftungen, Nahrungsmittelallergien oder -unvertr\u00e4glichkeiten. Bei l\u00e4nger anhaltenden Durchf\u00e4llen kommt es rasch\u2026","rel":"","context":"In &quot;Kr\u00e4uter &amp; Gew\u00fcrze&quot;","block_context":{"text":"Kr\u00e4uter &amp; Gew\u00fcrze","link":"https:\/\/www.flora-pharm.de\/blog\/category\/kraeuter-gewuerze\/"},"img":{"alt_text":"Mit freundlicher Genehmigung der S & D Verlag GmbH. Das komplette Naturheilkunde und Gesundheit Heft bekommen Sie auch bei uns in der Apotheke.","src":"https:\/\/i0.wp.com\/www.flora-pharm.de\/blog\/wp-content\/uploads\/2016\/01\/cover-NuG-01-2016-225x300.jpg?resize=350%2C200&ssl=1","width":350,"height":200},"classes":[]}],"jetpack_sharing_enabled":true,"_links":{"self":[{"href":"https:\/\/www.flora-pharm.de\/blog\/wp-json\/wp\/v2\/posts\/2964","targetHints":{"allow":["GET"]}}],"collection":[{"href":"https:\/\/www.flora-pharm.de\/blog\/wp-json\/wp\/v2\/posts"}],"about":[{"href":"https:\/\/www.flora-pharm.de\/blog\/wp-json\/wp\/v2\/types\/post"}],"author":[{"embeddable":true,"href":"https:\/\/www.flora-pharm.de\/blog\/wp-json\/wp\/v2\/users\/1"}],"replies":[{"embeddable":true,"href":"https:\/\/www.flora-pharm.de\/blog\/wp-json\/wp\/v2\/comments?post=2964"}],"version-history":[{"count":2,"href":"https:\/\/www.flora-pharm.de\/blog\/wp-json\/wp\/v2\/posts\/2964\/revisions"}],"predecessor-version":[{"id":7915,"href":"https:\/\/www.flora-pharm.de\/blog\/wp-json\/wp\/v2\/posts\/2964\/revisions\/7915"}],"wp:attachment":[{"href":"https:\/\/www.flora-pharm.de\/blog\/wp-json\/wp\/v2\/media?parent=2964"}],"wp:term":[{"taxonomy":"category","embeddable":true,"href":"https:\/\/www.flora-pharm.de\/blog\/wp-json\/wp\/v2\/categories?post=2964"},{"taxonomy":"post_tag","embeddable":true,"href":"https:\/\/www.flora-pharm.de\/blog\/wp-json\/wp\/v2\/tags?post=2964"}],"curies":[{"name":"wp","href":"https:\/\/api.w.org\/{rel}","templated":true}]}}