{"id":2983,"date":"2015-11-23T08:52:00","date_gmt":"2015-11-23T07:52:00","guid":{"rendered":"http:\/\/www.flora-pharm.de\/blog\/?p=2983"},"modified":"2015-11-23T08:52:00","modified_gmt":"2015-11-23T07:52:00","slug":"comics-in-der-apotheke-geschenkidee","status":"publish","type":"post","link":"https:\/\/www.flora-pharm.de\/blog\/comics-in-der-apotheke-geschenkidee\/","title":{"rendered":"Comics in der Apotheke? Geschenkidee\u2026"},"content":{"rendered":"<p>Zugegeben, dass wir bei uns neuerdings auch Comics anbieten, scheint zun\u00e4chst ungew\u00f6hnlich\u2026<\/p>\n<p>Aber die Privatdetektiv Benno Bonnet Comic-Reihe, vielmehr Hannover-Krimiserie, liegt uns besonders am Herzen, denn sie stammt von einem talentierten K\u00fcnstler aus Hannover, der seine\/unsere Stadt gern mit in die Handlung einbezieht. Im Heft \u201eBalthazars Almanach\u201c wurde u.a. sogar die Flora Apotheke, sehr detailgetreu gezeichnet, zum Spielort der Handlung, wo der Privatdetektiv wichtige Informationen zu dem gesuchten Almanach vom Apotheker erh\u00e4lt. Wir hatten bereits nach der Ver\u00f6ffentlichung einen Blogbeitrag mit einem Blick ins Buch ver\u00f6ffentlicht (<a href=\"https:\/\/www.flora-pharm.de\/blog\/flora-apotheke-als-spielort-benno-bonnet-comic-von-andreas-tolxdorf\/\">zum Artikel<\/a>) und auf diesen k\u00fcrzlich erneut auf unserer Facebookseite hingewiesen. Daraufhin wurden wir mit Nachfragen \u00fcbersch\u00fcttet und insbesondere darauf angesprochen und gefragt, wo man die Comics kaufen k\u00f6nne. Noch hat <strong>Andreas Tolxdorf<\/strong>, der kreative Sch\u00f6pfer des Privatdetektivs Benno Bonnet, seinen Vertrieb selbst in der Hand und realisiert kleine Auflagen im Digitaldruck. Nach R\u00fccksprache k\u00f6nnen wir Ihnen nun die Comics, die insbesondere auch f\u00fcr Erwachsene eine durchaus interessante Literatur darstellen, direkt bei uns anbieten, so k\u00f6nnen Sie sich ganz leicht ein Exemplar sichern.<\/p>\n<p>Wir denken, Ihnen gerade zur Weihnachtszeit eine tolle Geschenkidee mit Lokalkolorit vorzustellen. Die charmanten, spannenden, detailreich gezeichneten Comics sind nicht nur tolle Geschenke, es macht auch wirklich Spa\u00df, sie selbst zu lesen.<\/p>\n<p>Es gibt derzeit in der Benno Bonnet Reihe drei Hefte.<\/p>\n<p>Sie k\u00f6nnen sie einzeln zu je 15,95\u20ac oder als komplette Hannover-Krimiserie f\u00fcr 45,00\u20ac bei uns bekommen.<\/p>\n<p>Schnappen Sie sich Ihr Exemplar&#8230;<\/p>\n<div data-carousel-extra='{&quot;blog_id&quot;:1,&quot;permalink&quot;:&quot;https:\/\/www.flora-pharm.de\/blog\/comics-in-der-apotheke-geschenkidee\/&quot;}' id='gallery-1' class='gallery galleryid-2983 gallery-columns-4 gallery-size-thumbnail'><figure class='gallery-item'>\n\t\t\t<div class='gallery-icon portrait'>\n\t\t\t\t<a href='https:\/\/www.flora-pharm.de\/blog\/wp-content\/uploads\/2014\/01\/benno-bonnet-comic-flora-apo-hannover-s39.jpg'><img loading=\"lazy\" decoding=\"async\" width=\"150\" height=\"150\" src=\"https:\/\/www.flora-pharm.de\/blog\/wp-content\/uploads\/2014\/01\/benno-bonnet-comic-flora-apo-hannover-s39-150x150.jpg\" class=\"attachment-thumbnail size-thumbnail\" alt=\"\" aria-describedby=\"gallery-1-202\" data-attachment-id=\"202\" data-permalink=\"https:\/\/www.flora-pharm.de\/blog\/flora-apotheke-als-spielort-benno-bonnet-comic-von-andreas-tolxdorf\/benno-bonnet-comic-flora-apo-hannover-s39\/\" data-orig-file=\"https:\/\/www.flora-pharm.de\/blog\/wp-content\/uploads\/2014\/01\/benno-bonnet-comic-flora-apo-hannover-s39.jpg\" data-orig-size=\"636,900\" data-comments-opened=\"1\" data-image-meta=\"{&quot;aperture&quot;:&quot;0&quot;,&quot;credit&quot;:&quot;&quot;,&quot;camera&quot;:&quot;&quot;,&quot;caption&quot;:&quot;&quot;,&quot;created_timestamp&quot;:&quot;1386153036&quot;,&quot;copyright&quot;:&quot;&quot;,&quot;focal_length&quot;:&quot;0&quot;,&quot;iso&quot;:&quot;0&quot;,&quot;shutter_speed&quot;:&quot;0&quot;,&quot;title&quot;:&quot;&quot;}\" data-image-title=\"benno-bonnet-comic-flora-apo-hannover-s39\" data-image-description=\"\" data-image-caption=\"&lt;p&gt;Seite 39&lt;\/p&gt;\n\" data-large-file=\"https:\/\/www.flora-pharm.de\/blog\/wp-content\/uploads\/2014\/01\/benno-bonnet-comic-flora-apo-hannover-s39.jpg\" \/><\/a>\n\t\t\t<\/div>\n\t\t\t\t<figcaption class='wp-caption-text gallery-caption' id='gallery-1-202'>\n\t\t\t\tSeite 39\n\t\t\t\t<\/figcaption><\/figure><figure class='gallery-item'>\n\t\t\t<div class='gallery-icon portrait'>\n\t\t\t\t<a href='https:\/\/www.flora-pharm.de\/blog\/wp-content\/uploads\/2014\/01\/benno-bonnet-comic-flora-apo-hannover-s40.jpg'><img loading=\"lazy\" decoding=\"async\" width=\"150\" height=\"150\" src=\"https:\/\/www.flora-pharm.de\/blog\/wp-content\/uploads\/2014\/01\/benno-bonnet-comic-flora-apo-hannover-s40-150x150.jpg\" class=\"attachment-thumbnail size-thumbnail\" alt=\"\" aria-describedby=\"gallery-1-199\" data-attachment-id=\"199\" data-permalink=\"https:\/\/www.flora-pharm.de\/blog\/flora-apotheke-als-spielort-benno-bonnet-comic-von-andreas-tolxdorf\/benno-bonnet-comic-flora-apo-hannover-s40\/\" data-orig-file=\"https:\/\/www.flora-pharm.de\/blog\/wp-content\/uploads\/2014\/01\/benno-bonnet-comic-flora-apo-hannover-s40.jpg\" data-orig-size=\"636,900\" data-comments-opened=\"1\" data-image-meta=\"{&quot;aperture&quot;:&quot;0&quot;,&quot;credit&quot;:&quot;&quot;,&quot;camera&quot;:&quot;&quot;,&quot;caption&quot;:&quot;&quot;,&quot;created_timestamp&quot;:&quot;1386153036&quot;,&quot;copyright&quot;:&quot;&quot;,&quot;focal_length&quot;:&quot;0&quot;,&quot;iso&quot;:&quot;0&quot;,&quot;shutter_speed&quot;:&quot;0&quot;,&quot;title&quot;:&quot;&quot;}\" data-image-title=\"benno-bonnet-comic-flora-apo-hannover-s40\" data-image-description=\"\" data-image-caption=\"&lt;p&gt;Seite 40&lt;\/p&gt;\n\" data-large-file=\"https:\/\/www.flora-pharm.de\/blog\/wp-content\/uploads\/2014\/01\/benno-bonnet-comic-flora-apo-hannover-s40.jpg\" \/><\/a>\n\t\t\t<\/div>\n\t\t\t\t<figcaption class='wp-caption-text gallery-caption' id='gallery-1-199'>\n\t\t\t\tSeite 40\n\t\t\t\t<\/figcaption><\/figure><figure class='gallery-item'>\n\t\t\t<div class='gallery-icon portrait'>\n\t\t\t\t<a href='https:\/\/www.flora-pharm.de\/blog\/wp-content\/uploads\/2014\/01\/benno-bonnet-comic-flora-apo-hannover-s41.jpg'><img loading=\"lazy\" decoding=\"async\" width=\"150\" height=\"150\" src=\"https:\/\/www.flora-pharm.de\/blog\/wp-content\/uploads\/2014\/01\/benno-bonnet-comic-flora-apo-hannover-s41-150x150.jpg\" class=\"attachment-thumbnail size-thumbnail\" alt=\"\" aria-describedby=\"gallery-1-200\" data-attachment-id=\"200\" data-permalink=\"https:\/\/www.flora-pharm.de\/blog\/flora-apotheke-als-spielort-benno-bonnet-comic-von-andreas-tolxdorf\/benno-bonnet-comic-flora-apo-hannover-s41\/\" data-orig-file=\"https:\/\/www.flora-pharm.de\/blog\/wp-content\/uploads\/2014\/01\/benno-bonnet-comic-flora-apo-hannover-s41.jpg\" data-orig-size=\"636,900\" data-comments-opened=\"1\" data-image-meta=\"{&quot;aperture&quot;:&quot;0&quot;,&quot;credit&quot;:&quot;&quot;,&quot;camera&quot;:&quot;&quot;,&quot;caption&quot;:&quot;&quot;,&quot;created_timestamp&quot;:&quot;1386153036&quot;,&quot;copyright&quot;:&quot;&quot;,&quot;focal_length&quot;:&quot;0&quot;,&quot;iso&quot;:&quot;0&quot;,&quot;shutter_speed&quot;:&quot;0&quot;,&quot;title&quot;:&quot;&quot;}\" data-image-title=\"benno-bonnet-comic-flora-apo-hannover-s41\" data-image-description=\"\" data-image-caption=\"&lt;p&gt;Seite 41&lt;\/p&gt;\n\" data-large-file=\"https:\/\/www.flora-pharm.de\/blog\/wp-content\/uploads\/2014\/01\/benno-bonnet-comic-flora-apo-hannover-s41.jpg\" \/><\/a>\n\t\t\t<\/div>\n\t\t\t\t<figcaption class='wp-caption-text gallery-caption' id='gallery-1-200'>\n\t\t\t\tSeite 41\n\t\t\t\t<\/figcaption><\/figure>\n\t\t<\/div>\n\n","protected":false},"excerpt":{"rendered":"<p>Zugegeben, dass wir bei uns neuerdings auch Comics anbieten, scheint zun\u00e4chst ungew\u00f6hnlich\u2026 Aber die Privatdetektiv Benno Bonnet Comic-Reihe, vielmehr Hannover-Krimiserie, liegt uns besonders am Herzen, denn sie stammt von einem talentierten K\u00fcnstler aus Hannover, der seine\/unsere Stadt gern mit in die Handlung einbezieht. Im Heft \u201eBalthazars Almanach\u201c wurde u.a. sogar die Flora Apotheke, sehr detailgetreu [&hellip;]<\/p>\n","protected":false},"author":1,"featured_media":2984,"comment_status":"open","ping_status":"open","sticky":false,"template":"","format":"standard","meta":{"jetpack_post_was_ever_published":false,"_jetpack_newsletter_access":"","_jetpack_dont_email_post_to_subs":false,"_jetpack_newsletter_tier_id":0,"_jetpack_memberships_contains_paywalled_content":false,"_jetpack_memberships_contains_paid_content":false,"footnotes":""},"categories":[3,19],"tags":[109],"class_list":["post-2983","post","type-post","status-publish","format-standard","has-post-thumbnail","hentry","category-aktion","category-flora-apotheke","tag-comic","has-post-title","has-post-date","has-post-category","has-post-tag","has-post-comment","has-post-author",""],"jetpack_featured_media_url":"https:\/\/www.flora-pharm.de\/blog\/wp-content\/uploads\/2015\/11\/WeihnachtsplakatFloraNEU.jpg","jetpack-related-posts":[{"id":198,"url":"https:\/\/www.flora-pharm.de\/blog\/flora-apotheke-als-spielort-benno-bonnet-comic-von-andreas-tolxdorf\/","url_meta":{"origin":2983,"position":0},"title":"Die Flora Apotheke als Spielort in einem Benno Bonnet Comic &#8211; von Andreas Tolxdorf","author":"Flora Team","date":"20. Januar 2014","format":false,"excerpt":"Als Andreas Tolxdorf, der Sch\u00f6pfer der Benno Bonnet Comics, bei uns anfragte, ob er uns besuchen und sich ein paar Eindr\u00fccke f\u00fcr eine realistische Kulisse f\u00fcr einen Comic verschaffen d\u00fcrfe, waren wir zugegebenerma\u00dfen etwas skeptisch.\u00a0 Da wir aber versuchen, jedem weiterzuhelfen, er sehr symphytisch wirkte und unsere Neugier ihr \u00fcbriges\u2026","rel":"","context":"In &quot;Flora Apotheke&quot;","block_context":{"text":"Flora Apotheke","link":"https:\/\/www.flora-pharm.de\/blog\/category\/flora-apotheke\/"},"img":{"alt_text":"","src":"https:\/\/i0.wp.com\/www.flora-pharm.de\/blog\/wp-content\/uploads\/2014\/01\/benno-bonnet-comic-flora-apo-hannover-teaser.jpg?resize=350%2C200&ssl=1","width":350,"height":200,"srcset":"https:\/\/i0.wp.com\/www.flora-pharm.de\/blog\/wp-content\/uploads\/2014\/01\/benno-bonnet-comic-flora-apo-hannover-teaser.jpg?resize=350%2C200&ssl=1 1x, https:\/\/i0.wp.com\/www.flora-pharm.de\/blog\/wp-content\/uploads\/2014\/01\/benno-bonnet-comic-flora-apo-hannover-teaser.jpg?resize=525%2C300&ssl=1 1.5x, https:\/\/i0.wp.com\/www.flora-pharm.de\/blog\/wp-content\/uploads\/2014\/01\/benno-bonnet-comic-flora-apo-hannover-teaser.jpg?resize=700%2C400&ssl=1 2x"},"classes":[]},{"id":3645,"url":"https:\/\/www.flora-pharm.de\/blog\/quality-time-advent-weihnachten-wohlfuehlen-geschenke\/","url_meta":{"origin":2983,"position":1},"title":"Qualitytime: Advent &#8211; Weihnachten &#8211; Wohlf\u00fchlen","author":"Flora Team","date":"28. November 2016","format":false,"excerpt":"Wundersch\u00f6ne Adventszeit. Wir haben einen \u00dcbersichtsartikel zum Thema Weihnachten und Vorweihnachtszeit erstellt. Viel Spa\u00df beim St\u00f6bern...","rel":"","context":"In &quot;Flora Apotheke&quot;","block_context":{"text":"Flora Apotheke","link":"https:\/\/www.flora-pharm.de\/blog\/category\/flora-apotheke\/"},"img":{"alt_text":"Advent, Advent - friedliche und besinnliche Tage","src":"https:\/\/i0.wp.com\/www.flora-pharm.de\/blog\/wp-content\/uploads\/2022\/11\/adventszeit-2022.jpg?resize=350%2C200&ssl=1","width":350,"height":200,"srcset":"https:\/\/i0.wp.com\/www.flora-pharm.de\/blog\/wp-content\/uploads\/2022\/11\/adventszeit-2022.jpg?resize=350%2C200&ssl=1 1x, https:\/\/i0.wp.com\/www.flora-pharm.de\/blog\/wp-content\/uploads\/2022\/11\/adventszeit-2022.jpg?resize=525%2C300&ssl=1 1.5x, https:\/\/i0.wp.com\/www.flora-pharm.de\/blog\/wp-content\/uploads\/2022\/11\/adventszeit-2022.jpg?resize=700%2C400&ssl=1 2x, https:\/\/i0.wp.com\/www.flora-pharm.de\/blog\/wp-content\/uploads\/2022\/11\/adventszeit-2022.jpg?resize=1050%2C600&ssl=1 3x"},"classes":[]},{"id":2509,"url":"https:\/\/www.flora-pharm.de\/blog\/flora-genschenkgutscheine-wirken\/","url_meta":{"origin":2983,"position":2},"title":"Flora-Geschenkgutscheine wirken","author":"Flora Team","date":"6. Dezember 2014","format":false,"excerpt":"Haben Sie schon alle Geschenke zusammen? Sind Sie noch auf der Suche nach einem Geschenk mit Mehrwert? \u00a0 Wenn es einfach mal was anderes sein soll als der Zalando-Gutschein zum Schuhe oder Amazon-Gutschein zum Elektronik shoppen und Sie auch keine Lust versp\u00fcren, mit rudiment\u00e4ren Origami-Kenntnissen ein Geldgeschenk zu basteln, dann\u2026","rel":"","context":"In &quot;Flora Apotheke&quot;","block_context":{"text":"Flora Apotheke","link":"https:\/\/www.flora-pharm.de\/blog\/category\/flora-apotheke\/"},"img":{"alt_text":"","src":"https:\/\/i0.wp.com\/www.flora-pharm.de\/blog\/wp-content\/uploads\/2014\/12\/geschenkgutscheine.jpg?resize=350%2C200&ssl=1","width":350,"height":200,"srcset":"https:\/\/i0.wp.com\/www.flora-pharm.de\/blog\/wp-content\/uploads\/2014\/12\/geschenkgutscheine.jpg?resize=350%2C200&ssl=1 1x, https:\/\/i0.wp.com\/www.flora-pharm.de\/blog\/wp-content\/uploads\/2014\/12\/geschenkgutscheine.jpg?resize=525%2C300&ssl=1 1.5x, https:\/\/i0.wp.com\/www.flora-pharm.de\/blog\/wp-content\/uploads\/2014\/12\/geschenkgutscheine.jpg?resize=700%2C400&ssl=1 2x"},"classes":[]},{"id":9420,"url":"https:\/\/www.flora-pharm.de\/blog\/versandhandel-aus-tradition\/","url_meta":{"origin":2983,"position":3},"title":"Versandhandel aus Tradition","author":"Flora Team","date":"10. Januar 2025","format":false,"excerpt":"Versandapotheke und Rezepturherstellung? F\u00fcr uns selbstverst\u00e4ndlich seit Anbeginn der Zeit\u2026","rel":"","context":"In &quot;Eigenrezepturen&quot;","block_context":{"text":"Eigenrezepturen","link":"https:\/\/www.flora-pharm.de\/blog\/category\/eigenrezepturen\/"},"img":{"alt_text":"Ein alter Kartenbrief von 1900 mit einer Medikations-Bestellung belegt den Versandhandel der Flora-Apotheke bereits vor \u00fcber 100 Jahren","src":"https:\/\/i0.wp.com\/www.flora-pharm.de\/blog\/wp-content\/uploads\/2025\/01\/flora-brief-alt-social.jpg?resize=350%2C200&ssl=1","width":350,"height":200,"srcset":"https:\/\/i0.wp.com\/www.flora-pharm.de\/blog\/wp-content\/uploads\/2025\/01\/flora-brief-alt-social.jpg?resize=350%2C200&ssl=1 1x, https:\/\/i0.wp.com\/www.flora-pharm.de\/blog\/wp-content\/uploads\/2025\/01\/flora-brief-alt-social.jpg?resize=525%2C300&ssl=1 1.5x, https:\/\/i0.wp.com\/www.flora-pharm.de\/blog\/wp-content\/uploads\/2025\/01\/flora-brief-alt-social.jpg?resize=700%2C400&ssl=1 2x, https:\/\/i0.wp.com\/www.flora-pharm.de\/blog\/wp-content\/uploads\/2025\/01\/flora-brief-alt-social.jpg?resize=1050%2C600&ssl=1 3x"},"classes":[]},{"id":2376,"url":"https:\/\/www.flora-pharm.de\/blog\/1-jahr-das-blog-der-flora-apotheke-hannover\/","url_meta":{"origin":2983,"position":4},"title":"1 Jahr DAS BLOG der Flora Apotheke Hannover","author":"Flora Team","date":"1. September 2014","format":false,"excerpt":"Blog? Wir erw\u00e4hnen und verlinken es immer wieder, aber was ist das eigentlich? Es ist nicht der \u201eBlock\u201c (z.B. DIN A4, liniert mit Ringlochung) gemeint, es ist also kein Schreibfehler. Auch der Artikel \u201edas\u201c ist wirklich richtig\u2026 Das Blog (der Duden f\u00fchrt die Form im Neutrum als Hauptvariante, die maskuline\u2026","rel":"","context":"In &quot;Flora Apotheke&quot;","block_context":{"text":"Flora Apotheke","link":"https:\/\/www.flora-pharm.de\/blog\/category\/flora-apotheke\/"},"img":{"alt_text":"","src":"https:\/\/i0.wp.com\/www.flora-pharm.de\/blog\/wp-content\/uploads\/2014\/09\/blog-1y.jpg?resize=350%2C200&ssl=1","width":350,"height":200,"srcset":"https:\/\/i0.wp.com\/www.flora-pharm.de\/blog\/wp-content\/uploads\/2014\/09\/blog-1y.jpg?resize=350%2C200&ssl=1 1x, https:\/\/i0.wp.com\/www.flora-pharm.de\/blog\/wp-content\/uploads\/2014\/09\/blog-1y.jpg?resize=525%2C300&ssl=1 1.5x, https:\/\/i0.wp.com\/www.flora-pharm.de\/blog\/wp-content\/uploads\/2014\/09\/blog-1y.jpg?resize=700%2C400&ssl=1 2x"},"classes":[]},{"id":3783,"url":"https:\/\/www.flora-pharm.de\/blog\/die-2te-prinzessin-theater-fuer-kinder-sondervorstellung-2017\/","url_meta":{"origin":2983,"position":5},"title":"Die 2. Prinzessin &#8211; Theater f\u00fcr Kinder &#8211; Sondervorstellung am 24. M\u00e4rz 2017","author":"Flora Team","date":"26. Januar 2017","format":false,"excerpt":"Veranstaltungshinweis in eigener Sache: \"Die 2. Prinzessin\" von Gertrud Pigor f\u00fcr Kinder ab 4 Jahren und Ihre Eltern, eine Auff\u00fchrung des Klecks-Theater Hannover e.V., gesponsert von uns, der Flora Apotheke zugunsten der Kinder in unserem Stadtteil. Datum: Freitag, den 24. M\u00e4rz 2017 Uhrzeit: 17:00 Uhr Ort: Gemeindesaal der Dreifaltigkeitskirche Hannover\u2026","rel":"","context":"In &quot;Aktion&quot;","block_context":{"text":"Aktion","link":"https:\/\/www.flora-pharm.de\/blog\/category\/aktion\/"},"img":{"alt_text":"","src":"https:\/\/i0.wp.com\/www.flora-pharm.de\/blog\/wp-content\/uploads\/2017\/01\/kindertheater-2te-prinzessin-flora-17.jpg?resize=350%2C200&ssl=1","width":350,"height":200,"srcset":"https:\/\/i0.wp.com\/www.flora-pharm.de\/blog\/wp-content\/uploads\/2017\/01\/kindertheater-2te-prinzessin-flora-17.jpg?resize=350%2C200&ssl=1 1x, https:\/\/i0.wp.com\/www.flora-pharm.de\/blog\/wp-content\/uploads\/2017\/01\/kindertheater-2te-prinzessin-flora-17.jpg?resize=525%2C300&ssl=1 1.5x, https:\/\/i0.wp.com\/www.flora-pharm.de\/blog\/wp-content\/uploads\/2017\/01\/kindertheater-2te-prinzessin-flora-17.jpg?resize=700%2C400&ssl=1 2x"},"classes":[]}],"jetpack_sharing_enabled":true,"_links":{"self":[{"href":"https:\/\/www.flora-pharm.de\/blog\/wp-json\/wp\/v2\/posts\/2983","targetHints":{"allow":["GET"]}}],"collection":[{"href":"https:\/\/www.flora-pharm.de\/blog\/wp-json\/wp\/v2\/posts"}],"about":[{"href":"https:\/\/www.flora-pharm.de\/blog\/wp-json\/wp\/v2\/types\/post"}],"author":[{"embeddable":true,"href":"https:\/\/www.flora-pharm.de\/blog\/wp-json\/wp\/v2\/users\/1"}],"replies":[{"embeddable":true,"href":"https:\/\/www.flora-pharm.de\/blog\/wp-json\/wp\/v2\/comments?post=2983"}],"version-history":[{"count":5,"href":"https:\/\/www.flora-pharm.de\/blog\/wp-json\/wp\/v2\/posts\/2983\/revisions"}],"predecessor-version":[{"id":2989,"href":"https:\/\/www.flora-pharm.de\/blog\/wp-json\/wp\/v2\/posts\/2983\/revisions\/2989"}],"wp:featuredmedia":[{"embeddable":true,"href":"https:\/\/www.flora-pharm.de\/blog\/wp-json\/wp\/v2\/media\/2984"}],"wp:attachment":[{"href":"https:\/\/www.flora-pharm.de\/blog\/wp-json\/wp\/v2\/media?parent=2983"}],"wp:term":[{"taxonomy":"category","embeddable":true,"href":"https:\/\/www.flora-pharm.de\/blog\/wp-json\/wp\/v2\/categories?post=2983"},{"taxonomy":"post_tag","embeddable":true,"href":"https:\/\/www.flora-pharm.de\/blog\/wp-json\/wp\/v2\/tags?post=2983"}],"curies":[{"name":"wp","href":"https:\/\/api.w.org\/{rel}","templated":true}]}}