{"id":3006,"date":"2015-12-06T09:00:44","date_gmt":"2015-12-06T08:00:44","guid":{"rendered":"http:\/\/www.flora-pharm.de\/blog\/?p=3006"},"modified":"2015-12-03T10:06:20","modified_gmt":"2015-12-03T09:06:20","slug":"nikolaus-2015","status":"publish","type":"post","link":"https:\/\/www.flora-pharm.de\/blog\/nikolaus-2015\/","title":{"rendered":"Nikolaus 2015"},"content":{"rendered":"<p>Fr\u00f6hlichen Nikolaus! Wir hoffen, die Schuhe waren gut geputzt? \ud83d\ude09<\/p>\n<p>Das Team der Flora Apotheke w\u00fcnscht einen sch\u00f6nen Tag und einen gem\u00fctlichen zweiten Advent.<\/p>\n<p>&nbsp;<\/p>\n<p>&nbsp;<\/p>\n<p>PS: Ein paar wissenswerte Informationen und Links zum weihnachtlichen Brauchtum finden Sie in unserem <a href=\"https:\/\/www.flora-pharm.de\/blog\/advent-nikolaus-weihnachtsmann-christkind-und-unser-adventskalender\/\">Adventsartikel von 2013<\/a>.<\/p>\n","protected":false},"excerpt":{"rendered":"<p>Fr\u00f6hlichen Nikolaus! Wir hoffen, die Schuhe waren gut geputzt? \ud83d\ude09 Das Team der Flora Apotheke w\u00fcnscht einen sch\u00f6nen Tag und einen gem\u00fctlichen zweiten Advent. &nbsp; &nbsp; PS: Ein paar wissenswerte Informationen und Links zum weihnachtlichen Brauchtum finden Sie in unserem Adventsartikel von 2013.<\/p>\n","protected":false},"author":1,"featured_media":3007,"comment_status":"open","ping_status":"open","sticky":false,"template":"","format":"standard","meta":{"jetpack_post_was_ever_published":false,"_jetpack_newsletter_access":"","_jetpack_dont_email_post_to_subs":false,"_jetpack_newsletter_tier_id":0,"_jetpack_memberships_contains_paywalled_content":false,"_jetpack_memberships_contains_paid_content":false,"footnotes":""},"categories":[19,22],"tags":[67,70],"class_list":["post-3006","post","type-post","status-publish","format-standard","has-post-thumbnail","hentry","category-flora-apotheke","category-kalenderlexikon","tag-advent","tag-nikolaus","has-post-title","has-post-date","has-post-category","has-post-tag","has-post-comment","has-post-author",""],"jetpack_featured_media_url":"https:\/\/www.flora-pharm.de\/blog\/wp-content\/uploads\/2015\/12\/teddy-2-advent-nikolaus.jpg","jetpack-related-posts":[{"id":139,"url":"https:\/\/www.flora-pharm.de\/blog\/advent-nikolaus-weihnachtsmann-christkind-und-unser-adventskalender\/","url_meta":{"origin":3006,"position":0},"title":"Advent \u2013 Nikolaus \u2013 Weihnachtsmann \u2013 Christkind und&#8230; unser Adventskalender","author":"Flora Team","date":"2. Dezember 2013","format":false,"excerpt":"So viele Feste, so viele Figuren und Br\u00e4uche. Das alles genau auseinanderzuhalten ist komplex und regional unterschiedlich. Wir m\u00f6chten die Hintergr\u00fcnde ein wenig n\u00e4her bringen und f\u00fchren unseren Feiertagskalender hier weiter. Wenn es Ihnen gef\u00e4llt, freuen wir uns \u00fcber Ihren Kommentar! Advent (Adventus Domini = Ankunft des Herrn) Es ist\u2026","rel":"","context":"In &quot;Flora Apotheke&quot;","block_context":{"text":"Flora Apotheke","link":"https:\/\/www.flora-pharm.de\/blog\/category\/flora-apotheke\/"},"img":{"alt_text":"","src":"https:\/\/i0.wp.com\/www.flora-pharm.de\/blog\/wp-content\/uploads\/2013\/12\/Foto_Advkal_800x800.jpg?resize=350%2C200&ssl=1","width":350,"height":200,"srcset":"https:\/\/i0.wp.com\/www.flora-pharm.de\/blog\/wp-content\/uploads\/2013\/12\/Foto_Advkal_800x800.jpg?resize=350%2C200&ssl=1 1x, https:\/\/i0.wp.com\/www.flora-pharm.de\/blog\/wp-content\/uploads\/2013\/12\/Foto_Advkal_800x800.jpg?resize=525%2C300&ssl=1 1.5x, https:\/\/i0.wp.com\/www.flora-pharm.de\/blog\/wp-content\/uploads\/2013\/12\/Foto_Advkal_800x800.jpg?resize=700%2C400&ssl=1 2x"},"classes":[]},{"id":3645,"url":"https:\/\/www.flora-pharm.de\/blog\/quality-time-advent-weihnachten-wohlfuehlen-geschenke\/","url_meta":{"origin":3006,"position":1},"title":"Qualitytime: Advent &#8211; Weihnachten &#8211; Wohlf\u00fchlen","author":"Flora Team","date":"28. November 2016","format":false,"excerpt":"Wundersch\u00f6ne Adventszeit. Wir haben einen \u00dcbersichtsartikel zum Thema Weihnachten und Vorweihnachtszeit erstellt. Viel Spa\u00df beim St\u00f6bern...","rel":"","context":"In &quot;Flora Apotheke&quot;","block_context":{"text":"Flora Apotheke","link":"https:\/\/www.flora-pharm.de\/blog\/category\/flora-apotheke\/"},"img":{"alt_text":"Advent, Advent - friedliche und besinnliche Tage","src":"https:\/\/i0.wp.com\/www.flora-pharm.de\/blog\/wp-content\/uploads\/2022\/11\/adventszeit-2022.jpg?resize=350%2C200&ssl=1","width":350,"height":200,"srcset":"https:\/\/i0.wp.com\/www.flora-pharm.de\/blog\/wp-content\/uploads\/2022\/11\/adventszeit-2022.jpg?resize=350%2C200&ssl=1 1x, https:\/\/i0.wp.com\/www.flora-pharm.de\/blog\/wp-content\/uploads\/2022\/11\/adventszeit-2022.jpg?resize=525%2C300&ssl=1 1.5x, https:\/\/i0.wp.com\/www.flora-pharm.de\/blog\/wp-content\/uploads\/2022\/11\/adventszeit-2022.jpg?resize=700%2C400&ssl=1 2x, https:\/\/i0.wp.com\/www.flora-pharm.de\/blog\/wp-content\/uploads\/2022\/11\/adventszeit-2022.jpg?resize=1050%2C600&ssl=1 3x"},"classes":[]},{"id":2503,"url":"https:\/\/www.flora-pharm.de\/blog\/adventszeit-der-flora-apotheke\/","url_meta":{"origin":3006,"position":2},"title":"Adventszeit in der Flora Apotheke","author":"Flora Team","date":"1. Dezember 2014","format":false,"excerpt":"Alle Jahre wieder ... Er steht wieder. Was es mit unserem Adventskalender auf sich hat? Kommen Sie uns doch einmal besuchen\u2026 Wir w\u00fcnschen Ihnen und Ihren Lieben eine wundersch\u00f6ne und m\u00f6glichst gesunde Vorweihnachtszeit \u00a0 PS: Heute - am ersten Dezember - ist auch Welt AIDS Tag und das darf nicht\u2026","rel":"","context":"In &quot;Aktion&quot;","block_context":{"text":"Aktion","link":"https:\/\/www.flora-pharm.de\/blog\/category\/aktion\/"},"img":{"alt_text":"","src":"https:\/\/i0.wp.com\/www.flora-pharm.de\/blog\/wp-content\/uploads\/2014\/12\/adventskalender.jpg?resize=350%2C200&ssl=1","width":350,"height":200,"srcset":"https:\/\/i0.wp.com\/www.flora-pharm.de\/blog\/wp-content\/uploads\/2014\/12\/adventskalender.jpg?resize=350%2C200&ssl=1 1x, https:\/\/i0.wp.com\/www.flora-pharm.de\/blog\/wp-content\/uploads\/2014\/12\/adventskalender.jpg?resize=525%2C300&ssl=1 1.5x, https:\/\/i0.wp.com\/www.flora-pharm.de\/blog\/wp-content\/uploads\/2014\/12\/adventskalender.jpg?resize=700%2C400&ssl=1 2x"},"classes":[]},{"id":153,"url":"https:\/\/www.flora-pharm.de\/blog\/adventszeit-ist-kekszeit\/","url_meta":{"origin":3006,"position":3},"title":"Adventszeit ist Kekszeit","author":"Flora Team","date":"4. Dezember 2013","format":false,"excerpt":"\u2026und jedes Kind wei\u00df, dass zum Kekse-Backen undbedingt \u00a0Zucker notwendig ist und im Zucker stecken die b\u00f6sen Kalorien. Es ist schon eine gemeine Zeit des Jahres. Aber es gibt Auswege aus dem Dilemma! Kennen Sie die Alternative Xucker? Es hat nicht nur weniger Kalorien, sondern ist sogar noch GUT f\u00fcr\u2026","rel":"","context":"In &quot;Flora Apotheke&quot;","block_context":{"text":"Flora Apotheke","link":"https:\/\/www.flora-pharm.de\/blog\/category\/flora-apotheke\/"},"img":{"alt_text":"","src":"https:\/\/i0.wp.com\/www.flora-pharm.de\/blog\/wp-content\/uploads\/2013\/12\/schaukasten-xucker-rezept.jpg?resize=350%2C200&ssl=1","width":350,"height":200,"srcset":"https:\/\/i0.wp.com\/www.flora-pharm.de\/blog\/wp-content\/uploads\/2013\/12\/schaukasten-xucker-rezept.jpg?resize=350%2C200&ssl=1 1x, https:\/\/i0.wp.com\/www.flora-pharm.de\/blog\/wp-content\/uploads\/2013\/12\/schaukasten-xucker-rezept.jpg?resize=525%2C300&ssl=1 1.5x, https:\/\/i0.wp.com\/www.flora-pharm.de\/blog\/wp-content\/uploads\/2013\/12\/schaukasten-xucker-rezept.jpg?resize=700%2C400&ssl=1 2x"},"classes":[]},{"id":3026,"url":"https:\/\/www.flora-pharm.de\/blog\/die-flora-apotheke-wuenscht-beschauliche-weihnachten-2015\/","url_meta":{"origin":3006,"position":4},"title":"Die Flora Apotheke w\u00fcnscht beschauliche Weihnachten","author":"Flora Team","date":"24. Dezember 2015","format":false,"excerpt":"Nun ist es wieder soweit, Weihnachten steht vor der T\u00fcr. Wir danken Ihnen f\u00fcr das uns \u2013 auch in den Sozialen Medien \u2013 entgegengebrachte Vertrauen. \u00a0 Das Team der Flora Apotheke w\u00fcnscht Ihnen und Ihren Lieben ein frohes und beschauliches Fest. \u00a0 Wie antworten Sie eigentlich auf die Frage, ob\u2026","rel":"","context":"In &quot;Flora Apotheke&quot;","block_context":{"text":"Flora Apotheke","link":"https:\/\/www.flora-pharm.de\/blog\/category\/flora-apotheke\/"},"img":{"alt_text":"","src":"https:\/\/i0.wp.com\/www.flora-pharm.de\/blog\/wp-content\/uploads\/2015\/12\/Flora-Weihnachtskarte-quadrat.jpg?resize=350%2C200&ssl=1","width":350,"height":200,"srcset":"https:\/\/i0.wp.com\/www.flora-pharm.de\/blog\/wp-content\/uploads\/2015\/12\/Flora-Weihnachtskarte-quadrat.jpg?resize=350%2C200&ssl=1 1x, https:\/\/i0.wp.com\/www.flora-pharm.de\/blog\/wp-content\/uploads\/2015\/12\/Flora-Weihnachtskarte-quadrat.jpg?resize=525%2C300&ssl=1 1.5x, https:\/\/i0.wp.com\/www.flora-pharm.de\/blog\/wp-content\/uploads\/2015\/12\/Flora-Weihnachtskarte-quadrat.jpg?resize=700%2C400&ssl=1 2x"},"classes":[]},{"id":2509,"url":"https:\/\/www.flora-pharm.de\/blog\/flora-genschenkgutscheine-wirken\/","url_meta":{"origin":3006,"position":5},"title":"Flora-Geschenkgutscheine wirken","author":"Flora Team","date":"6. Dezember 2014","format":false,"excerpt":"Haben Sie schon alle Geschenke zusammen? Sind Sie noch auf der Suche nach einem Geschenk mit Mehrwert? \u00a0 Wenn es einfach mal was anderes sein soll als der Zalando-Gutschein zum Schuhe oder Amazon-Gutschein zum Elektronik shoppen und Sie auch keine Lust versp\u00fcren, mit rudiment\u00e4ren Origami-Kenntnissen ein Geldgeschenk zu basteln, dann\u2026","rel":"","context":"In &quot;Flora Apotheke&quot;","block_context":{"text":"Flora Apotheke","link":"https:\/\/www.flora-pharm.de\/blog\/category\/flora-apotheke\/"},"img":{"alt_text":"","src":"https:\/\/i0.wp.com\/www.flora-pharm.de\/blog\/wp-content\/uploads\/2014\/12\/geschenkgutscheine.jpg?resize=350%2C200&ssl=1","width":350,"height":200,"srcset":"https:\/\/i0.wp.com\/www.flora-pharm.de\/blog\/wp-content\/uploads\/2014\/12\/geschenkgutscheine.jpg?resize=350%2C200&ssl=1 1x, https:\/\/i0.wp.com\/www.flora-pharm.de\/blog\/wp-content\/uploads\/2014\/12\/geschenkgutscheine.jpg?resize=525%2C300&ssl=1 1.5x, https:\/\/i0.wp.com\/www.flora-pharm.de\/blog\/wp-content\/uploads\/2014\/12\/geschenkgutscheine.jpg?resize=700%2C400&ssl=1 2x"},"classes":[]}],"jetpack_sharing_enabled":true,"_links":{"self":[{"href":"https:\/\/www.flora-pharm.de\/blog\/wp-json\/wp\/v2\/posts\/3006","targetHints":{"allow":["GET"]}}],"collection":[{"href":"https:\/\/www.flora-pharm.de\/blog\/wp-json\/wp\/v2\/posts"}],"about":[{"href":"https:\/\/www.flora-pharm.de\/blog\/wp-json\/wp\/v2\/types\/post"}],"author":[{"embeddable":true,"href":"https:\/\/www.flora-pharm.de\/blog\/wp-json\/wp\/v2\/users\/1"}],"replies":[{"embeddable":true,"href":"https:\/\/www.flora-pharm.de\/blog\/wp-json\/wp\/v2\/comments?post=3006"}],"version-history":[{"count":1,"href":"https:\/\/www.flora-pharm.de\/blog\/wp-json\/wp\/v2\/posts\/3006\/revisions"}],"predecessor-version":[{"id":3008,"href":"https:\/\/www.flora-pharm.de\/blog\/wp-json\/wp\/v2\/posts\/3006\/revisions\/3008"}],"wp:featuredmedia":[{"embeddable":true,"href":"https:\/\/www.flora-pharm.de\/blog\/wp-json\/wp\/v2\/media\/3007"}],"wp:attachment":[{"href":"https:\/\/www.flora-pharm.de\/blog\/wp-json\/wp\/v2\/media?parent=3006"}],"wp:term":[{"taxonomy":"category","embeddable":true,"href":"https:\/\/www.flora-pharm.de\/blog\/wp-json\/wp\/v2\/categories?post=3006"},{"taxonomy":"post_tag","embeddable":true,"href":"https:\/\/www.flora-pharm.de\/blog\/wp-json\/wp\/v2\/tags?post=3006"}],"curies":[{"name":"wp","href":"https:\/\/api.w.org\/{rel}","templated":true}]}}