{"id":3026,"date":"2015-12-24T09:15:59","date_gmt":"2015-12-24T08:15:59","guid":{"rendered":"http:\/\/www.flora-pharm.de\/blog\/?p=3026"},"modified":"2015-12-23T11:37:39","modified_gmt":"2015-12-23T10:37:39","slug":"die-flora-apotheke-wuenscht-beschauliche-weihnachten-2015","status":"publish","type":"post","link":"https:\/\/www.flora-pharm.de\/blog\/die-flora-apotheke-wuenscht-beschauliche-weihnachten-2015\/","title":{"rendered":"Die Flora Apotheke w\u00fcnscht beschauliche Weihnachten"},"content":{"rendered":"<p>Nun ist es wieder soweit, Weihnachten steht vor der T\u00fcr.<\/p>\n<p>Wir danken Ihnen f\u00fcr das uns \u2013 auch in den Sozialen Medien \u2013 entgegengebrachte Vertrauen.<\/p>\n<p>&nbsp;<\/p>\n<p><strong>Das Team der Flora Apotheke w\u00fcnscht Ihnen und Ihren Lieben ein frohes und beschauliches Fest. <\/strong><\/p>\n<p>&nbsp;<\/p>\n<p>Wie antworten Sie eigentlich auf die Frage, ob es einen Weihnachtsmann gibt? Wir haben eine der wohl sch\u00f6nsten Antworten hier f\u00fcr Sie hier in unserem Blog: <a href=\"https:\/\/www.flora-pharm.de\/blog\/gibt-es-einen-weihnachtsmann\/\">&#8222;Gibt es einen Weihnachtsmann?&#8220;<\/a><\/p>\n<p>&nbsp;<\/p>\n<p>&nbsp;<\/p>\n<p>PS: Wir hoffen nat\u00fcrlich, dass Sie es nicht in Anspruch nehmen m\u00fcssen, aber falls doch, finden Sie den <a href=\"https:\/\/www.flora-pharm.de\/notdienst\/start.htm\">Apotheken Notdienstkalender f\u00fcr Hannover<\/a> auf unserer Website.<\/p>\n<p>&nbsp;<\/p>\n","protected":false},"excerpt":{"rendered":"<p>Nun ist es wieder soweit, Weihnachten steht vor der T\u00fcr. Wir danken Ihnen f\u00fcr das uns \u2013 auch in den Sozialen Medien \u2013 entgegengebrachte Vertrauen. &nbsp; Das Team der Flora Apotheke w\u00fcnscht Ihnen und Ihren Lieben ein frohes und beschauliches Fest. &nbsp; Wie antworten Sie eigentlich auf die Frage, ob es einen Weihnachtsmann gibt? Wir [&hellip;]<\/p>\n","protected":false},"author":1,"featured_media":3027,"comment_status":"open","ping_status":"open","sticky":false,"template":"","format":"standard","meta":{"jetpack_post_was_ever_published":false,"_jetpack_newsletter_access":"","_jetpack_dont_email_post_to_subs":false,"_jetpack_newsletter_tier_id":0,"_jetpack_memberships_contains_paywalled_content":false,"_jetpack_memberships_contains_paid_content":false,"footnotes":""},"categories":[19,22],"tags":[67,37,70,69,91],"class_list":["post-3026","post","type-post","status-publish","format-standard","has-post-thumbnail","hentry","category-flora-apotheke","category-kalenderlexikon","tag-advent","tag-feiertag","tag-nikolaus","tag-weihnachten","tag-weihnachtsmann","has-post-title","has-post-date","has-post-category","has-post-tag","has-post-comment","has-post-author",""],"jetpack_featured_media_url":"https:\/\/www.flora-pharm.de\/blog\/wp-content\/uploads\/2015\/12\/Flora-Weihnachtskarte-quadrat.jpg","jetpack-related-posts":[{"id":3645,"url":"https:\/\/www.flora-pharm.de\/blog\/quality-time-advent-weihnachten-wohlfuehlen-geschenke\/","url_meta":{"origin":3026,"position":0},"title":"Qualitytime: Advent &#8211; Weihnachten &#8211; Wohlf\u00fchlen","author":"Flora Team","date":"28. November 2016","format":false,"excerpt":"Wundersch\u00f6ne Adventszeit. Wir haben einen \u00dcbersichtsartikel zum Thema Weihnachten und Vorweihnachtszeit erstellt. Viel Spa\u00df beim St\u00f6bern...","rel":"","context":"In &quot;Flora Apotheke&quot;","block_context":{"text":"Flora Apotheke","link":"https:\/\/www.flora-pharm.de\/blog\/category\/flora-apotheke\/"},"img":{"alt_text":"Advent, Advent - friedliche und besinnliche Tage","src":"https:\/\/i0.wp.com\/www.flora-pharm.de\/blog\/wp-content\/uploads\/2022\/11\/adventszeit-2022.jpg?resize=350%2C200&ssl=1","width":350,"height":200,"srcset":"https:\/\/i0.wp.com\/www.flora-pharm.de\/blog\/wp-content\/uploads\/2022\/11\/adventszeit-2022.jpg?resize=350%2C200&ssl=1 1x, https:\/\/i0.wp.com\/www.flora-pharm.de\/blog\/wp-content\/uploads\/2022\/11\/adventszeit-2022.jpg?resize=525%2C300&ssl=1 1.5x, https:\/\/i0.wp.com\/www.flora-pharm.de\/blog\/wp-content\/uploads\/2022\/11\/adventszeit-2022.jpg?resize=700%2C400&ssl=1 2x, https:\/\/i0.wp.com\/www.flora-pharm.de\/blog\/wp-content\/uploads\/2022\/11\/adventszeit-2022.jpg?resize=1050%2C600&ssl=1 3x"},"classes":[]},{"id":3706,"url":"https:\/\/www.flora-pharm.de\/blog\/weihnachten-2016\/","url_meta":{"origin":3026,"position":1},"title":"Weihnachten 2016","author":"Flora Team","date":"24. Dezember 2016","format":false,"excerpt":"Hohoho, vor uns liegt ein langes Wochenende, voll von weihnachtlichem Zauber. Wie auch schon in den letzten Jahren m\u00f6chten wir Ihnen noch eine wundersch\u00f6ne Lekt\u00fcre ans Herz legen: Die unseres Erachtens wohl sch\u00f6nste Antwort auf die Frage ob es einen Weihnachtsmann gibt. \u00a0 Und dann haben wir auch noch ein\u2026","rel":"","context":"In &quot;Aktion&quot;","block_context":{"text":"Aktion","link":"https:\/\/www.flora-pharm.de\/blog\/category\/aktion\/"},"img":{"alt_text":"","src":"","width":0,"height":0},"classes":[]},{"id":139,"url":"https:\/\/www.flora-pharm.de\/blog\/advent-nikolaus-weihnachtsmann-christkind-und-unser-adventskalender\/","url_meta":{"origin":3026,"position":2},"title":"Advent \u2013 Nikolaus \u2013 Weihnachtsmann \u2013 Christkind und&#8230; unser Adventskalender","author":"Flora Team","date":"2. Dezember 2013","format":false,"excerpt":"So viele Feste, so viele Figuren und Br\u00e4uche. Das alles genau auseinanderzuhalten ist komplex und regional unterschiedlich. Wir m\u00f6chten die Hintergr\u00fcnde ein wenig n\u00e4her bringen und f\u00fchren unseren Feiertagskalender hier weiter. Wenn es Ihnen gef\u00e4llt, freuen wir uns \u00fcber Ihren Kommentar! Advent (Adventus Domini = Ankunft des Herrn) Es ist\u2026","rel":"","context":"In &quot;Flora Apotheke&quot;","block_context":{"text":"Flora Apotheke","link":"https:\/\/www.flora-pharm.de\/blog\/category\/flora-apotheke\/"},"img":{"alt_text":"","src":"https:\/\/i0.wp.com\/www.flora-pharm.de\/blog\/wp-content\/uploads\/2013\/12\/Foto_Advkal_800x800.jpg?resize=350%2C200&ssl=1","width":350,"height":200,"srcset":"https:\/\/i0.wp.com\/www.flora-pharm.de\/blog\/wp-content\/uploads\/2013\/12\/Foto_Advkal_800x800.jpg?resize=350%2C200&ssl=1 1x, https:\/\/i0.wp.com\/www.flora-pharm.de\/blog\/wp-content\/uploads\/2013\/12\/Foto_Advkal_800x800.jpg?resize=525%2C300&ssl=1 1.5x, https:\/\/i0.wp.com\/www.flora-pharm.de\/blog\/wp-content\/uploads\/2013\/12\/Foto_Advkal_800x800.jpg?resize=700%2C400&ssl=1 2x"},"classes":[]},{"id":2526,"url":"https:\/\/www.flora-pharm.de\/blog\/weihnachten-2014\/","url_meta":{"origin":3026,"position":3},"title":"Weihnachten 2014","author":"Flora Team","date":"24. Dezember 2014","format":false,"excerpt":"WWW - Unsere Weihnachts-Wort-Wolke: Ein kleiner Spa\u00df und gleichzeitig Weihnachtsgru\u00df. Finden Sie das gedoppelte Wort? (Nicht Wortteile.) Viel Spa\u00df beim Suchen. Wir w\u00fcnschen Ihnen frohe Weihnachtstage Lesetipp: Eine herzerweichende Geschichte zum Thema \"Gibt es einen Weihnachtsmann?\" Ihr Team der Flora Apotheke","rel":"","context":"In &quot;Flora Apotheke&quot;","block_context":{"text":"Flora Apotheke","link":"https:\/\/www.flora-pharm.de\/blog\/category\/flora-apotheke\/"},"img":{"alt_text":"","src":"https:\/\/i0.wp.com\/www.flora-pharm.de\/blog\/wp-content\/uploads\/2014\/12\/Weihnachts-Wort-Wolke-WWW.jpg?resize=350%2C200&ssl=1","width":350,"height":200,"srcset":"https:\/\/i0.wp.com\/www.flora-pharm.de\/blog\/wp-content\/uploads\/2014\/12\/Weihnachts-Wort-Wolke-WWW.jpg?resize=350%2C200&ssl=1 1x, https:\/\/i0.wp.com\/www.flora-pharm.de\/blog\/wp-content\/uploads\/2014\/12\/Weihnachts-Wort-Wolke-WWW.jpg?resize=525%2C300&ssl=1 1.5x, https:\/\/i0.wp.com\/www.flora-pharm.de\/blog\/wp-content\/uploads\/2014\/12\/Weihnachts-Wort-Wolke-WWW.jpg?resize=700%2C400&ssl=1 2x"},"classes":[]},{"id":2998,"url":"https:\/\/www.flora-pharm.de\/blog\/flora-adventskalender\/","url_meta":{"origin":3026,"position":4},"title":"Flora Adventskalender","author":"Flora Team","date":"27. November 2015","format":false,"excerpt":"Seit zwei Monaten gibt es Zimtsterne und Dominosteine in den M\u00e4rkten, der erste Schnee ist bereits gefallen und die Weihnachtsm\u00e4rkte \u00f6ffnen ihre Tore. Es l\u00e4sst sich nicht leugnen, wir haben den Dezember und damit auch die Vorweihnachtszeit erreicht. Der letzte Beweis: Sonntag ist der erste Advent! Alle Jahre wieder und\u2026","rel":"","context":"In &quot;Aktion&quot;","block_context":{"text":"Aktion","link":"https:\/\/www.flora-pharm.de\/blog\/category\/aktion\/"},"img":{"alt_text":"","src":"https:\/\/i0.wp.com\/www.flora-pharm.de\/blog\/wp-content\/uploads\/2015\/11\/adventskalender.jpg?resize=350%2C200&ssl=1","width":350,"height":200,"srcset":"https:\/\/i0.wp.com\/www.flora-pharm.de\/blog\/wp-content\/uploads\/2015\/11\/adventskalender.jpg?resize=350%2C200&ssl=1 1x, https:\/\/i0.wp.com\/www.flora-pharm.de\/blog\/wp-content\/uploads\/2015\/11\/adventskalender.jpg?resize=525%2C300&ssl=1 1.5x, https:\/\/i0.wp.com\/www.flora-pharm.de\/blog\/wp-content\/uploads\/2015\/11\/adventskalender.jpg?resize=700%2C400&ssl=1 2x"},"classes":[]},{"id":174,"url":"https:\/\/www.flora-pharm.de\/blog\/gibt-es-einen-weihnachtsmann\/","url_meta":{"origin":3026,"position":5},"title":"Gibt es einen Weihnachtsmann?","author":"Flora Team","date":"23. Dezember 2013","format":false,"excerpt":"Vor dieser Frage haben viele Eltern geh\u00f6rigen Respekt. Wir m\u00f6chten Ihnen die Antwort des Journalisten Francis P. Church der New York Sun aus dem Jahr 1897 n\u00e4herbringen, der auf ein Schreiben eines acht Jahre alten M\u00e4dchens in Form eines Leitartikels in dem Blatt antwortete. Ihr Vater hatte ihr erz\u00e4hlt, dass\u2026","rel":"","context":"In &quot;Kalenderlexikon&quot;","block_context":{"text":"Kalenderlexikon","link":"https:\/\/www.flora-pharm.de\/blog\/category\/kalenderlexikon\/"},"img":{"alt_text":"","src":"https:\/\/i0.wp.com\/www.flora-pharm.de\/blog\/wp-content\/uploads\/2013\/12\/gibt-es-den-weihnachtsmann_quelle-vive24-13.jpg?resize=350%2C200&ssl=1","width":350,"height":200,"srcset":"https:\/\/i0.wp.com\/www.flora-pharm.de\/blog\/wp-content\/uploads\/2013\/12\/gibt-es-den-weihnachtsmann_quelle-vive24-13.jpg?resize=350%2C200&ssl=1 1x, https:\/\/i0.wp.com\/www.flora-pharm.de\/blog\/wp-content\/uploads\/2013\/12\/gibt-es-den-weihnachtsmann_quelle-vive24-13.jpg?resize=525%2C300&ssl=1 1.5x, https:\/\/i0.wp.com\/www.flora-pharm.de\/blog\/wp-content\/uploads\/2013\/12\/gibt-es-den-weihnachtsmann_quelle-vive24-13.jpg?resize=700%2C400&ssl=1 2x"},"classes":[]}],"jetpack_sharing_enabled":true,"_links":{"self":[{"href":"https:\/\/www.flora-pharm.de\/blog\/wp-json\/wp\/v2\/posts\/3026","targetHints":{"allow":["GET"]}}],"collection":[{"href":"https:\/\/www.flora-pharm.de\/blog\/wp-json\/wp\/v2\/posts"}],"about":[{"href":"https:\/\/www.flora-pharm.de\/blog\/wp-json\/wp\/v2\/types\/post"}],"author":[{"embeddable":true,"href":"https:\/\/www.flora-pharm.de\/blog\/wp-json\/wp\/v2\/users\/1"}],"replies":[{"embeddable":true,"href":"https:\/\/www.flora-pharm.de\/blog\/wp-json\/wp\/v2\/comments?post=3026"}],"version-history":[{"count":1,"href":"https:\/\/www.flora-pharm.de\/blog\/wp-json\/wp\/v2\/posts\/3026\/revisions"}],"predecessor-version":[{"id":3028,"href":"https:\/\/www.flora-pharm.de\/blog\/wp-json\/wp\/v2\/posts\/3026\/revisions\/3028"}],"wp:featuredmedia":[{"embeddable":true,"href":"https:\/\/www.flora-pharm.de\/blog\/wp-json\/wp\/v2\/media\/3027"}],"wp:attachment":[{"href":"https:\/\/www.flora-pharm.de\/blog\/wp-json\/wp\/v2\/media?parent=3026"}],"wp:term":[{"taxonomy":"category","embeddable":true,"href":"https:\/\/www.flora-pharm.de\/blog\/wp-json\/wp\/v2\/categories?post=3026"},{"taxonomy":"post_tag","embeddable":true,"href":"https:\/\/www.flora-pharm.de\/blog\/wp-json\/wp\/v2\/tags?post=3026"}],"curies":[{"name":"wp","href":"https:\/\/api.w.org\/{rel}","templated":true}]}}