{"id":3079,"date":"2016-01-29T12:30:17","date_gmt":"2016-01-29T11:30:17","guid":{"rendered":"http:\/\/www.flora-pharm.de\/blog\/?p=3079"},"modified":"2016-01-29T12:30:17","modified_gmt":"2016-01-29T11:30:17","slug":"studie-zusammenhang-antibiotika-makrolide-und-kindesalter-asthma-und-uebergewicht","status":"publish","type":"post","link":"https:\/\/www.flora-pharm.de\/blog\/studie-zusammenhang-antibiotika-makrolide-und-kindesalter-asthma-und-uebergewicht\/","title":{"rendered":"Neue Studie \u00fcber den Zusammenhang zwischen bestimmten Antibiotika (Makrolide) im Kindesalter und erh\u00f6htem Asthma- und \u00dcbergewicht-Risiko"},"content":{"rendered":"<p>Ein Team finnischer Forscher hat eine Studie durchgef\u00fchrt, die den Verdacht auf besagten Zusammenhang nahelegt. Vorwegzunehmen ist jedoch, dass es f\u00fcr valide Aussagen einer gr\u00f6\u00dferen Studie bedarf.<\/p>\n<p>&nbsp;<\/p>\n<p>Es erscheint hoch plausibel, dass bestimmte Antibiotika langanhaltend die Vielfalt der Bakteriengemeinschaft im Darm negativ ver\u00e4ndert. Das ist generell nicht gut, bei Kindern kann es aber auch die Entwicklung eines gesunden und voll funktionsf\u00e4higen Immunsystems und Stoffwechsels negativ beeinflussen.<\/p>\n<p>&nbsp;<\/p>\n<p>Besonderes Augenmerk wurde bei der Studie auf die Gruppe der <strong>Makrolide<\/strong> gelegt. Makrolidantibiotika (so der volle Name) sind bakteriostatisch wirksame Antibiotika. Sie wirken vor allem auf Bakterien, die aktiv Stoffwechsel betreiben. Gegen ruhende Bakterien sind sie dagegen kaum wirksam.<\/p>\n<p>Untersucht wurden Stuhlproben von 142 Kindern (2-7 Jahre), von denen ein Teil mehrfach Antibiotika (im Schnitt 1,8 Antibiotika-Therapien\/Jahr; meist Atemwegsinfektionen) bekam sowie eine entsprechende Kontrollgruppe.<\/p>\n<p>Der Vergleich der Gruppen zeigte, dass insbesondere Kinder, die mit Makrolidantibiotika behandelt wurden, eine deutlich reduzierte Darmbakterienvielfalt und ver\u00e4nderten Stoffwechsel aufwiesen. Eine Einnahme von Penicillin f\u00fchrte nicht zu derma\u00dfen starken Ver\u00e4nderungen. Zudem wurde festgestellt, dass viele Keime Resistenzen gegen Makrolid-Antibiotika aufwiesen.<\/p>\n<p>&nbsp;<\/p>\n<p>Die meisten der festgestellten Ver\u00e4nderungen sind nach etwa einem Jahr verschwunden, die Vielfalt der Bakteriengemeinschaft im Darm blieb jedoch f\u00fcr bis zu zwei Jahre reduziert. Bekommt ein Kind also mehrfach Makrolidantibiotika, so hat das Mikrobiom (Gesamtheit aller den Menschen besiedelnden Mikroorganismen) eventuell nicht genug Zeit, sich vollst\u00e4ndig zu erholen.<\/p>\n<p>Die Studie zeigte auch, dass Kinder, die in den ersten zwei Lebensjahren mindestens zweimal mit Makrolidantibiotika behandelt wurden ein h\u00f6heres Risiko hatten, Asthma oder eine Vorstufe davon zu entwickeln. Zudem waren sie h\u00e4ufiger \u00fcbergewichtig. Auch die Zusammensetzung der Bakterien im Darm wich von der der Kontrollgruppe ab.<\/p>\n<p>Es liegt die Vermutung nah, dass selbst eine vor\u00fcbergehende Beeintr\u00e4chtigung (durch eine einmalige Makrolidantibiotika-Gabe) im fr\u00fchen Kindesalter langfristige und langanhaltende Auswirkungen auf Immunsystem und Stoffwechsel haben k\u00f6nnte. Das wurde aus Versuchen an M\u00e4usen abgeleitet.<\/p>\n<p>&nbsp;<\/p>\n<p>Es gibt also einen nicht unerheblichen Verdacht, der dazu f\u00fchren sollte, dass Makrolidantibiotika im Kindesalter nur in absoluter Ermangelung von Alternativen eingesetzt werden sollten.<\/p>\n<p>&nbsp;<\/p>\n<p>Apropos Alternativen: Immer h\u00e4ufiger werden auch <strong>Cephalosporine<\/strong> (eine andere Gruppe von Antibiotika, welche die Zellwandsynthese hemmen) bei Atemwegsinfekten eingesetzt. Auch aus ihrer Verwendung resultiert eine deutliche Sch\u00e4digung der Darmflora, daher sollte der Einsatz kritisch abgew\u00e4gt werden, sowohl bei Kindern als auch beispielsweise bei Haustieren.<\/p>\n<p>Zu beachten sind hier ebenfalls weitere m\u00f6gliche Nebenwirkungen: Zwar treten diese beim Menschen recht selten auf, daf\u00fcr jedoch deutlich h\u00e4ufiger bei Hund oder Katze. Durch Bindungseigenschaften der Cephalosporine (z.B. Cefixim) an die roten Blutk\u00f6rperchen kann es zu einer autoimmun vermittelten H\u00e4molyse (Aufl\u00f6sung\/ Zerst\u00f6rung) der roten Blutk\u00f6rperchen und damit zu einer An\u00e4mie kommen, die lebensbedrohlich sein kann, da durch den Abbau zum Einen die Leber belastet und zum Anderen der Sauerstofftransport im Blut je nach Schwere massiv beeinflusst wird.<\/p>\n<p>&nbsp;<\/p>\n<p>Sprechen Sie uns gern zu Antibiotika an, auch zu Alternativen. <strong>Wir beraten Sie gern<\/strong> und unterst\u00fctzen z.B. auf orthomolekularer Basis die Regenerierung des Mikrobioms. Wenn Ihnen als Eltern der Einsatz dieser Antibiotika Bauchschmerzen hinsichtlich m\u00f6glicher Folgewirkungen bereitet suchen Sie bitte intensiv das Gespr\u00e4ch mit dem Therapeuten, um m\u00f6gliche Alternativen abzuw\u00e4gen bzw. lassen Sie dem Organismus wenn m\u00f6glich einfach mehr Zeit, selbst mit dem Problem fertig zu werden, falls der Arzt dies unterst\u00fctzt.<\/p>\n<p>&nbsp;<\/p>\n<p>&nbsp;<\/p>\n<p>Quelle: DAZ.online, Newsartikel vom 28.01.2016<\/p>\n<p>Die Studie: Intestinal microbiome is related to lifetime antibiotic use in Finnish pre-school children, Nature Communications, article number: 10410 doi:10.1038\/ncomms10410, Received 23 June 2015, Accepted 03 December 2015 Published 26 January 2016<\/p>\n","protected":false},"excerpt":{"rendered":"<p>Ein Team finnischer Forscher hat eine Studie durchgef\u00fchrt, die den Verdacht auf besagten Zusammenhang nahelegt. Vorwegzunehmen ist jedoch, dass es f\u00fcr valide Aussagen einer gr\u00f6\u00dferen Studie bedarf. &nbsp; Es erscheint hoch plausibel, dass bestimmte Antibiotika langanhaltend die Vielfalt der Bakteriengemeinschaft im Darm negativ ver\u00e4ndert. Das ist generell nicht gut, bei Kindern kann es aber auch [&hellip;]<\/p>\n","protected":false},"author":1,"featured_media":3080,"comment_status":"open","ping_status":"open","sticky":false,"template":"","format":"standard","meta":{"jetpack_post_was_ever_published":false,"_jetpack_newsletter_access":"","_jetpack_dont_email_post_to_subs":false,"_jetpack_newsletter_tier_id":0,"_jetpack_memberships_contains_paywalled_content":false,"_jetpack_memberships_contains_paid_content":false,"footnotes":""},"categories":[8],"tags":[282,18,144,64],"class_list":["post-3079","post","type-post","status-publish","format-standard","has-post-thumbnail","hentry","category-wissenswert","tag-antibiotika","tag-kinder","tag-kinderarznei","tag-kleinkind","has-post-title","has-post-date","has-post-category","has-post-tag","has-post-comment","has-post-author",""],"jetpack_featured_media_url":"https:\/\/www.flora-pharm.de\/blog\/wp-content\/uploads\/2016\/01\/makrolidantibiotika-kinder.jpg","jetpack-related-posts":[{"id":3372,"url":"https:\/\/www.flora-pharm.de\/blog\/fluorchinolone-fda-warnt-vor-nebenwirkungen-bestimmter-antibiotika\/","url_meta":{"origin":3079,"position":0},"title":"Fluorchinolone, FDA warnt vor Nebenwirkungen bestimmter Antibiotika","author":"Flora Team","date":"17. August 2016","format":false,"excerpt":"Die FDA (U.S. Food and Drug Administration, eine amerikanische Beh\u00f6rde, die den Verkehr und Einsatz von Arzneimitteln im heimischen Markt reguliert) warnt vor Nebenwirkungen im Zusammenhang mit der systemischen Anwendung von Fluorchinolonen (Ciprofloxacin, Levofloxacin, Moxifloxacin und Ofloxacin; das sind antibiotische Wirkstoffe in verschiedenen Einzelpr\u00e4paraten, die h\u00e4ufig gegen Gewebs- und Harnwegsinfektionen\u2026","rel":"","context":"In &quot;Wissenswert&quot;","block_context":{"text":"Wissenswert","link":"https:\/\/www.flora-pharm.de\/blog\/category\/wissenswert\/"},"img":{"alt_text":"Web-Fundst\u00fcck","src":"https:\/\/i0.wp.com\/www.flora-pharm.de\/blog\/wp-content\/uploads\/2014\/11\/flora-surftipp.jpg?resize=350%2C200&ssl=1","width":350,"height":200,"srcset":"https:\/\/i0.wp.com\/www.flora-pharm.de\/blog\/wp-content\/uploads\/2014\/11\/flora-surftipp.jpg?resize=350%2C200&ssl=1 1x, https:\/\/i0.wp.com\/www.flora-pharm.de\/blog\/wp-content\/uploads\/2014\/11\/flora-surftipp.jpg?resize=525%2C300&ssl=1 1.5x"},"classes":[]},{"id":6751,"url":"https:\/\/www.flora-pharm.de\/blog\/gesunde-darmflora-nach-antibiotika\/","url_meta":{"origin":3079,"position":1},"title":"Gesunde Darmflora nach Antibiotika","author":"Flora Team","date":"13. M\u00e4rz 2020","format":false,"excerpt":"Antibiotika genommen und jetzt das: Bauchschmerzen und Durchfall. Was hilft Magen und Darm auf nat\u00fcrliche Weise? Antibiotika gelten als Meilensteine in der Medizin. Diese Wirkstoffe lindern ganz bestimmte Erkrankungen schnell und k\u00f6nnen sogar Leben retten. Fr\u00fcher verlief eine Lungenentz\u00fcndung meist t\u00f6dlich \u2013 heute gibt es Antibiotika gegen die bakteriellen Erreger.\u2026","rel":"","context":"In &quot;Wissenswert&quot;","block_context":{"text":"Wissenswert","link":"https:\/\/www.flora-pharm.de\/blog\/category\/wissenswert\/"},"img":{"alt_text":"Gesunde Darmflora nach Antibiotika","src":"https:\/\/i0.wp.com\/www.flora-pharm.de\/blog\/wp-content\/uploads\/2020\/01\/gesunde-darmflora-nach-antibiotika.jpg?resize=350%2C200&ssl=1","width":350,"height":200,"srcset":"https:\/\/i0.wp.com\/www.flora-pharm.de\/blog\/wp-content\/uploads\/2020\/01\/gesunde-darmflora-nach-antibiotika.jpg?resize=350%2C200&ssl=1 1x, https:\/\/i0.wp.com\/www.flora-pharm.de\/blog\/wp-content\/uploads\/2020\/01\/gesunde-darmflora-nach-antibiotika.jpg?resize=525%2C300&ssl=1 1.5x, https:\/\/i0.wp.com\/www.flora-pharm.de\/blog\/wp-content\/uploads\/2020\/01\/gesunde-darmflora-nach-antibiotika.jpg?resize=700%2C400&ssl=1 2x"},"classes":[]},{"id":3420,"url":"https:\/\/www.flora-pharm.de\/blog\/immunsystem-es-beginnt-in-mutters-schwangerschaft\/","url_meta":{"origin":3079,"position":2},"title":"Immunsystem, es beginnt in Mutters Schwangerschaft","author":"Flora Team","date":"16. September 2016","format":false,"excerpt":"Nach \u00fcberraschend vielen R\u00fcckmeldungen zu unserem Artikel \u201eNat\u00fcrliche Babypflege\u201c m\u00f6chten wir zum Thema Baby noch einen Beitrag nachlegen und beleuchten hier nun das Neonatale Immunsystem. Unser Immunsystem hat einen ganz einfachen Sinn, es soll ungef\u00e4hrliche Stoffe in den K\u00f6rper lassen, (potentiell) gef\u00e4hrliche (z.B. Viren, Bakterien, Allergene) dagegen ausfiltern und den\u2026","rel":"","context":"In &quot;Flora Apotheke&quot;","block_context":{"text":"Flora Apotheke","link":"https:\/\/www.flora-pharm.de\/blog\/category\/flora-apotheke\/"},"img":{"alt_text":"","src":"https:\/\/i0.wp.com\/www.flora-pharm.de\/blog\/wp-content\/uploads\/2016\/09\/Neonatales%20Immunsystem.jpg?resize=350%2C200&ssl=1","width":350,"height":200,"srcset":"https:\/\/i0.wp.com\/www.flora-pharm.de\/blog\/wp-content\/uploads\/2016\/09\/Neonatales%20Immunsystem.jpg?resize=350%2C200&ssl=1 1x, https:\/\/i0.wp.com\/www.flora-pharm.de\/blog\/wp-content\/uploads\/2016\/09\/Neonatales%20Immunsystem.jpg?resize=525%2C300&ssl=1 1.5x, https:\/\/i0.wp.com\/www.flora-pharm.de\/blog\/wp-content\/uploads\/2016\/09\/Neonatales%20Immunsystem.jpg?resize=700%2C400&ssl=1 2x"},"classes":[]},{"id":2956,"url":"https:\/\/www.flora-pharm.de\/blog\/senfoele-aus-grosser-kapuzinerkresse-und-meerrettich-ein-natuerliches-antibiotikum\/","url_meta":{"origin":3079,"position":3},"title":"Senf\u00f6le aus Gro\u00dfer Kapuzinerkresse und Meerrettich, ein nat\u00fcrliches Antibiotikum","author":"Flora Team","date":"3. November 2015","format":false,"excerpt":"Oftmals werden wir zu ver\u00f6ffentlichten Artikeln angesprochen und stellen fest, dass scheinbar Bedarf nach vertiefenden, erg\u00e4nzenden Informationen besteht. So war es auch mit unserem Artikel \u201eNat\u00fcrliche Antibiotika\u201c: Wir m\u00f6chten daher erg\u00e4nzend auf die Senf\u00f6le aus Kapuzinerkresse und Meerrettich eingehen. Diese finden besonders bei Erk\u00e4ltungen aber auch Blasenentz\u00fcndungen als sanfte \u201escharfe\u2026","rel":"","context":"In &quot;Heilpflanzen \/ Arzneipflanzen&quot;","block_context":{"text":"Heilpflanzen \/ Arzneipflanzen","link":"https:\/\/www.flora-pharm.de\/blog\/category\/heilpflanzen-arzneipflanzen\/"},"img":{"alt_text":"","src":"https:\/\/i0.wp.com\/www.flora-pharm.de\/blog\/wp-content\/uploads\/2015\/11\/natuerliches-antibiotikum.jpg?resize=350%2C200&ssl=1","width":350,"height":200,"srcset":"https:\/\/i0.wp.com\/www.flora-pharm.de\/blog\/wp-content\/uploads\/2015\/11\/natuerliches-antibiotikum.jpg?resize=350%2C200&ssl=1 1x, https:\/\/i0.wp.com\/www.flora-pharm.de\/blog\/wp-content\/uploads\/2015\/11\/natuerliches-antibiotikum.jpg?resize=525%2C300&ssl=1 1.5x, https:\/\/i0.wp.com\/www.flora-pharm.de\/blog\/wp-content\/uploads\/2015\/11\/natuerliches-antibiotikum.jpg?resize=700%2C400&ssl=1 2x"},"classes":[]},{"id":3658,"url":"https:\/\/www.flora-pharm.de\/blog\/darmgesundheit\/","url_meta":{"origin":3079,"position":4},"title":"Darmgesundheit","author":"Flora Team","date":"1. Dezember 2016","format":false,"excerpt":"Unsere Gesundheit wohnt im Darm Es ist ein erstaunlicher Widerspruch: Eines unserer wichtigsten Organe, das unser Wohlbefinden und unsere Gesundheit entscheidend beeinflusst, ist unser Darm. Doch wir sch\u00e4tzen ihn gering. In unz\u00e4hligen Gedichten und Liedern ist vom Herz, dem Kopf oder den Augen die Rede \u2013 sogar die Leber kommt\u2026","rel":"","context":"In &quot;Orthomolekulare Medizin&quot;","block_context":{"text":"Orthomolekulare Medizin","link":"https:\/\/www.flora-pharm.de\/blog\/category\/orthomolekulare-medizin\/"},"img":{"alt_text":"","src":"https:\/\/i0.wp.com\/www.flora-pharm.de\/blog\/wp-content\/uploads\/2016\/12\/darm.jpg?resize=350%2C200&ssl=1","width":350,"height":200,"srcset":"https:\/\/i0.wp.com\/www.flora-pharm.de\/blog\/wp-content\/uploads\/2016\/12\/darm.jpg?resize=350%2C200&ssl=1 1x, https:\/\/i0.wp.com\/www.flora-pharm.de\/blog\/wp-content\/uploads\/2016\/12\/darm.jpg?resize=525%2C300&ssl=1 1.5x, https:\/\/i0.wp.com\/www.flora-pharm.de\/blog\/wp-content\/uploads\/2016\/12\/darm.jpg?resize=700%2C400&ssl=1 2x"},"classes":[]},{"id":5752,"url":"https:\/\/www.flora-pharm.de\/blog\/mikroben-freunde-und-feinde\/","url_meta":{"origin":3079,"position":5},"title":"Mikroben &#8211; Freunde und Feinde","author":"Flora Team","date":"21. Januar 2019","format":false,"excerpt":"Einige Mikroben begegnen uns immer wieder. Mal offensichtlich, mal unbemerkt. Als kleinen Nachtrag zu unserem Artikel \u201eMehr Respekt f\u00fcr Keime\u201c stellen wir Ihnen einige Vertreter, schlechte wie auch gute, vor. \u00a0 Ein Blick durchs Mikroskop von Saskia Fechte. \u00a0 Schlechte Gesellschaft Norovirus Es sorgt regelm\u00e4\u00dfig f\u00fcr Masseninfektionen und ist schon\u2026","rel":"","context":"In &quot;Wissenswert&quot;","block_context":{"text":"Wissenswert","link":"https:\/\/www.flora-pharm.de\/blog\/category\/wissenswert\/"},"img":{"alt_text":"Mikroben - gute und schlechte","src":"https:\/\/i0.wp.com\/www.flora-pharm.de\/blog\/wp-content\/uploads\/2019\/01\/mikroben.jpg?resize=350%2C200&ssl=1","width":350,"height":200,"srcset":"https:\/\/i0.wp.com\/www.flora-pharm.de\/blog\/wp-content\/uploads\/2019\/01\/mikroben.jpg?resize=350%2C200&ssl=1 1x, https:\/\/i0.wp.com\/www.flora-pharm.de\/blog\/wp-content\/uploads\/2019\/01\/mikroben.jpg?resize=525%2C300&ssl=1 1.5x, https:\/\/i0.wp.com\/www.flora-pharm.de\/blog\/wp-content\/uploads\/2019\/01\/mikroben.jpg?resize=700%2C400&ssl=1 2x"},"classes":[]}],"jetpack_sharing_enabled":true,"_links":{"self":[{"href":"https:\/\/www.flora-pharm.de\/blog\/wp-json\/wp\/v2\/posts\/3079","targetHints":{"allow":["GET"]}}],"collection":[{"href":"https:\/\/www.flora-pharm.de\/blog\/wp-json\/wp\/v2\/posts"}],"about":[{"href":"https:\/\/www.flora-pharm.de\/blog\/wp-json\/wp\/v2\/types\/post"}],"author":[{"embeddable":true,"href":"https:\/\/www.flora-pharm.de\/blog\/wp-json\/wp\/v2\/users\/1"}],"replies":[{"embeddable":true,"href":"https:\/\/www.flora-pharm.de\/blog\/wp-json\/wp\/v2\/comments?post=3079"}],"version-history":[{"count":1,"href":"https:\/\/www.flora-pharm.de\/blog\/wp-json\/wp\/v2\/posts\/3079\/revisions"}],"predecessor-version":[{"id":3081,"href":"https:\/\/www.flora-pharm.de\/blog\/wp-json\/wp\/v2\/posts\/3079\/revisions\/3081"}],"wp:featuredmedia":[{"embeddable":true,"href":"https:\/\/www.flora-pharm.de\/blog\/wp-json\/wp\/v2\/media\/3080"}],"wp:attachment":[{"href":"https:\/\/www.flora-pharm.de\/blog\/wp-json\/wp\/v2\/media?parent=3079"}],"wp:term":[{"taxonomy":"category","embeddable":true,"href":"https:\/\/www.flora-pharm.de\/blog\/wp-json\/wp\/v2\/categories?post=3079"},{"taxonomy":"post_tag","embeddable":true,"href":"https:\/\/www.flora-pharm.de\/blog\/wp-json\/wp\/v2\/tags?post=3079"}],"curies":[{"name":"wp","href":"https:\/\/api.w.org\/{rel}","templated":true}]}}