{"id":3148,"date":"2016-03-24T08:53:03","date_gmt":"2016-03-24T07:53:03","guid":{"rendered":"http:\/\/www.flora-pharm.de\/blog\/?p=3148"},"modified":"2016-03-24T08:54:10","modified_gmt":"2016-03-24T07:54:10","slug":"backideen-fuer-ostern","status":"publish","type":"post","link":"https:\/\/www.flora-pharm.de\/blog\/backideen-fuer-ostern\/","title":{"rendered":"Backideen f\u00fcr Ostern"},"content":{"rendered":"<p>Verw\u00f6hnen Sie Ihre Familie und G\u00e4ste&#8230;<\/p>\n<h2>Orangentorte<\/h2>\n<p><strong>Zutaten:<\/strong><br \/>\n5 Eier<br \/>\n120 g Honig<br \/>\n1 Messerspitze gemahlene Nelken<br \/>\n1 Messerspitze gemahlener Zimt<br \/>\n2 EL Orangenlik\u00f6r<br \/>\n250 g M\u00f6hren<br \/>\n250 g Mandeln, gemahlen<br \/>\n100 g Dinkel, gemahlen<br \/>\nSaft einer Orange<br \/>\nSaft einer Zitrone<br \/>\n1 Glas Orangenfruchtaufstrich<br \/>\n500 g Sahne zum Dekorieren<br \/>\n3\u20134 Orangen, unbehandelt<br \/>\n100 g Mandelbl\u00e4ttchen<\/p>\n<p><strong>Zubereitung:<\/strong><br \/>\nEier trennen, Eigelb und Honig zusammen mit Nelken, Zimt und Orangenlik\u00f6r schaumig schlagen. Die M\u00f6hren waschen, putzen und fein reiben, mit den gemahlenen Mandeln und dem Dinkelmehl zur Ei-Mischung geben. Eiwei\u00df steif schlagen und vorsichtig unterheben. Den Teig in eine gefettete Springform geb en. Oberfl\u00e4che leicht gl\u00e4tten und die Torte im vorgeheizten Ofen bei 180 bis 200 Grad etwa 40 Minuten backen. Aus dem Backofen nehmen und noch hei\u00df mit Orangen- und Zitronensaft betr\u00e4ufeln. Abk\u00fchlen lassen. Torte ein Mal waagerecht durchschneiden und den unteren Boden mit dem Orangenfruchtaufstrich bestreichen. D en oberen Boden auflegen und etwas andr\u00fccken. Mandelbl\u00e4ttchen in einer hei\u00dfen Pfanne anr\u00f6sten und auf einem Teller abk\u00fchlen lassen. Sahne steif schlagen und damit den Kuchen rundherum bestreichen. Mit den Mandelbl\u00e4ttchen den Rand garnieren. Mit einem Zestenrei\u00dfer die Schale einer Orange abrei\u00dfen. Die Orangen sch\u00e4len, auch das Wei\u00dfe entfernen, und filetieren. Mit den Orangenfilets und der Orangenschale die Torte garnieren.<\/p>\n<p>&nbsp;<\/p>\n<h2>Ostermuffins<\/h2>\n<p><strong>Gem\u00fcse im s\u00fc\u00dfen Geb\u00e4ck?<\/strong><br \/>\nJa, das schmeckt und hat Tradition. M\u00f6hren verstecken sich nicht nur in der Schweiz in der R\u00fcblitorte, in Schweden in der Morotskaka oder in Amerika oder England im carrot cake. Fein geraspelte M\u00f6hren machen das Geb\u00e4ck herrlich saftig! Die unz\u00e4hligen Varianten des Karotten- oder M\u00f6hrenkuchens, wie die leckeren M\u00f6hren-Muffins, passen hervorragend auf die \u00f6sterliche Kaffeetafel. Und da M\u00f6hren so gesund sind, muss niemand beim Kuchengenuss ein schlechtes Gewissen bekommen. Kein anderes Gem\u00fcse enth\u00e4lt so viel Beta-Carotin, die Vorstufe von Vitamin A, wie M\u00f6hren. Die Umwandlung in unserem K\u00f6rper erfolgt aber nur in Gegenwart von Fett. Vitamin A wird bekanntlich f\u00fcr das Wachstum sowie die Haut- und Sehfunktionen ben\u00f6tigt und Beta-Carotin st\u00e4rkt das Immunsystem. Neben Carotin stecken in M\u00f6hren noch eine Menge andere, f\u00fcr uns wichtige Inhaltsstoffe, u.a. Kalzium, Kupfer, Zink und vor allem Vitamin E und Vitamine der B-Gruppe.<\/p>\n<p><strong>Zutaten:<\/strong><br \/>\n150 g M\u00f6hren<br \/>\n200 g Weizenvollkornmehl<br \/>\n2 TL Backpulver<br \/>\n1\/2 TL Natron<br \/>\n1 Messerspitze gemahlener Zimt<br \/>\n2 EL Haferflocken<br \/>\n50 g gemahlene Mandeln<br \/>\n1 Ei<br \/>\n3 E L Honig<br \/>\n80 g \u00d6l<br \/>\n120 ml Kefir<br \/>\nFett f\u00fcr die Formen<br \/>\nKuvert\u00fcre oder Schokolade<br \/>\ngehackte Pistazien<\/p>\n<p><strong>Zubereitung:<\/strong><br \/>\nM\u00f6hren sch\u00e4len, waschen und fein raspeln. Weizenvollkornmehl, Backpulver und Natron in eine Sch\u00fcssel geben. Zimt, Haferflocken, gemahlene Mandeln und die M\u00f6hrenraspel untermischen. Ei mit Honig, \u00d6l und Kefir verr\u00fchren. Trockene Mischung unter die fl\u00fcssige Masse ziehen. Die Vertiefungen eines Muffinblechs einfetten oder mit Papierf\u00f6rmchen best\u00fccken, den Teig darin verteilen und im Backofen ca. 15 bis 20 Minuten bei 200 Grad backen. Muffins aus der Form st\u00fcrzen oder mit den Papierf\u00f6rmchen herausnehmen und mit geschmolzener Kuvert\u00fcre oder Schokolade und gehackten Pistazien garnieren.<\/p>\n<p>&nbsp;<\/p>\n<h2>S\u00fc\u00dfer Hefezopf<\/h2>\n<p><strong>Zutaten:<\/strong><br \/>\n550 g Dinkel, gemahlen<br \/>\n1\/2 W\u00fcrfel Hefe<br \/>\n1 EL Honig<br \/>\n1\/4 l Milch<br \/>\n1 Messerspitze Salz<br \/>\n30 g Butter<br \/>\n1 Ei<br \/>\n1 Zitrone<br \/>\nVollkornmehl zum Best\u00e4uben<br \/>\n1 EL Butter<br \/>\n2 EL Honig<br \/>\ngehackte N\u00fcsse oder Mandeln<\/p>\n<p><strong>Zubereitung:<\/strong><br \/>\nDinkelmehl in eine Sch\u00fcssel geb en, Hefe dar\u00fcberkr\u00fcmeln, Salz, Ei, Butter und Honig an den Rand geb en. Zitronenschale abreiben und alles mit der leicht angew\u00e4rmten Milch zu einem glatten Teig kneten. Einige Minuten durchkneten. Eventuell noch etwas Milch zugeben, der Teig darf aber nicht zu weich werden. Den Hefeteig abdecken und an einem warmen Ort etwa 40 Minuten gehen lassen. Arbeitsfl\u00e4che mit Mehl best\u00e4uben und den Teig darauf kr\u00e4ftig durchkneten und in drei Teile teilen. Je de Portion zu einem Strang von 50 Zentimeter L\u00e4nge rollen. Daraus einen Zopf flechten und den Anfang und das Ende gut zusammendr\u00fccken. Den Hefezopf auf ein gefettetes Backblech setzen und 15 Minuten gehen lassen. In den kalten Ofen schieben und bei 180 Grad etwa 45 Minuten backen. Butter und Honig in einem Topf schmelzen lassen, gr\u00fcndlich verr\u00fchren und damit den noch hei\u00dfen Hefezopf auf dem Blech bestreichen und mit N\u00fcssen o der Mandeln bestreuen. Nach 15 Minuten vom Blech auf ein Kuchengitter geben und abk\u00fchlen lassen.<\/p>\n<p><strong>Tipp:<\/strong><br \/>\nWer den Hefezopf lieber herzhaft mag, kein Problem! Anstatt Honig etwas mehr Salz zugeben und Pikantes, wie geriebenen K\u00e4se, Kr\u00e4uter, ged\u00fcnstete Zwiebeln, Oliven, getrocknete Tomaten oder Gew\u00fcrze, untermischen. Nach dem Backen nur mit Butter bestreichen.<\/p>\n<p>&nbsp;<\/p>\n<h2>Gesunde Knabberei!<\/h2>\n<p>N\u00fcsse sind nicht nur eine leckere Knabberei und machen ein Geb\u00e4ck aromatisch, sondern sie sind auch ganz sch\u00f6n gesund, das beweisen eine Reihe wissenschaftlicher Studien. Wer f\u00fcnf Portionen N\u00fcsse pro Woche mit etwa 30 Gramm verzehrt, kann das Risiko einer koronaren Herzerkrankung bis um die H\u00e4lfte verringern. Das liegt an der g\u00fcnstigen Zusammensetzung des Nussfettes. Denn bei Fetten kommt es nicht immer auf die Menge, sondern vor allem auf die Qualit\u00e4t an. N\u00fcsse haben ein perfektes Fetts\u00e4uremuster und eine optimale Mischung an Omega 6- und Omega 3-Fetts\u00e4uren.<\/p>\n<p>&nbsp;<\/p>\n<h2>Frisches Gr\u00fcn zu Ostern<\/h2>\n<p>Die Vorliebe, an Gr\u00fcndonnerstag vorwiegend gr\u00fcne Speisen, mit frischem Spinat, Mangold, R\u00fcbstiel und reichlich gr\u00fcnen Kr\u00e4utern, zu essen, hat Tradition. Nicht nur weil es den allgemeinen Fastenvorschriften der Karwoche entspricht. Fr\u00fcher schrieb man den Speisen, die an diesem Tag mit frischen Kr\u00e4utern zubereitet wurden, besondere Heilkr\u00e4fte zu. Im M\u00e4rz k\u00f6nnen schon, je nach Lage, neben den ersten zarten Gartenkr\u00e4utern verschiedene w\u00fcrzige Wildkr\u00e4uter, wie L\u00f6wenzahn, Giersch, Knoblauchrauke, Gundermann, Brennnesseln, Vogelmiere oder Sauerampfer, geerntet werden. Wildkr\u00e4uter schmecken von mild bis herb, teilweise sogar bitter, und k\u00f6nnen jedem Salat oder Gem\u00fcse eine neue Geschmacksrichtung geben. Zus\u00e4tzlich hat das Wildgem\u00fcse auch einen hohen gesundheitlichen Wert. Es wirkt aufgrund seiner Inhaltsstoffe stoffwechselanregend, blutreinigend und harntreibend. Das zarte und w\u00fcrzige Gr\u00fcn ist reich an Carotin, Vitamin C und Eisen. Geerntet wird bevorzugt im Garten, auf abgelegenen Wiesen und an Waldr\u00e4ndern. Ungeeignet sind Standorte an viel befahrenen Wegen oder Feldr\u00e4ndern. Sammeln Sie zu Ihrer Sicherheit nur Pflanzen, die sie kennen oder eindeutig bestimmen k\u00f6nnen. Eine Handvoll gemischter Kr\u00e4uter schmeckt in Salaten, Saucen, Kr\u00e4uterquark und -butter oder in Smoothies.<\/p>\n<p>&nbsp;<\/p>\n<h2>Basteln<\/h2>\n<p>Ostern ist eine super Gelegenheit, um mit den Kindern kreativ zu werden und Dekorationen zu basteln. Ein paar Inspirationen gibt Ihnen evtl. die Galerie von Einsendungen unseres <a href=\"https:\/\/www.flora-pharm.de\/blog\/sei-kreativ-unsere-osterei-gestaltungs-aktion\/\">Oster-Kreativwettbewerbs<\/a> aus dem letzten Jahr.<\/p>\n<p>&nbsp;<\/p>\n<h2>Ostereier nat\u00fcrlich gef\u00e4rbt!<\/h2>\n<p>Wei\u00dfe Eier erhalten durch Naturfarben sch\u00f6ne Pastellt\u00f6ne, gleichzeitig verzichten Sie beim F\u00e4rben auf bedenkliche Farbstoffe, die m\u00f6glicherweise zu allergischen Reaktionen f\u00fchren k\u00f6nnen. Eier werden gelb gef\u00e4rbt, indem eine Hand voll \u00e4u\u00dferer Zwiebelschalen in einem halb en Liter Wasser erhitzt werden. In diesem Sud werden die rohen Eier zehn Minuten hart gekocht. Rot gef\u00e4rbt wird mit einer Abkochung aus roten Zwiebelschalen, zerkleinerter Roter Bete o der Rotkohl. Spinat oder Brennnesselsaft t\u00f6nt sanft Gr\u00fcn und Schwarzer Tee f\u00e4rbt Braun.<\/p>\n<p>&nbsp;<\/p>\n<p>Das Team der Flora Apotheke w\u00fcnscht Ihnen sch\u00f6ne Ostertage.<\/p>\n<p>PS: <a href=\"https:\/\/www.flora-pharm.de\/blog\/ostern-steht-vor-der-tuer-aber-feiern-wir-ostern\/\">Was feiern wir Ostern<\/a> \u00fcberhaupt?<\/p>\n<p>&nbsp;<\/p>\n<figure id=\"attachment_3138\" aria-describedby=\"caption-attachment-3138\" style=\"width: 225px\" class=\"wp-caption alignleft\"><a href=\"https:\/\/www.flora-pharm.de\/blog\/wp-content\/uploads\/2016\/03\/naturheilkunde-und-gesundheit-cover-03-2016.jpg\" rel=\"attachment wp-att-3138\"><img loading=\"lazy\" decoding=\"async\" data-attachment-id=\"3138\" data-permalink=\"https:\/\/www.flora-pharm.de\/blog\/inhalation-tief-einatmen\/linke-seite-10\/\" data-orig-file=\"https:\/\/www.flora-pharm.de\/blog\/wp-content\/uploads\/2016\/03\/naturheilkunde-und-gesundheit-cover-03-2016.jpg\" data-orig-size=\"450,600\" data-comments-opened=\"1\" data-image-meta=\"{&quot;aperture&quot;:&quot;0&quot;,&quot;credit&quot;:&quot;&quot;,&quot;camera&quot;:&quot;&quot;,&quot;caption&quot;:&quot;&quot;,&quot;created_timestamp&quot;:&quot;0&quot;,&quot;copyright&quot;:&quot;&quot;,&quot;focal_length&quot;:&quot;0&quot;,&quot;iso&quot;:&quot;0&quot;,&quot;shutter_speed&quot;:&quot;0&quot;,&quot;title&quot;:&quot;Linke Seite&quot;,&quot;orientation&quot;:&quot;1&quot;}\" data-image-title=\"Linke Seite\" data-image-description=\"\" data-image-caption=\"&lt;p&gt;Mit freundlicher Genehmigung der S &amp;#038; D Verlag GmbH. Das komplette Naturheilkunde und Gesundheit Heft bekommen Sie auch bei uns in der Apotheke.&lt;\/p&gt;\n\" data-large-file=\"https:\/\/www.flora-pharm.de\/blog\/wp-content\/uploads\/2016\/03\/naturheilkunde-und-gesundheit-cover-03-2016.jpg\" class=\"size-medium wp-image-3138\" src=\"https:\/\/www.flora-pharm.de\/blog\/wp-content\/uploads\/2016\/03\/naturheilkunde-und-gesundheit-cover-03-2016-225x300.jpg\" alt=\"Mit freundlicher Genehmigung der S &amp; D Verlag GmbH. Das komplette Naturheilkunde und Gesundheit Heft bekommen Sie auch bei uns in der Apotheke.\" width=\"225\" height=\"300\" srcset=\"https:\/\/www.flora-pharm.de\/blog\/wp-content\/uploads\/2016\/03\/naturheilkunde-und-gesundheit-cover-03-2016-225x300.jpg 225w, https:\/\/www.flora-pharm.de\/blog\/wp-content\/uploads\/2016\/03\/naturheilkunde-und-gesundheit-cover-03-2016.jpg 450w\" sizes=\"auto, (max-width: 225px) 100vw, 225px\" \/><\/a><figcaption id=\"caption-attachment-3138\" class=\"wp-caption-text\">Mit freundlicher Genehmigung<br \/>der S &amp; D Verlag GmbH.<br \/>Das komplette Naturheilkunde und Gesundheit Heft bekommen Sie auch bei uns in der Apotheke.<\/figcaption><\/figure>\n","protected":false},"excerpt":{"rendered":"<p>Verw\u00f6hnen Sie Ihre Familie und G\u00e4ste&#8230; Orangentorte Zutaten: 5 Eier 120 g Honig 1 Messerspitze gemahlene Nelken 1 Messerspitze gemahlener Zimt 2 EL Orangenlik\u00f6r 250 g M\u00f6hren 250 g Mandeln, gemahlen 100 g Dinkel, gemahlen Saft einer Orange Saft einer Zitrone 1 Glas Orangenfruchtaufstrich 500 g Sahne zum Dekorieren 3\u20134 Orangen, unbehandelt 100 g Mandelbl\u00e4ttchen [&hellip;]<\/p>\n","protected":false},"author":1,"featured_media":0,"comment_status":"open","ping_status":"open","sticky":false,"template":"","format":"standard","meta":{"jetpack_post_was_ever_published":false,"_jetpack_newsletter_access":"","_jetpack_dont_email_post_to_subs":false,"_jetpack_newsletter_tier_id":0,"_jetpack_memberships_contains_paywalled_content":false,"_jetpack_memberships_contains_paid_content":false,"footnotes":""},"categories":[22,360,8],"tags":[422,169],"class_list":["post-3148","post","type-post","status-publish","format-standard","hentry","category-kalenderlexikon","category-rezept","category-wissenswert","tag-naturheilkunde-und-gesundheit","tag-ostern","has-post-title","has-post-date","has-post-category","has-post-tag","has-post-comment","has-post-author",""],"jetpack_featured_media_url":"","jetpack-related-posts":[{"id":2885,"url":"https:\/\/www.flora-pharm.de\/blog\/windbeutel-mit-brombeeren\/","url_meta":{"origin":3148,"position":0},"title":"Windbeutel mit Brombeeren","author":"Flora Team","date":"7. September 2015","format":false,"excerpt":"Zutaten Windbeutel: 1\/8 l Sahne 1\/8 l Wasser 60 g Butter 1 Prise Salz 150 g Dinkel, gemahlen 3 Eier 1 EL Honig 1 Messerspitze gemahlene Vanille 1 TL Weinsteinbackpulver Zutaten F\u00fcllung: 250 g Brombeeren 1 EL Honig 200 g Sahne \u00a0 Zubereitung: Sahne-Wassergemisch mit Butter und Salz aufkochen. Das\u2026","rel":"","context":"In &quot;Rezept&quot;","block_context":{"text":"Rezept","link":"https:\/\/www.flora-pharm.de\/blog\/category\/rezept\/"},"img":{"alt_text":"Linke Seite","src":"https:\/\/i0.wp.com\/www.flora-pharm.de\/blog\/wp-content\/uploads\/2015\/09\/NuG-09-2015-cover-225x300.jpg?resize=350%2C200&ssl=1","width":350,"height":200},"classes":[]},{"id":3631,"url":"https:\/\/www.flora-pharm.de\/blog\/alles-rein-pflanzlich-vegane-ernaehrung\/","url_meta":{"origin":3148,"position":1},"title":"Alles rein pflanzlich &#8211; Vegane Ern\u00e4hrung","author":"Flora Team","date":"24. November 2016","format":false,"excerpt":"Vegane Ern\u00e4hrung liegt im Trend. W\u00e4hrend Vegetarier auf Lebensmittel verzichten, f\u00fcr die Tiere direkt get\u00f6tet wurden, essen Veganer aus den unterschiedlichsten Gr\u00fcnden gar keine tierischen Lebensmittel und verzichten auch auf Milch und Milchprodukte, Eier und Honig. Gesundheitsplus! Studien mit vegan lebenden Menschen zeigen, dass Veganer deutlich ges\u00fcnder sind als die\u2026","rel":"","context":"In &quot;Rezept&quot;","block_context":{"text":"Rezept","link":"https:\/\/www.flora-pharm.de\/blog\/category\/rezept\/"},"img":{"alt_text":"","src":"https:\/\/i0.wp.com\/www.flora-pharm.de\/blog\/wp-content\/uploads\/2016\/11\/alles-rein-pflanzlich.jpg?resize=350%2C200&ssl=1","width":350,"height":200,"srcset":"https:\/\/i0.wp.com\/www.flora-pharm.de\/blog\/wp-content\/uploads\/2016\/11\/alles-rein-pflanzlich.jpg?resize=350%2C200&ssl=1 1x, https:\/\/i0.wp.com\/www.flora-pharm.de\/blog\/wp-content\/uploads\/2016\/11\/alles-rein-pflanzlich.jpg?resize=525%2C300&ssl=1 1.5x, https:\/\/i0.wp.com\/www.flora-pharm.de\/blog\/wp-content\/uploads\/2016\/11\/alles-rein-pflanzlich.jpg?resize=700%2C400&ssl=1 2x"},"classes":[]},{"id":2741,"url":"https:\/\/www.flora-pharm.de\/blog\/erdbeerbecher\/","url_meta":{"origin":3148,"position":2},"title":"Erdbeerbecher","author":"Flora Team","date":"17. Juni 2015","format":false,"excerpt":"Zutaten: 250 g reife Erdbeeren 120 g Magerquark 2 EL Honig 1 TL Zitronensaft 1 Messerspitze gemahlene Vanille 120 g Sahne Erdbeeren zum Dekorieren \u00a0 Zubereitung: Erdbeeren waschen, putzen und in St\u00fccke schneiden. Die H\u00e4lfte der Erdbeeren mit Quark und einem Essl\u00f6ffel Honig im Mixer oder mit dem P\u00fcrierstab p\u00fcrieren.\u2026","rel":"","context":"In &quot;Rezept&quot;","block_context":{"text":"Rezept","link":"https:\/\/www.flora-pharm.de\/blog\/category\/rezept\/"},"img":{"alt_text":"Mit freundlicher Genehmigung der S & D Verlag GmbH","src":"https:\/\/i0.wp.com\/www.flora-pharm.de\/blog\/wp-content\/uploads\/2015\/06\/NuG-06-2015-cover-225x300.jpg?resize=350%2C200&ssl=1","width":350,"height":200},"classes":[]},{"id":3009,"url":"https:\/\/www.flora-pharm.de\/blog\/pikante-biskuitscheiben\/","url_meta":{"origin":3148,"position":3},"title":"Pikante Biskuitscheiben","author":"Flora Team","date":"3. Dezember 2015","format":false,"excerpt":"Optisch ansprechend und geschmacklich ein Genuss mit Kick. Und auch gar nicht so schwer in der Zubereitung\u2026 Zutaten f\u00fcr 4 Portionen: 4 Eier 1 Prise Cayennepfeffer 1 Messerspitze Salz 80 g Dinkel, fein gemahlen 1 kleines Glas Basilikumpesto 1 kleines Glas Tomatenpesto \u00a0 Zubereitung: Ein Backblech mit Backpapier auslegen. Eier\u2026","rel":"","context":"In &quot;Kr\u00e4uter &amp; Gew\u00fcrze&quot;","block_context":{"text":"Kr\u00e4uter &amp; Gew\u00fcrze","link":"https:\/\/www.flora-pharm.de\/blog\/category\/kraeuter-gewuerze\/"},"img":{"alt_text":"Linke Seite","src":"https:\/\/i0.wp.com\/www.flora-pharm.de\/blog\/wp-content\/uploads\/2015\/12\/weihnachtliche-gew%C3%BCrze.jpg?resize=350%2C200&ssl=1","width":350,"height":200,"srcset":"https:\/\/i0.wp.com\/www.flora-pharm.de\/blog\/wp-content\/uploads\/2015\/12\/weihnachtliche-gew%C3%BCrze.jpg?resize=350%2C200&ssl=1 1x, https:\/\/i0.wp.com\/www.flora-pharm.de\/blog\/wp-content\/uploads\/2015\/12\/weihnachtliche-gew%C3%BCrze.jpg?resize=525%2C300&ssl=1 1.5x"},"classes":[]},{"id":4522,"url":"https:\/\/www.flora-pharm.de\/blog\/tee-kompositionen\/","url_meta":{"origin":3148,"position":4},"title":"Tee-Kompositionen","author":"Flora Team","date":"6. Oktober 2017","format":false,"excerpt":"mit Heilkr\u00e4utern aus Ihrer Apotheke. Herbstzeit ist Teezeit. Schluck f\u00fcr Schluck w\u00e4rmt eine hei\u00dfe Tasse Tee von innen und tr\u00f6stet \u00fcber k\u00fchle Tage hinweg. Die \u201eKr\u00e4uterhexe\u201c, Schamanin und Medizinfrau Andrea Mischkowyak hat f\u00fcr Sie feine Tee-Kompositionen zusammengestellt, ganz einfach zum Selbermischen. \u201eWer Zeit und Mu\u00dfe hat\u201c, sagt sie, \u201esammelt Bl\u00e4tter\u2026","rel":"","context":"In &quot;Kr\u00e4uter &amp; Gew\u00fcrze&quot;","block_context":{"text":"Kr\u00e4uter &amp; Gew\u00fcrze","link":"https:\/\/www.flora-pharm.de\/blog\/category\/kraeuter-gewuerze\/"},"img":{"alt_text":"Tee-Kompositionen","src":"https:\/\/i0.wp.com\/www.flora-pharm.de\/blog\/wp-content\/uploads\/2017\/10\/tee.jpg?resize=350%2C200&ssl=1","width":350,"height":200,"srcset":"https:\/\/i0.wp.com\/www.flora-pharm.de\/blog\/wp-content\/uploads\/2017\/10\/tee.jpg?resize=350%2C200&ssl=1 1x, https:\/\/i0.wp.com\/www.flora-pharm.de\/blog\/wp-content\/uploads\/2017\/10\/tee.jpg?resize=525%2C300&ssl=1 1.5x, https:\/\/i0.wp.com\/www.flora-pharm.de\/blog\/wp-content\/uploads\/2017\/10\/tee.jpg?resize=700%2C400&ssl=1 2x"},"classes":[]},{"id":3813,"url":"https:\/\/www.flora-pharm.de\/blog\/wintersalat-mit-orangenfilets-und-feta\/","url_meta":{"origin":3148,"position":5},"title":"Wintersalat mit Orangenfilets und Feta","author":"Flora Team","date":"1. Februar 2017","format":false,"excerpt":"Im Winter l\u00e4sst sich Gr\u00fcnkohl gern von Zitrusfr\u00fcchten begleiten. Dazu gesellt sich w\u00fcrziger Feta. Bei diesem Rezept k\u00f6nnen Sie nach Herzenslust experimentieren: mit Grapefruit-, Mandarinen- oder Orangenfilets, deren Saft eine k\u00f6stliche Vinaigrette ergibt. Dazu passen aber auch im Backofen karamellisierte Zitronenscheiben mit verschiedensten Gew\u00fcrzen. Geben Sie ein paar ger\u00f6stete N\u00fcsse\u2026","rel":"","context":"In &quot;Rezept&quot;","block_context":{"text":"Rezept","link":"https:\/\/www.flora-pharm.de\/blog\/category\/rezept\/"},"img":{"alt_text":"","src":"https:\/\/i0.wp.com\/www.flora-pharm.de\/blog\/wp-content\/uploads\/2017\/01\/wintersalat.jpg?resize=350%2C200&ssl=1","width":350,"height":200,"srcset":"https:\/\/i0.wp.com\/www.flora-pharm.de\/blog\/wp-content\/uploads\/2017\/01\/wintersalat.jpg?resize=350%2C200&ssl=1 1x, https:\/\/i0.wp.com\/www.flora-pharm.de\/blog\/wp-content\/uploads\/2017\/01\/wintersalat.jpg?resize=525%2C300&ssl=1 1.5x, https:\/\/i0.wp.com\/www.flora-pharm.de\/blog\/wp-content\/uploads\/2017\/01\/wintersalat.jpg?resize=700%2C400&ssl=1 2x"},"classes":[]}],"jetpack_sharing_enabled":true,"_links":{"self":[{"href":"https:\/\/www.flora-pharm.de\/blog\/wp-json\/wp\/v2\/posts\/3148","targetHints":{"allow":["GET"]}}],"collection":[{"href":"https:\/\/www.flora-pharm.de\/blog\/wp-json\/wp\/v2\/posts"}],"about":[{"href":"https:\/\/www.flora-pharm.de\/blog\/wp-json\/wp\/v2\/types\/post"}],"author":[{"embeddable":true,"href":"https:\/\/www.flora-pharm.de\/blog\/wp-json\/wp\/v2\/users\/1"}],"replies":[{"embeddable":true,"href":"https:\/\/www.flora-pharm.de\/blog\/wp-json\/wp\/v2\/comments?post=3148"}],"version-history":[{"count":2,"href":"https:\/\/www.flora-pharm.de\/blog\/wp-json\/wp\/v2\/posts\/3148\/revisions"}],"predecessor-version":[{"id":3157,"href":"https:\/\/www.flora-pharm.de\/blog\/wp-json\/wp\/v2\/posts\/3148\/revisions\/3157"}],"wp:attachment":[{"href":"https:\/\/www.flora-pharm.de\/blog\/wp-json\/wp\/v2\/media?parent=3148"}],"wp:term":[{"taxonomy":"category","embeddable":true,"href":"https:\/\/www.flora-pharm.de\/blog\/wp-json\/wp\/v2\/categories?post=3148"},{"taxonomy":"post_tag","embeddable":true,"href":"https:\/\/www.flora-pharm.de\/blog\/wp-json\/wp\/v2\/tags?post=3148"}],"curies":[{"name":"wp","href":"https:\/\/api.w.org\/{rel}","templated":true}]}}