{"id":3169,"date":"2016-04-07T11:26:25","date_gmt":"2016-04-07T09:26:25","guid":{"rendered":"http:\/\/www.flora-pharm.de\/blog\/?p=3169"},"modified":"2016-04-07T11:26:25","modified_gmt":"2016-04-07T09:26:25","slug":"gewichtsreduktion-ohne-abbau-von-muskelmasse","status":"publish","type":"post","link":"https:\/\/www.flora-pharm.de\/blog\/gewichtsreduktion-ohne-abbau-von-muskelmasse\/","title":{"rendered":"Gewichtsreduktion ohne Abbau von Muskelmasse"},"content":{"rendered":"<p>Die Diagnose \u00dcbergewicht oder gar <a href=\"https:\/\/www.flora-pharm.de\/blog\/dicke-probleme-uebergewicht-adipositas\/\">Adipositas <\/a> f\u00fchrt unwiderruflich zu einer notwendigen Gewichtsreduktion. In den meisten F\u00e4llen geht diese mit dem Abbau von Muskelmasse einher. Das ist allgemein bereits unerw\u00fcnscht aber ganz besonders im Alter ein Problem, denn es wird mit zunehmendem Alter immer schwieriger, abgebaute Muskelmasse zur\u00fcckzugewinnen. Muskeln sind nicht nur f\u00fcr die Beweglichkeit wichtig, sondern wirken sich auf Knochendichte und Hormon- sowie Stoffwechselregulationen negativ aus. Indirekt erh\u00f6ht sich durch den Muskelabbau daher auch das Risiko f\u00fcr Osteoporose, Diabetes und sogar Krebs.<\/p>\n<p>Einen potentiellen L\u00f6sungsansatz bieten die Ergebnisse einer Studie (Verreijen AM, et al. A high whey protein-, leucine-, and vitamin D-enriched supplement preserves muscle mass during intentional weight loss in obese older adults: a double-blind randomized controlled trial. Am J Clin Nutr 2015;101(2):279-286): <strong>Ein Supplement mit Molkenprotein, Leucin und Vitamin D sch\u00fctzt die Muskelmasse bei einer Schlankheitskur<\/strong><\/p>\n<blockquote><p>In einer Studie erhielten 80 Personen (\u00d8 63 Jahre, BMI 33) 13 Wochen lang eine hypokalorische Di\u00e4t und ein Krafttraining sowie zus\u00e4tzlich ein Supplement mit Molkenproteinen, Leucin, Vitamin D und weiteren Mikron\u00e4hrstoffen (21 g Protein, 10-mal pro Woche) bzw. ein isokalorisches Placebo. Die gesamte durchschnittliche Proteinzufuhr pro Tag betrug 1,11 g pro kg K\u00f6rpergewicht in der Verum-Gruppe bzw. 0,85 g\/kg in der Placebogruppe.<\/p>\n<p>Die Probanden in beiden Gruppen reduzierten ihr Gewicht um etwa 3 kg; die Muskelmasse an Armen und Beinen nahm bei den Probanden der Placebogruppe um 500 g ab, w\u00e4hrend sie in der Verum-Gruppe sogar um 400 g zunahm. Ob dies allein auf die Proteine zur\u00fcckzuf\u00fchren ist oder ob die Mikron\u00e4hrstoffe auch eine Rolle spielten, kann aufgrund des Studiendesigns nicht beurteilt werden.<\/p><\/blockquote>\n<p>Bei uns gibt es \u00a0bereits seit l\u00e4ngerer Zeit ein qualitativ hochwertiges Supplement (ohne Zus\u00e4tze von Zucker oder Aromastoffen sowie GMP zertifiziert) namens <strong>Iso Whey<\/strong> mit positiver Resonanz, vornehmlich in wie Herz-Kreislauf, Stoffwechsel, MS, Geriatrie (Alters- oder Altenmedizin bzw. -heilkunde) sowie Alzheimer. Diese Zubereitung hat eine Betonung bei den sogenannten verzweigtkettigen Aminos\u00e4uren (BCAA) Leucin, Isoleucin und Valin, die vornehmlich\u00a0 dem Muskelaufbau dienen. Dar\u00fcber hinaus sind in ausgewogenem Verh\u00e4ltnis alle weiteren wichtigen Aminos\u00e4uren enthalten, besonders auch Glutamins\u00e4ure f\u00fcr die Nervenfunktionen, Asparagins\u00e4ure f\u00fcr den Citratzyklus sowie den Stickstoffhaushalt, Lysin und Threonin f\u00fcr das Immunsystem (daraus bildet sich das thymusartige Tuftsin) sowie schlie\u00dflich Tryptophan f\u00fcr die Gesamtwertigkeit als auch Tyrosin f\u00fcr die Schilddr\u00fcse und den Aufbau von Neurotransmittern. Die genaue Zusammensetzung stellen wir Ihnen gern bei Interesse vor.<\/p>\n<p>PS: Mehr \u00fcber Aminos\u00e4uren finden Sie in unserem Mineralstoff-ABC: <a href=\"https:\/\/www.flora-pharm.de\/vitalstoffe\/aminosaeuren.htm\">Aminos\u00e4uren<\/a><\/p>\n<p>Sprechen Sie uns an, wir beraten Sie gern.<\/p>\n<div style=\"text-align: right; font-size:75%; line-hight:25%\"><em>Quelle: DAZ 2016, Nr. 2, S. 8<\/em><\/div>\n","protected":false},"excerpt":{"rendered":"<p>Die Diagnose \u00dcbergewicht oder gar Adipositas f\u00fchrt unwiderruflich zu einer notwendigen Gewichtsreduktion. In den meisten F\u00e4llen geht diese mit dem Abbau von Muskelmasse einher. Das ist allgemein bereits unerw\u00fcnscht aber ganz besonders im Alter ein Problem, denn es wird mit zunehmendem Alter immer schwieriger, abgebaute Muskelmasse zur\u00fcckzugewinnen. Muskeln sind nicht nur f\u00fcr die Beweglichkeit wichtig, [&hellip;]<\/p>\n","protected":false},"author":1,"featured_media":3170,"comment_status":"open","ping_status":"open","sticky":false,"template":"","format":"standard","meta":{"jetpack_post_was_ever_published":false,"_jetpack_newsletter_access":"","_jetpack_dont_email_post_to_subs":false,"_jetpack_newsletter_tier_id":0,"_jetpack_memberships_contains_paywalled_content":false,"_jetpack_memberships_contains_paid_content":false,"footnotes":""},"categories":[8],"tags":[234,237,239,240,236],"class_list":["post-3169","post","type-post","status-publish","format-standard","has-post-thumbnail","hentry","category-wissenswert","tag-adipositas","tag-diaet","tag-ernaehrung","tag-sport","tag-uebergewicht","has-post-title","has-post-date","has-post-category","has-post-tag","has-post-comment","has-post-author",""],"jetpack_featured_media_url":"https:\/\/www.flora-pharm.de\/blog\/wp-content\/uploads\/2016\/04\/supplement-whey.jpg","jetpack-related-posts":[{"id":367,"url":"https:\/\/www.flora-pharm.de\/blog\/dicke-probleme-uebergewicht-adipositas\/","url_meta":{"origin":3169,"position":0},"title":"Dicke Probleme &#8211; \u00dcbergewicht, Adipositas","author":"Flora Team","date":"23. Juli 2014","format":false,"excerpt":"Durch immerw\u00e4hrende und kosteng\u00fcnstige Verf\u00fcgbarkeit von hochkalorischen Nahrungsmitteln sowie die \u00fcberm\u00e4\u00dfige Zufuhr gezuckerter Getr\u00e4nke in Verbindung mit verringerter k\u00f6rperlicher Aktivit\u00e4t in den Industriestaaten nimmt die Verbreitung von \u00dcbergewicht bis hin zur Adipositas signifikant zu. Die Weltgesundheitsorganisation (WHO) definierte Adipositas als eine chronische Erkrankung auf polygenetischer Grundlage, die aus einer komplexen\u2026","rel":"","context":"In &quot;Wissenswert&quot;","block_context":{"text":"Wissenswert","link":"https:\/\/www.flora-pharm.de\/blog\/category\/wissenswert\/"},"img":{"alt_text":"","src":"https:\/\/i0.wp.com\/www.flora-pharm.de\/blog\/wp-content\/uploads\/2014\/07\/adipositas-flora-v2.jpg?resize=350%2C200&ssl=1","width":350,"height":200,"srcset":"https:\/\/i0.wp.com\/www.flora-pharm.de\/blog\/wp-content\/uploads\/2014\/07\/adipositas-flora-v2.jpg?resize=350%2C200&ssl=1 1x, https:\/\/i0.wp.com\/www.flora-pharm.de\/blog\/wp-content\/uploads\/2014\/07\/adipositas-flora-v2.jpg?resize=525%2C300&ssl=1 1.5x"},"classes":[]},{"id":4970,"url":"https:\/\/www.flora-pharm.de\/blog\/frauen-und-fett\/","url_meta":{"origin":3169,"position":1},"title":"Frauen und Fett","author":"Flora Team","date":"2. Mai 2018","format":false,"excerpt":"Na, vielen Dank auch! Die Evolution hat uns Frauen mehr Fettmasse verpasst als dem \u00bbstarken Geschlecht\u00ab. Was bedeutet das f\u00fcr Figur und Gesundheit? Frauen sind fetter als M\u00e4nner. Zumindest, was die prozentuale K\u00f6rperzusammensetzung angeht. Wie viele von uns am eigenen Leib erfahren, sammeln sich die Fettpolster haupts\u00e4chlich am Bauch und\u2026","rel":"","context":"In &quot;Wissenswert&quot;","block_context":{"text":"Wissenswert","link":"https:\/\/www.flora-pharm.de\/blog\/category\/wissenswert\/"},"img":{"alt_text":"Frauen und Fett","src":"https:\/\/i0.wp.com\/www.flora-pharm.de\/blog\/wp-content\/uploads\/2018\/04\/frauen-und-fett.jpg?resize=350%2C200&ssl=1","width":350,"height":200,"srcset":"https:\/\/i0.wp.com\/www.flora-pharm.de\/blog\/wp-content\/uploads\/2018\/04\/frauen-und-fett.jpg?resize=350%2C200&ssl=1 1x, https:\/\/i0.wp.com\/www.flora-pharm.de\/blog\/wp-content\/uploads\/2018\/04\/frauen-und-fett.jpg?resize=525%2C300&ssl=1 1.5x, https:\/\/i0.wp.com\/www.flora-pharm.de\/blog\/wp-content\/uploads\/2018\/04\/frauen-und-fett.jpg?resize=700%2C400&ssl=1 2x"},"classes":[]},{"id":2390,"url":"https:\/\/www.flora-pharm.de\/blog\/versteckter-zucker-naehrstoffe-und-der-einfluss-der-ernaehrung-auf-vitalitaet-und-gesundheit-besonders-im-alter\/","url_meta":{"origin":3169,"position":2},"title":"Versteckter Zucker, N\u00e4hrstoffe und der Einfluss der Ern\u00e4hrung auf Vitalit\u00e4t und Gesundheit, besonders im Alter","author":"Flora Team","date":"9. September 2014","format":false,"excerpt":"Mit der Nahrung nehmen wir viele N\u00e4hrstoffe zu uns, die unser K\u00f6rper zum Funktionieren braucht. Essen und Trinken sind absolute Grundbed\u00fcrfnisse des Menschen und damit kommt ihnen auch eine enorme Wichtigkeit zu. Die optimale Grundlage f\u00fcr ein gesundes Leben sind ma\u00dfvoll verzehrte, naturbelassene und frische, mit hochwertigen Inhaltsstoffen ausgestattete Nahrungsmittel,\u2026","rel":"","context":"In &quot;Orthomolekulare Medizin&quot;","block_context":{"text":"Orthomolekulare Medizin","link":"https:\/\/www.flora-pharm.de\/blog\/category\/orthomolekulare-medizin\/"},"img":{"alt_text":"","src":"https:\/\/i0.wp.com\/www.flora-pharm.de\/blog\/wp-content\/uploads\/2014\/09\/thai-zutaten.jpg?resize=350%2C200&ssl=1","width":350,"height":200,"srcset":"https:\/\/i0.wp.com\/www.flora-pharm.de\/blog\/wp-content\/uploads\/2014\/09\/thai-zutaten.jpg?resize=350%2C200&ssl=1 1x, https:\/\/i0.wp.com\/www.flora-pharm.de\/blog\/wp-content\/uploads\/2014\/09\/thai-zutaten.jpg?resize=525%2C300&ssl=1 1.5x"},"classes":[]},{"id":4917,"url":"https:\/\/www.flora-pharm.de\/blog\/sportmythen-auf-dem-pruefstand\/","url_meta":{"origin":3169,"position":3},"title":"Sportmythen auf dem Pr\u00fcfstand","author":"Flora Team","date":"6. April 2018","format":false,"excerpt":"So kriegen Sie Ihr Fett weg! \u00a0 Mythos 1: Quasselstrippen riskieren Seitenstiche Nein. Sprechen beim Sport ist nicht grunds\u00e4tzlich verboten. \u00dcber die Ursachen der qu\u00e4lenden Flankenschmerzen, die gern Ausdauersportlerinnen heimsuchen, wird viel spekuliert. Als Verursacher kommen Zwerchfell, Leber und Milz infrage, die bei kurzer Atmung und durch ver\u00e4nderte Blutversorgung Probleme\u2026","rel":"","context":"In &quot;Wissenswert&quot;","block_context":{"text":"Wissenswert","link":"https:\/\/www.flora-pharm.de\/blog\/category\/wissenswert\/"},"img":{"alt_text":"","src":"https:\/\/i0.wp.com\/www.flora-pharm.de\/blog\/wp-content\/uploads\/2018\/04\/fett-weg-kriegen.jpg?resize=350%2C200&ssl=1","width":350,"height":200,"srcset":"https:\/\/i0.wp.com\/www.flora-pharm.de\/blog\/wp-content\/uploads\/2018\/04\/fett-weg-kriegen.jpg?resize=350%2C200&ssl=1 1x, https:\/\/i0.wp.com\/www.flora-pharm.de\/blog\/wp-content\/uploads\/2018\/04\/fett-weg-kriegen.jpg?resize=525%2C300&ssl=1 1.5x, https:\/\/i0.wp.com\/www.flora-pharm.de\/blog\/wp-content\/uploads\/2018\/04\/fett-weg-kriegen.jpg?resize=700%2C400&ssl=1 2x"},"classes":[]},{"id":9143,"url":"https:\/\/www.flora-pharm.de\/blog\/moppel-mops-und-pummel-pinscher\/","url_meta":{"origin":3169,"position":4},"title":"Moppel-Mops und Pummel-Pinscher","author":"Flora Team","date":"6. Mai 2024","format":false,"excerpt":"Leckerlis f\u00fcr den Hund. Der freut sich. Doch wer es \u00fcbertreibt, riskiert, dass der Vierbeiner dick wird. Wie bei uns gilt: Rund ist ungesund!","rel":"","context":"In &quot;Haustiere&quot;","block_context":{"text":"Haustiere","link":"https:\/\/www.flora-pharm.de\/blog\/category\/haustiere\/"},"img":{"alt_text":"Dicke Hunde m\u00fcssen abspecken","src":"https:\/\/i0.wp.com\/www.flora-pharm.de\/blog\/wp-content\/uploads\/2024\/04\/dicke-vierbeiner-abspecken.jpg?resize=350%2C200&ssl=1","width":350,"height":200,"srcset":"https:\/\/i0.wp.com\/www.flora-pharm.de\/blog\/wp-content\/uploads\/2024\/04\/dicke-vierbeiner-abspecken.jpg?resize=350%2C200&ssl=1 1x, https:\/\/i0.wp.com\/www.flora-pharm.de\/blog\/wp-content\/uploads\/2024\/04\/dicke-vierbeiner-abspecken.jpg?resize=525%2C300&ssl=1 1.5x, https:\/\/i0.wp.com\/www.flora-pharm.de\/blog\/wp-content\/uploads\/2024\/04\/dicke-vierbeiner-abspecken.jpg?resize=700%2C400&ssl=1 2x, https:\/\/i0.wp.com\/www.flora-pharm.de\/blog\/wp-content\/uploads\/2024\/04\/dicke-vierbeiner-abspecken.jpg?resize=1050%2C600&ssl=1 3x"},"classes":[]},{"id":3250,"url":"https:\/\/www.flora-pharm.de\/blog\/veganerin-das-sollten-sie-beachten\/","url_meta":{"origin":3169,"position":5},"title":"Veganer\/in? Das sollten Sie beachten&#8230;","author":"Flora Team","date":"27. Mai 2016","format":false,"excerpt":"Es gibt eine Institution, von der man geh\u00f6rt haben sollte: DGE, die Deutsche Gesellschaft f\u00fcr Ern\u00e4hrung e. V. Sie besch\u00e4ftigt sich \u201emit allen auf dem Gebiet der Ern\u00e4hrung auftretenden Fragen und stellt Forschungsbedarf fest.\u201c \u2026 \u201eAnhand wissenschaftlicher Bewertung\u201c gibt sie \u201eEmpfehlungen ab.\u201c Auf der Internetseite der \u201eErn\u00e4hrungs Umschau\u201c (dem offiziellen\u2026","rel":"","context":"In &quot;Orthomolekulare Medizin&quot;","block_context":{"text":"Orthomolekulare Medizin","link":"https:\/\/www.flora-pharm.de\/blog\/category\/orthomolekulare-medizin\/"},"img":{"alt_text":"","src":"https:\/\/i0.wp.com\/www.flora-pharm.de\/blog\/wp-content\/uploads\/2016\/05\/vegan-mangel-ernaehrung.jpg?resize=350%2C200&ssl=1","width":350,"height":200,"srcset":"https:\/\/i0.wp.com\/www.flora-pharm.de\/blog\/wp-content\/uploads\/2016\/05\/vegan-mangel-ernaehrung.jpg?resize=350%2C200&ssl=1 1x, https:\/\/i0.wp.com\/www.flora-pharm.de\/blog\/wp-content\/uploads\/2016\/05\/vegan-mangel-ernaehrung.jpg?resize=525%2C300&ssl=1 1.5x, https:\/\/i0.wp.com\/www.flora-pharm.de\/blog\/wp-content\/uploads\/2016\/05\/vegan-mangel-ernaehrung.jpg?resize=700%2C400&ssl=1 2x"},"classes":[]}],"jetpack_sharing_enabled":true,"_links":{"self":[{"href":"https:\/\/www.flora-pharm.de\/blog\/wp-json\/wp\/v2\/posts\/3169","targetHints":{"allow":["GET"]}}],"collection":[{"href":"https:\/\/www.flora-pharm.de\/blog\/wp-json\/wp\/v2\/posts"}],"about":[{"href":"https:\/\/www.flora-pharm.de\/blog\/wp-json\/wp\/v2\/types\/post"}],"author":[{"embeddable":true,"href":"https:\/\/www.flora-pharm.de\/blog\/wp-json\/wp\/v2\/users\/1"}],"replies":[{"embeddable":true,"href":"https:\/\/www.flora-pharm.de\/blog\/wp-json\/wp\/v2\/comments?post=3169"}],"version-history":[{"count":1,"href":"https:\/\/www.flora-pharm.de\/blog\/wp-json\/wp\/v2\/posts\/3169\/revisions"}],"predecessor-version":[{"id":3171,"href":"https:\/\/www.flora-pharm.de\/blog\/wp-json\/wp\/v2\/posts\/3169\/revisions\/3171"}],"wp:featuredmedia":[{"embeddable":true,"href":"https:\/\/www.flora-pharm.de\/blog\/wp-json\/wp\/v2\/media\/3170"}],"wp:attachment":[{"href":"https:\/\/www.flora-pharm.de\/blog\/wp-json\/wp\/v2\/media?parent=3169"}],"wp:term":[{"taxonomy":"category","embeddable":true,"href":"https:\/\/www.flora-pharm.de\/blog\/wp-json\/wp\/v2\/categories?post=3169"},{"taxonomy":"post_tag","embeddable":true,"href":"https:\/\/www.flora-pharm.de\/blog\/wp-json\/wp\/v2\/tags?post=3169"}],"curies":[{"name":"wp","href":"https:\/\/api.w.org\/{rel}","templated":true}]}}