{"id":3180,"date":"2016-04-11T09:07:14","date_gmt":"2016-04-11T07:07:14","guid":{"rendered":"http:\/\/www.flora-pharm.de\/blog\/?p=3180"},"modified":"2016-04-11T09:09:34","modified_gmt":"2016-04-11T07:09:34","slug":"lactoferrin-protein-aus-der-muttermilch-als-waffe-gegen-bakterien","status":"publish","type":"post","link":"https:\/\/www.flora-pharm.de\/blog\/lactoferrin-protein-aus-der-muttermilch-als-waffe-gegen-bakterien\/","title":{"rendered":"Lactoferrin \u2013 ein Protein aus der Muttermilch als Waffe gegen Bakterien"},"content":{"rendered":"<p>Berichte \u00fcber die positiven Effekte des Stillens auf Kleinkinder gibt es viele. Nun gesellt sich ein weiteres Argument hinzu. In der Muttermilch gibt es neben vielen anderen Proteinen eins mit dem Namen <strong>Lactoferrin<\/strong>. Das ist nicht neu, auch nicht seine <strong>antimikrobielle Wirkung<\/strong>, allerdings haben britische Forscher festgestellt, dass eben diese Wirkung gr\u00f6\u00dfer sein k\u00f6nnte als bislang gedacht. Im Labor wurde daraus ein synthetisches Virus hergestellt, das zudem wohl auch als <strong>Genf\u00e4hre<\/strong> f\u00fcr humane Zellen genutzt werden kann.<\/p>\n<p><strong>Und was bedeutet das?<\/strong><br \/>\nImmer h\u00e4ufiger werden Resistenzen gegen Antibiotika festgestellt, ein echtes Problem, das es notwendig macht, neue Alternativen zu erforschen. Lactoferrin aus der Muttermilch galt schon immer als antimikrobiell, geh\u00f6rt es doch zum angeborenen Immunsystem und kann Viren, Bakterien und Pilze bei Kontakt zerst\u00f6ren. Logisch also, dass man es sich mal genauer anschaut.<\/p>\n<p>Die antimikrobielle Hauptwirkung basiert auf einem kleinen Fragment des Proteins aus sechs Aminos\u00e4uren. Dessen Struktur lie\u00df vermuten, dass es sich in gr\u00f6\u00dferer Menge zu gr\u00f6\u00dferen Einheiten zusammenf\u00fcgt, die an Kapseln erinnern. Das konnten die Forscher im Labor synthetisch reproduzieren.<\/p>\n<p>Diese Kapseln k\u00f6nnen Bakterien erkennen und binden. Mehr noch, sie k\u00f6nnen wie Gewehrkugeln deren Membranen durchl\u00f6chern und sie so unsch\u00e4dlich machen. Auch das konnte unter einem Hochgeschwindigkeits-Rasterkraftmikroskop beobachtet werden. Eine sehr effektive antimikrobielle Wirkung.<\/p>\n<p>Dar\u00fcber hinaus beobachteten die Forscher, dass die Kapseln menschliche Zellen nicht durchl\u00f6chern. Vielmehr konnten die Kapseln wie ein Virus schadenfrei in die Zellen eindringen. Das kann man sich zunutze machen und genetisches Material in die Zelle einschleusen (die oben erw\u00e4hnte Gen-F\u00e4hre). Tests zeigten bereits Erfolg, eine siRNA konnte in Zellen eingeschleust werden und dann darin das Zielgen ausschalten. Das siRNA Molek\u00fcl wurde wie gedacht von Lactoferrin-Elementen umkapselt, eingeschlossen und in die Zelle transportiert, wo sich die Wirkung entfaltet.<\/p>\n<p>Wir d\u00fcrfen gespannt bleiben was die Natur uns noch f\u00fcr M\u00f6glichkeiten zur Verf\u00fcgung stellt.<\/p>\n<div style=\"text-align: right; font-size: 75%; line-hight: 25%;\"><em>Quelle: 326, Pharmazeutische Zeitung, 161 Jg., 4.2.2016, 5. Ausg., S. 48<\/em><\/div>\n<p>&nbsp;<\/p>\n<p>Wir packen den Wirkstoff zwar nicht in ein High-Tech Taxi, jedoch gibt es Kapseln mit dem aufgereinigten Wirkstoff schon seit langer Zeit z.B. bei Immunschw\u00e4che, Eisenmangel und Darm(flora)st\u00f6rungen.<\/p>\n<p>Haben Sie Fragen? Sprechen Sie uns gern dazu an.<\/p>\n<p>&nbsp;<\/p>\n<p>PS: <a href=\"https:\/\/www.flora-pharm.de\/vitalstoffe\/weitere-vitalstoffe.htm#lactoferrin\">Lactoferrin im Vitalstoff-ABC unserer Website<\/a><\/p>\n<p>&nbsp;<\/p>\n","protected":false},"excerpt":{"rendered":"<p>Berichte \u00fcber die positiven Effekte des Stillens auf Kleinkinder gibt es viele. Nun gesellt sich ein weiteres Argument hinzu. In der Muttermilch gibt es neben vielen anderen Proteinen eins mit dem Namen Lactoferrin. Das ist nicht neu, auch nicht seine antimikrobielle Wirkung, allerdings haben britische Forscher festgestellt, dass eben diese Wirkung gr\u00f6\u00dfer sein k\u00f6nnte als [&hellip;]<\/p>\n","protected":false},"author":1,"featured_media":3181,"comment_status":"open","ping_status":"open","sticky":false,"template":"","format":"standard","meta":{"jetpack_post_was_ever_published":false,"_jetpack_newsletter_access":"","_jetpack_dont_email_post_to_subs":false,"_jetpack_newsletter_tier_id":0,"_jetpack_memberships_contains_paywalled_content":false,"_jetpack_memberships_contains_paid_content":false,"footnotes":""},"categories":[8],"tags":[282,284,138],"class_list":["post-3180","post","type-post","status-publish","format-standard","has-post-thumbnail","hentry","category-wissenswert","tag-antibiotika","tag-bakterien","tag-stillzeit","has-post-title","has-post-date","has-post-category","has-post-tag","has-post-comment","has-post-author",""],"jetpack_featured_media_url":"https:\/\/www.flora-pharm.de\/blog\/wp-content\/uploads\/2016\/04\/lactoferrin.jpg","jetpack-related-posts":[{"id":3420,"url":"https:\/\/www.flora-pharm.de\/blog\/immunsystem-es-beginnt-in-mutters-schwangerschaft\/","url_meta":{"origin":3180,"position":0},"title":"Immunsystem, es beginnt in Mutters Schwangerschaft","author":"Flora Team","date":"16. September 2016","format":false,"excerpt":"Nach \u00fcberraschend vielen R\u00fcckmeldungen zu unserem Artikel \u201eNat\u00fcrliche Babypflege\u201c m\u00f6chten wir zum Thema Baby noch einen Beitrag nachlegen und beleuchten hier nun das Neonatale Immunsystem. Unser Immunsystem hat einen ganz einfachen Sinn, es soll ungef\u00e4hrliche Stoffe in den K\u00f6rper lassen, (potentiell) gef\u00e4hrliche (z.B. Viren, Bakterien, Allergene) dagegen ausfiltern und den\u2026","rel":"","context":"In &quot;Flora Apotheke&quot;","block_context":{"text":"Flora Apotheke","link":"https:\/\/www.flora-pharm.de\/blog\/category\/flora-apotheke\/"},"img":{"alt_text":"","src":"https:\/\/i0.wp.com\/www.flora-pharm.de\/blog\/wp-content\/uploads\/2016\/09\/Neonatales%20Immunsystem.jpg?resize=350%2C200&ssl=1","width":350,"height":200,"srcset":"https:\/\/i0.wp.com\/www.flora-pharm.de\/blog\/wp-content\/uploads\/2016\/09\/Neonatales%20Immunsystem.jpg?resize=350%2C200&ssl=1 1x, https:\/\/i0.wp.com\/www.flora-pharm.de\/blog\/wp-content\/uploads\/2016\/09\/Neonatales%20Immunsystem.jpg?resize=525%2C300&ssl=1 1.5x, https:\/\/i0.wp.com\/www.flora-pharm.de\/blog\/wp-content\/uploads\/2016\/09\/Neonatales%20Immunsystem.jpg?resize=700%2C400&ssl=1 2x"},"classes":[]},{"id":3658,"url":"https:\/\/www.flora-pharm.de\/blog\/darmgesundheit\/","url_meta":{"origin":3180,"position":1},"title":"Darmgesundheit","author":"Flora Team","date":"1. Dezember 2016","format":false,"excerpt":"Unsere Gesundheit wohnt im Darm Es ist ein erstaunlicher Widerspruch: Eines unserer wichtigsten Organe, das unser Wohlbefinden und unsere Gesundheit entscheidend beeinflusst, ist unser Darm. Doch wir sch\u00e4tzen ihn gering. In unz\u00e4hligen Gedichten und Liedern ist vom Herz, dem Kopf oder den Augen die Rede \u2013 sogar die Leber kommt\u2026","rel":"","context":"In &quot;Orthomolekulare Medizin&quot;","block_context":{"text":"Orthomolekulare Medizin","link":"https:\/\/www.flora-pharm.de\/blog\/category\/orthomolekulare-medizin\/"},"img":{"alt_text":"","src":"https:\/\/i0.wp.com\/www.flora-pharm.de\/blog\/wp-content\/uploads\/2016\/12\/darm.jpg?resize=350%2C200&ssl=1","width":350,"height":200,"srcset":"https:\/\/i0.wp.com\/www.flora-pharm.de\/blog\/wp-content\/uploads\/2016\/12\/darm.jpg?resize=350%2C200&ssl=1 1x, https:\/\/i0.wp.com\/www.flora-pharm.de\/blog\/wp-content\/uploads\/2016\/12\/darm.jpg?resize=525%2C300&ssl=1 1.5x, https:\/\/i0.wp.com\/www.flora-pharm.de\/blog\/wp-content\/uploads\/2016\/12\/darm.jpg?resize=700%2C400&ssl=1 2x"},"classes":[]},{"id":3079,"url":"https:\/\/www.flora-pharm.de\/blog\/studie-zusammenhang-antibiotika-makrolide-und-kindesalter-asthma-und-uebergewicht\/","url_meta":{"origin":3180,"position":2},"title":"Neue Studie \u00fcber den Zusammenhang zwischen bestimmten Antibiotika (Makrolide) im Kindesalter und erh\u00f6htem Asthma- und \u00dcbergewicht-Risiko","author":"Flora Team","date":"29. Januar 2016","format":false,"excerpt":"Ein Team finnischer Forscher hat eine Studie durchgef\u00fchrt, die den Verdacht auf besagten Zusammenhang nahelegt. Vorwegzunehmen ist jedoch, dass es f\u00fcr valide Aussagen einer gr\u00f6\u00dferen Studie bedarf. \u00a0 Es erscheint hoch plausibel, dass bestimmte Antibiotika langanhaltend die Vielfalt der Bakteriengemeinschaft im Darm negativ ver\u00e4ndert. Das ist generell nicht gut, bei\u2026","rel":"","context":"In &quot;Wissenswert&quot;","block_context":{"text":"Wissenswert","link":"https:\/\/www.flora-pharm.de\/blog\/category\/wissenswert\/"},"img":{"alt_text":"","src":"https:\/\/i0.wp.com\/www.flora-pharm.de\/blog\/wp-content\/uploads\/2016\/01\/makrolidantibiotika-kinder.jpg?resize=350%2C200&ssl=1","width":350,"height":200,"srcset":"https:\/\/i0.wp.com\/www.flora-pharm.de\/blog\/wp-content\/uploads\/2016\/01\/makrolidantibiotika-kinder.jpg?resize=350%2C200&ssl=1 1x, https:\/\/i0.wp.com\/www.flora-pharm.de\/blog\/wp-content\/uploads\/2016\/01\/makrolidantibiotika-kinder.jpg?resize=525%2C300&ssl=1 1.5x"},"classes":[]},{"id":7684,"url":"https:\/\/www.flora-pharm.de\/blog\/hilfe-bei-baby-bauchweh\/","url_meta":{"origin":3180,"position":3},"title":"Hilfe bei Baby Bauchweh","author":"Flora Team","date":"31. Mai 2021","format":false,"excerpt":"Bauchweh: Das Baby ist unruhig, weinerlich, sein B\u00e4uchlein f\u00fchlt sich hart an? Oft tun sich S\u00e4uglinge mit der Verdauung schwer - sanfte Hilfe","rel":"","context":"In &quot;Wissenswert&quot;","block_context":{"text":"Wissenswert","link":"https:\/\/www.flora-pharm.de\/blog\/category\/wissenswert\/"},"img":{"alt_text":"Bauchweh bei Kleinkind","src":"https:\/\/i0.wp.com\/www.flora-pharm.de\/blog\/wp-content\/uploads\/2021\/04\/hilfe-bei-bauchweh.jpg?resize=350%2C200&ssl=1","width":350,"height":200,"srcset":"https:\/\/i0.wp.com\/www.flora-pharm.de\/blog\/wp-content\/uploads\/2021\/04\/hilfe-bei-bauchweh.jpg?resize=350%2C200&ssl=1 1x, https:\/\/i0.wp.com\/www.flora-pharm.de\/blog\/wp-content\/uploads\/2021\/04\/hilfe-bei-bauchweh.jpg?resize=525%2C300&ssl=1 1.5x, https:\/\/i0.wp.com\/www.flora-pharm.de\/blog\/wp-content\/uploads\/2021\/04\/hilfe-bei-bauchweh.jpg?resize=700%2C400&ssl=1 2x"},"classes":[]},{"id":6751,"url":"https:\/\/www.flora-pharm.de\/blog\/gesunde-darmflora-nach-antibiotika\/","url_meta":{"origin":3180,"position":4},"title":"Gesunde Darmflora nach Antibiotika","author":"Flora Team","date":"13. M\u00e4rz 2020","format":false,"excerpt":"Antibiotika genommen und jetzt das: Bauchschmerzen und Durchfall. Was hilft Magen und Darm auf nat\u00fcrliche Weise? Antibiotika gelten als Meilensteine in der Medizin. Diese Wirkstoffe lindern ganz bestimmte Erkrankungen schnell und k\u00f6nnen sogar Leben retten. Fr\u00fcher verlief eine Lungenentz\u00fcndung meist t\u00f6dlich \u2013 heute gibt es Antibiotika gegen die bakteriellen Erreger.\u2026","rel":"","context":"In &quot;Wissenswert&quot;","block_context":{"text":"Wissenswert","link":"https:\/\/www.flora-pharm.de\/blog\/category\/wissenswert\/"},"img":{"alt_text":"Gesunde Darmflora nach Antibiotika","src":"https:\/\/i0.wp.com\/www.flora-pharm.de\/blog\/wp-content\/uploads\/2020\/01\/gesunde-darmflora-nach-antibiotika.jpg?resize=350%2C200&ssl=1","width":350,"height":200,"srcset":"https:\/\/i0.wp.com\/www.flora-pharm.de\/blog\/wp-content\/uploads\/2020\/01\/gesunde-darmflora-nach-antibiotika.jpg?resize=350%2C200&ssl=1 1x, https:\/\/i0.wp.com\/www.flora-pharm.de\/blog\/wp-content\/uploads\/2020\/01\/gesunde-darmflora-nach-antibiotika.jpg?resize=525%2C300&ssl=1 1.5x, https:\/\/i0.wp.com\/www.flora-pharm.de\/blog\/wp-content\/uploads\/2020\/01\/gesunde-darmflora-nach-antibiotika.jpg?resize=700%2C400&ssl=1 2x"},"classes":[]},{"id":3598,"url":"https:\/\/www.flora-pharm.de\/blog\/zeit-fuer-brei\/","url_meta":{"origin":3180,"position":5},"title":"Zeit f\u00fcr Brei","author":"Flora Team","date":"14. November 2016","format":false,"excerpt":"Fr\u00fcher oder sp\u00e4ter macht Milch das Baby nicht mehr satt und es ist Zeit f\u00fcr den ersten Brei. Wann ist es so weit und was soll drin sein? Experten unterteilen die Ern\u00e4hrung im ersten Lebensjahr in drei Abschnitte. In den ersten vier bis sechs Monaten erh\u00e4lt der S\u00e4ugling Muttermilch oder\u2026","rel":"","context":"In &quot;Rezept&quot;","block_context":{"text":"Rezept","link":"https:\/\/www.flora-pharm.de\/blog\/category\/rezept\/"},"img":{"alt_text":"","src":"https:\/\/i0.wp.com\/www.flora-pharm.de\/blog\/wp-content\/uploads\/2016\/11\/zeit-fuer-brei.jpg?resize=350%2C200&ssl=1","width":350,"height":200,"srcset":"https:\/\/i0.wp.com\/www.flora-pharm.de\/blog\/wp-content\/uploads\/2016\/11\/zeit-fuer-brei.jpg?resize=350%2C200&ssl=1 1x, https:\/\/i0.wp.com\/www.flora-pharm.de\/blog\/wp-content\/uploads\/2016\/11\/zeit-fuer-brei.jpg?resize=525%2C300&ssl=1 1.5x, https:\/\/i0.wp.com\/www.flora-pharm.de\/blog\/wp-content\/uploads\/2016\/11\/zeit-fuer-brei.jpg?resize=700%2C400&ssl=1 2x"},"classes":[]}],"jetpack_sharing_enabled":true,"_links":{"self":[{"href":"https:\/\/www.flora-pharm.de\/blog\/wp-json\/wp\/v2\/posts\/3180","targetHints":{"allow":["GET"]}}],"collection":[{"href":"https:\/\/www.flora-pharm.de\/blog\/wp-json\/wp\/v2\/posts"}],"about":[{"href":"https:\/\/www.flora-pharm.de\/blog\/wp-json\/wp\/v2\/types\/post"}],"author":[{"embeddable":true,"href":"https:\/\/www.flora-pharm.de\/blog\/wp-json\/wp\/v2\/users\/1"}],"replies":[{"embeddable":true,"href":"https:\/\/www.flora-pharm.de\/blog\/wp-json\/wp\/v2\/comments?post=3180"}],"version-history":[{"count":3,"href":"https:\/\/www.flora-pharm.de\/blog\/wp-json\/wp\/v2\/posts\/3180\/revisions"}],"predecessor-version":[{"id":3184,"href":"https:\/\/www.flora-pharm.de\/blog\/wp-json\/wp\/v2\/posts\/3180\/revisions\/3184"}],"wp:featuredmedia":[{"embeddable":true,"href":"https:\/\/www.flora-pharm.de\/blog\/wp-json\/wp\/v2\/media\/3181"}],"wp:attachment":[{"href":"https:\/\/www.flora-pharm.de\/blog\/wp-json\/wp\/v2\/media?parent=3180"}],"wp:term":[{"taxonomy":"category","embeddable":true,"href":"https:\/\/www.flora-pharm.de\/blog\/wp-json\/wp\/v2\/categories?post=3180"},{"taxonomy":"post_tag","embeddable":true,"href":"https:\/\/www.flora-pharm.de\/blog\/wp-json\/wp\/v2\/tags?post=3180"}],"curies":[{"name":"wp","href":"https:\/\/api.w.org\/{rel}","templated":true}]}}