{"id":319,"date":"2014-05-28T08:00:38","date_gmt":"2014-05-28T06:00:38","guid":{"rendered":"http:\/\/www.flora-pharm.de\/blog\/?p=319"},"modified":"2018-05-08T08:39:44","modified_gmt":"2018-05-08T06:39:44","slug":"himmelfahrt-vatertag-2014","status":"publish","type":"post","link":"https:\/\/www.flora-pharm.de\/blog\/himmelfahrt-vatertag-2014\/","title":{"rendered":"Himmelfahrt \/ Vatertag"},"content":{"rendered":"<p>Was wird eigentlich gefeiert? Der Name &#8222;Himmelfahrt&#8220; sagt es: 39 Tage nach dem Ostersonntag wurde Jesus gem\u00e4\u00df dem Neuen Testament auf den Platz zur Rechten Gottes erhoben, ist also in den Himmel aufgefahren.<\/p>\n<p>In Deutschland wird dieser Tag zudem als inoffizieller &#8222;Vatertag&#8220; gefeiert, mit dem Hintergrund der Einf\u00fchrung der J\u00fcngeren in die Sitten und Unsitten von M\u00e4nnlichkeit, bis hin zu den bekannten &#8222;Ausfahrten&#8220; mit oder ohne Bollerwagen.<\/p>\n<p>Unabh\u00e4ngig davon ob, was und wie sie feiern, w\u00fcnschen wir Ihnen morgen <strong>einen sch\u00f6nen freien Tag<\/strong> und helfen Ihnen \u00fcbermorgen auch gern \u00fcber die eventuellen Folgewirkungen hinweg \ud83d\ude09<\/p>\n<p><a href=\"https:\/\/www.flora-pharm.de\">www.flora-pharm.de<\/a><\/p>\n","protected":false},"excerpt":{"rendered":"<p>Was wird eigentlich gefeiert? Der Name &#8222;Himmelfahrt&#8220; sagt es: 39 Tage nach dem Ostersonntag wurde Jesus gem\u00e4\u00df dem Neuen Testament auf den Platz zur Rechten Gottes erhoben, ist also in den Himmel aufgefahren. In Deutschland wird dieser Tag zudem als inoffizieller &#8222;Vatertag&#8220; gefeiert, mit dem Hintergrund der Einf\u00fchrung der J\u00fcngeren in die Sitten und Unsitten [&hellip;]<\/p>\n","protected":false},"author":1,"featured_media":320,"comment_status":"open","ping_status":"open","sticky":false,"template":"","format":"standard","meta":{"jetpack_post_was_ever_published":false,"_jetpack_newsletter_access":"","_jetpack_dont_email_post_to_subs":false,"_jetpack_newsletter_tier_id":0,"_jetpack_memberships_contains_paywalled_content":false,"_jetpack_memberships_contains_paid_content":false,"footnotes":""},"categories":[22],"tags":[],"class_list":["post-319","post","type-post","status-publish","format-standard","has-post-thumbnail","hentry","category-kalenderlexikon","has-post-title","has-post-date","has-post-category","has-post-tag","has-post-comment","has-post-author",""],"jetpack_featured_media_url":"https:\/\/www.flora-pharm.de\/blog\/wp-content\/uploads\/2014\/05\/vatertag.jpg","jetpack-related-posts":[{"id":4375,"url":"https:\/\/www.flora-pharm.de\/blog\/zeit-der-kraeuterweihe\/","url_meta":{"origin":319,"position":0},"title":"Zeit der Kr\u00e4uterweihe","author":"Flora Team","date":"23. August 2017","format":false,"excerpt":"Feiern Sie ein Fest der F\u00fclle \u201eLammas\u201c bedeutet: Die Zeit der Ernte beginnt. Der keltische Jahreskreis setzt im August wieder eine Wegmarke. \u201eLughnasad\u201c ist das Fest des Lichtes und der F\u00fclle. Manche nennen es \u201eSchnitterinnenfest\u201c, weil sich nach alter Tradition die Frauen jetzt auf den Weg machen, um Kr\u00e4uter zu\u2026","rel":"","context":"In &quot;Kr\u00e4uter &amp; Gew\u00fcrze&quot;","block_context":{"text":"Kr\u00e4uter &amp; Gew\u00fcrze","link":"https:\/\/www.flora-pharm.de\/blog\/category\/kraeuter-gewuerze\/"},"img":{"alt_text":"Kr\u00e4uterweihe","src":"https:\/\/i0.wp.com\/www.flora-pharm.de\/blog\/wp-content\/uploads\/2017\/08\/Zeit-der-Kraeuterweihe.jpg?resize=350%2C200&ssl=1","width":350,"height":200,"srcset":"https:\/\/i0.wp.com\/www.flora-pharm.de\/blog\/wp-content\/uploads\/2017\/08\/Zeit-der-Kraeuterweihe.jpg?resize=350%2C200&ssl=1 1x, https:\/\/i0.wp.com\/www.flora-pharm.de\/blog\/wp-content\/uploads\/2017\/08\/Zeit-der-Kraeuterweihe.jpg?resize=525%2C300&ssl=1 1.5x, https:\/\/i0.wp.com\/www.flora-pharm.de\/blog\/wp-content\/uploads\/2017\/08\/Zeit-der-Kraeuterweihe.jpg?resize=700%2C400&ssl=1 2x"},"classes":[]},{"id":9044,"url":"https:\/\/www.flora-pharm.de\/blog\/valentinstag-andere-laender-andere-liebesbeweise\/","url_meta":{"origin":319,"position":1},"title":"Valentinstag: Andere L\u00e4nder, andere Liebesbeweise","author":"Flora Team","date":"12. Februar 2024","format":false,"excerpt":"Menschen auf der ganzen Welt feiern am 14. Februar den Valentinstag. Doch nicht \u00fcberall gibt es rote Rosen. Einige Br\u00e4uche zur Inspiration...","rel":"","context":"In &quot;Kalenderlexikon&quot;","block_context":{"text":"Kalenderlexikon","link":"https:\/\/www.flora-pharm.de\/blog\/category\/kalenderlexikon\/"},"img":{"alt_text":"Valentinstag Br\u00e4uche aus aller Welt international","src":"https:\/\/i0.wp.com\/www.flora-pharm.de\/blog\/wp-content\/uploads\/2024\/02\/valentinsbraeuche-aus-aller-welt.jpg?resize=350%2C200&ssl=1","width":350,"height":200,"srcset":"https:\/\/i0.wp.com\/www.flora-pharm.de\/blog\/wp-content\/uploads\/2024\/02\/valentinsbraeuche-aus-aller-welt.jpg?resize=350%2C200&ssl=1 1x, https:\/\/i0.wp.com\/www.flora-pharm.de\/blog\/wp-content\/uploads\/2024\/02\/valentinsbraeuche-aus-aller-welt.jpg?resize=525%2C300&ssl=1 1.5x, https:\/\/i0.wp.com\/www.flora-pharm.de\/blog\/wp-content\/uploads\/2024\/02\/valentinsbraeuche-aus-aller-welt.jpg?resize=700%2C400&ssl=1 2x, https:\/\/i0.wp.com\/www.flora-pharm.de\/blog\/wp-content\/uploads\/2024\/02\/valentinsbraeuche-aus-aller-welt.jpg?resize=1050%2C600&ssl=1 3x"},"classes":[]},{"id":2407,"url":"https:\/\/www.flora-pharm.de\/blog\/tag-der-deutschen-einheit-hannover-feiert\/","url_meta":{"origin":319,"position":2},"title":"Tag der Deutschen Einheit \u2013 Hannover feiert","author":"Flora Team","date":"29. September 2014","format":false,"excerpt":"Vor 25 Jahren, am 9. November 1989, fiel die Mauer, das Symbol der deutschen Teilung. Am 03. Oktober 1990 wurde der Beitritt der Deutschen Demokratischen Republik zur Bundesrepublik Deutschland wirksam. Dieses Datum wurde als gesetzlicher Feiertag in Deutschland festgelegt. Jedes Jahr wird in einer anderen Landeshauptstadt gefeiert. Dass das 25.\u2026","rel":"","context":"In &quot;Veranstaltungshinweis&quot;","block_context":{"text":"Veranstaltungshinweis","link":"https:\/\/www.flora-pharm.de\/blog\/category\/veranstaltungshinweis\/"},"img":{"alt_text":"","src":"https:\/\/i0.wp.com\/www.flora-pharm.de\/blog\/wp-content\/uploads\/2014\/09\/25j-deutsche-einheit-hannover1.jpg?resize=350%2C200&ssl=1","width":350,"height":200,"srcset":"https:\/\/i0.wp.com\/www.flora-pharm.de\/blog\/wp-content\/uploads\/2014\/09\/25j-deutsche-einheit-hannover1.jpg?resize=350%2C200&ssl=1 1x, https:\/\/i0.wp.com\/www.flora-pharm.de\/blog\/wp-content\/uploads\/2014\/09\/25j-deutsche-einheit-hannover1.jpg?resize=525%2C300&ssl=1 1.5x"},"classes":[]},{"id":281,"url":"https:\/\/www.flora-pharm.de\/blog\/ostern-steht-vor-der-tuer-aber-feiern-wir-ostern\/","url_meta":{"origin":319,"position":3},"title":"Ostern steht vor der T\u00fcr. Aber was feiern wir Ostern?","author":"Flora Team","date":"17. April 2014","format":false,"excerpt":"Die kurze Antwort: Es geht um die Kreuzigung und Auferstehung Jesu Christi. Nach einer aktuellen TNS Emnid-Umfrage wissen das immerhin 78% der Befragten. Ostern hat also seinen Ursprung im christlichen Glauben, beginnend im Verlauf der Karwoche (Kar = Klage, Kummer \/althochdeutsch) mit der Feier des Letzten Abendmahls am Gr\u00fcndonnerstagabend (Gr\u00fcn\u2026","rel":"","context":"In &quot;Kalenderlexikon&quot;","block_context":{"text":"Kalenderlexikon","link":"https:\/\/www.flora-pharm.de\/blog\/category\/kalenderlexikon\/"},"img":{"alt_text":"","src":"https:\/\/i0.wp.com\/www.flora-pharm.de\/blog\/wp-content\/uploads\/2014\/04\/ostern.jpg?resize=350%2C200&ssl=1","width":350,"height":200,"srcset":"https:\/\/i0.wp.com\/www.flora-pharm.de\/blog\/wp-content\/uploads\/2014\/04\/ostern.jpg?resize=350%2C200&ssl=1 1x, https:\/\/i0.wp.com\/www.flora-pharm.de\/blog\/wp-content\/uploads\/2014\/04\/ostern.jpg?resize=525%2C300&ssl=1 1.5x"},"classes":[]},{"id":3873,"url":"https:\/\/www.flora-pharm.de\/blog\/karneval-gut-ueberstehen\/","url_meta":{"origin":319,"position":4},"title":"Karneval gut \u00fcberstehen","author":"Flora Team","date":"22. Februar 2017","format":false,"excerpt":"In den Karnevalshochburgen wird kr\u00e4ftig gefeiert. Mit folgenden Tipps genie\u00dfen Sie die tollen Tage. \u00a0 Klug essen und trinken Bevor Sie sich in den Karnevalstrubel st\u00fcrzen, sollten Sie etwas Kr\u00e4ftiges essen und nie auf leerem Magen Alkohol trinken. Fetthaltiges, deftiges Essen verlangsamt die Aufnahme von Alkohol ins Blut. Versuchen Sie,\u2026","rel":"","context":"In &quot;Wissenswert&quot;","block_context":{"text":"Wissenswert","link":"https:\/\/www.flora-pharm.de\/blog\/category\/wissenswert\/"},"img":{"alt_text":"","src":"https:\/\/i0.wp.com\/www.flora-pharm.de\/blog\/wp-content\/uploads\/2017\/02\/karneval-ueberstehenv3.jpg?resize=350%2C200&ssl=1","width":350,"height":200,"srcset":"https:\/\/i0.wp.com\/www.flora-pharm.de\/blog\/wp-content\/uploads\/2017\/02\/karneval-ueberstehenv3.jpg?resize=350%2C200&ssl=1 1x, https:\/\/i0.wp.com\/www.flora-pharm.de\/blog\/wp-content\/uploads\/2017\/02\/karneval-ueberstehenv3.jpg?resize=525%2C300&ssl=1 1.5x, https:\/\/i0.wp.com\/www.flora-pharm.de\/blog\/wp-content\/uploads\/2017\/02\/karneval-ueberstehenv3.jpg?resize=700%2C400&ssl=1 2x"},"classes":[]},{"id":236,"url":"https:\/\/www.flora-pharm.de\/blog\/hannover-helau-karneval-hannover\/","url_meta":{"origin":319,"position":5},"title":"&#8222;Hannover Helau&#8220; &#8211; Karneval in Hannover","author":"Flora Team","date":"27. Februar 2014","format":false,"excerpt":"Heute, am 27. Februar 2014, ist Weiberfastnacht, das ist der \u00dcbergang vom Sitzungs- zum Stra\u00dfenkarneval am Donnerstag vor Aschermittwoch. \u00a0In den Karnevalshochburgen wird ab 11:11 Uhr kost\u00fcmiert in Kneipen und auf Stra\u00dfen gefeiert. \u00dcbrigens ist es Brauch (selbst manchmal in diesen nordischen Gefilden), dass Frauen den M\u00e4nnern die Krawatte als\u2026","rel":"","context":"In &quot;Flora Apotheke&quot;","block_context":{"text":"Flora Apotheke","link":"https:\/\/www.flora-pharm.de\/blog\/category\/flora-apotheke\/"},"img":{"alt_text":"","src":"https:\/\/i0.wp.com\/www.flora-pharm.de\/blog\/wp-content\/uploads\/2014\/02\/karnevalsmaske-venedig2_jb.jpg?resize=350%2C200&ssl=1","width":350,"height":200,"srcset":"https:\/\/i0.wp.com\/www.flora-pharm.de\/blog\/wp-content\/uploads\/2014\/02\/karnevalsmaske-venedig2_jb.jpg?resize=350%2C200&ssl=1 1x, https:\/\/i0.wp.com\/www.flora-pharm.de\/blog\/wp-content\/uploads\/2014\/02\/karnevalsmaske-venedig2_jb.jpg?resize=525%2C300&ssl=1 1.5x"},"classes":[]}],"jetpack_sharing_enabled":true,"_links":{"self":[{"href":"https:\/\/www.flora-pharm.de\/blog\/wp-json\/wp\/v2\/posts\/319","targetHints":{"allow":["GET"]}}],"collection":[{"href":"https:\/\/www.flora-pharm.de\/blog\/wp-json\/wp\/v2\/posts"}],"about":[{"href":"https:\/\/www.flora-pharm.de\/blog\/wp-json\/wp\/v2\/types\/post"}],"author":[{"embeddable":true,"href":"https:\/\/www.flora-pharm.de\/blog\/wp-json\/wp\/v2\/users\/1"}],"replies":[{"embeddable":true,"href":"https:\/\/www.flora-pharm.de\/blog\/wp-json\/wp\/v2\/comments?post=319"}],"version-history":[{"count":4,"href":"https:\/\/www.flora-pharm.de\/blog\/wp-json\/wp\/v2\/posts\/319\/revisions"}],"predecessor-version":[{"id":4980,"href":"https:\/\/www.flora-pharm.de\/blog\/wp-json\/wp\/v2\/posts\/319\/revisions\/4980"}],"wp:featuredmedia":[{"embeddable":true,"href":"https:\/\/www.flora-pharm.de\/blog\/wp-json\/wp\/v2\/media\/320"}],"wp:attachment":[{"href":"https:\/\/www.flora-pharm.de\/blog\/wp-json\/wp\/v2\/media?parent=319"}],"wp:term":[{"taxonomy":"category","embeddable":true,"href":"https:\/\/www.flora-pharm.de\/blog\/wp-json\/wp\/v2\/categories?post=319"},{"taxonomy":"post_tag","embeddable":true,"href":"https:\/\/www.flora-pharm.de\/blog\/wp-json\/wp\/v2\/tags?post=319"}],"curies":[{"name":"wp","href":"https:\/\/api.w.org\/{rel}","templated":true}]}}