{"id":3190,"date":"2016-04-19T09:22:48","date_gmt":"2016-04-19T07:22:48","guid":{"rendered":"http:\/\/www.flora-pharm.de\/blog\/?p=3190"},"modified":"2016-04-19T09:22:48","modified_gmt":"2016-04-19T07:22:48","slug":"hilfe-bei-tinnitus","status":"publish","type":"post","link":"https:\/\/www.flora-pharm.de\/blog\/hilfe-bei-tinnitus\/","title":{"rendered":"Hilfe bei Tinnitus"},"content":{"rendered":"<p><strong>Hinweis: Aktions-\u201eTag gegen L\u00e4rm\u201c<\/strong><br \/>\nAm 27. April 2016 findet der 19. Tag gegen L\u00e4rm (International: Noise Awareness Day) statt. In diesem Jahr unter dem Motto: \u201eSo geht leise!\u201c<\/p>\n<p>&nbsp;<\/p>\n<p><strong>Tinnitus ist immer ein Warnsignal!<\/strong><\/p>\n<p><strong>Es gibt alternative Therapiem\u00f6glichkeiten.<\/strong><\/p>\n<p>&nbsp;<\/p>\n<p>Tinnitus ist der medizinische Fachausdruck f\u00fcr Ohrger\u00e4usche, die der Betroffene meist nur selber subjektiv wahrnimmt und die nicht aus der Umwelt kommen. Tinnitus wird schon als \u201eVolkskrankheit\u201c bezeichnet, da fast 40 Prozent der Bev\u00f6lkerung davon betroffen ist, oft nur vor\u00fcbergehend. Noch nicht ganz gekl\u00e4rt sind die Ursachen f\u00fcr Tinnitus, der zu jeder Zeit und in jeder Situation auftreten kann und in vielen F\u00e4llen mit einem H\u00f6rverlust verbunden ist. Durch Reiz\u00fcberflutung und L\u00e4rmbelastung treten Dauert\u00f6ne im Ohr auch bei Kindern und Jugendlichen auf. Das Risiko, Tinnitus zu bekommen, kann verringert werden durch eine ges\u00fcndere Lebensweise. Pr\u00e4ventiv sollten Sie sich keiner Reiz\u00fcberflutung aussetzen, L\u00e4rmschutzvorrichtungen am Arbeitsplatz einhalten und Entspannungstechniken erlernen, um besser mit Stress umgehen zu k\u00f6nnen. Eine gesunde Lebensweise mit einer ausgewogenen vollwertigen Ern\u00e4hrung, regelm\u00e4\u00dfiger Bewegung an der frischen Luft, dem Verzicht auf Nikotin und dem Reduzieren von Koffein und Alkohol sind immer sinnvoll.<\/p>\n<p>&nbsp;<\/p>\n<h2>Warnsignal Ohrger\u00e4usche!<\/h2>\n<p>Tinnitus ist keine Krankheit! Die Symptome weisen darauf hin, dass der Mensch sich \u00fcbernommen und sich zu viel zugemutet hat. Nicht das Ohrger\u00e4usch muss in erster Linie behandelt werden, sondern die Ursachen, die im k\u00f6rperlichen oder seelischen Bereich liegen k\u00f6nnen. Daher ist eine gr\u00fcndliche Diagnostik der Ohrger\u00e4usche bei einem HNO-Arzt wichtig. Ausl\u00f6ser f\u00fcr Tinnitus k\u00f6nnen Sch\u00e4den und Erkrankungen am Ohr, Stress, psychische Belastungen und Herz-Kreislauf-Erkrankungen, Stoffwechselst\u00f6rungen und Probleme an der Halswirbels\u00e4ule oder an den Kiefergelenken sein.<\/p>\n<p>&nbsp;<\/p>\n<h2>Ruhe bewahren<\/h2>\n<p>Wenn Tinnitus erstmalig auftritt, hei\u00dft es Ruhe bewahren! Stress abbauen, entspannen und mal richtig auszuschlafen kann hilfreich sein. Absolute Stille ist eher zu meiden, weil dann das Ohrger\u00e4usch immer lauter wird. Tritt keine Besserung ein, sollten Sie sofort einen Termin bei einem HNO-Arzt machen. Haben Sie Ohrger\u00e4usche und dazu ein taubes Ohr, besteht der Verdacht auf einen H\u00f6rsturz. Schulmediziner verabreichen durchblutungsf\u00f6rdernde Mittel und Infusionen mit und ohne Cortison und empfehlen weitere Therapien bis zur station\u00e4ren Behandlung. Im Prinzip gilt f\u00fcr eine Behandlung: Je fr\u00fcher, desto besser! Dadurch erh\u00f6hen sich die Heilungschancen. Bei rund 70 Prozent der Betroffenen verschwindet das akute Ohrger\u00e4usch wieder vollst\u00e4ndig, mit einer gro\u00dfen Spontanheilungstendenz!<\/p>\n<p>Falls der Tinnitus nach mehreren Wochen noch da ist, gilt er als chronisch. Die Mehrzahl der Betroffenen lernt, ihr Ohrger\u00e4usch zu akzeptieren, zu ignorieren und anderen Dingen mehr Aufmerksamkeit zu widmen. Mit \u00e4rztlicher und therapeutischer Hilfe kann ein Patient, mit viel Disziplin und Geduld, meist die Ger\u00e4usche kompensieren und den Alltag bew\u00e4ltigen. Der Leidensdruck ist individuell unterschiedlich. Wenn der Leidtragende die st\u00e4ndigen Ohrger\u00e4usche nicht akzeptiert, kann es zu Schlafst\u00f6rungen, Depressionen, Angstzust\u00e4nden, Konzentrationsschwierigkeiten und innerer Unruhe kommen. \u00c4rzte bezeichnen diesen Leidensdruck als dekompensierten oder auch komplexen Tinnitus.<\/p>\n<p>&nbsp;<\/p>\n<h2>Alternative Behandlungsm\u00f6glichkeiten<\/h2>\n<p>Neben der schulmedizinischen Behandlung gibt es eine ganze Reihe alternativer Behandlungsm\u00f6glichkeiten, die bei Tinnitus eingesetzt werden. In der Pflanzenheilkunde ist das Hauptpr\u00e4parat bei Tinnitus und H\u00f6rsturz Ginkgo biloba, das die Durchblutung f\u00f6rdert. Entspannung bringen Melissen-, Hopfen-, Baldrian- und Passionsblumenpr\u00e4parate, Johanniskraut und bei Schwindel Ingwer. Zur alternativen Behandlung stehen u. a. Akupunktur, Hom\u00f6opathie, Neuraltherapie, Sauerstoffmehrschritttherapie nach Ardenne, ausleitende Verfahren, Anthroposophische Therapie, Aromatherapie, Ayurveda, Biofeedback, Tinnitus Retraining Therapie (TRT), Ozontherapie, Bachbl\u00fctentherapie, Hydro- und Thermotherapie zur Verf\u00fcgung. Klassische Massagen, Kneipp\u2019sche Anwendungen, Fu\u00dfreflexzonenmassage und Entspannungstechniken, wie Yoga, Autogenes Training oder Progressive Muskelentspannung, wirken stressmindernd und st\u00e4rkend.<\/p>\n<p>&nbsp;<\/p>\n<h2>Bew\u00e4ltigungstraining<\/h2>\n<p>Um den Betroffenen das Leben mit den st\u00f6renden Ger\u00e4uschen zu erleichtern, verfolgt das INTI Institut f\u00fcr Tinnitus Diagnostik und Therapie GmbH einen ganzheitlichen Behandlungsansatz. Das Institut ist Mitglied der Tinnitus-Liga und neben Tinnitus werden auch Morbus Meni\u00e8re, Hyperakusis und H\u00f6rst\u00fcrze mitbehandelt. \u201eTinnitus ist keine Krankheit, sondern ein Symptom, das bearbeitet werden kann. In den meisten F\u00e4llen ist er stressbedingt und kann von einem H\u00f6rsturz oder Knalltrauma kommen und mit einem Burn-out einhergehen\u201c, erkl\u00e4rt die Diplom-Psychologin und Coach (DGfC) Elke Loebnau, die das Institut im Kurort Bad Salzuflen leitet. Die Betroffenen haben meist das Gef\u00fchl, der Tinnitus \u201emache mit ihnen, was er will\u201c. Die 21-t\u00e4gige Kompaktkur verfolgt deshalb einen ganzheitlichen Ansatz: Ziel der Therapie ist es, die st\u00f6renden Ohrger\u00e4usche an den Rand oder dar\u00fcber hinaus zu lenken, sodass sie kaum noch eine Rolle im Leben der Betroffenen spielen und ignoriert werden k\u00f6nnen oder kaum noch wahrgenommen werden. Die Kosten f\u00fcr die Behandlung im Therapiezentrum Bad Salzuflen werden von den Krankenkassen \u00fcbernommen.<\/p>\n<p>Im Zentrum der Kur steht das Tinnitus-Bew\u00e4ltigungs- Training, das in zw\u00f6lf strukturierten Gruppensitzungen stattfindet, die verschiedene Themen, wie etwa Stress, zum Schwerpunkt haben. Das IN-TI Institut setzt Methoden aus allen therapeutischen Bereichen ein. Im Rahmen der Klangtherapie etwa lernen die Teilnehmer, negative Ger\u00e4usche auszublenden, positive Kl\u00e4nge und Musik wieder zu genie\u00dfen sowie durch auditive \u00dcbungen und das gemeinsame Trommeln zu einer positiven Ausrichtung des H\u00f6rsystems zu gelangen. Das tr\u00e4gt auch zur Entspannung bei und unterst\u00fctzt den Stressabbau. Ebenso steht ein Hyperakusis-Training auf dem Programm. Au\u00dferdem geh\u00f6ren Entspannungs- und Bewegungs- sowie physikalische Therapien zum festen Bestandteil der Kompaktkur. Physiotherapeuten f\u00fchren mit den Patienten nach neuesten wissenschaftlichen Erkenntnissen Qigong und Nordic Walking, Progressive Muskelrelaxation nach Jacobson (PMR) und Aqua-Gymnastik im Sole-Wasser durch. Des Weiteren z\u00e4hlen Krankengymnastik, Massagen und Fango zu den Anwendungen.<\/p>\n<p>&nbsp;<\/p>\n<p><strong>Weitergehende Informationen<\/strong><\/p>\n<ul>\n<li>zum Thema<strong> Tinnitus<\/strong> finden Sie u.a. hier: <a href=\"http:\/\/www.tinnitus-liga.de\" rel=\"nofollow\">tinnitus-liga.de<\/a><\/li>\n<li>zum <strong>Aktionstag<\/strong>: <a href=\"http:\/\/www.tag-gegen-laerm.de\" rel=\"nofollow\">tag-gegen-laerm.de<\/a><\/li>\n<\/ul>\n<p>&nbsp;<\/p>\n<figure id=\"attachment_3173\" aria-describedby=\"caption-attachment-3173\" style=\"width: 225px\" class=\"wp-caption alignleft\"><a href=\"https:\/\/www.flora-pharm.de\/blog\/wp-content\/uploads\/2016\/04\/naturheilkunde-und-gesundheit-cover-04-2016.jpg\" rel=\"attachment wp-att-3173\"><img loading=\"lazy\" decoding=\"async\" data-attachment-id=\"3173\" data-permalink=\"https:\/\/www.flora-pharm.de\/blog\/bunte-cremige-smoothies\/linke-seite-11\/\" data-orig-file=\"https:\/\/www.flora-pharm.de\/blog\/wp-content\/uploads\/2016\/04\/naturheilkunde-und-gesundheit-cover-04-2016-e1460708277675.jpg\" data-orig-size=\"448,597\" data-comments-opened=\"1\" data-image-meta=\"{&quot;aperture&quot;:&quot;0&quot;,&quot;credit&quot;:&quot;&quot;,&quot;camera&quot;:&quot;&quot;,&quot;caption&quot;:&quot;&quot;,&quot;created_timestamp&quot;:&quot;0&quot;,&quot;copyright&quot;:&quot;&quot;,&quot;focal_length&quot;:&quot;0&quot;,&quot;iso&quot;:&quot;0&quot;,&quot;shutter_speed&quot;:&quot;0&quot;,&quot;title&quot;:&quot;Linke Seite&quot;,&quot;orientation&quot;:&quot;1&quot;}\" data-image-title=\"Linke Seite\" data-image-description=\"\" data-image-caption=\"&lt;p&gt;Mit freundlicher Genehmigung der S &amp;#038; D Verlag GmbH. Das komplette Naturheilkunde und Gesundheit Heft bekommen Sie auch bei uns in der Apotheke.&lt;\/p&gt;\n\" data-large-file=\"https:\/\/www.flora-pharm.de\/blog\/wp-content\/uploads\/2016\/04\/naturheilkunde-und-gesundheit-cover-04-2016-e1460708277675.jpg\" class=\"size-medium wp-image-3173\" src=\"https:\/\/www.flora-pharm.de\/blog\/wp-content\/uploads\/2016\/04\/naturheilkunde-und-gesundheit-cover-04-2016-225x300.jpg\" alt=\"Mit freundlicher Genehmigung der S &amp; D Verlag GmbH. Das komplette Naturheilkunde und Gesundheit Heft bekommen Sie auch bei uns in der Apotheke.\" width=\"225\" height=\"300\" \/><\/a><figcaption id=\"caption-attachment-3173\" class=\"wp-caption-text\">Mit freundlicher Genehmigung der<br \/>S &amp; D Verlag GmbH. Das komplette Naturheilkunde und Gesundheit Heft bekommen Sie auch bei uns in der Apotheke.<\/figcaption><\/figure>\n","protected":false},"excerpt":{"rendered":"<p>Hinweis: Aktions-\u201eTag gegen L\u00e4rm\u201c Am 27. April 2016 findet der 19. Tag gegen L\u00e4rm (International: Noise Awareness Day) statt. In diesem Jahr unter dem Motto: \u201eSo geht leise!\u201c &nbsp; Tinnitus ist immer ein Warnsignal! Es gibt alternative Therapiem\u00f6glichkeiten. &nbsp; Tinnitus ist der medizinische Fachausdruck f\u00fcr Ohrger\u00e4usche, die der Betroffene meist nur selber subjektiv wahrnimmt und [&hellip;]<\/p>\n","protected":false},"author":1,"featured_media":0,"comment_status":"open","ping_status":"open","sticky":false,"template":"","format":"standard","meta":{"jetpack_post_was_ever_published":false,"_jetpack_newsletter_access":"","_jetpack_dont_email_post_to_subs":false,"_jetpack_newsletter_tier_id":0,"_jetpack_memberships_contains_paywalled_content":false,"_jetpack_memberships_contains_paid_content":false,"footnotes":""},"categories":[3],"tags":[422,445,268,444],"class_list":["post-3190","post","type-post","status-publish","format-standard","hentry","category-aktion","tag-naturheilkunde-und-gesundheit","tag-ohr","tag-stress","tag-tinnitus","has-post-title","has-post-date","has-post-category","has-post-tag","has-post-comment","has-post-author",""],"jetpack_featured_media_url":"","jetpack-related-posts":[{"id":4108,"url":"https:\/\/www.flora-pharm.de\/blog\/laerm-bloss-nicht\/","url_meta":{"origin":3190,"position":0},"title":"L\u00e4rm &#8211; Blo\u00df nicht!","author":"Flora Team","date":"26. April 2017","format":false,"excerpt":"Am 26. April 2017 j\u00e4hrt sich der Internationale Tag des L\u00e4rms zum 20. Mal. Das Motto ist \u201eAkustische Vielfalt in Deutschland\u201c. Bundesweit finden Aktionen statt. Infos unter: http:\/\/www.tag-gegen-laerm.de Wir h\u00f6ren alles, ob wir wollen oder nicht! Wenn es zu laut oder st\u00f6rend wird, ist unsere Gesundheit in Gefahr. \u00a0 St\u00f6render\u2026","rel":"","context":"In &quot;Wissenswert&quot;","block_context":{"text":"Wissenswert","link":"https:\/\/www.flora-pharm.de\/blog\/category\/wissenswert\/"},"img":{"alt_text":"Laerm - Krach","src":"https:\/\/i0.wp.com\/www.flora-pharm.de\/blog\/wp-content\/uploads\/2017\/04\/laerm.jpg?resize=350%2C200&ssl=1","width":350,"height":200,"srcset":"https:\/\/i0.wp.com\/www.flora-pharm.de\/blog\/wp-content\/uploads\/2017\/04\/laerm.jpg?resize=350%2C200&ssl=1 1x, https:\/\/i0.wp.com\/www.flora-pharm.de\/blog\/wp-content\/uploads\/2017\/04\/laerm.jpg?resize=525%2C300&ssl=1 1.5x, https:\/\/i0.wp.com\/www.flora-pharm.de\/blog\/wp-content\/uploads\/2017\/04\/laerm.jpg?resize=700%2C400&ssl=1 2x"},"classes":[]},{"id":9503,"url":"https:\/\/www.flora-pharm.de\/blog\/ruhe-bitte-am-30-april-tag-gegen-den-laerm\/","url_meta":{"origin":3190,"position":1},"title":"Ruhe, bitte! &#8211; Am 30. April: Tag gegen den L\u00e4rm","author":"Flora Team","date":"29. April 2025","format":false,"excerpt":"Unsere Ohren sind immer auf Empfang, Alltagsger\u00e4uschen und L\u00e4rm ausgesetzt. Was macht das mit uns? Wie k\u00f6nnen wir Ruhe finden?","rel":"","context":"In &quot;Wissenswert&quot;","block_context":{"text":"Wissenswert","link":"https:\/\/www.flora-pharm.de\/blog\/category\/wissenswert\/"},"img":{"alt_text":"Ruhe, bitte - kein Stress. Eine Frau h\u00e4lt sich die Ohren zu und sieht zu Boden, w\u00e4hrend aus allen Seiten Finger auf sie zeigen","src":"https:\/\/i0.wp.com\/www.flora-pharm.de\/blog\/wp-content\/uploads\/2025\/03\/ruhe-bitte.jpg?resize=350%2C200&ssl=1","width":350,"height":200,"srcset":"https:\/\/i0.wp.com\/www.flora-pharm.de\/blog\/wp-content\/uploads\/2025\/03\/ruhe-bitte.jpg?resize=350%2C200&ssl=1 1x, https:\/\/i0.wp.com\/www.flora-pharm.de\/blog\/wp-content\/uploads\/2025\/03\/ruhe-bitte.jpg?resize=525%2C300&ssl=1 1.5x, https:\/\/i0.wp.com\/www.flora-pharm.de\/blog\/wp-content\/uploads\/2025\/03\/ruhe-bitte.jpg?resize=700%2C400&ssl=1 2x, https:\/\/i0.wp.com\/www.flora-pharm.de\/blog\/wp-content\/uploads\/2025\/03\/ruhe-bitte.jpg?resize=1050%2C600&ssl=1 3x"},"classes":[]},{"id":4173,"url":"https:\/\/www.flora-pharm.de\/blog\/gefaehrliches-zaehneknirschen\/","url_meta":{"origin":3190,"position":2},"title":"Gef\u00e4hrliches Z\u00e4hneknirschen","author":"Flora Team","date":"29. Mai 2017","format":false,"excerpt":"Wer nachts mit den Z\u00e4hnen knirscht, steht massiv unter Druck! Was hilft? Normalerweise sind die Kaumuskeln entspannt und nur beim Kauen haben die Z\u00e4hne einen Kontakt. Aber fast jeder zehnte Deutsche mahlt mit seinen Z\u00e4hnen im Schlaf, sodass fr\u00fcher oder sp\u00e4ter ein Arztbesuch notwendig wird. Zahnmediziner bezeichnen den Vorgang, die\u2026","rel":"","context":"In &quot;Orthomolekulare Medizin&quot;","block_context":{"text":"Orthomolekulare Medizin","link":"https:\/\/www.flora-pharm.de\/blog\/category\/orthomolekulare-medizin\/"},"img":{"alt_text":"","src":"https:\/\/i0.wp.com\/www.flora-pharm.de\/blog\/wp-content\/uploads\/2017\/05\/zaehneknirschen.jpg?resize=350%2C200&ssl=1","width":350,"height":200,"srcset":"https:\/\/i0.wp.com\/www.flora-pharm.de\/blog\/wp-content\/uploads\/2017\/05\/zaehneknirschen.jpg?resize=350%2C200&ssl=1 1x, https:\/\/i0.wp.com\/www.flora-pharm.de\/blog\/wp-content\/uploads\/2017\/05\/zaehneknirschen.jpg?resize=525%2C300&ssl=1 1.5x, https:\/\/i0.wp.com\/www.flora-pharm.de\/blog\/wp-content\/uploads\/2017\/05\/zaehneknirschen.jpg?resize=700%2C400&ssl=1 2x"},"classes":[]},{"id":2747,"url":"https:\/\/www.flora-pharm.de\/blog\/wenn-der-kiefer-knackt\/","url_meta":{"origin":3190,"position":3},"title":"Wenn der Kiefer knackt","author":"Flora Team","date":"22. Juni 2015","format":false,"excerpt":"Kieferknacken und Verspannungen k\u00f6nnen auf eine Cranio-Mandibul\u00e4re Dysfunktion (CMD) hinweisen Schmerzen im Kiefergelenk oder in der Kaumuskulatur, eine eingeschr\u00e4nkte Kieferbeweglichkeit oder Mund\u00f6ffnung, auff\u00e4llige Knackger\u00e4usche im Kiefergelenk, aber auch Nacken- und R\u00fcckenschmerzen, k\u00f6nnen Symptome einer Cranio-Mandibul\u00e4ren Dysfunktion (CMD) sein. Wer diese Diagnose bekommt, hat meist eine lange Leidensgeschichte hinter sich. Denn\u2026","rel":"","context":"In &quot;Wissenswert&quot;","block_context":{"text":"Wissenswert","link":"https:\/\/www.flora-pharm.de\/blog\/category\/wissenswert\/"},"img":{"alt_text":"Mit freundlicher Genehmigung der S & D Verlag GmbH","src":"https:\/\/i0.wp.com\/www.flora-pharm.de\/blog\/wp-content\/uploads\/2015\/06\/NuG-06-2015-cover-225x300.jpg?resize=350%2C200&ssl=1","width":350,"height":200},"classes":[]},{"id":3029,"url":"https:\/\/www.flora-pharm.de\/blog\/gesund-ins-neue-jahr-2016\/","url_meta":{"origin":3190,"position":4},"title":"Gesund ins neue Jahr!","author":"Flora Team","date":"31. Dezember 2015","format":false,"excerpt":"Der Jahreswechsel wird traditionsgem\u00e4\u00df ausgiebig und laut gefeiert. Wir geben Tipps, wie Sie dies unbeschadet \u00fcberstehen! \u00a0 Vern\u00fcnftig essen und trinken Nat\u00fcrlich m\u00fcssen Sie Silvester nicht ganz auf alkoholische Getr\u00e4nke verzichten. Damit der Kater am n\u00e4chsten Tag etwas milder ausf\u00e4llt, ist es ratsam, vor der Feier etwas Kr\u00e4ftiges zu essen\u2026","rel":"","context":"In &quot;Flora Apotheke&quot;","block_context":{"text":"Flora Apotheke","link":"https:\/\/www.flora-pharm.de\/blog\/category\/flora-apotheke\/"},"img":{"alt_text":"151231 regenbogen","src":"https:\/\/i0.wp.com\/www.flora-pharm.de\/blog\/wp-content\/uploads\/2015\/12\/151231-regenbogen-300x225.jpg?resize=350%2C200&ssl=1","width":350,"height":200},"classes":[]},{"id":9332,"url":"https:\/\/www.flora-pharm.de\/blog\/nadeln-auf-den-punkt-gebracht-akupunktur\/","url_meta":{"origin":3190,"position":5},"title":"Nadeln auf den Punkt gebracht &#8211; Akupunktur","author":"Flora Team","date":"22. Mai 2025","format":false,"excerpt":"Akupunktur ist l\u00e4ngst raus aus der Esoterik-Ecke. Immer mehr Patienten schw\u00f6ren drauf. Doch wie funktioniert diese uralte Heilmethode aus Fernost eigentlich?","rel":"","context":"In &quot;Wissenswert&quot;","block_context":{"text":"Wissenswert","link":"https:\/\/www.flora-pharm.de\/blog\/category\/wissenswert\/"},"img":{"alt_text":"Akupunktur - Nadelstechen - bringt es auf den Punkt","src":"https:\/\/i0.wp.com\/www.flora-pharm.de\/blog\/wp-content\/uploads\/2024\/10\/auf-den-punkt-akkupunktur.jpg?resize=350%2C200&ssl=1","width":350,"height":200,"srcset":"https:\/\/i0.wp.com\/www.flora-pharm.de\/blog\/wp-content\/uploads\/2024\/10\/auf-den-punkt-akkupunktur.jpg?resize=350%2C200&ssl=1 1x, https:\/\/i0.wp.com\/www.flora-pharm.de\/blog\/wp-content\/uploads\/2024\/10\/auf-den-punkt-akkupunktur.jpg?resize=525%2C300&ssl=1 1.5x, https:\/\/i0.wp.com\/www.flora-pharm.de\/blog\/wp-content\/uploads\/2024\/10\/auf-den-punkt-akkupunktur.jpg?resize=700%2C400&ssl=1 2x, https:\/\/i0.wp.com\/www.flora-pharm.de\/blog\/wp-content\/uploads\/2024\/10\/auf-den-punkt-akkupunktur.jpg?resize=1050%2C600&ssl=1 3x"},"classes":[]}],"jetpack_sharing_enabled":true,"_links":{"self":[{"href":"https:\/\/www.flora-pharm.de\/blog\/wp-json\/wp\/v2\/posts\/3190","targetHints":{"allow":["GET"]}}],"collection":[{"href":"https:\/\/www.flora-pharm.de\/blog\/wp-json\/wp\/v2\/posts"}],"about":[{"href":"https:\/\/www.flora-pharm.de\/blog\/wp-json\/wp\/v2\/types\/post"}],"author":[{"embeddable":true,"href":"https:\/\/www.flora-pharm.de\/blog\/wp-json\/wp\/v2\/users\/1"}],"replies":[{"embeddable":true,"href":"https:\/\/www.flora-pharm.de\/blog\/wp-json\/wp\/v2\/comments?post=3190"}],"version-history":[{"count":2,"href":"https:\/\/www.flora-pharm.de\/blog\/wp-json\/wp\/v2\/posts\/3190\/revisions"}],"predecessor-version":[{"id":3193,"href":"https:\/\/www.flora-pharm.de\/blog\/wp-json\/wp\/v2\/posts\/3190\/revisions\/3193"}],"wp:attachment":[{"href":"https:\/\/www.flora-pharm.de\/blog\/wp-json\/wp\/v2\/media?parent=3190"}],"wp:term":[{"taxonomy":"category","embeddable":true,"href":"https:\/\/www.flora-pharm.de\/blog\/wp-json\/wp\/v2\/categories?post=3190"},{"taxonomy":"post_tag","embeddable":true,"href":"https:\/\/www.flora-pharm.de\/blog\/wp-json\/wp\/v2\/tags?post=3190"}],"curies":[{"name":"wp","href":"https:\/\/api.w.org\/{rel}","templated":true}]}}