{"id":3194,"date":"2016-05-04T09:24:51","date_gmt":"2016-05-04T07:24:51","guid":{"rendered":"http:\/\/www.flora-pharm.de\/blog\/?p=3194"},"modified":"2016-05-04T09:24:51","modified_gmt":"2016-05-04T07:24:51","slug":"vitamin-c-kann-zytotoxisch-z-b-bei-brustkrebs-wirken","status":"publish","type":"post","link":"https:\/\/www.flora-pharm.de\/blog\/vitamin-c-kann-zytotoxisch-z-b-bei-brustkrebs-wirken\/","title":{"rendered":"Vitamin C kann zytotoxisch z.B. bei Brustkrebs wirken"},"content":{"rendered":"<p>Es ist zwar noch immer nicht endg\u00fcltig gekl\u00e4rt, ob Vitamin C maligne Tumore hemmt oder nicht, aber neue Forschungen zeigen weiteres antikanzerogenes Potential von Vitamin C auf.<\/p>\n<p>Der Mechanismus der zytotoxischen Wirkung von Vitamin C auf CRC-Zellen mit K-Ras- oder B-Raf-Onkogen konnte nachvollzogen werden.<\/p>\n<blockquote><p>Maligne Zellen haben generell einen h\u00f6heren Glucoseverbrauch als gesunde Zellen und besitzen auch entsprechend mehr Glucosetransporter. Die Transporter-Subtypen GLUT1 und GLUT4 transportieren neben Glucose auch DHA, die im Interstitium durch Oxidation von Vitamin C gebildet wird. Durch die \u00fcberm\u00e4\u00dfige Aufnahme von DHA ger\u00e4t das Redoxsystem in der Zelle aus dem Gleichgewicht und zieht wichtige Steuerungsmechanismen in Mitleidenschaft, was schlie\u00dflich zum Zelltod f\u00fchrt.<\/p>\n<p>In den CRC-Zellen wird die DHA zu \u00adVitamin C reduziert, indem parallel reduziertes Glutathion (GSH) zu Glutathiondisulfid (GSSG) oxidiert wird. GSH ist das wichtigste Antioxidans in den Zellen, und durch seine Depletion nehmen die reaktiven Sauerstoffspezies (ROS) \u00fcberhand. Die ROS st\u00f6ren die normale Verstoffwechselung der Glucose (Glykolyse) durch Inaktivierung der Glycerolaldehyd-3-phosphat-Dehydrogenase (GAPDH). Infolgedessen sinkt die Produktivit\u00e4t der Mitochondrien, die weniger Adenosindiphosphat (ADP) in Adenosintriphosphat (ATP) umwandeln. Die Zelle \u00ad\u201everhungert\u201c allm\u00e4hlich. Glucose wird nun haupts\u00e4chlich \u00fcber den Pentosephosphatweg verstoffwechselt. Zudem dringen die ROS in den Zellkern ein, wo sie die DNA sch\u00e4digen. Das DNA-Reparaturenzym Poly(ADP-ribose)-Polymerase (PARP) muss verst\u00e4rkt in Aktion treten und verbraucht dabei Nicotinamid-Adenin-Dinucleotid (NAD<sup>+<\/sup>), das bei der Glykolyse, die ohnehin schon beeintr\u00e4chtigt ist, fehlt. Damit ist der Untergang der Zelle besiegelt.<\/p><\/blockquote>\n<p>&nbsp;<\/p>\n<p>Bei Versuchen mit M\u00e4usen zeigten sich bei hohen Vitamin C Dosen \u00fcber einen Zeitraum von 5-6 Wochen bei CRC-Zellen mit K-Ras-Onkogen die erw\u00fcnschten Resultate. Warum nicht auch bei CRC-Zellen B-Raf-Onkogen muss noch gekl\u00e4rt werden.<\/p>\n<p>Der praktische Nutzen ist jedoch derzeit fraglich, denn rechnet man die Dosen der Tierversuche auf den Menschen hoch, so br\u00e4uchte man mehrere hundert Gramm t\u00e4glich, was zu untragbaren Nebenwirkungen f\u00fchren w\u00fcrde. Also bitte nicht einfach zum Vitamin C Topf greifen.<\/p>\n<p>Praktisches Potential dieser Erkenntnisse erhoffen die Forscher in synergetischen Effekten z.B. bei Ko-Medikation von Vitamin C zu Krebstherapeutika. Dies ist aber erst weiter zu erforschen. Wir m\u00fcssen gespannt bleiben.<\/p>\n<p>&nbsp;<\/p>\n<p>Auch zeigt sich hier, dass eine ausreichende Versorgung mit <strong>Glutathion<\/strong> in reduzierter Form wichtig ist, jedoch nicht \u00fcberm\u00e4\u00dfig erfolgen sollte, da ansonsten die ROS zu fr\u00fch in Krebszellen quasi durch Reduktion abgefangen werden. Hochdosierte <strong>Selen<\/strong>gaben sind ebenfalls synergistisch, da es \u00fcber die Glutathionperoxydasen katalytisch in diese Prozesse eingreift.<\/p>\n<p>PS Selen: Eine neue Studie (Quelle s.u.) scheint zu belegen, dass \u00a0ein <strong>niedriger Selenstatus<\/strong> das Risiko erh\u00f6ht, Probleme mit der <strong>Schilddr\u00fcse<\/strong> zu bekommen.<\/p>\n<p>&nbsp;<\/p>\n<h2>Weiterf\u00fchrende Informationen<\/h2>\n<p><strong>Im Blog:<\/strong><\/p>\n<ul>\n<li>Stichwort <a href=\"https:\/\/www.flora-pharm.de\/blog\/tag\/vitamin-c\/\">Vitamin C<\/a><\/li>\n<li>Suche nach <a href=\"https:\/\/www.flora-pharm.de\/blog\/?s=selen\">\u201eSelen\u201c<\/a><\/li>\n<\/ul>\n<p><strong>Im Mineralstoff-ABC auf unserer Website:<\/strong><\/p>\n<ul>\n<li><a href=\"https:\/\/www.flora-pharm.de\/vitalstoffe\/vitamin-abc.htm#vitamin-c\">Vitamin C<\/a><\/li>\n<li><a href=\"https:\/\/www.flora-pharm.de\/vitalstoffe\/spurenelement-abc.htm#se\">Selen<\/a><\/li>\n<li><a href=\"https:\/\/www.flora-pharm.de\/vitalstoffe\/aminosaeuren.htm#l-glutathion\">Glutathion<\/a> (unter Aminos\u00e4uren, ganz am Ende)<\/li>\n<\/ul>\n<p>&nbsp;<\/p>\n<p>Sprechen Sie uns an, wir beraten Sie gern.<\/p>\n<p>&nbsp;<\/p>\n<h2>Quellen<\/h2>\n<ul>\n<li>DAZ 2016, Nr. 15, S. 26, 14.04.2016\n<ul>\n<li>Yun J, et al. Vitamin C selectively kills KRAS and BRAF mutant colorectal cancer cells by targeting GAPDH. Science 2015;350(6266):1391-1396<\/li>\n<li>van der Reest J, Gottlieb E. Anti-cancer effects of vitamin C revisited. Cell Res 2016;26:269-270<\/li>\n<\/ul>\n<\/li>\n<li>Low Population Selenium Status Is Associated With Increased Prevalence of Thyroid Disease<br \/>\nIn: J Clin Endocrinol Metab. 2015 Nov;100(11):4037-47. doi: 10.1210\/jc.2015-2222. Epub 2015 Aug 25<br \/>\n(<a href=\"http:\/\/www.ncbi.nlm.nih.gov\/pubmed\/26305620\">http:\/\/www.ncbi.nlm.nih.gov\/pubmed\/26305620<\/a>)\n<\/li>\n<li>Eigene Ausf\u00fchrungen<\/li>\n<\/ul>\n<p>&nbsp;<\/p>\n","protected":false},"excerpt":{"rendered":"<p>Es ist zwar noch immer nicht endg\u00fcltig gekl\u00e4rt, ob Vitamin C maligne Tumore hemmt oder nicht, aber neue Forschungen zeigen weiteres antikanzerogenes Potential von Vitamin C auf. Der Mechanismus der zytotoxischen Wirkung von Vitamin C auf CRC-Zellen mit K-Ras- oder B-Raf-Onkogen konnte nachvollzogen werden. Maligne Zellen haben generell einen h\u00f6heren Glucoseverbrauch als gesunde Zellen und [&hellip;]<\/p>\n","protected":false},"author":1,"featured_media":3195,"comment_status":"open","ping_status":"open","sticky":false,"template":"","format":"standard","meta":{"jetpack_post_was_ever_published":false,"_jetpack_newsletter_access":"","_jetpack_dont_email_post_to_subs":false,"_jetpack_newsletter_tier_id":0,"_jetpack_memberships_contains_paywalled_content":false,"_jetpack_memberships_contains_paid_content":false,"footnotes":""},"categories":[8],"tags":[446,174,447,90,172],"class_list":["post-3194","post","type-post","status-publish","format-standard","has-post-thumbnail","hentry","category-wissenswert","tag-glutathion","tag-krebstherapie","tag-selen","tag-tumor","tag-vitamin-c","has-post-title","has-post-date","has-post-category","has-post-tag","has-post-comment","has-post-author",""],"jetpack_featured_media_url":"https:\/\/www.flora-pharm.de\/blog\/wp-content\/uploads\/2016\/04\/vitamin-c-becherglas.jpg","jetpack-related-posts":[{"id":285,"url":"https:\/\/www.flora-pharm.de\/blog\/vitamin-c-der-komplementaeren-onkologie\/","url_meta":{"origin":3194,"position":0},"title":"Vitamin C in der komplement\u00e4ren Onkologie","author":"Flora Team","date":"24. April 2014","format":false,"excerpt":"Vitamin C (Ascorbins\u00e4ure, Ascorbat) ist neben Selen eines der am h\u00e4ufigsten eingesetzten Antioxidantien in der komplement\u00e4ren Onkologie (komplement\u00e4r: erg\u00e4nzend - zu wissenschaftlich begr\u00fcndeten Behandlungsmethoden, Onkologie: Wissenschaft, die sich mit Krebs befasst). Seine Bedeutung und Anwendung in der Krebspr\u00e4vention und -therapie wird jedoch bereits seit Anfang der 70er Jahre kontrovers diskutiert.\u2026","rel":"","context":"In &quot;Orthomolekulare Medizin&quot;","block_context":{"text":"Orthomolekulare Medizin","link":"https:\/\/www.flora-pharm.de\/blog\/category\/orthomolekulare-medizin\/"},"img":{"alt_text":"","src":"https:\/\/i0.wp.com\/www.flora-pharm.de\/blog\/wp-content\/uploads\/2014\/04\/Becherglas-VitaminC.jpg?resize=350%2C200&ssl=1","width":350,"height":200,"srcset":"https:\/\/i0.wp.com\/www.flora-pharm.de\/blog\/wp-content\/uploads\/2014\/04\/Becherglas-VitaminC.jpg?resize=350%2C200&ssl=1 1x, https:\/\/i0.wp.com\/www.flora-pharm.de\/blog\/wp-content\/uploads\/2014\/04\/Becherglas-VitaminC.jpg?resize=525%2C300&ssl=1 1.5x"},"classes":[]},{"id":2922,"url":"https:\/\/www.flora-pharm.de\/blog\/mikronaehrstoffe-nahrung-entwicklung-des-gehirns-bei-heranwachsenden\/","url_meta":{"origin":3194,"position":1},"title":"Mikron\u00e4hrstoffe, Nahrung &#038; Entwicklung des Gehirns bei Heranwachsenden","author":"Flora Team","date":"15. Oktober 2015","format":false,"excerpt":"Mikron\u00e4hrstoffe sind wichtig f\u00fcr die Entwicklung des Gehirns und der kognitiven Leistungsf\u00e4higkeit von Kindern und Heranwachsenden. Studien vergleichen Zufuhrempfehlungen mit tats\u00e4chlichen Verzehrdaten sowie Blutanalysen und stellen fest, dass die Versorgung mit gehirnaktiven N\u00e4hrstoffen oftmals unzureichend ist. Ausgangspunkt der Problematik ist die oftmals falsche Ern\u00e4hrung der Kinder und Heranwachsenden, dies belegt\u2026","rel":"","context":"In &quot;Orthomolekulare Medizin&quot;","block_context":{"text":"Orthomolekulare Medizin","link":"https:\/\/www.flora-pharm.de\/blog\/category\/orthomolekulare-medizin\/"},"img":{"alt_text":"","src":"https:\/\/i0.wp.com\/www.flora-pharm.de\/blog\/wp-content\/uploads\/2015\/09\/mikron%C3%A4hrstoffe.jpg?resize=350%2C200&ssl=1","width":350,"height":200,"srcset":"https:\/\/i0.wp.com\/www.flora-pharm.de\/blog\/wp-content\/uploads\/2015\/09\/mikron%C3%A4hrstoffe.jpg?resize=350%2C200&ssl=1 1x, https:\/\/i0.wp.com\/www.flora-pharm.de\/blog\/wp-content\/uploads\/2015\/09\/mikron%C3%A4hrstoffe.jpg?resize=525%2C300&ssl=1 1.5x, https:\/\/i0.wp.com\/www.flora-pharm.de\/blog\/wp-content\/uploads\/2015\/09\/mikron%C3%A4hrstoffe.jpg?resize=700%2C400&ssl=1 2x"},"classes":[]},{"id":8828,"url":"https:\/\/www.flora-pharm.de\/blog\/das-vitamin-abc\/","url_meta":{"origin":3194,"position":2},"title":"Das Vitamin-ABC","author":"Flora Team","date":"25. August 2023","format":false,"excerpt":"Damit unser Energielevel nicht ins Sommerloch f\u00e4llt, sorgen wir jetzt f\u00fcr eine Extraportion Power. Und zwar auf die k\u00f6stliche Art \u2013 mit nat\u00fcrlichen Vitalstoffen!","rel":"","context":"In &quot;Wissenswert&quot;","block_context":{"text":"Wissenswert","link":"https:\/\/www.flora-pharm.de\/blog\/category\/wissenswert\/"},"img":{"alt_text":"Vitamin-ABC","src":"https:\/\/i0.wp.com\/www.flora-pharm.de\/blog\/wp-content\/uploads\/2023\/07\/vitamin-abc.jpg?resize=350%2C200&ssl=1","width":350,"height":200,"srcset":"https:\/\/i0.wp.com\/www.flora-pharm.de\/blog\/wp-content\/uploads\/2023\/07\/vitamin-abc.jpg?resize=350%2C200&ssl=1 1x, https:\/\/i0.wp.com\/www.flora-pharm.de\/blog\/wp-content\/uploads\/2023\/07\/vitamin-abc.jpg?resize=525%2C300&ssl=1 1.5x, https:\/\/i0.wp.com\/www.flora-pharm.de\/blog\/wp-content\/uploads\/2023\/07\/vitamin-abc.jpg?resize=700%2C400&ssl=1 2x, https:\/\/i0.wp.com\/www.flora-pharm.de\/blog\/wp-content\/uploads\/2023\/07\/vitamin-abc.jpg?resize=1050%2C600&ssl=1 3x"},"classes":[]},{"id":7008,"url":"https:\/\/www.flora-pharm.de\/blog\/gesuender-mit-vitalstoffen\/","url_meta":{"origin":3194,"position":3},"title":"Ges\u00fcnder mit Vitalstoffen","author":"Flora Team","date":"3. Juli 2020","format":false,"excerpt":"Die meisten Menschen setzen auf Vitamine, Mineralstoffe und Spurenelemente, um Mangelerscheinungen und Krankheiten vorzubeugen. Die Mikron\u00e4hrstoffe k\u00f6nnen aber noch mehr, berichtet Saskia Fechte. Surf-Tipp: In unserem Vitalstoff-ABC auf der Flora Apotheken Website stellen wir die wichtigsten Vitalstoffe steckbriefartig vor. \u00a0 Pr\u00e4vention: gesund bleiben Nahrungserg\u00e4nzungsmittel dienen nicht nur dazu, leere Vitaminspeicher\u2026","rel":"","context":"In &quot;Orthomolekulare Medizin&quot;","block_context":{"text":"Orthomolekulare Medizin","link":"https:\/\/www.flora-pharm.de\/blog\/category\/orthomolekulare-medizin\/"},"img":{"alt_text":"Ges\u00fcnder mit Vitalstoffen","src":"https:\/\/i0.wp.com\/www.flora-pharm.de\/blog\/wp-content\/uploads\/2020\/06\/vitalstoffe-gesund.jpg?resize=350%2C200&ssl=1","width":350,"height":200,"srcset":"https:\/\/i0.wp.com\/www.flora-pharm.de\/blog\/wp-content\/uploads\/2020\/06\/vitalstoffe-gesund.jpg?resize=350%2C200&ssl=1 1x, https:\/\/i0.wp.com\/www.flora-pharm.de\/blog\/wp-content\/uploads\/2020\/06\/vitalstoffe-gesund.jpg?resize=525%2C300&ssl=1 1.5x, https:\/\/i0.wp.com\/www.flora-pharm.de\/blog\/wp-content\/uploads\/2020\/06\/vitalstoffe-gesund.jpg?resize=700%2C400&ssl=1 2x"},"classes":[]},{"id":5653,"url":"https:\/\/www.flora-pharm.de\/blog\/vitamine-fuer-die-haut\/","url_meta":{"origin":3194,"position":4},"title":"Vitamine f\u00fcr die Haut","author":"Flora Team","date":"7. Januar 2019","format":false,"excerpt":"Glatt, rosig und weich. Damit die Haut so aussieht, braucht sie Vitamine. Welche sind besonders wichtig? Das kleine Haut-Vitamin-ABC verr\u00e4t es Ihnen.Die Haut ist unser gr\u00f6\u00dftes Organ. Sie misst etwa zwei Quadratmeter und wiegt rund 20 Prozent unseres K\u00f6rpergewichtes. Ohne unsere Haut sind wir schutzlos. Sie umgibt uns wie ein\u2026","rel":"","context":"In &quot;Wissenswert&quot;","block_context":{"text":"Wissenswert","link":"https:\/\/www.flora-pharm.de\/blog\/category\/wissenswert\/"},"img":{"alt_text":"Vitamine f\u00fcr die Haut","src":"https:\/\/i0.wp.com\/www.flora-pharm.de\/blog\/wp-content\/uploads\/2019\/01\/vitamine-fuer-die-haut.jpg?resize=350%2C200&ssl=1","width":350,"height":200,"srcset":"https:\/\/i0.wp.com\/www.flora-pharm.de\/blog\/wp-content\/uploads\/2019\/01\/vitamine-fuer-die-haut.jpg?resize=350%2C200&ssl=1 1x, https:\/\/i0.wp.com\/www.flora-pharm.de\/blog\/wp-content\/uploads\/2019\/01\/vitamine-fuer-die-haut.jpg?resize=525%2C300&ssl=1 1.5x, https:\/\/i0.wp.com\/www.flora-pharm.de\/blog\/wp-content\/uploads\/2019\/01\/vitamine-fuer-die-haut.jpg?resize=700%2C400&ssl=1 2x"},"classes":[]},{"id":5176,"url":"https:\/\/www.flora-pharm.de\/blog\/blaubeeren-ein-adjuvans-fuer-die-strahlentherapie\/","url_meta":{"origin":3194,"position":5},"title":"Blaubeeren, ein Adjuvans f\u00fcr die Strahlentherapie?","author":"Flora Team","date":"19. Juli 2018","format":false,"excerpt":"Eine neue In-vitro-Studie l\u00e4sst vermuten, dass Blaubeer-Extrakt ein m\u00f6gliches Adjuvans f\u00fcr die Strahlentherapie sein k\u00f6nnte, insbesondere im Fall eines Zervixkarzinom: Davidson K. et al. Blueberry as a Potential Radiosensitizer for Treating Cervical Cancer. Pathol Oncol Res, online publiziert am 30. September 2017, DOI:10.1007\/s12253-017-0319-y Blaubeere = Heidelbeere Zuerst m\u00f6chten wir Ihnen\u2026","rel":"","context":"In &quot;Wissenswert&quot;","block_context":{"text":"Wissenswert","link":"https:\/\/www.flora-pharm.de\/blog\/category\/wissenswert\/"},"img":{"alt_text":"Blaubeeren \/ Heidelbeeren als Adjuvanz bei Strahlentherapie","src":"https:\/\/i0.wp.com\/www.flora-pharm.de\/blog\/wp-content\/uploads\/2018\/07\/blaubeeren-zervixkarzinom.jpg?resize=350%2C200&ssl=1","width":350,"height":200,"srcset":"https:\/\/i0.wp.com\/www.flora-pharm.de\/blog\/wp-content\/uploads\/2018\/07\/blaubeeren-zervixkarzinom.jpg?resize=350%2C200&ssl=1 1x, https:\/\/i0.wp.com\/www.flora-pharm.de\/blog\/wp-content\/uploads\/2018\/07\/blaubeeren-zervixkarzinom.jpg?resize=525%2C300&ssl=1 1.5x, https:\/\/i0.wp.com\/www.flora-pharm.de\/blog\/wp-content\/uploads\/2018\/07\/blaubeeren-zervixkarzinom.jpg?resize=700%2C400&ssl=1 2x"},"classes":[]}],"jetpack_sharing_enabled":true,"_links":{"self":[{"href":"https:\/\/www.flora-pharm.de\/blog\/wp-json\/wp\/v2\/posts\/3194","targetHints":{"allow":["GET"]}}],"collection":[{"href":"https:\/\/www.flora-pharm.de\/blog\/wp-json\/wp\/v2\/posts"}],"about":[{"href":"https:\/\/www.flora-pharm.de\/blog\/wp-json\/wp\/v2\/types\/post"}],"author":[{"embeddable":true,"href":"https:\/\/www.flora-pharm.de\/blog\/wp-json\/wp\/v2\/users\/1"}],"replies":[{"embeddable":true,"href":"https:\/\/www.flora-pharm.de\/blog\/wp-json\/wp\/v2\/comments?post=3194"}],"version-history":[{"count":2,"href":"https:\/\/www.flora-pharm.de\/blog\/wp-json\/wp\/v2\/posts\/3194\/revisions"}],"predecessor-version":[{"id":3197,"href":"https:\/\/www.flora-pharm.de\/blog\/wp-json\/wp\/v2\/posts\/3194\/revisions\/3197"}],"wp:featuredmedia":[{"embeddable":true,"href":"https:\/\/www.flora-pharm.de\/blog\/wp-json\/wp\/v2\/media\/3195"}],"wp:attachment":[{"href":"https:\/\/www.flora-pharm.de\/blog\/wp-json\/wp\/v2\/media?parent=3194"}],"wp:term":[{"taxonomy":"category","embeddable":true,"href":"https:\/\/www.flora-pharm.de\/blog\/wp-json\/wp\/v2\/categories?post=3194"},{"taxonomy":"post_tag","embeddable":true,"href":"https:\/\/www.flora-pharm.de\/blog\/wp-json\/wp\/v2\/tags?post=3194"}],"curies":[{"name":"wp","href":"https:\/\/api.w.org\/{rel}","templated":true}]}}