{"id":3288,"date":"2016-06-10T10:57:06","date_gmt":"2016-06-10T08:57:06","guid":{"rendered":"http:\/\/www.flora-pharm.de\/blog\/?p=3288"},"modified":"2016-06-10T10:57:06","modified_gmt":"2016-06-10T08:57:06","slug":"restless-legs-syndrom-rls-und-vitamin-d","status":"publish","type":"post","link":"https:\/\/www.flora-pharm.de\/blog\/restless-legs-syndrom-rls-und-vitamin-d\/","title":{"rendered":"Restless Legs-Syndrom (RLS) und Vitamin D"},"content":{"rendered":"<p>Restless Legs (\u00fcbersetzt: unruhige Beine) ist eins der h\u00e4ufigsten Nervenleiden in Deutschland. Betroffene haben einen erh\u00f6hten Bewegungsdrang, oftmals verbunden mit qu\u00e4lendem Ziehen oder Kribbeln in den Beinen (manchmal auch in den Armen). Die Beschwerden treten in Ruhesituationen auf, also meistens abends oder nachts (was u.a. zu vermindertem Schlaf f\u00fchrt) aber auch bei langem Sitzen, z.B. bei der Arbeit oder bei einer Autofahrt. Die Ursache ist bis heute nicht genau gekl\u00e4rt, da aber Therapien mit Dopamin und Dopaminagonisten (l\u00f6sen die gleiche Wirkung aus wie Dopamin) anschlagen, ist hier eine Mitschuld bei der Entstehung zu vermuten. Ebenso kommen chronische Infekte durch das Epstein-Barr-Virus (EBV) oder Borrelien als m\u00f6gliche Faktoren in Betracht, schlie\u00dflich auch chronische Unterversorgungsprobleme durch Mikron\u00e4hrstoffmangel oder Sauerstoffmangelsituationen durch mechanische Stauungen oder Durchblutungsprobleme.<\/p>\n<p>Auf der anderen Seite gibt es deutliche Hinweise darauf, dass Vitamin D die dopaminerge Neurotransmission ver\u00e4ndert und so als m\u00f6gliche Therapieoption angesehen werden kann, jedoch nur in ausreichender Dosierung!<\/p>\n<p>Diese Erkenntnisse wurden in einer <strong>Pilotstudie<\/strong> zusammengef\u00fchrt und eine <strong>hochdosierte Vitamin-D-Supplementierung bei RLS-Beschwerden untersucht<\/strong>: Wali S et al.: The effect of vitamin D supplements on the severity of restless legs syndrome. Sleep Breath 2015; 19(2): 579-83<\/p>\n<p>In der Apotheken-Depesche 3\/2016 wird die Studie so zusammengefasst:<\/p>\n<blockquote><p><em>Eingeschlossen wurden acht Frauen und vier M\u00e4nner mit der Neudiagnose eines prim\u00e4ren, idiopathischen RLS nach den Kriterien der International Restless Legs Study Group (IRLSG). [\u2026]<\/em><\/p>\n<p><em>Alle Teilnehmer wiesen einen Vit.-D-Mangel auf [\u2026] Sie erhielten [\u2026] eine hochdosierte Supplementierung mit Vit.-D [\u2026] Anf\u00e4nglich betrug der mediane Vit.-D-Spiegel im Kollektiv 21,7 nmol\/l (13,5\u201357,4 nmol\/l). Er war nach drei- bis achtmonatiger Supplementierung signifikant auf median 61,8 nmol\/l (42,58\u201395,9 nmol\/l) gestiegen (p = 0,002).<\/em><\/p>\n<p><em>Der durchschnittliche IRLS-Schweregrad- Score verbesserte sich ebenfalls signifikant und klinisch ausgesprochen relevant von 26 (15\u201335) Punkten zu Baseline auf nun 10 (0\u201327) Punkte, nunmehr nur einem leichten RLS entsprechend. Diese Reduktion war trotz der geringen Fallzahl und auch nach Einberechnung der urspr\u00fcnglichen Vit.-D-Konzentrationen signifikant (p = 0,002).<\/em><\/p><\/blockquote>\n<p>Die kleine Gruppe zeigte also nach dem Studienzeitraum eine sehr <strong>deutliche Symptomreduktion, wenn die Spiegel deutlich in den oberen Bereich aufgef\u00fcllt wurden<\/strong>.<\/p>\n<p>Diese Beobachtung kann man durchaus positiv bewerten, so rechtfertigen diese auf jeden Fall eine weitergehende, hinreichend gro\u00dfe Studie. Betroffenen kann man anraten, Ihren Vitamin D Spiegel pr\u00fcfen zu lassen und in Absprache mit dem Therapeuten Ma\u00dfnahmen zu ergreifen, zumindest eine Aufs\u00e4ttigung bis an die oberen Grenzen der Normalversorgung oder h\u00f6her in therapeutische Bereiche herbeizuf\u00fchren. Lesen Sie hierzu auch gern die am Ende genannten weiterf\u00fchrenden Studien \/ Artikel, die allesamt belegen, wie wichtig dies ist.<\/p>\n<p><strong>PS:<\/strong> Die Autoren der Studie wiesen auch darauf hin, dass ein Vitamin D-Mangel in der saudi-arabischen Bev\u00f6lkerung verbreitet sei, u.a. aufgrund religi\u00f6s vorgeschriebener Kleidung, welche die Sonnenlichtexposition deutlich begrenzt. Wir erinnern uns: Der menschliche K\u00f6rper kann Vitamin D selbst herstellen, f\u00fcr die endogene Synthese ist jedoch UV-B-Bestrahlung (durch die Sonne) erforderlich. Wird der K\u00f6rper nicht dem Sonnenlicht ausgesetzt, muss Vitamin D supplementiert, also \u00fcber die Nahrung zugef\u00fchrt werden.<\/p>\n<p>Der UV-Index in Deutschland liegt \u00fcbrigens etwa 6 Monate im Jahr unter dem zur hinreichen Vitamin D Produktion notwendigen Index, ein Mangel ist bei uns daher vorprogrammiert, umso mehr also f\u00fcr diejenigen Mitb\u00fcrger, die den oben genannten Konventionen folgen. Gleiches gilt auch f\u00fcr sehr stark pigmentierte Menschen, die Pigmentierung h\u00e4lt in vergleichbarer Weise die UV-Strahlung ab.<\/p>\n<p>Sprechen Sie uns auf Vitamin D an, wir beraten Sie gern.<\/p>\n<h2>Weitere Informationen:<\/h2>\n<ul>\n<li><a href=\"https:\/\/www.flora-pharm.de\/vitalstoffe\/vitamin-abc.htm#vitamin-d\"><strong>Vitamin D <\/strong>in unserem Vitamin-ABC <\/a><\/li>\n<li><strong>Diverse Artikel in unserem Blog<\/strong>, z.B. mit den Themen \u201eMangel f\u00fchrt zu verminderter Eisenresorption\u201c, \u201eVitamin D, ein Supervitamin?\u201c, \u201eZusammenhang zwischen Vitamin D Status der Mutter und der Muskelkraft des Babys\u201c, \u201eHashimoto-Thyreoiditis \u2013 Angriff auf die Schilddr\u00fcse\u201c, \u201eVitamin D ist und bleibt wichtig\u201c etc. Nutzen Sie die Suchfunktion oder sehen Sie hier<strong><a href=\"https:\/\/www.flora-pharm.de\/blog\/tag\/vitamin-d\/\"> eine \u00dcbersicht der Vitamin D-Artikel<\/a>.<\/strong><\/li>\n<\/ul>\n<p style=\"text-align: right;\">Quellen: Apotheken-Depesche 3\/16\u00a0 sowie eigene Ausf\u00fchrungen.<\/p>\n","protected":false},"excerpt":{"rendered":"<p>Restless Legs (\u00fcbersetzt: unruhige Beine) ist eins der h\u00e4ufigsten Nervenleiden in Deutschland. Betroffene haben einen erh\u00f6hten Bewegungsdrang, oftmals verbunden mit qu\u00e4lendem Ziehen oder Kribbeln in den Beinen (manchmal auch in den Armen). Die Beschwerden treten in Ruhesituationen auf, also meistens abends oder nachts (was u.a. zu vermindertem Schlaf f\u00fchrt) aber auch bei langem Sitzen, z.B. [&hellip;]<\/p>\n","protected":false},"author":1,"featured_media":120,"comment_status":"open","ping_status":"open","sticky":false,"template":"","format":"standard","meta":{"jetpack_post_was_ever_published":false,"_jetpack_newsletter_access":"","_jetpack_dont_email_post_to_subs":false,"_jetpack_newsletter_tier_id":0,"_jetpack_memberships_contains_paywalled_content":false,"_jetpack_memberships_contains_paid_content":false,"footnotes":""},"categories":[8],"tags":[201,205,63,62],"class_list":["post-3288","post","type-post","status-publish","format-standard","has-post-thumbnail","hentry","category-wissenswert","tag-nervensystem","tag-sonne","tag-studie","tag-vitamin-d","has-post-title","has-post-date","has-post-category","has-post-tag","has-post-comment","has-post-author",""],"jetpack_featured_media_url":"https:\/\/www.flora-pharm.de\/blog\/wp-content\/uploads\/2013\/11\/Becherglas-VitaminD.jpg","jetpack-related-posts":[{"id":7444,"url":"https:\/\/www.flora-pharm.de\/blog\/13-weniger-krebssterblichkeit-bei-vitamin-d-supplementierung\/","url_meta":{"origin":3288,"position":0},"title":"13% weniger Krebssterblichkeit bei Vitamin D-Supplementierung","author":"Flora Team","date":"16. Februar 2021","format":false,"excerpt":"Vitamin D-Supplementierung geht nach neuester Studienlage mit einer Verringerung der Sterberate an Krebs um etwa 13 Prozent einher, berichtet das dkfz. (Deutsches Krebsforschungszentrum)","rel":"","context":"In &quot;Flora Apotheke&quot;","block_context":{"text":"Flora Apotheke","link":"https:\/\/www.flora-pharm.de\/blog\/category\/flora-apotheke\/"},"img":{"alt_text":"13% geringere Krebssterblichkeit bei Vitamin D Supplementierung nach aktuellen Studien","src":"https:\/\/i0.wp.com\/www.flora-pharm.de\/blog\/wp-content\/uploads\/2021\/02\/geringere-krebssterblichkeit-13vH-Vitamin-D.jpg?resize=350%2C200&ssl=1","width":350,"height":200,"srcset":"https:\/\/i0.wp.com\/www.flora-pharm.de\/blog\/wp-content\/uploads\/2021\/02\/geringere-krebssterblichkeit-13vH-Vitamin-D.jpg?resize=350%2C200&ssl=1 1x, https:\/\/i0.wp.com\/www.flora-pharm.de\/blog\/wp-content\/uploads\/2021\/02\/geringere-krebssterblichkeit-13vH-Vitamin-D.jpg?resize=525%2C300&ssl=1 1.5x, https:\/\/i0.wp.com\/www.flora-pharm.de\/blog\/wp-content\/uploads\/2021\/02\/geringere-krebssterblichkeit-13vH-Vitamin-D.jpg?resize=700%2C400&ssl=1 2x"},"classes":[]},{"id":8710,"url":"https:\/\/www.flora-pharm.de\/blog\/hormone-im-fruehlingshoch\/","url_meta":{"origin":3288,"position":1},"title":"Hormone im Fr\u00fchlingshoch","author":"Flora Team","date":"17. M\u00e4rz 2023","format":false,"excerpt":"Alles f\u00fchlt sich auf einmal ein wenig leichter an: Mit den Temperaturen steigt im Lenz die Laune. Jetzt geht es in unserem Hormonhaushalt rund","rel":"","context":"In &quot;Wissenswert&quot;","block_context":{"text":"Wissenswert","link":"https:\/\/www.flora-pharm.de\/blog\/category\/wissenswert\/"},"img":{"alt_text":"Fr\u00fchling und Hormone","src":"https:\/\/i0.wp.com\/www.flora-pharm.de\/blog\/wp-content\/uploads\/2023\/03\/hormone-in-fruehlingshoch.jpg?resize=350%2C200&ssl=1","width":350,"height":200,"srcset":"https:\/\/i0.wp.com\/www.flora-pharm.de\/blog\/wp-content\/uploads\/2023\/03\/hormone-in-fruehlingshoch.jpg?resize=350%2C200&ssl=1 1x, https:\/\/i0.wp.com\/www.flora-pharm.de\/blog\/wp-content\/uploads\/2023\/03\/hormone-in-fruehlingshoch.jpg?resize=525%2C300&ssl=1 1.5x, https:\/\/i0.wp.com\/www.flora-pharm.de\/blog\/wp-content\/uploads\/2023\/03\/hormone-in-fruehlingshoch.jpg?resize=700%2C400&ssl=1 2x, https:\/\/i0.wp.com\/www.flora-pharm.de\/blog\/wp-content\/uploads\/2023\/03\/hormone-in-fruehlingshoch.jpg?resize=1050%2C600&ssl=1 3x"},"classes":[]},{"id":6616,"url":"https:\/\/www.flora-pharm.de\/blog\/gute-nacht-mit-globuli\/","url_meta":{"origin":3288,"position":2},"title":"Gute Nacht mit Globuli","author":"Flora Team","date":"23. Dezember 2019","format":false,"excerpt":"Sch\u00e4fchen gez\u00e4hlt und trotzdem die Nacht kein Auge zugemacht? Dann versuchen Sie es doch mit Hom\u00f6opathie. PS: Hier finden Sie einen guten Einstiegsartikel zum Thema Hom\u00f6opathie. Von Stefanie Happ \u00a0 Schlechter Schlaf hat viele Gesichter. Die einen gehen m\u00fcde ins Bett und finden dennoch keine Ruhe, die anderen werden nachts\u2026","rel":"","context":"In &quot;Wissenswert&quot;","block_context":{"text":"Wissenswert","link":"https:\/\/www.flora-pharm.de\/blog\/category\/wissenswert\/"},"img":{"alt_text":"Globuli Hom\u00f6opathie bei Schlafst\u00f6rungen","src":"https:\/\/i0.wp.com\/www.flora-pharm.de\/blog\/wp-content\/uploads\/2019\/12\/gute-nacht-globuli.jpg?resize=350%2C200&ssl=1","width":350,"height":200,"srcset":"https:\/\/i0.wp.com\/www.flora-pharm.de\/blog\/wp-content\/uploads\/2019\/12\/gute-nacht-globuli.jpg?resize=350%2C200&ssl=1 1x, https:\/\/i0.wp.com\/www.flora-pharm.de\/blog\/wp-content\/uploads\/2019\/12\/gute-nacht-globuli.jpg?resize=525%2C300&ssl=1 1.5x, https:\/\/i0.wp.com\/www.flora-pharm.de\/blog\/wp-content\/uploads\/2019\/12\/gute-nacht-globuli.jpg?resize=700%2C400&ssl=1 2x"},"classes":[]},{"id":9559,"url":"https:\/\/www.flora-pharm.de\/blog\/gaertnern-macht-gluecklich\/","url_meta":{"origin":3288,"position":3},"title":"G\u00e4rtnern macht gl\u00fccklich&#8230;","author":"Flora Team","date":"11. Juni 2025","format":false,"excerpt":"G\u00e4rtnern macht gl\u00fccklich und gesund! Das ist wissenschaftlich erwiesen. Doch was genau tut uns am gr\u00fcnen Gestalten so gut?","rel":"","context":"In &quot;Wissenswert&quot;","block_context":{"text":"Wissenswert","link":"https:\/\/www.flora-pharm.de\/blog\/category\/wissenswert\/"},"img":{"alt_text":"Eine gl\u00fccklich wirkende Frau gie\u00dft Pflanzen in einem Hochbeet mit einer Gie\u00dfkanne","src":"https:\/\/i0.wp.com\/www.flora-pharm.de\/blog\/wp-content\/uploads\/2025\/05\/gaertnern-macht-gluecklich.jpg?resize=350%2C200&ssl=1","width":350,"height":200,"srcset":"https:\/\/i0.wp.com\/www.flora-pharm.de\/blog\/wp-content\/uploads\/2025\/05\/gaertnern-macht-gluecklich.jpg?resize=350%2C200&ssl=1 1x, https:\/\/i0.wp.com\/www.flora-pharm.de\/blog\/wp-content\/uploads\/2025\/05\/gaertnern-macht-gluecklich.jpg?resize=525%2C300&ssl=1 1.5x, https:\/\/i0.wp.com\/www.flora-pharm.de\/blog\/wp-content\/uploads\/2025\/05\/gaertnern-macht-gluecklich.jpg?resize=700%2C400&ssl=1 2x, https:\/\/i0.wp.com\/www.flora-pharm.de\/blog\/wp-content\/uploads\/2025\/05\/gaertnern-macht-gluecklich.jpg?resize=1050%2C600&ssl=1 3x"},"classes":[]},{"id":9053,"url":"https:\/\/www.flora-pharm.de\/blog\/dopamin-die-dosis-machts\/","url_meta":{"origin":3288,"position":4},"title":"Dopamin \u2013 Die Dosis macht\u2019s","author":"Flora Team","date":"13. M\u00e4rz 2024","format":false,"excerpt":"Hormone Miniserie: Dopamin verleiht Motivation und Power. Doch f\u00fcr seine positive Wirkung muss sich der Botenstoff im Gleichgewicht befinden.","rel":"","context":"In &quot;Wissenswert&quot;","block_context":{"text":"Wissenswert","link":"https:\/\/www.flora-pharm.de\/blog\/category\/wissenswert\/"},"img":{"alt_text":"Dopamin | Aus unserer Miniserie: Hormone","src":"https:\/\/i0.wp.com\/www.flora-pharm.de\/blog\/wp-content\/uploads\/2024\/02\/hormone-serie-dopamin.jpg?resize=350%2C200&ssl=1","width":350,"height":200,"srcset":"https:\/\/i0.wp.com\/www.flora-pharm.de\/blog\/wp-content\/uploads\/2024\/02\/hormone-serie-dopamin.jpg?resize=350%2C200&ssl=1 1x, https:\/\/i0.wp.com\/www.flora-pharm.de\/blog\/wp-content\/uploads\/2024\/02\/hormone-serie-dopamin.jpg?resize=525%2C300&ssl=1 1.5x, https:\/\/i0.wp.com\/www.flora-pharm.de\/blog\/wp-content\/uploads\/2024\/02\/hormone-serie-dopamin.jpg?resize=700%2C400&ssl=1 2x, https:\/\/i0.wp.com\/www.flora-pharm.de\/blog\/wp-content\/uploads\/2024\/02\/hormone-serie-dopamin.jpg?resize=1050%2C600&ssl=1 3x"},"classes":[]},{"id":2433,"url":"https:\/\/www.flora-pharm.de\/blog\/diagnose-und-therapieansaetze-bei-stress-leerem-akku-und-burnout\/","url_meta":{"origin":3288,"position":5},"title":"Diagnose- und Therapieans\u00e4tze bei Stress, leerem Akku und Burnout","author":"Flora Team","date":"17. Oktober 2014","format":false,"excerpt":"Burnout ist eins von diesen omnipr\u00e4senten Mode-Krankheitsbildern, von denen jeder redet aber Viele nicht wissen, was dahinter verborgen liegt. Erst seit 1974 der erste wissenschaftliche Artikel zum Thema Burnout-Syndrom von Herbert J. Freudenberger verfasst wurde ist dieser Begriff \u00fcberhaupt in der Diskussion. Stress und Burnout gab es zuvor auch schon,\u2026","rel":"","context":"In &quot;Flora Apotheke&quot;","block_context":{"text":"Flora Apotheke","link":"https:\/\/www.flora-pharm.de\/blog\/category\/flora-apotheke\/"},"img":{"alt_text":"","src":"https:\/\/i0.wp.com\/www.flora-pharm.de\/blog\/wp-content\/uploads\/2014\/10\/stressbew%C3%A4ltigung.jpg?resize=350%2C200&ssl=1","width":350,"height":200,"srcset":"https:\/\/i0.wp.com\/www.flora-pharm.de\/blog\/wp-content\/uploads\/2014\/10\/stressbew%C3%A4ltigung.jpg?resize=350%2C200&ssl=1 1x, https:\/\/i0.wp.com\/www.flora-pharm.de\/blog\/wp-content\/uploads\/2014\/10\/stressbew%C3%A4ltigung.jpg?resize=525%2C300&ssl=1 1.5x"},"classes":[]}],"jetpack_sharing_enabled":true,"_links":{"self":[{"href":"https:\/\/www.flora-pharm.de\/blog\/wp-json\/wp\/v2\/posts\/3288","targetHints":{"allow":["GET"]}}],"collection":[{"href":"https:\/\/www.flora-pharm.de\/blog\/wp-json\/wp\/v2\/posts"}],"about":[{"href":"https:\/\/www.flora-pharm.de\/blog\/wp-json\/wp\/v2\/types\/post"}],"author":[{"embeddable":true,"href":"https:\/\/www.flora-pharm.de\/blog\/wp-json\/wp\/v2\/users\/1"}],"replies":[{"embeddable":true,"href":"https:\/\/www.flora-pharm.de\/blog\/wp-json\/wp\/v2\/comments?post=3288"}],"version-history":[{"count":2,"href":"https:\/\/www.flora-pharm.de\/blog\/wp-json\/wp\/v2\/posts\/3288\/revisions"}],"predecessor-version":[{"id":3290,"href":"https:\/\/www.flora-pharm.de\/blog\/wp-json\/wp\/v2\/posts\/3288\/revisions\/3290"}],"wp:featuredmedia":[{"embeddable":true,"href":"https:\/\/www.flora-pharm.de\/blog\/wp-json\/wp\/v2\/media\/120"}],"wp:attachment":[{"href":"https:\/\/www.flora-pharm.de\/blog\/wp-json\/wp\/v2\/media?parent=3288"}],"wp:term":[{"taxonomy":"category","embeddable":true,"href":"https:\/\/www.flora-pharm.de\/blog\/wp-json\/wp\/v2\/categories?post=3288"},{"taxonomy":"post_tag","embeddable":true,"href":"https:\/\/www.flora-pharm.de\/blog\/wp-json\/wp\/v2\/tags?post=3288"}],"curies":[{"name":"wp","href":"https:\/\/api.w.org\/{rel}","templated":true}]}}