{"id":3372,"date":"2016-08-17T12:17:40","date_gmt":"2016-08-17T10:17:40","guid":{"rendered":"http:\/\/www.flora-pharm.de\/blog\/?p=3372"},"modified":"2016-08-17T12:17:40","modified_gmt":"2016-08-17T10:17:40","slug":"fluorchinolone-fda-warnt-vor-nebenwirkungen-bestimmter-antibiotika","status":"publish","type":"post","link":"https:\/\/www.flora-pharm.de\/blog\/fluorchinolone-fda-warnt-vor-nebenwirkungen-bestimmter-antibiotika\/","title":{"rendered":"Fluorchinolone, FDA warnt vor Nebenwirkungen bestimmter Antibiotika"},"content":{"rendered":"<p>Die FDA (U.S. Food and Drug Administration, eine amerikanische Beh\u00f6rde, die den Verkehr und Einsatz von Arzneimitteln im heimischen Markt reguliert) warnt vor Nebenwirkungen im Zusammenhang mit der systemischen Anwendung von Fluorchinolonen (Ciprofloxacin, Levofloxacin, Moxifloxacin und Ofloxacin; das sind antibiotische Wirkstoffe in verschiedenen Einzelpr\u00e4paraten, die h\u00e4ufig gegen Gewebs- und Harnwegsinfektionen eingesetzt werden). Nach Durchsicht placebo-kontrollierter Studien sowie der Auswertung zugeh\u00f6riger Spontanberichte wurden die Lebensqualit\u00e4t beeintr\u00e4chtigende Symptome wie Dauerschmerzen, Kribbeln, Taubheit, Halluzinationen, Verwirrtheit diagnostiziert. Warnungshinweise sollten ausgeweitet und die Verschreibung deutlich restriktiver erfolgen.<\/p>\n<p>Die Arzneimittelkommission (AMK) weist diesbez\u00fcglich und erg\u00e4nzend darauf hin, \u201edass in Deutschland zus\u00e4tzlich Norfloxacin und Enoxacin systemisch angewendet werden und f\u00fcr Ciprofloxacin, Levofloxacin und Moxifloxacin durch Entscheide der EU-Kommission bereits Einschr\u00e4nkungen oder Streichungen f\u00fcr die genannten Infektionen bestehen.\u201c<\/p>\n<p>Unabh\u00e4ngig von diesen Einschr\u00e4nkungen in der Packungsbeilage seien auch Sie kritisch bei bzw. vor der Einnahme von Antibiotika und fragen Sie Ihren Arzt, ob nicht Alternativen bestehen bzw. mit der Einnahme zun\u00e4chst abgewartet werden kann.<\/p>\n<p>M\u00f6glicherweise bieten auch pflanzliche Wirkstoffe Alternativen, was Sie mit dem Arzt f\u00fcr Ihren Einzelfall kl\u00e4ren k\u00f6nnen, auch hierzu finden Sie weiterf\u00fchrende Informationen in unserem Artikel <a href=\"https:\/\/www.flora-pharm.de\/blog\/senfoele-aus-grosser-kapuzinerkresse-und-meerrettich-ein-natuerliches-antibiotikum\/\">Senf\u00f6le aus Gro\u00dfer Kapuzinerkresse und Meerrettich, ein nat\u00fcrliches Antibiotikum<\/a>.<\/p>\n<p>Ebenso beobachten Sie kritisch m\u00f6gliche Nebenwirkungen nicht nur w\u00e4hrend sondern auch im Zeitraum von 1-3 Monaten nach Einnahme dieser Wirkstoffe. Beispielsweise ist beim Moxifloxacin auch beschrieben, dass sich m\u00f6gliche depressive Phasen erst nach Absetzen der Medikation zeigen oder dass beim Ciprofloxacin nach Absetzen weiterhin Reizsymptome beispielsweise in den ableitenden Harnwegen zeigen k\u00f6nnen, die nicht infektbedingt sind sondern ihren Ursprung m\u00f6glicherweise in negativen Effekten auf die schnellteilenden Schleimhautzellen finden.<\/p>\n<p>Schlie\u00dflich sollte immer die Darm- bzw. Schleimhautflora nach der Einnahme von Antibiotika unterst\u00fctzt und wieder aufgebaut werden, da auch hierdurch in der Folge das Auftreten von Reinfektionen, allergischen Immunneigungen und Verdauungsproblemen reduziert werden kann. Lesen Sie hierzu unseren Artikel, bezogen auf Antibiotika anderer Stoffklassen: <a href=\"https:\/\/www.flora-pharm.de\/blog\/studie-zusammenhang-antibiotika-makrolide-und-kindesalter-asthma-und-uebergewicht\/\">Neue Studie \u00fcber den Zusammenhang zwischen bestimmten Antibiotika (Makrolide) im Kindesalter und erh\u00f6htem Asthma- und \u00dcbergewicht-Risiko<\/a>.<\/p>\n<p>Wir sind Ihnen gern behilflich bei der Auswahl von f\u00fcr Sie passenden Erg\u00e4nzungspr\u00e4paraten.<\/p>\n<p>Nebenwirkungen in Zusammenhang mit Fluorchinolonen sollen der AMK gemeldet werden, dies \u00fcbernimmt auch gern die Apotheke f\u00fcr Sie: Sie k\u00f6nnen eventuelle Nebenwirkungen an uns melden, die wir dann (auch anonym) weiterleiten k\u00f6nnen.<\/p>\n<p><strong>Sprechen Sie uns an und nutzen unseren Service f\u00fcr Ihre Gesundheit!<\/strong><\/p>\n<p>&nbsp;<\/p>\n<p>Quellen \/ weitere Informationen:<\/p>\n<ul>\n<li>DeutschesApothekenPortal: <a href=\"https:\/\/www.deutschesapothekenportal.de\/index.php?id=388&amp;tx_news_pi1%5bnews%5d=3160\" rel=\"nofollow\">Fluorchinolone: FDA warnt vor k\u00f6rperlich behindernden und potenziell permanenten Nebenwirkungen<\/a>, 09.08.2016<\/li>\n<li>FDA-Warnung im <a href=\"http:\/\/www.fda.gov\/Drugs\/DrugSafety\/ucm511530.htm\" rel=\"nofollow\">Original (27.07.16)<\/a><\/li>\n<li><a href=\"https:\/\/www.abda.de\/themen\/arzneimittelsicherheit\/amk\/\" rel=\"nofollow\">Arzneimittelkommission der Deutschen Apotheker (AMK)<\/a><\/li>\n<\/ul>\n<p>&nbsp;<\/p>\n","protected":false},"excerpt":{"rendered":"<p>Die FDA (U.S. Food and Drug Administration, eine amerikanische Beh\u00f6rde, die den Verkehr und Einsatz von Arzneimitteln im heimischen Markt reguliert) warnt vor Nebenwirkungen im Zusammenhang mit der systemischen Anwendung von Fluorchinolonen (Ciprofloxacin, Levofloxacin, Moxifloxacin und Ofloxacin; das sind antibiotische Wirkstoffe in verschiedenen Einzelpr\u00e4paraten, die h\u00e4ufig gegen Gewebs- und Harnwegsinfektionen eingesetzt werden). Nach Durchsicht placebo-kontrollierter [&hellip;]<\/p>\n","protected":false},"author":1,"featured_media":2476,"comment_status":"open","ping_status":"open","sticky":false,"template":"","format":"standard","meta":{"jetpack_post_was_ever_published":false,"_jetpack_newsletter_access":"","_jetpack_dont_email_post_to_subs":false,"_jetpack_newsletter_tier_id":0,"_jetpack_memberships_contains_paywalled_content":false,"_jetpack_memberships_contains_paid_content":false,"footnotes":""},"categories":[8],"tags":[282],"class_list":["post-3372","post","type-post","status-publish","format-standard","has-post-thumbnail","hentry","category-wissenswert","tag-antibiotika","has-post-title","has-post-date","has-post-category","has-post-tag","has-post-comment","has-post-author",""],"jetpack_featured_media_url":"https:\/\/www.flora-pharm.de\/blog\/wp-content\/uploads\/2014\/11\/flora-surftipp.jpg","jetpack-related-posts":[{"id":8423,"url":"https:\/\/www.flora-pharm.de\/blog\/gefaehrliche-social-media-trends\/","url_meta":{"origin":3372,"position":0},"title":"Gef\u00e4hrliche Social Media Trends","author":"Flora Team","date":"28. September 2022","format":false,"excerpt":"Trends und Challenges auf Social Media k\u00f6nnen leider auch gef\u00e4hrlich sein. Insbesondere wenn Arzneimittel beteiligt sind. Verstand einschalten!","rel":"","context":"In &quot;Wissenswert&quot;","block_context":{"text":"Wissenswert","link":"https:\/\/www.flora-pharm.de\/blog\/category\/wissenswert\/"},"img":{"alt_text":"Gef\u00e4hrliche Social Media Trends - ACHTUNG","src":"https:\/\/i0.wp.com\/www.flora-pharm.de\/blog\/wp-content\/uploads\/2022\/09\/achtung-gefaehrliche-social-media-trends.jpg?resize=350%2C200&ssl=1","width":350,"height":200,"srcset":"https:\/\/i0.wp.com\/www.flora-pharm.de\/blog\/wp-content\/uploads\/2022\/09\/achtung-gefaehrliche-social-media-trends.jpg?resize=350%2C200&ssl=1 1x, https:\/\/i0.wp.com\/www.flora-pharm.de\/blog\/wp-content\/uploads\/2022\/09\/achtung-gefaehrliche-social-media-trends.jpg?resize=525%2C300&ssl=1 1.5x, https:\/\/i0.wp.com\/www.flora-pharm.de\/blog\/wp-content\/uploads\/2022\/09\/achtung-gefaehrliche-social-media-trends.jpg?resize=700%2C400&ssl=1 2x, https:\/\/i0.wp.com\/www.flora-pharm.de\/blog\/wp-content\/uploads\/2022\/09\/achtung-gefaehrliche-social-media-trends.jpg?resize=1050%2C600&ssl=1 3x"},"classes":[]},{"id":6751,"url":"https:\/\/www.flora-pharm.de\/blog\/gesunde-darmflora-nach-antibiotika\/","url_meta":{"origin":3372,"position":1},"title":"Gesunde Darmflora nach Antibiotika","author":"Flora Team","date":"13. M\u00e4rz 2020","format":false,"excerpt":"Antibiotika genommen und jetzt das: Bauchschmerzen und Durchfall. Was hilft Magen und Darm auf nat\u00fcrliche Weise? Antibiotika gelten als Meilensteine in der Medizin. Diese Wirkstoffe lindern ganz bestimmte Erkrankungen schnell und k\u00f6nnen sogar Leben retten. Fr\u00fcher verlief eine Lungenentz\u00fcndung meist t\u00f6dlich \u2013 heute gibt es Antibiotika gegen die bakteriellen Erreger.\u2026","rel":"","context":"In &quot;Wissenswert&quot;","block_context":{"text":"Wissenswert","link":"https:\/\/www.flora-pharm.de\/blog\/category\/wissenswert\/"},"img":{"alt_text":"Gesunde Darmflora nach Antibiotika","src":"https:\/\/i0.wp.com\/www.flora-pharm.de\/blog\/wp-content\/uploads\/2020\/01\/gesunde-darmflora-nach-antibiotika.jpg?resize=350%2C200&ssl=1","width":350,"height":200,"srcset":"https:\/\/i0.wp.com\/www.flora-pharm.de\/blog\/wp-content\/uploads\/2020\/01\/gesunde-darmflora-nach-antibiotika.jpg?resize=350%2C200&ssl=1 1x, https:\/\/i0.wp.com\/www.flora-pharm.de\/blog\/wp-content\/uploads\/2020\/01\/gesunde-darmflora-nach-antibiotika.jpg?resize=525%2C300&ssl=1 1.5x, https:\/\/i0.wp.com\/www.flora-pharm.de\/blog\/wp-content\/uploads\/2020\/01\/gesunde-darmflora-nach-antibiotika.jpg?resize=700%2C400&ssl=1 2x"},"classes":[]},{"id":98,"url":"https:\/\/www.flora-pharm.de\/blog\/paracetamol-der-schwangerschaft-nur-kurzfristig-einnehmen\/","url_meta":{"origin":3372,"position":2},"title":"Paracetamol in der Schwangerschaft nur kurzfristig einnehmen","author":"Flora Team","date":"7. November 2013","format":false,"excerpt":"Immer wieder ein Thema. Deswegen m\u00f6chten wir Ihnen diesen Artikel n\u00e4herbringen: Die l\u00e4ngere Einnahme von Paracetamol w\u00e4hrend der Schwangerschaft kann Entwicklungsverz\u00f6gerungen des Neugeborenen im Kindesalter zur Folge haben. Hinweise auf einen potenziellen Zusammenhang liefert eine norwegische Studie, deren Ergebnisse im Fachmagazin \u201eInternational Journal of Epidemiology\u201c ver\u00f6ffentlicht wurden (doi: 10.1093\/ije\/dyt183).Das Forscherteam\u2026","rel":"","context":"In &quot;Wissenswert&quot;","block_context":{"text":"Wissenswert","link":"https:\/\/www.flora-pharm.de\/blog\/category\/wissenswert\/"},"img":{"alt_text":"","src":"https:\/\/i0.wp.com\/www.flora-pharm.de\/blog\/wp-content\/uploads\/2013\/11\/schwanger-bauch.jpg?resize=350%2C200&ssl=1","width":350,"height":200,"srcset":"https:\/\/i0.wp.com\/www.flora-pharm.de\/blog\/wp-content\/uploads\/2013\/11\/schwanger-bauch.jpg?resize=350%2C200&ssl=1 1x, https:\/\/i0.wp.com\/www.flora-pharm.de\/blog\/wp-content\/uploads\/2013\/11\/schwanger-bauch.jpg?resize=525%2C300&ssl=1 1.5x"},"classes":[]},{"id":3079,"url":"https:\/\/www.flora-pharm.de\/blog\/studie-zusammenhang-antibiotika-makrolide-und-kindesalter-asthma-und-uebergewicht\/","url_meta":{"origin":3372,"position":3},"title":"Neue Studie \u00fcber den Zusammenhang zwischen bestimmten Antibiotika (Makrolide) im Kindesalter und erh\u00f6htem Asthma- und \u00dcbergewicht-Risiko","author":"Flora Team","date":"29. Januar 2016","format":false,"excerpt":"Ein Team finnischer Forscher hat eine Studie durchgef\u00fchrt, die den Verdacht auf besagten Zusammenhang nahelegt. Vorwegzunehmen ist jedoch, dass es f\u00fcr valide Aussagen einer gr\u00f6\u00dferen Studie bedarf. \u00a0 Es erscheint hoch plausibel, dass bestimmte Antibiotika langanhaltend die Vielfalt der Bakteriengemeinschaft im Darm negativ ver\u00e4ndert. Das ist generell nicht gut, bei\u2026","rel":"","context":"In &quot;Wissenswert&quot;","block_context":{"text":"Wissenswert","link":"https:\/\/www.flora-pharm.de\/blog\/category\/wissenswert\/"},"img":{"alt_text":"","src":"https:\/\/i0.wp.com\/www.flora-pharm.de\/blog\/wp-content\/uploads\/2016\/01\/makrolidantibiotika-kinder.jpg?resize=350%2C200&ssl=1","width":350,"height":200,"srcset":"https:\/\/i0.wp.com\/www.flora-pharm.de\/blog\/wp-content\/uploads\/2016\/01\/makrolidantibiotika-kinder.jpg?resize=350%2C200&ssl=1 1x, https:\/\/i0.wp.com\/www.flora-pharm.de\/blog\/wp-content\/uploads\/2016\/01\/makrolidantibiotika-kinder.jpg?resize=525%2C300&ssl=1 1.5x"},"classes":[]},{"id":8369,"url":"https:\/\/www.flora-pharm.de\/blog\/haben-naturheilmittel-auch-nebenwirkungen\/","url_meta":{"origin":3372,"position":4},"title":"Haben Naturheilmittel auch Nebenwirkungen?","author":"Flora Team","date":"12. September 2022","format":false,"excerpt":"Expertenantwort auf die oft gestellte Frage: \u201eHaben Naturheilmittel auch Nebenwirkungen?\u201c","rel":"","context":"In &quot;Heilpflanzen \/ Arzneipflanzen&quot;","block_context":{"text":"Heilpflanzen \/ Arzneipflanzen","link":"https:\/\/www.flora-pharm.de\/blog\/category\/heilpflanzen-arzneipflanzen\/"},"img":{"alt_text":"naturheilmittel nebenwirkungen","src":"https:\/\/i0.wp.com\/www.flora-pharm.de\/blog\/wp-content\/uploads\/2022\/08\/naturheilmittel-nebenwirkungen.jpg?resize=350%2C200&ssl=1","width":350,"height":200,"srcset":"https:\/\/i0.wp.com\/www.flora-pharm.de\/blog\/wp-content\/uploads\/2022\/08\/naturheilmittel-nebenwirkungen.jpg?resize=350%2C200&ssl=1 1x, https:\/\/i0.wp.com\/www.flora-pharm.de\/blog\/wp-content\/uploads\/2022\/08\/naturheilmittel-nebenwirkungen.jpg?resize=525%2C300&ssl=1 1.5x, https:\/\/i0.wp.com\/www.flora-pharm.de\/blog\/wp-content\/uploads\/2022\/08\/naturheilmittel-nebenwirkungen.jpg?resize=700%2C400&ssl=1 2x, https:\/\/i0.wp.com\/www.flora-pharm.de\/blog\/wp-content\/uploads\/2022\/08\/naturheilmittel-nebenwirkungen.jpg?resize=1050%2C600&ssl=1 3x"},"classes":[]},{"id":2956,"url":"https:\/\/www.flora-pharm.de\/blog\/senfoele-aus-grosser-kapuzinerkresse-und-meerrettich-ein-natuerliches-antibiotikum\/","url_meta":{"origin":3372,"position":5},"title":"Senf\u00f6le aus Gro\u00dfer Kapuzinerkresse und Meerrettich, ein nat\u00fcrliches Antibiotikum","author":"Flora Team","date":"3. November 2015","format":false,"excerpt":"Oftmals werden wir zu ver\u00f6ffentlichten Artikeln angesprochen und stellen fest, dass scheinbar Bedarf nach vertiefenden, erg\u00e4nzenden Informationen besteht. So war es auch mit unserem Artikel \u201eNat\u00fcrliche Antibiotika\u201c: Wir m\u00f6chten daher erg\u00e4nzend auf die Senf\u00f6le aus Kapuzinerkresse und Meerrettich eingehen. Diese finden besonders bei Erk\u00e4ltungen aber auch Blasenentz\u00fcndungen als sanfte \u201escharfe\u2026","rel":"","context":"In &quot;Heilpflanzen \/ Arzneipflanzen&quot;","block_context":{"text":"Heilpflanzen \/ Arzneipflanzen","link":"https:\/\/www.flora-pharm.de\/blog\/category\/heilpflanzen-arzneipflanzen\/"},"img":{"alt_text":"","src":"https:\/\/i0.wp.com\/www.flora-pharm.de\/blog\/wp-content\/uploads\/2015\/11\/natuerliches-antibiotikum.jpg?resize=350%2C200&ssl=1","width":350,"height":200,"srcset":"https:\/\/i0.wp.com\/www.flora-pharm.de\/blog\/wp-content\/uploads\/2015\/11\/natuerliches-antibiotikum.jpg?resize=350%2C200&ssl=1 1x, https:\/\/i0.wp.com\/www.flora-pharm.de\/blog\/wp-content\/uploads\/2015\/11\/natuerliches-antibiotikum.jpg?resize=525%2C300&ssl=1 1.5x, https:\/\/i0.wp.com\/www.flora-pharm.de\/blog\/wp-content\/uploads\/2015\/11\/natuerliches-antibiotikum.jpg?resize=700%2C400&ssl=1 2x"},"classes":[]}],"jetpack_sharing_enabled":true,"_links":{"self":[{"href":"https:\/\/www.flora-pharm.de\/blog\/wp-json\/wp\/v2\/posts\/3372","targetHints":{"allow":["GET"]}}],"collection":[{"href":"https:\/\/www.flora-pharm.de\/blog\/wp-json\/wp\/v2\/posts"}],"about":[{"href":"https:\/\/www.flora-pharm.de\/blog\/wp-json\/wp\/v2\/types\/post"}],"author":[{"embeddable":true,"href":"https:\/\/www.flora-pharm.de\/blog\/wp-json\/wp\/v2\/users\/1"}],"replies":[{"embeddable":true,"href":"https:\/\/www.flora-pharm.de\/blog\/wp-json\/wp\/v2\/comments?post=3372"}],"version-history":[{"count":2,"href":"https:\/\/www.flora-pharm.de\/blog\/wp-json\/wp\/v2\/posts\/3372\/revisions"}],"predecessor-version":[{"id":3374,"href":"https:\/\/www.flora-pharm.de\/blog\/wp-json\/wp\/v2\/posts\/3372\/revisions\/3374"}],"wp:featuredmedia":[{"embeddable":true,"href":"https:\/\/www.flora-pharm.de\/blog\/wp-json\/wp\/v2\/media\/2476"}],"wp:attachment":[{"href":"https:\/\/www.flora-pharm.de\/blog\/wp-json\/wp\/v2\/media?parent=3372"}],"wp:term":[{"taxonomy":"category","embeddable":true,"href":"https:\/\/www.flora-pharm.de\/blog\/wp-json\/wp\/v2\/categories?post=3372"},{"taxonomy":"post_tag","embeddable":true,"href":"https:\/\/www.flora-pharm.de\/blog\/wp-json\/wp\/v2\/tags?post=3372"}],"curies":[{"name":"wp","href":"https:\/\/api.w.org\/{rel}","templated":true}]}}