{"id":3416,"date":"2016-09-12T10:35:52","date_gmt":"2016-09-12T08:35:52","guid":{"rendered":"http:\/\/www.flora-pharm.de\/blog\/?p=3416"},"modified":"2016-09-12T10:35:52","modified_gmt":"2016-09-12T08:35:52","slug":"natuerliche-babypflege","status":"publish","type":"post","link":"https:\/\/www.flora-pharm.de\/blog\/natuerliche-babypflege\/","title":{"rendered":"Nat\u00fcrliche Babypflege"},"content":{"rendered":"<p><strong>Zartes muss sanft gepflegt werden!<\/strong><\/p>\n<p>Zur Geburt eines Babys bekommen frisch gebackene Eltern eine Menge Empfehlungen und Tipps. Viele neue Aufgaben wollen bew\u00e4ltigt werden, darunter die S\u00e4uglingspflege. Dabei ist eine nat\u00fcrliche Babypflege recht einfach. Es gilt die Devise: Weniger ist mehr! Lassen Sie sich nicht verunsichern. Vieles, wie Windeln wechseln, Baden, Cremen, Massieren oder N\u00e4gelschneiden, spielt sich nach kurzer Zeit ein und wird schnell zur Routine. Wenn Sie fachliche Hilfe brauchen: mit Produkten speziell f\u00fcr Babys kennt sich unser Apothekenteam bestens aus!<\/p>\n<p>&nbsp;<\/p>\n<h2>Gepflegter Kinderpopo<\/h2>\n<p>Schaffen Sie in dem Raum, in dem das Baby gewickelt wird, eine angenehme Temperatur. Lassen Sie das Fenster geschlossen, damit keine Zugluft entsteht. Legen Sie alle Utensilien, die Sie f\u00fcr den Windelwechsel brauchen, in der N\u00e4he des Wickeltisches bereit. So m\u00fcssen Sie nicht schnell etwas holen und haben Ihr Baby immer unter Kontrolle. Die Haut im Windelbereich ist besonders empfindlich. Hier gilt im Rahmen einer nat\u00fcrlichen Baby-Pflege: die Reinigung mit klarem, lauwarmem Wasser beim Windelwechseln reicht aus, um die Harns\u00e4ure und die Ausscheidungen zu entfernen. Vorher sollten Sie Babys Po mit dem sauberen Teil der Windel oder Zellstofft\u00fcchern grob vorreinigen. Hartn\u00e4ckige Cremereste k\u00f6nnen mit \u00d6l oder mit parf\u00fcmund alkoholfreien Feuchtoder \u00d6lpfleget\u00fcchern entfernt werden. Nach dem Waschen wird der Po gr\u00fcndlich trocken getupft, auch in den Hautfalten, damit dort keine Feuchtigkeit die Haut aufweichen kann. Danach ist es sinnvoll, im Windelbereich eine Schutzcreme aufzutragen, die die Haut vor N\u00e4sse sch\u00fctzt und dem Wundwerden vorbeugt. Cremes mit hautberuhigenden Pflanzenextrakten wie Johanniskraut und Calendula sind besonders empfehlenswert. Puder ist \u00fcberfl\u00fcssig, sogar sch\u00e4dlich, da er eingeatmet werden kann. Lassen Sie so oft wie m\u00f6glich Luft an die Haut, das beugt Entz\u00fcndungen vor.<\/p>\n<p>Manche Kinderpopos kommen ohne Creme aus, es werden nur die Speckfalten etwas ge\u00f6lt, um Wundreiben und Druckstellen zu vermeiden. Hat das Baby einen leicht ger\u00f6teten oder wunden Po, kann eine Wund- und Pflegecreme aus der Apotheke d\u00fcnn aufgetragen werden.<\/p>\n<p>&nbsp;<\/p>\n<h2>Die richtige Nabelpflege<\/h2>\n<p>Nach der Geburt bleibt ein kleiner Nabelschnurrest zur\u00fcck. Er vertrocknet und f\u00e4llt meist zwischen dem 5. und 10. Tag von alleine ab. Damit es keine Entz\u00fcndungen gibt, sollte der Nabelrest immer trocken gehalten werden. Creme und Puder werden nicht eingesetzt. Au\u00dferdem muss beim Wickeln darauf geachtet werden, dass der Nabel nicht von der Windel bedeckt wird. Falls eine Entz\u00fcndung auftritt, sind die Hebamme oder der Kinderarzt die Ansprechpartner.<\/p>\n<p>&nbsp;<\/p>\n<h2>Gro\u00dfer Badespa\u00df<\/h2>\n<p>Die meisten Babys lieben Wasser. Fr\u00fcher wurde empfohlen, das Baby m\u00f6glichst t\u00e4glich zu baden. Inzwischen ist bekannt, dass \u00fcbertriebene Hygiene die Entstehung von Allergien f\u00f6rdert, die Haut austrocknet und das nat\u00fcrliche Gleichgewicht des S\u00e4ureschutzmantels, der sich erst langsam aufbaut, st\u00f6rt. Es gen\u00fcgt, ein Baby ein- bis zweimal die Woche zu baden und sonst mit einem feuchten Lappen zu waschen. Anfangs reicht die Reinigung mit klarem Wasser. Nase und Ohren reinigen sich von selbst und werden nur von au\u00dfen mit einem feuchten Tuch abgewischt. Auf keinen Fall d\u00fcrfen sie mit Wattest\u00e4bchen in Ber\u00fchrung kommen, da die Verletzungsgefahr zu gro\u00df ist. Waschen Sie zuerst das Gesicht, die Ohrmuscheln und die Kopfhaut mit einem Waschlappen und anschlie\u00dfend Arme, Beine und den \u00fcbrigen K\u00f6rper.<\/p>\n<p>Vermeiden Sie m\u00f6glichst Pflegeprodukte, die k\u00fcnstliche Farb-, Aroma- und Konservierungsstoffe enthalten. Hat das Baby besonders empfindliche und sehr trockene Haut, geben Sie etwas \u00d6l, wie Oliven- oder Mandel\u00f6l, ins Badewasser oder pflegende Pflanzenextrakte, wie Calendula-, Kamillen- oder Lindenbl\u00fctenextrakte. Bei sehr extremer Hautempfindlichkeit und Allergien wie Neurodermitis kann es sogar angebracht sein, Pflegeprodukte ohne Zusatz von Bl\u00fcten-, Kr\u00e4uterzus\u00e4tzen und \u00e4therischen \u00d6len zu verwenden, damit die Haut nicht irritiert wird.<\/p>\n<p>Vor allem bei Neugeborenen sollten die Pflegeprodukte duftneutral sein. Wird das Baby \u00e4lter, d\u00fcrfen die Produkte zarte, leichte D\u00fcfte, die eine entspannende und beruhigende Wirkung haben, enthalten. Spezielle Babyshampoos sind anfangs nicht notwendig. Erst wenn das Kind dichteres Haar bekommt oder die Haare etwas riechen, sollte nach Bedarf gewaschen werden.<\/p>\n<p>&nbsp;<\/p>\n<h2>Zeit f\u00fcr eine Babymassage<\/h2>\n<p>Reine Pflanzen\u00f6le, besonders Mandel\u00f6l, werden f\u00fcr entspannende Babymassagen verwendet. Nicht nur die Haut wird gen\u00e4hrt und gepflegt, sondern die Streicheleinheiten tun dem Baby insgesamt gut und tragen zum allgemeinen Wohlbefinden bei! Eine Babymassage f\u00f6rdert die Entwicklung und st\u00e4rkt die Beziehung zwischen Eltern und Kind. Es werden die Herz-Kreislauf-Funktion sowie die Durchblutung der Haut und der Muskeln angeregt. Die Atmung wird intensiver und das Baby schl\u00e4ft insgesamt besser. Durch eine sanfte Massage wird auch der Verdauungstrakt stimuliert, was f\u00fcr Babys mit Bl\u00e4hungen sehr hilfreich sein kann.<\/p>\n<p>&nbsp;<\/p>\n<h2>N\u00e4gel &amp; Z\u00e4hne pflegen<\/h2>\n<p>In den ersten Wochen sind die N\u00e4gel noch weich und brechen von selber ab. Erst wenn die N\u00e4gel \u00fcber die Fingerkuppe hinauswachsen, werden sie w\u00f6chentlich mit einer abgerundeten Babynagelschere (Apotheke) geschnitten. Zwischen dem 5. und 30. Lebensmonat brechen normalerweise die Milchz\u00e4hne durch.<\/p>\n<p>Ab dem ersten Zahn beginnt einmal t\u00e4glich, am besten abends, das Z\u00e4hneputzen mit einer weichen Kinderzahnb\u00fcrste und einem Kleks Kinderzahnpasta. Sie sollte mild und nicht zu s\u00fc\u00df sein. Erscheinen die ersten Backenz\u00e4hne wird zweimal t\u00e4glich gereinigt.<\/p>\n<p>&nbsp;<\/p>\n<h2>Praktischer Zwiebellook<\/h2>\n<p>Sie k\u00f6nnen ganz einfach \u00fcberpr\u00fcfen, ob es Ihrem Kind zu warm oder zu kalt ist. F\u00fchlt sich der Nacken des Babys feucht und warm an, sollten Sie es ausziehen, um einen W\u00e4rmestau zu vermeiden. Ein Hinweis daf\u00fcr, dass es Ihrem Kind zu kalt ist, sind k\u00fchle Hand- oder Fu\u00dfgelenke. Bei S\u00e4uglingen hat sich der Zwiebellook bew\u00e4hrt. Nach Bedarf kann ein Kleidungsst\u00fcck an- oder ausgezogen werden.<\/p>\n<p>&nbsp;<\/p>\n<h2>Sonne, Wind &amp; Wetter<\/h2>\n<p>Babyhaut ist viel d\u00fcnner als die eines Erwachsenen, und darum bietet sie weniger Schutz gegen\u00fcber \u00e4u\u00dferen Einfl\u00fcssen. Die sensible und empfindliche Haut braucht eine Hautpflege, die den Witterungsbedingungen angepasst werden sollte. Im ersten Lebensjahr braucht das Baby Schutz vor direkter Sonnenbestrahlung. Sonnenschutzmittel mit einem hohen Faktor auf der Basis von Mikropigmenten (physikalischer Filter) sind empfehlenswert. Au\u00dferdem muss der Kopf des Kindes mit einem Sonnenhut vor zu starker Hitzeeinwirkung gesch\u00fctzt werden. In der k\u00e4lteren Jahreszeit sch\u00fctzt eine fettreiche Creme die unbekleideten Hautpartien vor K\u00e4lte.<\/p>\n<p>&nbsp;<\/p>\n<h2>Kleine Babyapotheke<\/h2>\n<p>Es ist empfehlenswert, sich eine kleine Hausapotheke anzulegen, um bei Symptomen schnell reagieren zu k\u00f6nnen. Wenn Sie Fragen haben, stehen wir Ihnen gern beratend zur Seite.<\/p>\n<ul>\n<li><strong>Bauchweh und Bl\u00e4hungen<\/strong>\n<ul>\n<li>W\u00e4rmflasche und Kirschkernkissen<\/li>\n<li>Z\u00e4pfchen, die entkrampfend wirken (Anis, Fenchel, Koriander, Lavendel\u00f6l und Passiflora)<\/li>\n<li>Globuli (Okoubaka, Chamomilla, Colocynthis, Nux vomica und Magnesium phosphoricum)<\/li>\n<li>Fenchel- und K\u00fcmmeltee<\/li>\n<li>B\u00e4uchlein\u00f6l<\/li>\n<li>Malven\u00f6l<\/li>\n<\/ul>\n<\/li>\n<li><strong>Durchfall<\/strong>\n<ul>\n<li>Okoubaka<\/li>\n<li>Probiotika<\/li>\n<\/ul>\n<\/li>\n<li>Verstopfung\n<ul>\n<li>Birnensaft\/Birnenbrei<\/li>\n<li>Milchzucker<\/li>\n<li>kleiner Einlauf<\/li>\n<li>Probiotika<\/li>\n<li>Sch\u00fc\u00dfler-Salz Nr. 7<\/li>\n<\/ul>\n<\/li>\n<li>Zahnungsbeschwerden\n<ul>\n<li>Veilchenwurzel<\/li>\n<li>Bei\u00dfring<\/li>\n<li>Zahnungs\u00f6l\/Zahngel<\/li>\n<li>Fieber und Zahnungsz\u00e4pfchen<\/li>\n<li>Sch\u00fc\u00dfler-Salz Nr.1, Nr.2 und Nr.7<\/li>\n<li>Globuli Chamomilla<\/li>\n<\/ul>\n<\/li>\n<li>Schnupfen\n<ul>\n<li>sterile Kochsalzl\u00f6sung (NaCl-Ampullen)<\/li>\n<li>Nasenp\u00fcmpchen zum Schleimabsaugen<\/li>\n<li>Nasenbalsam<\/li>\n<li>Myrte-Thymian-Balsam<\/li>\n<\/ul>\n<\/li>\n<li>digitales Fieberthermometer<\/li>\n<\/ul>\n<p>&nbsp;<\/p>\n<p>Wenn Sie bei irgendetwas unsicher sind, fragen Sie. Es geht um Ihr Kind, da gibt es keine unangebrachten Fragen. Auch wir stehen Ihnen gern beratend und versorgend zur Seite.<\/p>\n<p>&nbsp;<\/p>\n<figure id=\"attachment_3403\" aria-describedby=\"caption-attachment-3403\" style=\"width: 225px\" class=\"wp-caption alignleft\"><a href=\"https:\/\/www.flora-pharm.de\/blog\/wp-content\/uploads\/2016\/09\/naturheilkunde-und-gesundheit-cover-09-2016.jpg\"><img loading=\"lazy\" decoding=\"async\" data-attachment-id=\"3403\" data-permalink=\"https:\/\/www.flora-pharm.de\/blog\/heilpflanzen-fuer-kinder\/linke-seite-16\/\" data-orig-file=\"https:\/\/www.flora-pharm.de\/blog\/wp-content\/uploads\/2016\/09\/naturheilkunde-und-gesundheit-cover-09-2016.jpg\" data-orig-size=\"450,600\" data-comments-opened=\"1\" data-image-meta=\"{&quot;aperture&quot;:&quot;0&quot;,&quot;credit&quot;:&quot;&quot;,&quot;camera&quot;:&quot;&quot;,&quot;caption&quot;:&quot;&quot;,&quot;created_timestamp&quot;:&quot;0&quot;,&quot;copyright&quot;:&quot;&quot;,&quot;focal_length&quot;:&quot;0&quot;,&quot;iso&quot;:&quot;0&quot;,&quot;shutter_speed&quot;:&quot;0&quot;,&quot;title&quot;:&quot;Linke Seite&quot;,&quot;orientation&quot;:&quot;1&quot;}\" data-image-title=\"Linke Seite\" data-image-description=\"\" data-image-caption=\"&lt;p&gt;Text mit freundlicher Genehmigung der S &amp;#038; D Verlag GmbH. Das komplette Naturheilkunde und Gesundheit Heft bekommen Sie auch bei uns in der Apotheke.&lt;\/p&gt;\n\" data-large-file=\"https:\/\/www.flora-pharm.de\/blog\/wp-content\/uploads\/2016\/09\/naturheilkunde-und-gesundheit-cover-09-2016.jpg\" src=\"https:\/\/www.flora-pharm.de\/blog\/wp-content\/uploads\/2016\/09\/naturheilkunde-und-gesundheit-cover-09-2016-225x300.jpg\" alt=\"Text mit freundlicher Genehmigung der S &amp; D Verlag GmbH. Das komplette Naturheilkunde und Gesundheit Heft bekommen Sie auch bei uns in der Apotheke.\" width=\"225\" height=\"300\" class=\"size-medium wp-image-3403\" srcset=\"https:\/\/www.flora-pharm.de\/blog\/wp-content\/uploads\/2016\/09\/naturheilkunde-und-gesundheit-cover-09-2016-225x300.jpg 225w, https:\/\/www.flora-pharm.de\/blog\/wp-content\/uploads\/2016\/09\/naturheilkunde-und-gesundheit-cover-09-2016.jpg 450w\" sizes=\"auto, (max-width: 225px) 100vw, 225px\" \/><\/a><figcaption id=\"caption-attachment-3403\" class=\"wp-caption-text\">Text mit freundlicher Genehmigung der S &#038; D Verlag GmbH. Das komplette Naturheilkunde und Gesundheit Heft bekommen Sie auch bei uns in der Apotheke.<\/figcaption><\/figure>\n","protected":false},"excerpt":{"rendered":"<p>Zartes muss sanft gepflegt werden! Zur Geburt eines Babys bekommen frisch gebackene Eltern eine Menge Empfehlungen und Tipps. Viele neue Aufgaben wollen bew\u00e4ltigt werden, darunter die S\u00e4uglingspflege. Dabei ist eine nat\u00fcrliche Babypflege recht einfach. Es gilt die Devise: Weniger ist mehr! Lassen Sie sich nicht verunsichern. Vieles, wie Windeln wechseln, Baden, Cremen, Massieren oder N\u00e4gelschneiden, [&hellip;]<\/p>\n","protected":false},"author":1,"featured_media":3399,"comment_status":"open","ping_status":"open","sticky":false,"template":"","format":"standard","meta":{"jetpack_post_was_ever_published":false,"_jetpack_newsletter_access":"","_jetpack_dont_email_post_to_subs":false,"_jetpack_newsletter_tier_id":0,"_jetpack_memberships_contains_paywalled_content":false,"_jetpack_memberships_contains_paid_content":false,"footnotes":""},"categories":[8],"tags":[25,64,26,422],"class_list":["post-3416","post","type-post","status-publish","format-standard","has-post-thumbnail","hentry","category-wissenswert","tag-apotheke","tag-kleinkind","tag-koerperpflege","tag-naturheilkunde-und-gesundheit","has-post-title","has-post-date","has-post-category","has-post-tag","has-post-comment","has-post-author",""],"jetpack_featured_media_url":"https:\/\/www.flora-pharm.de\/blog\/wp-content\/uploads\/2016\/09\/babypflege.jpg","jetpack-related-posts":[{"id":7651,"url":"https:\/\/www.flora-pharm.de\/blog\/sensible-kinderhaut\/","url_meta":{"origin":3416,"position":0},"title":"Sensible Kinderhaut","author":"Flora Team","date":"22. April 2021","format":false,"excerpt":"Gereizt, ger\u00f6tet und \u00e4u\u00dferst schutzbed\u00fcrftig: Die Haut von Babys und Kleinkindern braucht besondere Pflege. Wie die aussieht, erkl\u00e4rt unsere Expertin. Von Saskia Fechte Kinderhaut ist sehr d\u00fcnn. Sie erreicht erst mit zw\u00f6lf Jahren ihre vollst\u00e4ndige Schutzfunktion. Bis dahin arbeiten Schwei\u00df- und Talgdr\u00fcsen eingeschr\u00e4nkt, der S\u00e4ureschutzmantel bildet sich erst allm\u00e4hlich. Daher\u2026","rel":"","context":"In &quot;Wissenswert&quot;","block_context":{"text":"Wissenswert","link":"https:\/\/www.flora-pharm.de\/blog\/category\/wissenswert\/"},"img":{"alt_text":"sensible Babyhaut","src":"https:\/\/i0.wp.com\/www.flora-pharm.de\/blog\/wp-content\/uploads\/2021\/04\/sensible-kinderhaut.jpg?resize=350%2C200&ssl=1","width":350,"height":200,"srcset":"https:\/\/i0.wp.com\/www.flora-pharm.de\/blog\/wp-content\/uploads\/2021\/04\/sensible-kinderhaut.jpg?resize=350%2C200&ssl=1 1x, https:\/\/i0.wp.com\/www.flora-pharm.de\/blog\/wp-content\/uploads\/2021\/04\/sensible-kinderhaut.jpg?resize=525%2C300&ssl=1 1.5x, https:\/\/i0.wp.com\/www.flora-pharm.de\/blog\/wp-content\/uploads\/2021\/04\/sensible-kinderhaut.jpg?resize=700%2C400&ssl=1 2x"},"classes":[]},{"id":4898,"url":"https:\/\/www.flora-pharm.de\/blog\/pflegestufe-zwei-gutes-fuer-mama-baby\/","url_meta":{"origin":3416,"position":1},"title":"Pflegestufe Zwei &#8211; Gutes f\u00fcr Mama &#038; Baby","author":"Flora Team","date":"26. M\u00e4rz 2018","format":false,"excerpt":"\u201eF\u00fcr Mutter und Baby beginnt nach der Geburt eine spannende Zeit\u201c, sagt Cathrin H\u00e4usser, pharmazeutisch-technische Assistentin in Weissach. \u201eBesonders beim ersten Kind ist alles neu. Viele M\u00fctter sind unsicher, welche Pflegeprodukte und Arzneimittel sie verwenden k\u00f6nnen und d\u00fcrfen.\u201c PS: Lesen Sie auch unseren Artikel Nat\u00fcrliche Babypflege. Alles f\u00fcr Mutter und\u2026","rel":"","context":"In &quot;Wissenswert&quot;","block_context":{"text":"Wissenswert","link":"https:\/\/www.flora-pharm.de\/blog\/category\/wissenswert\/"},"img":{"alt_text":"","src":"https:\/\/i0.wp.com\/www.flora-pharm.de\/blog\/wp-content\/uploads\/2018\/03\/pflegestufe-zwei.jpg?resize=350%2C200&ssl=1","width":350,"height":200,"srcset":"https:\/\/i0.wp.com\/www.flora-pharm.de\/blog\/wp-content\/uploads\/2018\/03\/pflegestufe-zwei.jpg?resize=350%2C200&ssl=1 1x, https:\/\/i0.wp.com\/www.flora-pharm.de\/blog\/wp-content\/uploads\/2018\/03\/pflegestufe-zwei.jpg?resize=525%2C300&ssl=1 1.5x, https:\/\/i0.wp.com\/www.flora-pharm.de\/blog\/wp-content\/uploads\/2018\/03\/pflegestufe-zwei.jpg?resize=700%2C400&ssl=1 2x"},"classes":[]},{"id":7684,"url":"https:\/\/www.flora-pharm.de\/blog\/hilfe-bei-baby-bauchweh\/","url_meta":{"origin":3416,"position":2},"title":"Hilfe bei Baby Bauchweh","author":"Flora Team","date":"31. Mai 2021","format":false,"excerpt":"Bauchweh: Das Baby ist unruhig, weinerlich, sein B\u00e4uchlein f\u00fchlt sich hart an? Oft tun sich S\u00e4uglinge mit der Verdauung schwer - sanfte Hilfe","rel":"","context":"In &quot;Wissenswert&quot;","block_context":{"text":"Wissenswert","link":"https:\/\/www.flora-pharm.de\/blog\/category\/wissenswert\/"},"img":{"alt_text":"Bauchweh bei Kleinkind","src":"https:\/\/i0.wp.com\/www.flora-pharm.de\/blog\/wp-content\/uploads\/2021\/04\/hilfe-bei-bauchweh.jpg?resize=350%2C200&ssl=1","width":350,"height":200,"srcset":"https:\/\/i0.wp.com\/www.flora-pharm.de\/blog\/wp-content\/uploads\/2021\/04\/hilfe-bei-bauchweh.jpg?resize=350%2C200&ssl=1 1x, https:\/\/i0.wp.com\/www.flora-pharm.de\/blog\/wp-content\/uploads\/2021\/04\/hilfe-bei-bauchweh.jpg?resize=525%2C300&ssl=1 1.5x, https:\/\/i0.wp.com\/www.flora-pharm.de\/blog\/wp-content\/uploads\/2021\/04\/hilfe-bei-bauchweh.jpg?resize=700%2C400&ssl=1 2x"},"classes":[]},{"id":5373,"url":"https:\/\/www.flora-pharm.de\/blog\/die-kraft-der-beruehrung\/","url_meta":{"origin":3416,"position":3},"title":"Die Kraft der Ber\u00fchrung","author":"Flora Team","date":"19. Oktober 2018","format":false,"excerpt":"Streicheln, umarmen, k\u00fcssen: Wir brauchen K\u00f6rperkontakt zum Leben. Ber\u00fchren lindert sogar Schmerzen. Schon Ungeborene besitzen und nutzen einen ausgepr\u00e4gten Tastsinn. Nach der Geburt st\u00e4rkt sofortiger K\u00f6rperkontakt die Beziehung zur Mutter und gibt wichtige Impulse zur biologischen und psychologischen Entwicklung. Fehlen solche Ber\u00fchrungen, entsteht enormer Stress, der Entwicklungsprozesse im Gehirn und\u2026","rel":"","context":"In &quot;Veranstaltungshinweis&quot;","block_context":{"text":"Veranstaltungshinweis","link":"https:\/\/www.flora-pharm.de\/blog\/category\/veranstaltungshinweis\/"},"img":{"alt_text":"Die Kraft der Ber\u00fchrung","src":"https:\/\/i0.wp.com\/www.flora-pharm.de\/blog\/wp-content\/uploads\/2018\/10\/beruehrung.jpg?resize=350%2C200&ssl=1","width":350,"height":200,"srcset":"https:\/\/i0.wp.com\/www.flora-pharm.de\/blog\/wp-content\/uploads\/2018\/10\/beruehrung.jpg?resize=350%2C200&ssl=1 1x, https:\/\/i0.wp.com\/www.flora-pharm.de\/blog\/wp-content\/uploads\/2018\/10\/beruehrung.jpg?resize=525%2C300&ssl=1 1.5x, https:\/\/i0.wp.com\/www.flora-pharm.de\/blog\/wp-content\/uploads\/2018\/10\/beruehrung.jpg?resize=700%2C400&ssl=1 2x"},"classes":[]},{"id":4870,"url":"https:\/\/www.flora-pharm.de\/blog\/baby-vertrauen-instinkt-hebamme\/","url_meta":{"origin":3416,"position":4},"title":"Babys vertrauen ihrem Instinkt","author":"Flora Team","date":"12. M\u00e4rz 2018","format":false,"excerpt":"Die Geburt des ersten Kindes ist wie ein Sprung ins kalte Wasser. Pl\u00f6tzlich Mutter \u2013 verantwortlich f\u00fcr ein winziges B\u00fcndel Leben. Jede Situation mit Baby ist eine komplett neue Lebenserfahrung. Wie gut, dass es Hebammen wie Susanne Steppat gibt! Ein Interview. \u00a0 Die Betreuung einer Hebamme endet nicht mit der\u2026","rel":"","context":"In &quot;Wissenswert&quot;","block_context":{"text":"Wissenswert","link":"https:\/\/www.flora-pharm.de\/blog\/category\/wissenswert\/"},"img":{"alt_text":"Baby Hebamme Vertrauen","src":"https:\/\/i0.wp.com\/www.flora-pharm.de\/blog\/wp-content\/uploads\/2018\/03\/babys-vertrauen-instinkt.jpg?resize=350%2C200&ssl=1","width":350,"height":200,"srcset":"https:\/\/i0.wp.com\/www.flora-pharm.de\/blog\/wp-content\/uploads\/2018\/03\/babys-vertrauen-instinkt.jpg?resize=350%2C200&ssl=1 1x, https:\/\/i0.wp.com\/www.flora-pharm.de\/blog\/wp-content\/uploads\/2018\/03\/babys-vertrauen-instinkt.jpg?resize=525%2C300&ssl=1 1.5x, https:\/\/i0.wp.com\/www.flora-pharm.de\/blog\/wp-content\/uploads\/2018\/03\/babys-vertrauen-instinkt.jpg?resize=700%2C400&ssl=1 2x"},"classes":[]},{"id":6441,"url":"https:\/\/www.flora-pharm.de\/blog\/reizende-ringelblume\/","url_meta":{"origin":3416,"position":5},"title":"Reizende Ringelblume","author":"Flora Team","date":"27. September 2019","format":false,"excerpt":"Eine Liebesbotin, die Wunden heilt. Um die Ringelblume ranken sich viele Mythen: Sie heilt die Haut und macht Tr\u00e4ume wahr. Was stimmt davon und was nicht? Was die Ringelblume (Calendula officinalis) alles kann, sagt Ihnen Stefanie Deckers. Starke Heilkr\u00e4fte Ihre Bl\u00fcten m\u00fcssen f\u00fcr das altbekannte \u201eEr-liebt-mich, er-liebt-mich-nicht\u201c-Spiel herhalten. Seit jeher\u2026","rel":"","context":"In &quot;Heilpflanzen \/ Arzneipflanzen&quot;","block_context":{"text":"Heilpflanzen \/ Arzneipflanzen","link":"https:\/\/www.flora-pharm.de\/blog\/category\/heilpflanzen-arzneipflanzen\/"},"img":{"alt_text":"Ringelblume","src":"https:\/\/i0.wp.com\/www.flora-pharm.de\/blog\/wp-content\/uploads\/2019\/09\/ringelblume.jpg?resize=350%2C200&ssl=1","width":350,"height":200,"srcset":"https:\/\/i0.wp.com\/www.flora-pharm.de\/blog\/wp-content\/uploads\/2019\/09\/ringelblume.jpg?resize=350%2C200&ssl=1 1x, https:\/\/i0.wp.com\/www.flora-pharm.de\/blog\/wp-content\/uploads\/2019\/09\/ringelblume.jpg?resize=525%2C300&ssl=1 1.5x, https:\/\/i0.wp.com\/www.flora-pharm.de\/blog\/wp-content\/uploads\/2019\/09\/ringelblume.jpg?resize=700%2C400&ssl=1 2x"},"classes":[]}],"jetpack_sharing_enabled":true,"_links":{"self":[{"href":"https:\/\/www.flora-pharm.de\/blog\/wp-json\/wp\/v2\/posts\/3416","targetHints":{"allow":["GET"]}}],"collection":[{"href":"https:\/\/www.flora-pharm.de\/blog\/wp-json\/wp\/v2\/posts"}],"about":[{"href":"https:\/\/www.flora-pharm.de\/blog\/wp-json\/wp\/v2\/types\/post"}],"author":[{"embeddable":true,"href":"https:\/\/www.flora-pharm.de\/blog\/wp-json\/wp\/v2\/users\/1"}],"replies":[{"embeddable":true,"href":"https:\/\/www.flora-pharm.de\/blog\/wp-json\/wp\/v2\/comments?post=3416"}],"version-history":[{"count":2,"href":"https:\/\/www.flora-pharm.de\/blog\/wp-json\/wp\/v2\/posts\/3416\/revisions"}],"predecessor-version":[{"id":3418,"href":"https:\/\/www.flora-pharm.de\/blog\/wp-json\/wp\/v2\/posts\/3416\/revisions\/3418"}],"wp:featuredmedia":[{"embeddable":true,"href":"https:\/\/www.flora-pharm.de\/blog\/wp-json\/wp\/v2\/media\/3399"}],"wp:attachment":[{"href":"https:\/\/www.flora-pharm.de\/blog\/wp-json\/wp\/v2\/media?parent=3416"}],"wp:term":[{"taxonomy":"category","embeddable":true,"href":"https:\/\/www.flora-pharm.de\/blog\/wp-json\/wp\/v2\/categories?post=3416"},{"taxonomy":"post_tag","embeddable":true,"href":"https:\/\/www.flora-pharm.de\/blog\/wp-json\/wp\/v2\/tags?post=3416"}],"curies":[{"name":"wp","href":"https:\/\/api.w.org\/{rel}","templated":true}]}}