{"id":345,"date":"2014-06-20T12:24:19","date_gmt":"2014-06-20T10:24:19","guid":{"rendered":"http:\/\/www.flora-pharm.de\/blog\/?p=345"},"modified":"2014-06-20T12:24:19","modified_gmt":"2014-06-20T10:24:19","slug":"sommeranfang-2014-sommersonnenwende-freizeitgestaltung-hannover","status":"publish","type":"post","link":"https:\/\/www.flora-pharm.de\/blog\/sommeranfang-2014-sommersonnenwende-freizeitgestaltung-hannover\/","title":{"rendered":"Sommeranfang 2014, Sommersonnenwende, Freizeitgestaltung in Hannover"},"content":{"rendered":"<p>Morgen am 21. Juni 2014 um 12:51 Uhr beginnt der Sommer.<\/p>\n<p>Pessimisten sagen zwar (das ist zwar sachlich richtig, verkennt aber die Sch\u00f6nheit der Ist-Situation), dass die Tage jetzt wieder k\u00fcrzer werden, aber das kann uns die Laune nicht verderben. Wenn das Wetter mitspielt, sollte man viel Zeit im Freien verbringen. Schon allein, um den Vitamin D Speicher aufzuf\u00fcllen (Vitamin D ist das einzige Vitamin, das der K\u00f6rper mit Hilfe von UVB-Licht in der Haut selbst bilden kann. Seine wichtigste Aufgabe ist die Regulierung des Kalziumspiegels und damit der Knochenaufbau, zudem beugt es Herzkrankheiten vor.)<\/p>\n<p>Wer keinen Urlaub vorgesehen hat, f\u00fcr den tut Hannovers Veranstaltungskalender sein \u00dcbriges, ein buntes Portefeuille an Veranstaltungen lockt uns aus dem Haus, z.B. geht es gleich am 21.06.14 mit der F\u00eate de la Musique in Hannovers Innenstadt los. Dann, um nur die richtig gro\u00dfen Veranstaltungen zu nennen, das Sch\u00fctzenfest (04.-13.07.14) oder das Maschseefest (30.07.-17.08.14). Nur f\u00fcr die gebeutelten Sch\u00fcler beginnt der Sommer dieses Jahr erst sp\u00e4ter, denn die gro\u00dfen Ferien und die gro\u00dfe Urlaubswelle beginnen ganz am Ende des Juli (31.07.-10.09.14).<\/p>\n<p>Als kleinen Trost haben wir f\u00fcr die j\u00fcngeren Sch\u00fcler als Zeitvertreib das beliebte Juniorheft, das wir als Service einkaufen und kostenfrei abgeben. F\u00fcr die Mittelgro\u00dfen gibt es das tierlastige Heft \u201eUnsere besten Freunde\u201c und f\u00fcr die Gro\u00dfen gibt es im Umland tolle Veranstaltungen z.B. vom Zoo, der Welfen auf der Marienburg, am Steinhuder Meer, dem Serengeti- oder Heide-Park, denen allerdings auch die Kleinen sehr zugeneigt sein d\u00fcrften\u2026 Egal wie, wir k\u00f6nnen hier ohnehin nur Anregungen geben, der Phantasie und den M\u00f6glichkeiten sind hier kaum Grenzen gesetzt.<\/p>\n<p>Der Sommer beginnt \u00fcbrigens mit der Sommersonnenwende (hatten wir das nicht schon oben beim Pessimisten erw\u00e4hnt?), also dem Zeitpunkt, an dem die Sonne senkrecht \u00fcber dem Wendekreis der eigenen Erdh\u00e4lfte steht. Die Sommersonnenwende wird in vielen Kulturen und vielen Organisationen mit diversen Ritualen wie z.B. Blumenkr\u00e4nzen im Haar oder gro\u00dfen Feuern gefeiert.<\/p>\n<p>Genie\u00dfen Sie den Sommer, Zuhause, im Urlaub, mit Freunden, allein, mit der Familie, am Wasser, im Wasser, unter Wasser in beliebigen Kombinationen davon; eben, wie es Ihnen gef\u00e4llt\u2026 und wenn wir Ihnen z.B. mit Sonnencreme, Zecken- sowie M\u00fcckenschutz, Zusammenstellung der Reiseapotheke etc. den Sommer noch etwas beschwerdefreier gestalten k\u00f6nnen, freuen wir uns \u00fcber Ihren Besuch.<\/p>\n","protected":false},"excerpt":{"rendered":"<p>Morgen am 21. Juni 2014 um 12:51 Uhr beginnt der Sommer. Pessimisten sagen zwar (das ist zwar sachlich richtig, verkennt aber die Sch\u00f6nheit der Ist-Situation), dass die Tage jetzt wieder k\u00fcrzer werden, aber das kann uns die Laune nicht verderben. Wenn das Wetter mitspielt, sollte man viel Zeit im Freien verbringen. Schon allein, um den [&hellip;]<\/p>\n","protected":false},"author":1,"featured_media":346,"comment_status":"open","ping_status":"open","sticky":false,"template":"","format":"standard","meta":{"jetpack_post_was_ever_published":false,"_jetpack_newsletter_access":"","_jetpack_dont_email_post_to_subs":false,"_jetpack_newsletter_tier_id":0,"_jetpack_memberships_contains_paywalled_content":false,"_jetpack_memberships_contains_paid_content":false,"footnotes":""},"categories":[22,15],"tags":[136,205,62],"class_list":["post-345","post","type-post","status-publish","format-standard","has-post-thumbnail","hentry","category-kalenderlexikon","category-veranstaltungshinweis","tag-hannover","tag-sonne","tag-vitamin-d","has-post-title","has-post-date","has-post-category","has-post-tag","has-post-comment","has-post-author",""],"jetpack_featured_media_url":"https:\/\/www.flora-pharm.de\/blog\/wp-content\/uploads\/2014\/06\/sonnenwende-flora.jpg","jetpack-related-posts":[{"id":8828,"url":"https:\/\/www.flora-pharm.de\/blog\/das-vitamin-abc\/","url_meta":{"origin":345,"position":0},"title":"Das Vitamin-ABC","author":"Flora Team","date":"25. August 2023","format":false,"excerpt":"Damit unser Energielevel nicht ins Sommerloch f\u00e4llt, sorgen wir jetzt f\u00fcr eine Extraportion Power. Und zwar auf die k\u00f6stliche Art \u2013 mit nat\u00fcrlichen Vitalstoffen!","rel":"","context":"In &quot;Wissenswert&quot;","block_context":{"text":"Wissenswert","link":"https:\/\/www.flora-pharm.de\/blog\/category\/wissenswert\/"},"img":{"alt_text":"Vitamin-ABC","src":"https:\/\/i0.wp.com\/www.flora-pharm.de\/blog\/wp-content\/uploads\/2023\/07\/vitamin-abc.jpg?resize=350%2C200&ssl=1","width":350,"height":200,"srcset":"https:\/\/i0.wp.com\/www.flora-pharm.de\/blog\/wp-content\/uploads\/2023\/07\/vitamin-abc.jpg?resize=350%2C200&ssl=1 1x, https:\/\/i0.wp.com\/www.flora-pharm.de\/blog\/wp-content\/uploads\/2023\/07\/vitamin-abc.jpg?resize=525%2C300&ssl=1 1.5x, https:\/\/i0.wp.com\/www.flora-pharm.de\/blog\/wp-content\/uploads\/2023\/07\/vitamin-abc.jpg?resize=700%2C400&ssl=1 2x, https:\/\/i0.wp.com\/www.flora-pharm.de\/blog\/wp-content\/uploads\/2023\/07\/vitamin-abc.jpg?resize=1050%2C600&ssl=1 3x"},"classes":[]},{"id":3291,"url":"https:\/\/www.flora-pharm.de\/blog\/wasser-ist-lebenswichtig\/","url_meta":{"origin":345,"position":1},"title":"Wasser ist lebenswichtig","author":"Flora Team","date":"13. Juni 2016","format":false,"excerpt":"Nimmt der Mensch zu wenig Fl\u00fcssigkeit auf, wird der Stoffwechsel gest\u00f6rt und die k\u00f6rperliche wie geistige Leistungsf\u00e4higkeit l\u00e4sst stark nach! Mancher Erwachsene versp\u00fcrt im Alltag kaum Durst und Kinder vergessen oft das Trinken beim Toben im Freien. Das bleibt nicht ohne Folgen! Fl\u00fcssigkeit ist f\u00fcr die Gesundheit lebensnotwendig, denn der\u2026","rel":"","context":"In &quot;Rezept&quot;","block_context":{"text":"Rezept","link":"https:\/\/www.flora-pharm.de\/blog\/category\/rezept\/"},"img":{"alt_text":"","src":"https:\/\/i0.wp.com\/www.flora-pharm.de\/blog\/wp-content\/uploads\/2016\/06\/wasser.jpg?resize=350%2C200&ssl=1","width":350,"height":200,"srcset":"https:\/\/i0.wp.com\/www.flora-pharm.de\/blog\/wp-content\/uploads\/2016\/06\/wasser.jpg?resize=350%2C200&ssl=1 1x, https:\/\/i0.wp.com\/www.flora-pharm.de\/blog\/wp-content\/uploads\/2016\/06\/wasser.jpg?resize=525%2C300&ssl=1 1.5x, https:\/\/i0.wp.com\/www.flora-pharm.de\/blog\/wp-content\/uploads\/2016\/06\/wasser.jpg?resize=700%2C400&ssl=1 2x"},"classes":[]},{"id":8236,"url":"https:\/\/www.flora-pharm.de\/blog\/sicher-in-die-sonne\/","url_meta":{"origin":345,"position":2},"title":"Sicher in die Sonne","author":"Flora Team","date":"2. Juni 2022","format":false,"excerpt":"Endlich, der Sommer steht in den Startl\u00f6chern! Mit diesen 7 Tipps, machen Sie Ihre Haut von innen startklar f\u00fcr die Sonne.","rel":"","context":"In &quot;Wissenswert&quot;","block_context":{"text":"Wissenswert","link":"https:\/\/www.flora-pharm.de\/blog\/category\/wissenswert\/"},"img":{"alt_text":"Sicher in die Sonne","src":"https:\/\/i0.wp.com\/www.flora-pharm.de\/blog\/wp-content\/uploads\/2022\/05\/sicher-in-die-sonne.jpg?resize=350%2C200&ssl=1","width":350,"height":200,"srcset":"https:\/\/i0.wp.com\/www.flora-pharm.de\/blog\/wp-content\/uploads\/2022\/05\/sicher-in-die-sonne.jpg?resize=350%2C200&ssl=1 1x, https:\/\/i0.wp.com\/www.flora-pharm.de\/blog\/wp-content\/uploads\/2022\/05\/sicher-in-die-sonne.jpg?resize=525%2C300&ssl=1 1.5x, https:\/\/i0.wp.com\/www.flora-pharm.de\/blog\/wp-content\/uploads\/2022\/05\/sicher-in-die-sonne.jpg?resize=700%2C400&ssl=1 2x"},"classes":[]},{"id":6590,"url":"https:\/\/www.flora-pharm.de\/blog\/mikronaehrstoffe-unterversorgung-bei-frauen\/","url_meta":{"origin":345,"position":3},"title":"Mikron\u00e4hrstoffe \u2013 Unterversorgung bei Frauen","author":"Flora Team","date":"6. Dezember 2019","format":false,"excerpt":"Mehr davon! Frauen sind mit einigen N\u00e4hrstoffen unterversorgt \u2013 besonders diese 5 sind kritisch.Wir leben im \u00dcberfluss. Hierzulande herrscht alles andere als Lebensmittelknappheit. Also gibt es eigentlich keinen Grund f\u00fcr einen N\u00e4hrstoffmangel. W\u00fcrden wir richtig ausw\u00e4hlen, w\u00e4ren wir mit allen notwendigen Vitaminen, Mineralstoffen und Spurenelementen bestens versorgt. Doch gerade das\u2026","rel":"","context":"In &quot;Orthomolekulare Medizin&quot;","block_context":{"text":"Orthomolekulare Medizin","link":"https:\/\/www.flora-pharm.de\/blog\/category\/orthomolekulare-medizin\/"},"img":{"alt_text":"Mikron\u00e4hrstoff Mangel Frau","src":"https:\/\/i0.wp.com\/www.flora-pharm.de\/blog\/wp-content\/uploads\/2019\/11\/mikronaehrstoffe-frau-mangel.jpg?resize=350%2C200&ssl=1","width":350,"height":200,"srcset":"https:\/\/i0.wp.com\/www.flora-pharm.de\/blog\/wp-content\/uploads\/2019\/11\/mikronaehrstoffe-frau-mangel.jpg?resize=350%2C200&ssl=1 1x, https:\/\/i0.wp.com\/www.flora-pharm.de\/blog\/wp-content\/uploads\/2019\/11\/mikronaehrstoffe-frau-mangel.jpg?resize=525%2C300&ssl=1 1.5x, https:\/\/i0.wp.com\/www.flora-pharm.de\/blog\/wp-content\/uploads\/2019\/11\/mikronaehrstoffe-frau-mangel.jpg?resize=700%2C400&ssl=1 2x"},"classes":[]},{"id":84,"url":"https:\/\/www.flora-pharm.de\/blog\/haaatschi-achtung-die-erkaeltungszeit-naht\/","url_meta":{"origin":345,"position":4},"title":"Haaatschi! \u2013 Achtung, die Erk\u00e4ltungszeit naht.","author":"Flora Team","date":"24. September 2013","format":false,"excerpt":"W\u00e4hrend eine feuchte Nase beim Hund eher normal ist, geht sie bei uns meist mit einer Erk\u00e4ltung einher. Angesichts der letzten eher tr\u00fcben Tage beginnt Ihr im Sommer hart erk\u00e4mpfter Vitamin D Spiegel bereits abzusinken. Damit geht nicht nur ein schlechterer Knochenstoffwechsel und ein damit verbundenes Osteoporoserisiko einher, sondern auch\u2026","rel":"","context":"In &quot;Haustiere&quot;","block_context":{"text":"Haustiere","link":"https:\/\/www.flora-pharm.de\/blog\/category\/haustiere\/"},"img":{"alt_text":"","src":"https:\/\/i0.wp.com\/www.flora-pharm.de\/blog\/wp-content\/uploads\/2013\/11\/cassy-nase.jpg?resize=350%2C200&ssl=1","width":350,"height":200,"srcset":"https:\/\/i0.wp.com\/www.flora-pharm.de\/blog\/wp-content\/uploads\/2013\/11\/cassy-nase.jpg?resize=350%2C200&ssl=1 1x, https:\/\/i0.wp.com\/www.flora-pharm.de\/blog\/wp-content\/uploads\/2013\/11\/cassy-nase.jpg?resize=525%2C300&ssl=1 1.5x, https:\/\/i0.wp.com\/www.flora-pharm.de\/blog\/wp-content\/uploads\/2013\/11\/cassy-nase.jpg?resize=700%2C400&ssl=1 2x"},"classes":[]},{"id":8147,"url":"https:\/\/www.flora-pharm.de\/blog\/frisch-in-den-fruehling\/","url_meta":{"origin":345,"position":5},"title":"Frisch in den Fr\u00fchling","author":"Flora Team","date":"8. M\u00e4rz 2022","format":false,"excerpt":"Winter ade! Wenn die Natur zu neuem Leben erwacht, sollten wir auch unsere Haut in Fr\u00fchlingsstimmung bringen \u2013 von Kopf bis Fu\u00df","rel":"","context":"In &quot;Wissenswert&quot;","block_context":{"text":"Wissenswert","link":"https:\/\/www.flora-pharm.de\/blog\/category\/wissenswert\/"},"img":{"alt_text":"Frisch in den Fr\u00fchling","src":"https:\/\/i0.wp.com\/www.flora-pharm.de\/blog\/wp-content\/uploads\/2022\/03\/frisch-in-den-fruehling.jpg?resize=350%2C200&ssl=1","width":350,"height":200,"srcset":"https:\/\/i0.wp.com\/www.flora-pharm.de\/blog\/wp-content\/uploads\/2022\/03\/frisch-in-den-fruehling.jpg?resize=350%2C200&ssl=1 1x, https:\/\/i0.wp.com\/www.flora-pharm.de\/blog\/wp-content\/uploads\/2022\/03\/frisch-in-den-fruehling.jpg?resize=525%2C300&ssl=1 1.5x, https:\/\/i0.wp.com\/www.flora-pharm.de\/blog\/wp-content\/uploads\/2022\/03\/frisch-in-den-fruehling.jpg?resize=700%2C400&ssl=1 2x"},"classes":[]}],"jetpack_sharing_enabled":true,"_links":{"self":[{"href":"https:\/\/www.flora-pharm.de\/blog\/wp-json\/wp\/v2\/posts\/345","targetHints":{"allow":["GET"]}}],"collection":[{"href":"https:\/\/www.flora-pharm.de\/blog\/wp-json\/wp\/v2\/posts"}],"about":[{"href":"https:\/\/www.flora-pharm.de\/blog\/wp-json\/wp\/v2\/types\/post"}],"author":[{"embeddable":true,"href":"https:\/\/www.flora-pharm.de\/blog\/wp-json\/wp\/v2\/users\/1"}],"replies":[{"embeddable":true,"href":"https:\/\/www.flora-pharm.de\/blog\/wp-json\/wp\/v2\/comments?post=345"}],"version-history":[{"count":1,"href":"https:\/\/www.flora-pharm.de\/blog\/wp-json\/wp\/v2\/posts\/345\/revisions"}],"predecessor-version":[{"id":347,"href":"https:\/\/www.flora-pharm.de\/blog\/wp-json\/wp\/v2\/posts\/345\/revisions\/347"}],"wp:featuredmedia":[{"embeddable":true,"href":"https:\/\/www.flora-pharm.de\/blog\/wp-json\/wp\/v2\/media\/346"}],"wp:attachment":[{"href":"https:\/\/www.flora-pharm.de\/blog\/wp-json\/wp\/v2\/media?parent=345"}],"wp:term":[{"taxonomy":"category","embeddable":true,"href":"https:\/\/www.flora-pharm.de\/blog\/wp-json\/wp\/v2\/categories?post=345"},{"taxonomy":"post_tag","embeddable":true,"href":"https:\/\/www.flora-pharm.de\/blog\/wp-json\/wp\/v2\/tags?post=345"}],"curies":[{"name":"wp","href":"https:\/\/api.w.org\/{rel}","templated":true}]}}