{"id":3598,"date":"2016-11-14T10:15:36","date_gmt":"2016-11-14T09:15:36","guid":{"rendered":"http:\/\/www.flora-pharm.de\/blog\/?p=3598"},"modified":"2022-10-13T08:29:55","modified_gmt":"2022-10-13T06:29:55","slug":"zeit-fuer-brei","status":"publish","type":"post","link":"https:\/\/www.flora-pharm.de\/blog\/zeit-fuer-brei\/","title":{"rendered":"Zeit f\u00fcr Brei"},"content":{"rendered":"<p>Fr\u00fcher oder sp\u00e4ter macht Milch das Baby nicht mehr satt und es ist Zeit f\u00fcr den ersten Brei. Wann ist es so weit und was soll drin sein?<\/p>\n<p>Experten unterteilen die Ern\u00e4hrung im ersten Lebensjahr in drei Abschnitte. In den ersten vier bis sechs Monaten erh\u00e4lt der S\u00e4ugling Muttermilch oder S\u00e4uglingsmilchnahrung, ab dem f\u00fcnften bis siebten Lebensmonat beginnt die Beikost und etwa ab dem zehnten Lebensmonat k\u00f6nnen Kinder an das vollwertige Familienessen gew\u00f6hnt werden.<\/p>\n<h2>Essen lernen!<\/h2>\n<p>Im Idealfall geschieht jede Umstellung langsam, Schritt f\u00fcr Schritt dabei muss die Entwicklung des eigenen Kindes ber\u00fccksichtigt werden. Auf diese Weise k\u00f6nnen auch Unvertr\u00e4glichkeiten rasch erkannt werden. Der Ern\u00e4hrungsplan ist nur ein grober Rahmen. Abweichungen sind m\u00f6glich und nat\u00fcrlich. Es gibt Kinder, die mit acht Monaten zahlreiche Z\u00e4hne besitzen, keinen Brei mehr wollen, lieber ein Vollkornbrot kauen und ihr Getr\u00e4nk aus der Tasse trinken, w\u00e4hrend andere die Breiphase m\u00f6glichst lange auskosten wollen. Auch wenn manche Mutter stolz darauf ist, dass ihr Kind schon mit drei Monaten einen Brei essen kann \u2013 dieser Zeitpunkt ist viel zu fr\u00fch. Ein Baby braucht ern\u00e4hrungsphysiologisch die Muttermilch oder eine Ersatzmilch. Es ist noch v\u00f6llig auf Saugen eingestellt und au\u00dferdem werden die Verdauungsorgane \u00fcberfordert. Fr\u00fchestens im f\u00fcnften Monat und sp\u00e4testens im siebten Monat reicht eine Ern\u00e4hrung mit Milch nicht mehr aus, dann braucht das Baby eine Beikost. Sie versorgt das wachsende Baby mit mehr Energie, Vitaminen, Mineralstoffen und Ballaststoffen.<\/p>\n<h2>Babys Breizeit<\/h2>\n<p>Zuerst wird eine Milchmahlzeit, meist ist dies die Mittagsmahlzeit, durch einen M\u00f6hren-Brei ersetzt. Das Baby bekommt vor dem Stillen oder der Flasche einige wenige L\u00f6ffel Brei fein p\u00fcriert, damit alle N\u00e4hrstoffe besser resorbiert werden. Hat das Kind sich an das Gem\u00fcse und an die L\u00f6ffelf\u00fctterung gew\u00f6hnt, kann die Menge gesteigert und zu einem M\u00f6hren-Kartoffel-Brei erweitert werden. Anstatt M\u00f6hren sind auch Pastinaken oder K\u00fcrbis beliebte Gem\u00fcse f\u00fcr den ersten Brei. Schmecken Sie die Breie nicht nach Ihrem Geschmack ab. Im ersten Lebensjahr ist weder Salzen, S\u00fc\u00dfen oder W\u00fcrzen angesagt. Sp\u00e4testens bei Einf\u00fchrung der Beikost ist es wichtig, dem S\u00e4ugling etwas zu trinken anzubieten. Voll gestillte Kinder haben bisher h\u00e4ufig ihren ganzen Fl\u00fcssigkeitsbedarf \u00fcber die Muttermilch gedeckt. Geeignete Getr\u00e4nke sind Leitungswasser mit einem niedrigen Nitratgehalt, Mineralwasser ohne Kohlens\u00e4ure, d\u00fcnne, unges\u00fc\u00dfte Kr\u00e4uter- und Fr\u00fcchtetees oder stark verd\u00fcnnte Fruchts\u00e4fte.<\/p>\n<p>Etwa einen Monat nach Einf\u00fchrung des Gem\u00fcse-Kartoffel-Breis, wird eine weitere Milchmahlzeit durch einen Milch-Getreide-Brei ersetzt. Er kann die nachmitt\u00e4gliche oder abendliche Milchmahlzeit abl\u00f6sen. Zur Verbesserung der Eisenversorgung r\u00fchrt man einen Vitamin-C-reichen Saft unter. Wird Kuhmilch nicht vertragen, kann der Brei mit Sojamilch und Mandelmus zubereitet werden. Der milchfreie Getreide-Obst-Brei ersetzt wieder einen Monat sp\u00e4ter eine weitere Milchmahlzeit, meist ist dies die Nachmittagsmahlzeit. Ab dem achten Monat wird der Brei nicht mehr so fein p\u00fcriert, das Baby soll zum Kauen angeregt werden. Auch wenn noch wenige Z\u00e4hne da sind, kann es mit dem Kiefer gr\u00f6bere Nahrung zermahlen. Frisch geriebenes Gem\u00fcse wird als Frischkost unter den Brei ger\u00fchrt und fein geriebene M\u00f6hren mit Obstmus oder Kohlrabi eignen sich als erste Frischkost. Ab dem zehnten bis zw\u00f6lften Monat kann das Baby langsam, wieder Schritt f\u00fcr Schritt, an der Familienkost teilnehmen. Eine kleinkindgerechte, angepasste Vollwert-Ern\u00e4hrung ist f\u00fcr die Entwicklung des Kindes bestens geeignet.<\/p>\n<h2>Fleischfreie Ern\u00e4hrung?<\/h2>\n<p>Die Eisenreserven, die bereits im Mutterleib angelegt wurden, gehen mit dem 4. bis 6. Monat zu Ende. Es ist nun wichtig, Eisen mit der Nahrung aufzunehmen. Eisen besitzt aber eine schlechte Bio-Verf\u00fcgbarkeit, das hei\u00dft, es wird nur ein kleiner Teil aus der Nahrung aufgenommen. Um eine Eisenversorgung zu sichern, wird empfohlen, zum Gem\u00fcse-Kartoffel-Brei ein- bis zweimal die Woche kleine Fleischmengen unterzumengen. Fleisch enth\u00e4lt das wesentlich besser verwertbare zweiwertige Eisen. Aber es geht auch ohne! Ersetzen Sie das Fleisch durch Vollkornflocken oder Vollkornmehl und achten Sie auf eisenreiche Gem\u00fcsesorten wie Blumenkohl, Brokkoli, Erbsen, Fenchel. Ein L\u00f6ffel Sesam- oder Mandelmus kann den Brei auch mit Eisen anreichern. Gleichzeitiger Verzehr von Vitamin C oder Fruchts\u00e4uren verbessert die Eisenaufnahme. In der Praxis bedeutet dies, einige L\u00f6ffel Obstmus als Nachtisch zum Gem\u00fcse-Brei oder etwas Obstsaft nach dem Kochen in den Brei geben. Auch sollten Sie dann in den Gem\u00fcse- Brei und in den Getreide-Obst-Brei keine Milch zugeben, da Milch die Eisenverf\u00fcgbarkeit hemmt. Weiteres Stillen ist von Vorteil. Obwohl die Muttermilch relativ wenig Eisen enth\u00e4lt, ist es besonders gut verf\u00fcgbar.<\/p>\n<p>PS: lesen Sie hierzu auch unseren Artikel \u201e<a href=\"https:\/\/www.flora-pharm.de\/blog\/veganerin-das-sollten-sie-beachten\/\">Veganer\/in? Das sollten Sie beachten<\/a>\u201c<\/p>\n<h2>Allergien und Unvertr\u00e4glichkeiten<\/h2>\n<p>Leiden ein Elternteil oder beide Elternteile unter einer Allergie, so ist das Risiko, dass auch das Kind eine \u00dcberempfindlichkeit entwickelt, gro\u00df. Einige Vorsichtsma\u00dfnahmen senken das Risiko. Das Kind sollte bis zum sechsten Monat voll gestillt werden, danach wird eine einfach zusammengesetzte Beikost vorsichtig eingef\u00fchrt. Ein l\u00e4ngeres Zustillen ist empfehlenswert. Pro Woche sollte nur ein neues Lebensmittel eingef\u00fchrt werden. Von einem abwechslungsreichen Speiseplan kann das Immunsystem profitieren. Trotzdem gibt es Experten, die empfehlen, Nahrungsmittel mit einem hohen allergischen Potential wie Kuhmilch, Zitrusfr\u00fcchte, Fisch, Ei, N\u00fcsse, Tomaten, Weizen im ersten Lebensjahr zu meiden. Alle di\u00e4tetischen Ma\u00dfnahmen m\u00fcssen immer mit einem Arzt abgesprochen werden.<\/p>\n<p>PS: Zum diesem Thema finden Sie in unserem Blog viele lesenswerte Artikel, nutzen Sie gern die Suchfunktion oder klicken Sie hier: <a href=\"https:\/\/www.flora-pharm.de\/blog\/?s=allergie\">Suche nach \u201eAllergie\u201c<\/a><\/p>\n<h2>Gl\u00e4schen oder selber kochen?<\/h2>\n<p>Breie selbst kochen ist einfach, preiswert und schmackhaft. Die Zutaten sollten immer absolut frisch sein. Es gibt aber auch Situationen, in denen fertige Gl\u00e4schenkost eine gro\u00dfe Hilfe ist. Sie ist nicht nur praktisch f\u00fcr unterwegs, im Urlaub oder wenn es schnell gehen soll, sondern auch, wenn bei der Umstellung zuerst nur 1\u20132 Teel\u00f6ffel p\u00fcrierte M\u00f6hren verlangt werden. Sp\u00e4ter kann unter ein halbes Gl\u00e4schen Gem\u00fcse rasch eine Kartoffel vom Familientisch untergequetscht werden.<\/p>\n<p>Beikost von S\u00e4uglingen unterliegt der Di\u00e4tverordnung. Die EU-Regelung schreibt f\u00fcr Nahrungsmittel f\u00fcr S\u00e4uglinge ab dem f\u00fcnften Monat und Kleinkindern bis zu drei Jahren Mindestgehalte an Vitaminen, Mineralstoffen sowie H\u00f6chstmengen an Fett und Kohlenhydraten vor. Von der Verordnung betroffen sind vor allem die Getreidebeikost f\u00fcr die Selbstzubereitung, Fertigbreie im Gl\u00e4schen, Kinders\u00e4fte, -kekse sowie -zwieback.<\/p>\n<p>F\u00fcr Selberkocher haben wir hier auch gleich ein paar &#8230;<\/p>\n<h1>Brei-Rezepte<\/h1>\n<h3>M\u00f6hren-Kartoffel-Brei<\/h3>\n<p><strong>Zutaten:<\/strong><br \/>\n100 g M\u00f6hren (Pastinaken, Blumenkohl, Brokkoli oder Kohlrabi)<br \/>\n50 g Kartoffeln<br \/>\n1 EL Butter oder Keim\u00f6l<\/p>\n<p><strong>Zubereitung:<\/strong><br \/>\nGem\u00fcse und Kartoffeln gr\u00fcndlich b\u00fcrsten, eventuell putzen. Im Ganzen oder grob zerkleinert in wenig Wasser d\u00fcnsten. Kartoffeln sch\u00e4len, zusammen mit den M\u00f6hren p\u00fcrieren oder zerdr\u00fccken, Butter oder \u00d6l zugeben.<\/p>\n<p><strong>Tipp:<\/strong> Soll der Brei mit Fleisch angereichert werden, ein- bis zweimal pro Woche gen\u00fcgt, gibt man 20 g ged\u00fcnstetes, p\u00fcriertes Fleisch hinzu.<\/p>\n<h3>Milch-Getreide-Brei<\/h3>\n<p><strong>Zutaten:<\/strong><br \/>\n150\u2013200 ml Milch<br \/>\n1 EL Getreide, fein gemahlen oder als Flocken<br \/>\n3\u20134 EL Obstsaft<\/p>\n<p><strong>Zubereitung:<\/strong><br \/>\nDas frisch gemahlene Vollkornmehl mit der H\u00e4lfte der Milch verr\u00fchren und unter R\u00fchren aufkochen. Etwa zwei Minuten kochen, dann etwas abk\u00fchlen lassen und die restliche Milch und den Obstsaft unterr\u00fchren.<\/p>\n<p>Geeignete Getreidearten sind: Hafer, Weizen, Dinkel, Gerste, Reis und Hirse. Kein Weizen bei Allergierisiko!<\/p>\n<p><strong>Tipp:<\/strong> Wird dieser Brei vor dem 7. Monat eingef\u00fchrt, ist es notwendig, die Milch 1:1 mit Wasser zu verd\u00fcnnen.<\/p>\n<h3>Getreide-Obst-Brei<\/h3>\n<p><strong>Zutaten:<\/strong><br \/>\n130 ml Wasser<br \/>\n1 EL Getreide, fein gemahlen oder als Flocken<br \/>\n10 g Butter<br \/>\n100 g frisches Obstmus<\/p>\n<p><strong>Zubereitung:<\/strong><br \/>\nVollkornmehl mit Wasser verr\u00fchren, unter st\u00e4ndigem R\u00fchren aufkochen und zwei Minuten kochen lassen. Etwas abk\u00fchlen lassen und Butter und Obstmus einr\u00fchren.<\/p>\n<p>Geeignete Obstsorten: \u00c4pfel, Bananen, Birnen, Kirschen, Melonen, Aprikosen, Himbeeren.<br \/>\n<strong>Vorsicht bei:<\/strong> Pfirsichen, Kiwis und Erdbeeren, die ein allergenes Potential haben.<\/p>\n<p>Welchen Brei mag Ihr Kind am liebsten? Teilen Sie gern Ihre Rezepte mit unseren anderen Lesern mit Hilfe der Kommentarfunktion am Ende dieses Artikels.<\/p>\n<figure id=\"attachment_3566\" aria-describedby=\"caption-attachment-3566\" style=\"width: 225px\" class=\"wp-caption alignleft\"><a href=\"https:\/\/www.flora-pharm.de\/blog\/wp-content\/uploads\/2016\/11\/naturheilkunde-und-gesundheit-cover-11-2016.jpg\"><img loading=\"lazy\" decoding=\"async\" data-attachment-id=\"3566\" data-permalink=\"https:\/\/www.flora-pharm.de\/blog\/wohltuende-koerperpflege\/linke-seite-18\/\" data-orig-file=\"https:\/\/www.flora-pharm.de\/blog\/wp-content\/uploads\/2016\/11\/naturheilkunde-und-gesundheit-cover-11-2016.jpg\" data-orig-size=\"450,600\" data-comments-opened=\"1\" data-image-meta=\"{&quot;aperture&quot;:&quot;0&quot;,&quot;credit&quot;:&quot;&quot;,&quot;camera&quot;:&quot;&quot;,&quot;caption&quot;:&quot;&quot;,&quot;created_timestamp&quot;:&quot;0&quot;,&quot;copyright&quot;:&quot;&quot;,&quot;focal_length&quot;:&quot;0&quot;,&quot;iso&quot;:&quot;0&quot;,&quot;shutter_speed&quot;:&quot;0&quot;,&quot;title&quot;:&quot;Linke Seite&quot;,&quot;orientation&quot;:&quot;1&quot;}\" data-image-title=\"Linke Seite\" data-image-description=\"\" data-image-caption=\"&lt;p&gt;Text mit freundlicher Genehmigung der S &amp;#038; D Verlag GmbH. Das komplette Naturheilkunde und Gesundheit Heft bekommen Sie auch bei uns in der Apotheke.&lt;\/p&gt;\n\" data-large-file=\"https:\/\/www.flora-pharm.de\/blog\/wp-content\/uploads\/2016\/11\/naturheilkunde-und-gesundheit-cover-11-2016.jpg\" class=\"size-medium wp-image-3566\" src=\"https:\/\/www.flora-pharm.de\/blog\/wp-content\/uploads\/2016\/11\/naturheilkunde-und-gesundheit-cover-11-2016-225x300.jpg\" alt=\"Text mit freundlicher Genehmigung der S &amp; D Verlag GmbH. Das komplette Naturheilkunde und Gesundheit Heft bekommen Sie auch bei uns in der Apotheke.\" width=\"225\" height=\"300\" srcset=\"https:\/\/www.flora-pharm.de\/blog\/wp-content\/uploads\/2016\/11\/naturheilkunde-und-gesundheit-cover-11-2016-225x300.jpg 225w, https:\/\/www.flora-pharm.de\/blog\/wp-content\/uploads\/2016\/11\/naturheilkunde-und-gesundheit-cover-11-2016.jpg 450w\" sizes=\"auto, (max-width: 225px) 100vw, 225px\" \/><\/a><figcaption id=\"caption-attachment-3566\" class=\"wp-caption-text\">Text mit freundlicher Genehmigung der S &amp; D Verlag GmbH. Das komplette Naturheilkunde und Gesundheit Heft bekommen Sie auch bei uns in der Apotheke.<\/figcaption><\/figure>\n","protected":false},"excerpt":{"rendered":"<p>Fr\u00fcher oder sp\u00e4ter macht Milch das Baby nicht mehr satt und es ist Zeit f\u00fcr den ersten Brei. Wann ist es so weit und was soll drin sein? Experten unterteilen die Ern\u00e4hrung im ersten Lebensjahr in drei Abschnitte. In den ersten vier bis sechs Monaten erh\u00e4lt der S\u00e4ugling Muttermilch oder S\u00e4uglingsmilchnahrung, ab dem f\u00fcnften bis [&hellip;]<\/p>\n","protected":false},"author":1,"featured_media":3568,"comment_status":"open","ping_status":"open","sticky":false,"template":"","format":"standard","meta":{"jetpack_post_was_ever_published":false,"_jetpack_newsletter_access":"","_jetpack_dont_email_post_to_subs":false,"_jetpack_newsletter_tier_id":0,"_jetpack_memberships_contains_paywalled_content":false,"_jetpack_memberships_contains_paid_content":false,"footnotes":""},"categories":[360,8],"tags":[362,239,64,422,451],"class_list":["post-3598","post","type-post","status-publish","format-standard","has-post-thumbnail","hentry","category-rezept","category-wissenswert","tag-allergie","tag-ernaehrung","tag-kleinkind","tag-naturheilkunde-und-gesundheit","tag-vegan","has-post-title","has-post-date","has-post-category","has-post-tag","has-post-comment","has-post-author",""],"jetpack_featured_media_url":"https:\/\/www.flora-pharm.de\/blog\/wp-content\/uploads\/2016\/11\/zeit-fuer-brei.jpg","jetpack-related-posts":[{"id":3416,"url":"https:\/\/www.flora-pharm.de\/blog\/natuerliche-babypflege\/","url_meta":{"origin":3598,"position":0},"title":"Nat\u00fcrliche Babypflege","author":"Flora Team","date":"12. September 2016","format":false,"excerpt":"Zartes muss sanft gepflegt werden! Zur Geburt eines Babys bekommen frisch gebackene Eltern eine Menge Empfehlungen und Tipps. Viele neue Aufgaben wollen bew\u00e4ltigt werden, darunter die S\u00e4uglingspflege. Dabei ist eine nat\u00fcrliche Babypflege recht einfach. Es gilt die Devise: Weniger ist mehr! Lassen Sie sich nicht verunsichern. Vieles, wie Windeln wechseln,\u2026","rel":"","context":"In &quot;Wissenswert&quot;","block_context":{"text":"Wissenswert","link":"https:\/\/www.flora-pharm.de\/blog\/category\/wissenswert\/"},"img":{"alt_text":"","src":"https:\/\/i0.wp.com\/www.flora-pharm.de\/blog\/wp-content\/uploads\/2016\/09\/babypflege.jpg?resize=350%2C200&ssl=1","width":350,"height":200,"srcset":"https:\/\/i0.wp.com\/www.flora-pharm.de\/blog\/wp-content\/uploads\/2016\/09\/babypflege.jpg?resize=350%2C200&ssl=1 1x, https:\/\/i0.wp.com\/www.flora-pharm.de\/blog\/wp-content\/uploads\/2016\/09\/babypflege.jpg?resize=525%2C300&ssl=1 1.5x, https:\/\/i0.wp.com\/www.flora-pharm.de\/blog\/wp-content\/uploads\/2016\/09\/babypflege.jpg?resize=700%2C400&ssl=1 2x"},"classes":[]},{"id":7684,"url":"https:\/\/www.flora-pharm.de\/blog\/hilfe-bei-baby-bauchweh\/","url_meta":{"origin":3598,"position":1},"title":"Hilfe bei Baby Bauchweh","author":"Flora Team","date":"31. Mai 2021","format":false,"excerpt":"Bauchweh: Das Baby ist unruhig, weinerlich, sein B\u00e4uchlein f\u00fchlt sich hart an? Oft tun sich S\u00e4uglinge mit der Verdauung schwer - sanfte Hilfe","rel":"","context":"In &quot;Wissenswert&quot;","block_context":{"text":"Wissenswert","link":"https:\/\/www.flora-pharm.de\/blog\/category\/wissenswert\/"},"img":{"alt_text":"Bauchweh bei Kleinkind","src":"https:\/\/i0.wp.com\/www.flora-pharm.de\/blog\/wp-content\/uploads\/2021\/04\/hilfe-bei-bauchweh.jpg?resize=350%2C200&ssl=1","width":350,"height":200,"srcset":"https:\/\/i0.wp.com\/www.flora-pharm.de\/blog\/wp-content\/uploads\/2021\/04\/hilfe-bei-bauchweh.jpg?resize=350%2C200&ssl=1 1x, https:\/\/i0.wp.com\/www.flora-pharm.de\/blog\/wp-content\/uploads\/2021\/04\/hilfe-bei-bauchweh.jpg?resize=525%2C300&ssl=1 1.5x, https:\/\/i0.wp.com\/www.flora-pharm.de\/blog\/wp-content\/uploads\/2021\/04\/hilfe-bei-bauchweh.jpg?resize=700%2C400&ssl=1 2x"},"classes":[]},{"id":3185,"url":"https:\/\/www.flora-pharm.de\/blog\/wenn-kinder-schlecht-hoeren\/","url_meta":{"origin":3598,"position":2},"title":"Wenn Kinder schlecht h\u00f6ren","author":"Flora Team","date":"15. April 2016","format":false,"excerpt":"Durch ein H\u00f6rscreening in den ersten drei Lebenstagen k\u00f6nnen H\u00f6rst\u00f6rungen bei Neugeborenen fr\u00fchzeitig erkannt und behandelt werden. Zwei bis drei von 1.000 Kindern werden in Deutschland mit H\u00f6rst\u00f6rungen geboren. Sie h\u00f6ren schlecht oder sind sogar taub. Ein Teil der H\u00f6rst\u00f6rungen ist genetisch bedingt. Infektionen wie Mumps oder Masern sowie Alkoholmissbrauch\u2026","rel":"","context":"In &quot;Wissenswert&quot;","block_context":{"text":"Wissenswert","link":"https:\/\/www.flora-pharm.de\/blog\/category\/wissenswert\/"},"img":{"alt_text":"Mit freundlicher Genehmigung der S & D Verlag GmbH. Das komplette Naturheilkunde und Gesundheit Heft bekommen Sie auch bei uns in der Apotheke.","src":"https:\/\/i0.wp.com\/www.flora-pharm.de\/blog\/wp-content\/uploads\/2016\/04\/naturheilkunde-und-gesundheit-cover-04-2016-225x300.jpg?resize=350%2C200&ssl=1","width":350,"height":200},"classes":[]},{"id":3420,"url":"https:\/\/www.flora-pharm.de\/blog\/immunsystem-es-beginnt-in-mutters-schwangerschaft\/","url_meta":{"origin":3598,"position":3},"title":"Immunsystem, es beginnt in Mutters Schwangerschaft","author":"Flora Team","date":"16. September 2016","format":false,"excerpt":"Nach \u00fcberraschend vielen R\u00fcckmeldungen zu unserem Artikel \u201eNat\u00fcrliche Babypflege\u201c m\u00f6chten wir zum Thema Baby noch einen Beitrag nachlegen und beleuchten hier nun das Neonatale Immunsystem. Unser Immunsystem hat einen ganz einfachen Sinn, es soll ungef\u00e4hrliche Stoffe in den K\u00f6rper lassen, (potentiell) gef\u00e4hrliche (z.B. Viren, Bakterien, Allergene) dagegen ausfiltern und den\u2026","rel":"","context":"In &quot;Flora Apotheke&quot;","block_context":{"text":"Flora Apotheke","link":"https:\/\/www.flora-pharm.de\/blog\/category\/flora-apotheke\/"},"img":{"alt_text":"","src":"https:\/\/i0.wp.com\/www.flora-pharm.de\/blog\/wp-content\/uploads\/2016\/09\/Neonatales%20Immunsystem.jpg?resize=350%2C200&ssl=1","width":350,"height":200,"srcset":"https:\/\/i0.wp.com\/www.flora-pharm.de\/blog\/wp-content\/uploads\/2016\/09\/Neonatales%20Immunsystem.jpg?resize=350%2C200&ssl=1 1x, https:\/\/i0.wp.com\/www.flora-pharm.de\/blog\/wp-content\/uploads\/2016\/09\/Neonatales%20Immunsystem.jpg?resize=525%2C300&ssl=1 1.5x, https:\/\/i0.wp.com\/www.flora-pharm.de\/blog\/wp-content\/uploads\/2016\/09\/Neonatales%20Immunsystem.jpg?resize=700%2C400&ssl=1 2x"},"classes":[]},{"id":7677,"url":"https:\/\/www.flora-pharm.de\/blog\/baby-vor-allergien-schuetzen\/","url_meta":{"origin":3598,"position":4},"title":"Baby vor Allergien sch\u00fctzen","author":"Flora Team","date":"5. Mai 2021","format":false,"excerpt":"Was der Nachwuchs einmal werden soll? Zumindest kein Allergiker. Senken Sie das Risiko f\u00fcr Asthma, Heuschnupfen, Neurodermitis und Co.!","rel":"","context":"In &quot;Wissenswert&quot;","block_context":{"text":"Wissenswert","link":"https:\/\/www.flora-pharm.de\/blog\/category\/wissenswert\/"},"img":{"alt_text":"Baby Schutz vor Allergie","src":"https:\/\/i0.wp.com\/www.flora-pharm.de\/blog\/wp-content\/uploads\/2021\/04\/baby-geschuetzt-vor-allergien.jpg?resize=350%2C200&ssl=1","width":350,"height":200,"srcset":"https:\/\/i0.wp.com\/www.flora-pharm.de\/blog\/wp-content\/uploads\/2021\/04\/baby-geschuetzt-vor-allergien.jpg?resize=350%2C200&ssl=1 1x, https:\/\/i0.wp.com\/www.flora-pharm.de\/blog\/wp-content\/uploads\/2021\/04\/baby-geschuetzt-vor-allergien.jpg?resize=525%2C300&ssl=1 1.5x, https:\/\/i0.wp.com\/www.flora-pharm.de\/blog\/wp-content\/uploads\/2021\/04\/baby-geschuetzt-vor-allergien.jpg?resize=700%2C400&ssl=1 2x"},"classes":[]},{"id":3516,"url":"https:\/\/www.flora-pharm.de\/blog\/laktoseintoleranz\/","url_meta":{"origin":3598,"position":5},"title":"Laktoseintoleranz","author":"Flora Team","date":"7. Oktober 2016","format":false,"excerpt":"Milch ist der Stoff, mit dem S\u00e4ugetierm\u00fctter ihre Kinder in der Fr\u00fchphase ern\u00e4hren, der die kindliche Abwehr st\u00e4rkt (vgl. Artikel) und viel Gesundes in sich hat wie z.B. Calcium, Phosphat und Vitamin\u00a0D, alles sehr wichtig f\u00fcr Immunsystem, Wachstum, Knochenaufbau etc. In der Milch finden sich in Wasser gel\u00f6ste Kohlenhydrate, Eiwei\u00dfe,\u2026","rel":"","context":"In &quot;Wissenswert&quot;","block_context":{"text":"Wissenswert","link":"https:\/\/www.flora-pharm.de\/blog\/category\/wissenswert\/"},"img":{"alt_text":"","src":"https:\/\/i0.wp.com\/www.flora-pharm.de\/blog\/wp-content\/uploads\/2016\/10\/lactoseintoleranz.jpg?resize=350%2C200&ssl=1","width":350,"height":200,"srcset":"https:\/\/i0.wp.com\/www.flora-pharm.de\/blog\/wp-content\/uploads\/2016\/10\/lactoseintoleranz.jpg?resize=350%2C200&ssl=1 1x, https:\/\/i0.wp.com\/www.flora-pharm.de\/blog\/wp-content\/uploads\/2016\/10\/lactoseintoleranz.jpg?resize=525%2C300&ssl=1 1.5x, https:\/\/i0.wp.com\/www.flora-pharm.de\/blog\/wp-content\/uploads\/2016\/10\/lactoseintoleranz.jpg?resize=700%2C400&ssl=1 2x"},"classes":[]}],"jetpack_sharing_enabled":true,"_links":{"self":[{"href":"https:\/\/www.flora-pharm.de\/blog\/wp-json\/wp\/v2\/posts\/3598","targetHints":{"allow":["GET"]}}],"collection":[{"href":"https:\/\/www.flora-pharm.de\/blog\/wp-json\/wp\/v2\/posts"}],"about":[{"href":"https:\/\/www.flora-pharm.de\/blog\/wp-json\/wp\/v2\/types\/post"}],"author":[{"embeddable":true,"href":"https:\/\/www.flora-pharm.de\/blog\/wp-json\/wp\/v2\/users\/1"}],"replies":[{"embeddable":true,"href":"https:\/\/www.flora-pharm.de\/blog\/wp-json\/wp\/v2\/comments?post=3598"}],"version-history":[{"count":4,"href":"https:\/\/www.flora-pharm.de\/blog\/wp-json\/wp\/v2\/posts\/3598\/revisions"}],"predecessor-version":[{"id":8463,"href":"https:\/\/www.flora-pharm.de\/blog\/wp-json\/wp\/v2\/posts\/3598\/revisions\/8463"}],"wp:featuredmedia":[{"embeddable":true,"href":"https:\/\/www.flora-pharm.de\/blog\/wp-json\/wp\/v2\/media\/3568"}],"wp:attachment":[{"href":"https:\/\/www.flora-pharm.de\/blog\/wp-json\/wp\/v2\/media?parent=3598"}],"wp:term":[{"taxonomy":"category","embeddable":true,"href":"https:\/\/www.flora-pharm.de\/blog\/wp-json\/wp\/v2\/categories?post=3598"},{"taxonomy":"post_tag","embeddable":true,"href":"https:\/\/www.flora-pharm.de\/blog\/wp-json\/wp\/v2\/tags?post=3598"}],"curies":[{"name":"wp","href":"https:\/\/api.w.org\/{rel}","templated":true}]}}