{"id":3631,"date":"2016-11-24T10:29:19","date_gmt":"2016-11-24T09:29:19","guid":{"rendered":"http:\/\/www.flora-pharm.de\/blog\/?p=3631"},"modified":"2021-03-25T11:24:35","modified_gmt":"2021-03-25T10:24:35","slug":"alles-rein-pflanzlich-vegane-ernaehrung","status":"publish","type":"post","link":"https:\/\/www.flora-pharm.de\/blog\/alles-rein-pflanzlich-vegane-ernaehrung\/","title":{"rendered":"Alles rein pflanzlich &#8211; Vegane Ern\u00e4hrung"},"content":{"rendered":"<p>Vegane Ern\u00e4hrung liegt im Trend. W\u00e4hrend Vegetarier auf Lebensmittel verzichten, f\u00fcr die Tiere direkt get\u00f6tet wurden, essen Veganer aus den unterschiedlichsten Gr\u00fcnden gar keine tierischen Lebensmittel und verzichten auch auf Milch und Milchprodukte, Eier und Honig.<\/p>\n<h3>Gesundheitsplus!<\/h3>\n<p>Studien mit vegan lebenden Menschen zeigen, dass Veganer deutlich ges\u00fcnder sind als die allgemeine Bev\u00f6lkerung. Und das liegt nicht nur an einem bewussten, gesunden Lebensstil, indem sie auf Genussgifte verzichten, sich ausreichend bewegen und entspannen. Veganer haben seltener \u00dcbergewicht, Verstopfung, <a href=\"https:\/\/www.flora-pharm.de\/blog\/diabetes-mellitus\/\">Diabetes mellitus Typ 2<\/a>, Bluthochdruck und koronare Herzkrankheiten. Ihre Blutfett- und Cholesterinwerte, Nierenfunktion sowie der Gesundheitsstatus allgemein liegen h\u00e4ufiger im Normalbereich. Das Meiden von rotem und verarbeitetem Fleisch verringert das Krebsrisiko, besonders f\u00fcr Dickdarm- und Mastdarmkrebs. Die Kost enth\u00e4lt weniger Fett, ges\u00e4ttigte Fetts\u00e4uren, Cholesterin und Eiwei\u00df, daf\u00fcr mehrfach unges\u00e4ttigte Fetts\u00e4uren, reichlich gesundheitsf\u00f6rdernde Ballaststoffe sowie sekund\u00e4re Pflanzenstoffe (Antioxidantien).<\/p>\n<h3>Kritische N\u00e4hrstoffe<\/h3>\n<p>Eine richtig angewandte vegane Ern\u00e4hrung wird heute als gesunde Ern\u00e4hrungsweise gewertet. Um einen Mangel an N\u00e4hrstoffen auszuschlie\u00dfen, muss die Kost gut geplant und zusammengestellt werden. Vor allem schwangeren und stillenden Veganerinnen sowie Babys und Kleinkindern, die vegan ern\u00e4hrt werden, wird zu einer individuellen Beratung sowie zu einer Nahrungserg\u00e4nzung durch ein Vitamin-B12-Pr\u00e4parat geraten. Denn Veganer m\u00fcssen auf eine ausreichende Zufuhr von Vitamin B12, B2, Calcium, <a href=\"https:\/\/www.flora-pharm.de\/blog\/eisenmangel-erkennen-und-reagieren\/\">Eisen<\/a>, Zink, <a href=\"https:\/\/www.flora-pharm.de\/blog\/und-was-ist-mit-jod\/\">Jod<\/a> und Vitamin D achten. Neben reichlich Obst und Gem\u00fcse sollten Vollkornprodukte und H\u00fclsenfr\u00fcchte einschlie\u00dflich Soja, N\u00fcsse, Trockenfr\u00fcchte, Samen (Sesam) und kaltgepresste pflanzliche \u00d6le regelm\u00e4\u00dfig verzehrt werden. Vor allem dunkelgr\u00fcne Gem\u00fcsesorten enthalten reichlich Calcium. Sinnvoll ist es, ein calciumreiches Mineralwasser auszuw\u00e4hlen. Um die Eisenaufnahme zu decken, werden gezielt eisenreiche Getreide- und Gem\u00fcsegerichte mit Vitamin-C haltigem Obst oder S\u00e4ften kombiniert.<\/p>\n<p>Wie lecker und gesund eine vegane K\u00fcche sein kann, zeigen Kochb\u00fccher mit veganen, vollwertigen Rezepten und Kochkurse, bei denen praktisch demonstriert wird, wie es funktioniert.<\/p>\n<p><strong>PS: Gut mit N\u00e4hrstoffen versorgt? Wir in Ihrer Apotheke beraten Sie gern.<\/strong><br \/>\nIn diesem Kontext empfehlen wir Ihnen auch unseren Artikel \u201e<a href=\"https:\/\/www.flora-pharm.de\/blog\/veganerin-das-sollten-sie-beachten\/\">Veganer\/in? Das sollten Sie beachten<\/a>\u201c<\/p>\n<h2>Lecker vegan essen &#8211; Rezeptvorschl\u00e4ge<\/h2>\n<h3>ORANGE SUNRISE<\/h3>\n<p><strong>mit Obst &amp; Mohn<\/strong><br \/>\nnach Axel Meyer (Kochbuchautor) &#8211; SO MAG ICH\u2019S: \u201eDas klassische Frischkorn-M\u00fcsli schmeckt mit frisch gemahlenem Getreide, das noch alle Vitalstoffe enth\u00e4lt, in Kombination mit frischem Obst einfach k\u00f6stlich. Wer mag, kann auch noch etwas abgeriebene Bio-Zitronenschale dazugeben und den Saft von 1\/2 Zitrone unterziehen. Statt Pflanzenmilch k\u00f6nnen Sie ersatzweise auch Wasser verwenden.\u201c<\/p>\n<p><strong>Zutaten<\/strong> f\u00fcr 2 Portionen<br \/>\n4 EL Haferflocken (m\u00f6glichst frisch geflockt)<br \/>\n1 EL Leinsamen<br \/>\n1 EL Mohn<br \/>\n2 EL Haseln\u00fcsse<br \/>\n5\u20136 getrocknete Datteln<br \/>\n100 ml Pflanzenmilch (vorzugsweise Mandelmilch)<br \/>\n1 Apfel<br \/>\n1 Banane<br \/>\n1 Orange<br \/>\n1 EL Pinienkerne zum Garnieren<\/p>\n<p><strong>Zeitbedarf:<\/strong> 15 Minuten<\/p>\n<p><strong>So geht\u2019s:<\/strong><\/p>\n<ol>\n<li>Die Haferflocken in eine Schale geben. Den Leinsamen und den Mohn in einer Mohnm\u00fchle mittelfein mahlen und zu den Haferflocken geben.<\/li>\n<li>Die Haseln\u00fcsse mit den Datteln und der Pflanzenmilch im Mixer zerkleinern. Die Dattel-Nuss-Milch (sie soll eine mittelfl\u00fcssige Konsistenz haben) unter die Haferflocken ziehen. Den Apfel waschen und klein schneiden. Die Banane sch\u00e4len und ebenfalls klein schneiden. Die Orange waschen, den Ansatz und 2 d\u00fcnne Scheiben abschneiden. Die restliche Orange sch\u00e4len und in kleine St\u00fccke schneiden. Das Obst nach Belieben unter das M\u00fcsli ziehen oder dar\u00fcbergeben.<\/li>\n<li>Das M\u00fcsli in Schalen anrichten, mit den Orangenscheiben und den Pinienkernen garnieren.<\/li>\n<\/ol>\n<h3>RED THAI-CURRY<\/h3>\n<p><strong>mit Paprika, Zucchini &amp; Aubergine<\/strong><br \/>\nnach Axel Meyer (Kochbuchautor) &#8211; SO MAG ICH\u2019S: \u201eDas Gericht l\u00e4sst sich auf vielf\u00e4ltige Weise durch Gem\u00fcse der Saison variieren und auch erg\u00e4nzen, z. B. mit grob gehackten Cashewkernen, Kokosflocken oder mit mehr oder weniger scharfen Chilischoten.\u201c<\/p>\n<p><strong>Zutaten<\/strong> f\u00fcr 2 Portionen<br \/>\n250 g Jasmin-Vollkornreis oder wei\u00dfer Reis<br \/>\n500 ml Wasser<br \/>\nSteinsalz<br \/>\n1 rote Paprikaschote<br \/>\n1 kleiner Zucchino<br \/>\n1\/2 Aubergine<br \/>\n1 M\u00f6hre<br \/>\n2 rote Zwiebeln<br \/>\n1 Knoblauchzehe<br \/>\n1 TL frischer Ingwer<br \/>\n(oder 1\/2 TL getrockneter)<br \/>\n100 g China- oder Spitzkohl<br \/>\n3 EL unraffiniertes Sonnenblumen\u00f6l<br \/>\n400 ml Kokosmilch<br \/>\n2\u20133 Tr. Limette Bio-Aroma (Apotheke)<br \/>\noder Saft von 1\/2 Limette<br \/>\n1\u20132 EL Sojasauce Tamari<br \/>\n2\u20133 EL Red Thai-Currypaste<br \/>\n1\/2 Bund Koriandergr\u00fcn<\/p>\n<p><strong>Zeitbedarf:<\/strong> 20 Minuten, 30 Minuten kochen<\/p>\n<p><strong>So geht\u2019s:<\/strong><\/p>\n<ol>\n<li>Den Reis mit Wasser und 1\/2 bis 1 gestr. TL Salz aufkochen, bei schwacher Hitze zugedeckt je nach Reissorte in ca. 20\u201330 Minuten garen.<\/li>\n<li>Die Paprikaschote, Zucchini, Aubergine und M\u00f6hre waschen, putzen und klein schneiden. Die Zwiebeln und die Knoblauchzehe sch\u00e4len und fein schneiden. Den Ingwer sehr fein schneiden. China- oder Spitzkohl waschen und in Streifen schneiden.<\/li>\n<li>Das Sonnenblumen\u00f6l in einer gro\u00dfen Pfanne erhitzen und darin zun\u00e4chst die M\u00f6hren 1\u20132 Minuten and\u00fcnsten, zwischendurch umr\u00fchren. Dann die Paprikaschote, Zucchini, Aubergine, Zwiebeln und Knoblauchzehe dazugeben und mitd\u00fcnsten. Chinakohl und Ingwer untermengen und zugedeckt 8\u201310 Minuten bei mittlerer Hitze bissfest d\u00fcnsten.<\/li>\n<li>Die Kokosmilch unter das Gem\u00fcse r\u00fchren. Das Limetten-Bio-Aroma auf einem Teel\u00f6ffel dosieren und unterr\u00fchren. Die Sojasauce unterziehen und weitere 5 Minuten zugedeckt bei schwacher Hitze ziehen lassen. Red Thai-Currypaste nach Geschmack unterr\u00fchren. Das Koriandergr\u00fcn waschen, einige Bl\u00e4ttchen beiseitelegen. Den Rest fein schneiden und unterziehen.<\/li>\n<li>Den Reis in eine kalt ausgesp\u00fclte Tasse f\u00fcllen, leicht andr\u00fccken und auf den Teller st\u00fcrzen. Das Curry dazu anrichten und mit Korianderbl\u00e4ttchen garnieren.<\/li>\n<\/ol>\n<h3>Artischocken<\/h3>\n<p>\u00dcbrigens: Das Rezept f\u00fcr die in unserem Titelbild zu sehenden <a href=\"https:\/\/www.flora-pharm.de\/blog\/artischocke\/\">Artischocken<\/a> finden Sie in unserem befreundeten Blog cooking-fun.de: <a href=\"http:\/\/www.cooking-fun.de\/artischocken-im-ganzen-mit-dip\/\" target=\"_blank\" rel=\"noopener noreferrer\">Artischocken im Ganzen<\/a><\/p>\n<p>Falls Sie dazu noch einen s\u00e4ttigenden Dip als Variation suchen, der auch Low-Carb Anspr\u00fcchen gen\u00fcgt, schauen Sie doch hier einmal in das Familienrezept unseres Apothekers der hessischen <a href=\"https:\/\/www.flora-pharm.de\/blog\/gruene-sosse-das-rezept-zur-ostereier-resteverwertung\/\">Gr\u00fcnen Sauce<\/a>.<\/p>\n<h2>Pflanzliche Drinks<\/h2>\n<p><strong>aus Soja, Getreide &amp; N\u00fcssen<\/strong><\/p>\n<p>Milch-Alternativen aus Soja, Reis, Hafer, Mandeln &amp; Co. sind zu 100% pflanzlich und daher frei von tierischem Eiwei\u00df, Laktose und Cholesterin. Sie eignen sich hervorragend als schmackhafter, fettarmer Milchersatz \u2013 nicht nur bei Kuhmilchunvertr\u00e4glichkeit und Laktoseintoleranz. Pflanzliche Drinks sind leicht gek\u00fchlt herrlich erfrischende Getr\u00e4nke, ob pur oder mit Fr\u00fcchten und S\u00e4ften gemixt. Sie k\u00f6nnen zu M\u00fcsli oder wie Milch zum Kochen bzw. Backen verwendet werden. Vor dem \u00d6ffnen sollte die \u201eMilch\u201c immer gut gesch\u00fcttelt und danach gek\u00fchlt aufbewahrt werden.<\/p>\n<h3>Sojamilch<\/h3>\n<p>Sojamilch wird aus Sojabohnen hergestellt und ist die Vorstufe von Tofu. Sie kann als hochwertige Proteinquelle angesehen werden. Sojadrink, umgangssprachlich als Milch bezeichnet, enth\u00e4lt kein Cholesterin, wenig Fett, keine Laktose, kein Gluten, viele Mineralstoffe sowie sekund\u00e4re Pflanzenstoffe wie Phyto\u00f6strogene, die im K\u00f6rper eine hormon\u00e4hnliche Wirkung haben. Sie werden nicht nur in den Wechseljahren bei Hitzewallungen empfohlen, sondern k\u00f6nnen auch positive Effekte bei Herz-Kreislauf-Erkrankungen haben.<\/p>\n<h3>Nussmilch<\/h3>\n<p>Nussmilch ist etwas fetter als Getreidemilch. Neben Mandel- und Haselnussmilch sind Cashew- und Macadamia-Milch erh\u00e4ltlich. Mandelmilch ist ideal zum Aufsch\u00e4umen f\u00fcr Cappuccino. Die Kokosnuss geh\u00f6rt botanisch nicht zu den N\u00fcssen. Die aus der Steinfrucht der Kokospalme gewonnene Kokosnussmilch ist lecker und vielseitig einsetzbar<\/p>\n<h3>Getreidemilch<\/h3>\n<p>Milch aus den unterschiedlichsten Getreidesorten wie Reis, Hafer, Dinkel und Hirse ist eine Alternative zu Kuh- und Sojamilch, besonders f\u00fcr Sojaallergiker. Der s\u00fc\u00dfe Geschmack entsteht durch die Fermentation des Getreides, dabei wird die St\u00e4rke zu einfachen Zuckerverbindungen abgebaut. Getreidemilchmischungen wie Dinkel-Mandel oder Kokos-Reis sorgen f\u00fcr Abwechslung.<\/p>\n<p>Noch Fragen? Sprechen Sie uns an, wir beraten Sie gern&#8230;<\/p>\n<figure id=\"attachment_3566\" aria-describedby=\"caption-attachment-3566\" style=\"width: 225px\" class=\"wp-caption alignleft\"><a href=\"https:\/\/www.flora-pharm.de\/blog\/wp-content\/uploads\/2016\/11\/naturheilkunde-und-gesundheit-cover-11-2016.jpg\"><img loading=\"lazy\" decoding=\"async\" data-attachment-id=\"3566\" data-permalink=\"https:\/\/www.flora-pharm.de\/blog\/wohltuende-koerperpflege\/linke-seite-18\/\" data-orig-file=\"https:\/\/www.flora-pharm.de\/blog\/wp-content\/uploads\/2016\/11\/naturheilkunde-und-gesundheit-cover-11-2016.jpg\" data-orig-size=\"450,600\" data-comments-opened=\"1\" data-image-meta=\"{&quot;aperture&quot;:&quot;0&quot;,&quot;credit&quot;:&quot;&quot;,&quot;camera&quot;:&quot;&quot;,&quot;caption&quot;:&quot;&quot;,&quot;created_timestamp&quot;:&quot;0&quot;,&quot;copyright&quot;:&quot;&quot;,&quot;focal_length&quot;:&quot;0&quot;,&quot;iso&quot;:&quot;0&quot;,&quot;shutter_speed&quot;:&quot;0&quot;,&quot;title&quot;:&quot;Linke Seite&quot;,&quot;orientation&quot;:&quot;1&quot;}\" data-image-title=\"Linke Seite\" data-image-description=\"\" data-image-caption=\"&lt;p&gt;Text mit freundlicher Genehmigung der S &amp;#038; D Verlag GmbH. Das komplette Naturheilkunde und Gesundheit Heft bekommen Sie auch bei uns in der Apotheke.&lt;\/p&gt;\n\" data-large-file=\"https:\/\/www.flora-pharm.de\/blog\/wp-content\/uploads\/2016\/11\/naturheilkunde-und-gesundheit-cover-11-2016.jpg\" class=\"size-medium wp-image-3566\" src=\"https:\/\/www.flora-pharm.de\/blog\/wp-content\/uploads\/2016\/11\/naturheilkunde-und-gesundheit-cover-11-2016-225x300.jpg\" alt=\"Text mit freundlicher Genehmigung der S &amp; D Verlag GmbH. Das komplette Naturheilkunde und Gesundheit Heft bekommen Sie auch bei uns in der Apotheke.\" width=\"225\" height=\"300\" srcset=\"https:\/\/www.flora-pharm.de\/blog\/wp-content\/uploads\/2016\/11\/naturheilkunde-und-gesundheit-cover-11-2016-225x300.jpg 225w, https:\/\/www.flora-pharm.de\/blog\/wp-content\/uploads\/2016\/11\/naturheilkunde-und-gesundheit-cover-11-2016.jpg 450w\" sizes=\"auto, (max-width: 225px) 100vw, 225px\" \/><\/a><figcaption id=\"caption-attachment-3566\" class=\"wp-caption-text\">Text mit freundlicher Genehmigung der S &amp; D Verlag GmbH. Das komplette Naturheilkunde und Gesundheit Heft bekommen Sie auch bei uns in der Apotheke.<\/figcaption><\/figure>\n","protected":false},"excerpt":{"rendered":"<p>Vegane Ern\u00e4hrung liegt im Trend. W\u00e4hrend Vegetarier auf Lebensmittel verzichten, f\u00fcr die Tiere direkt get\u00f6tet wurden, essen Veganer aus den unterschiedlichsten Gr\u00fcnden gar keine tierischen Lebensmittel und verzichten auch auf Milch und Milchprodukte, Eier und Honig. Gesundheitsplus! Studien mit vegan lebenden Menschen zeigen, dass Veganer deutlich ges\u00fcnder sind als die allgemeine Bev\u00f6lkerung. Und das liegt [&hellip;]<\/p>\n","protected":false},"author":1,"featured_media":3563,"comment_status":"open","ping_status":"open","sticky":false,"template":"","format":"standard","meta":{"jetpack_post_was_ever_published":false,"_jetpack_newsletter_access":"","_jetpack_dont_email_post_to_subs":true,"_jetpack_newsletter_tier_id":0,"_jetpack_memberships_contains_paywalled_content":false,"_jetpack_memberships_contains_paid_content":false,"footnotes":""},"categories":[360,8],"tags":[239,473,422,451,54],"class_list":["post-3631","post","type-post","status-publish","format-standard","has-post-thumbnail","hentry","category-rezept","category-wissenswert","tag-ernaehrung","tag-milch","tag-naturheilkunde-und-gesundheit","tag-vegan","tag-vitalstoffe","has-post-title","has-post-date","has-post-category","has-post-tag","has-post-comment","has-post-author",""],"jetpack_featured_media_url":"https:\/\/www.flora-pharm.de\/blog\/wp-content\/uploads\/2016\/11\/alles-rein-pflanzlich.jpg","jetpack-related-posts":[{"id":4274,"url":"https:\/\/www.flora-pharm.de\/blog\/vegan-leben-warum-eigentlich\/","url_meta":{"origin":3631,"position":0},"title":"Vegan leben \u2013 warum eigentlich?","author":"Flora Team","date":"23. Juni 2017","format":false,"excerpt":"Diese Frage stellen sich viele Menschen, die auf Tierfrei-Produkte und deren Fans sto\u00dfen. Wer Veganer nach ihren Gr\u00fcnden fragt, erh\u00e4lt unterschiedliche Antworten. Meist ist die pers\u00f6nliche Vegan-Philosophie ein Mix aus mehreren Beweggr\u00fcnden! Die Tiere Allein in Deutschland werden j\u00e4hrlich etwa 7,9 Millionen Schweine, H\u00fchner und andere Tiere geschlachtet, weltweit mehr\u2026","rel":"","context":"In &quot;Wissenswert&quot;","block_context":{"text":"Wissenswert","link":"https:\/\/www.flora-pharm.de\/blog\/category\/wissenswert\/"},"img":{"alt_text":"Vegan - Warum - Gr\u00fcnde","src":"https:\/\/i0.wp.com\/www.flora-pharm.de\/blog\/wp-content\/uploads\/2017\/06\/vegan-warum-eigentlich.jpg?resize=350%2C200&ssl=1","width":350,"height":200,"srcset":"https:\/\/i0.wp.com\/www.flora-pharm.de\/blog\/wp-content\/uploads\/2017\/06\/vegan-warum-eigentlich.jpg?resize=350%2C200&ssl=1 1x, https:\/\/i0.wp.com\/www.flora-pharm.de\/blog\/wp-content\/uploads\/2017\/06\/vegan-warum-eigentlich.jpg?resize=525%2C300&ssl=1 1.5x, https:\/\/i0.wp.com\/www.flora-pharm.de\/blog\/wp-content\/uploads\/2017\/06\/vegan-warum-eigentlich.jpg?resize=700%2C400&ssl=1 2x"},"classes":[]},{"id":9243,"url":"https:\/\/www.flora-pharm.de\/blog\/vegan-auf-probe-rezept-quinoa-salat\/","url_meta":{"origin":3631,"position":1},"title":"Vegan auf Probe (+Rezept Quinoa-Salat)","author":"Flora Team","date":"30. August 2024","format":false,"excerpt":"Vegan? Tierfreie Ern\u00e4hren?? Neugierig??? Einfach mal ausprobieren! Jetzt ist der beste Zeitpunkt, da Salate und frische Gem\u00fcse Hochsaison haben.","rel":"","context":"In &quot;Rezept&quot;","block_context":{"text":"Rezept","link":"https:\/\/www.flora-pharm.de\/blog\/category\/rezept\/"},"img":{"alt_text":"Vegan auf Probe, einfach mal ausprobieren","src":"https:\/\/i0.wp.com\/www.flora-pharm.de\/blog\/wp-content\/uploads\/2024\/06\/vegan-auf-probe.jpg?resize=350%2C200&ssl=1","width":350,"height":200,"srcset":"https:\/\/i0.wp.com\/www.flora-pharm.de\/blog\/wp-content\/uploads\/2024\/06\/vegan-auf-probe.jpg?resize=350%2C200&ssl=1 1x, https:\/\/i0.wp.com\/www.flora-pharm.de\/blog\/wp-content\/uploads\/2024\/06\/vegan-auf-probe.jpg?resize=525%2C300&ssl=1 1.5x, https:\/\/i0.wp.com\/www.flora-pharm.de\/blog\/wp-content\/uploads\/2024\/06\/vegan-auf-probe.jpg?resize=700%2C400&ssl=1 2x, https:\/\/i0.wp.com\/www.flora-pharm.de\/blog\/wp-content\/uploads\/2024\/06\/vegan-auf-probe.jpg?resize=1050%2C600&ssl=1 3x"},"classes":[]},{"id":7508,"url":"https:\/\/www.flora-pharm.de\/blog\/und-was-ist-mit-jod\/","url_meta":{"origin":3631,"position":2},"title":"Und was ist mit Jod?","author":"Flora Team","date":"19. M\u00e4rz 2021","format":false,"excerpt":"Ballaststoffe top, Jod mangelhaft - Menschen, die vegan leben, sollten den Blick nicht nur auf Vitamin B12 richten. Bei welchen Vitalstoffen hakt es, welche liegen im gr\u00fcnen Bereich? Von Saskia Fechte Wer nur Pflanzenkost auf seinen Teller l\u00e4sst, muss gut informiert sein und planvoll ausw\u00e4hlen. Denn das gr\u00f6\u00dfte Vorurteil gegen\u00fcber\u2026","rel":"","context":"In &quot;Orthomolekulare Medizin&quot;","block_context":{"text":"Orthomolekulare Medizin","link":"https:\/\/www.flora-pharm.de\/blog\/category\/orthomolekulare-medizin\/"},"img":{"alt_text":"Jod sollten Veganer erg\u00e4nzen","src":"https:\/\/i0.wp.com\/www.flora-pharm.de\/blog\/wp-content\/uploads\/2021\/03\/jod-iod-spurenelement.jpg?resize=350%2C200&ssl=1","width":350,"height":200,"srcset":"https:\/\/i0.wp.com\/www.flora-pharm.de\/blog\/wp-content\/uploads\/2021\/03\/jod-iod-spurenelement.jpg?resize=350%2C200&ssl=1 1x, https:\/\/i0.wp.com\/www.flora-pharm.de\/blog\/wp-content\/uploads\/2021\/03\/jod-iod-spurenelement.jpg?resize=525%2C300&ssl=1 1.5x, https:\/\/i0.wp.com\/www.flora-pharm.de\/blog\/wp-content\/uploads\/2021\/03\/jod-iod-spurenelement.jpg?resize=700%2C400&ssl=1 2x"},"classes":[]},{"id":6521,"url":"https:\/\/www.flora-pharm.de\/blog\/allergien-auf-dem-vormarsch\/","url_meta":{"origin":3631,"position":3},"title":"Allergien auf dem Vormarsch","author":"Flora Team","date":"5. November 2019","format":false,"excerpt":"Bei immer mehr Menschen scheint das Immunsystem \u00fcberempfindlich zu reagieren. Werden die Ausl\u00f6ser aggressiver? Oder wir empfindlicher? Fakten \u00fcber allergische Erkrankungen Bei etwa 36 Prozent der Frauen und 24 Prozent der M\u00e4nner in Deutschland wird im Lauf des Lebens eine allergische Erkrankung diagnostiziert.Bei 26 Prozent der Kinder und Jugendlichen wird\u2026","rel":"","context":"In &quot;Wissenswert&quot;","block_context":{"text":"Wissenswert","link":"https:\/\/www.flora-pharm.de\/blog\/category\/wissenswert\/"},"img":{"alt_text":"Allergien auf dem Vormarsch","src":"https:\/\/i0.wp.com\/www.flora-pharm.de\/blog\/wp-content\/uploads\/2019\/10\/Allergien-auf-dem-Vormarsch.jpg?resize=350%2C200&ssl=1","width":350,"height":200,"srcset":"https:\/\/i0.wp.com\/www.flora-pharm.de\/blog\/wp-content\/uploads\/2019\/10\/Allergien-auf-dem-Vormarsch.jpg?resize=350%2C200&ssl=1 1x, https:\/\/i0.wp.com\/www.flora-pharm.de\/blog\/wp-content\/uploads\/2019\/10\/Allergien-auf-dem-Vormarsch.jpg?resize=525%2C300&ssl=1 1.5x, https:\/\/i0.wp.com\/www.flora-pharm.de\/blog\/wp-content\/uploads\/2019\/10\/Allergien-auf-dem-Vormarsch.jpg?resize=700%2C400&ssl=1 2x"},"classes":[]},{"id":6091,"url":"https:\/\/www.flora-pharm.de\/blog\/vegane-kosmetik-hautpflege-braucht-keine-tiere\/","url_meta":{"origin":3631,"position":4},"title":"Vegane Kosmetik &#8211; Hautpflege braucht keine Tiere","author":"Flora Team","date":"5. April 2019","format":false,"excerpt":"Vegan ist in. Auch in der Kosmetik. Was ist drin und worauf kann sie getrost verzichten? Vegan \u2013 bei dem Begriff denken viele zuerst ans Essen. Kein Fleisch, keine Eier, keine Milch und kein Honig. Was viele nicht wissen: Der totale Verzicht auf tierische Produkte geht weit \u00fcber die Ern\u00e4hrung\u2026","rel":"","context":"In &quot;Wissenswert&quot;","block_context":{"text":"Wissenswert","link":"https:\/\/www.flora-pharm.de\/blog\/category\/wissenswert\/"},"img":{"alt_text":"vegane Kosmetik","src":"https:\/\/i0.wp.com\/www.flora-pharm.de\/blog\/wp-content\/uploads\/2019\/04\/vegane-kosmetik.jpg?resize=350%2C200&ssl=1","width":350,"height":200,"srcset":"https:\/\/i0.wp.com\/www.flora-pharm.de\/blog\/wp-content\/uploads\/2019\/04\/vegane-kosmetik.jpg?resize=350%2C200&ssl=1 1x, https:\/\/i0.wp.com\/www.flora-pharm.de\/blog\/wp-content\/uploads\/2019\/04\/vegane-kosmetik.jpg?resize=525%2C300&ssl=1 1.5x, https:\/\/i0.wp.com\/www.flora-pharm.de\/blog\/wp-content\/uploads\/2019\/04\/vegane-kosmetik.jpg?resize=700%2C400&ssl=1 2x"},"classes":[]},{"id":5362,"url":"https:\/\/www.flora-pharm.de\/blog\/vitamin-b12-mangel\/","url_meta":{"origin":3631,"position":5},"title":"Vitamin B12-Mangel","author":"Flora Team","date":"15. Oktober 2018","format":false,"excerpt":"H\u00e4ufiger als gedachtNicht nur Veganer sind Risikokandidaten. Viele Faktoren k\u00f6nnen eine Unterversorgung mit Vitamin B12 hervorrufen, vor allem bei Senioren. Cobalamin, so der Fachbegriff f\u00fcr Vitamin B12, ist f\u00fcr den K\u00f6rper unerl\u00e4sslich. Es sorgt f\u00fcr den stetigen Nachschub roter Blutk\u00f6rperchen und erm\u00f6glicht die \u00dcbertragung von Nervenimpulsen. Vitamin B12 ist au\u00dferdem\u2026","rel":"","context":"In &quot;Orthomolekulare Medizin&quot;","block_context":{"text":"Orthomolekulare Medizin","link":"https:\/\/www.flora-pharm.de\/blog\/category\/orthomolekulare-medizin\/"},"img":{"alt_text":"Vitamin B12 Mangel","src":"https:\/\/i0.wp.com\/www.flora-pharm.de\/blog\/wp-content\/uploads\/2018\/10\/vitamin-b12-mangel.jpg?resize=350%2C200&ssl=1","width":350,"height":200,"srcset":"https:\/\/i0.wp.com\/www.flora-pharm.de\/blog\/wp-content\/uploads\/2018\/10\/vitamin-b12-mangel.jpg?resize=350%2C200&ssl=1 1x, https:\/\/i0.wp.com\/www.flora-pharm.de\/blog\/wp-content\/uploads\/2018\/10\/vitamin-b12-mangel.jpg?resize=525%2C300&ssl=1 1.5x, https:\/\/i0.wp.com\/www.flora-pharm.de\/blog\/wp-content\/uploads\/2018\/10\/vitamin-b12-mangel.jpg?resize=700%2C400&ssl=1 2x"},"classes":[]}],"jetpack_sharing_enabled":true,"_links":{"self":[{"href":"https:\/\/www.flora-pharm.de\/blog\/wp-json\/wp\/v2\/posts\/3631","targetHints":{"allow":["GET"]}}],"collection":[{"href":"https:\/\/www.flora-pharm.de\/blog\/wp-json\/wp\/v2\/posts"}],"about":[{"href":"https:\/\/www.flora-pharm.de\/blog\/wp-json\/wp\/v2\/types\/post"}],"author":[{"embeddable":true,"href":"https:\/\/www.flora-pharm.de\/blog\/wp-json\/wp\/v2\/users\/1"}],"replies":[{"embeddable":true,"href":"https:\/\/www.flora-pharm.de\/blog\/wp-json\/wp\/v2\/comments?post=3631"}],"version-history":[{"count":11,"href":"https:\/\/www.flora-pharm.de\/blog\/wp-json\/wp\/v2\/posts\/3631\/revisions"}],"predecessor-version":[{"id":7592,"href":"https:\/\/www.flora-pharm.de\/blog\/wp-json\/wp\/v2\/posts\/3631\/revisions\/7592"}],"wp:featuredmedia":[{"embeddable":true,"href":"https:\/\/www.flora-pharm.de\/blog\/wp-json\/wp\/v2\/media\/3563"}],"wp:attachment":[{"href":"https:\/\/www.flora-pharm.de\/blog\/wp-json\/wp\/v2\/media?parent=3631"}],"wp:term":[{"taxonomy":"category","embeddable":true,"href":"https:\/\/www.flora-pharm.de\/blog\/wp-json\/wp\/v2\/categories?post=3631"},{"taxonomy":"post_tag","embeddable":true,"href":"https:\/\/www.flora-pharm.de\/blog\/wp-json\/wp\/v2\/tags?post=3631"}],"curies":[{"name":"wp","href":"https:\/\/api.w.org\/{rel}","templated":true}]}}