{"id":3888,"date":"2017-02-27T10:15:42","date_gmt":"2017-02-27T09:15:42","guid":{"rendered":"http:\/\/www.flora-pharm.de\/blog\/?p=3888"},"modified":"2022-12-19T09:54:49","modified_gmt":"2022-12-19T08:54:49","slug":"kohl-das-gute-wintergemuese","status":"publish","type":"post","link":"https:\/\/www.flora-pharm.de\/blog\/kohl-das-gute-wintergemuese\/","title":{"rendered":"Kohl, das gute Wintergem\u00fcse"},"content":{"rendered":"<p>Wei\u00dfkohl, Rotkohl, Gr\u00fcnkohl, Wirsingkohl, Rosenkohl &#8211; Kohl in allen Formen wird der hiesigen Winterk\u00fcche zugeschrieben aber manche Sorten finden zurecht auch ganzj\u00e4hrig Verwendung. Kohl schmeckt, ist vielseitig und liefert jede Menge wertvolle N\u00e4hrstoffe. Alle Kohlgem\u00fcse sind reich an Mineralstoffen, Vitaminen, Spurenelementen, sekund\u00e4ren Pflanzenstoffen (Senf\u00f6lglykoside)\u00a0 und weiteren bioaktiven Substanzen. Zudem liefern sie dem K\u00f6rper u.a. f\u00fcr einen gesunden Darm Ballaststoffe.<\/p>\n<p>Auch Brokkoli, Blumenkohl, Romanesco oder Pak Choi, Spitzkohl und Chinakohl, alles nicht nur Winterkohlsorten, sollten Erw\u00e4hnung finden. An Formen, Farben, Texturen und Geschm\u00e4ckern herrscht kein Mangel. Und wirklich alle sind herrlich knackig sowie <strong>kalorienarm<\/strong>.<\/p>\n<p>In B\u00fcchern und im Internet finden sich unz\u00e4hlige Rezepte. Gehen Sie auch einfach mal auf den Markt, sprechen Sie mit den Verk\u00e4ufern und lassen sich inspirieren.<\/p>\n<p>Wenn Sie es schnell und einfach m\u00f6gen, waschen Sie Ihr Kohlgem\u00fcse ausgiebig und schwitzen es einfach mit Zwiebeln in reichlich nativem <a href=\"https:\/\/www.flora-pharm.de\/blog\/fruehstueck-ist-fertig\/#comment-121\">Kokos\u00f6l<\/a> an. Wenn Sie es knackig m\u00f6gen, gen\u00fcgen durchschnittlich ca. 7-10 Minuten, sonst ggf. zum Schluss kurz den Deckel drauf, dann gart der Kohl nach. Wirsing ben\u00f6tigt in etwa die doppelte Zeit. W\u00fcrzen k\u00f6nnen Sie ganz nach Ihren Vorlieben, sehr gut eignen sich naturbelassene Kr\u00e4utersalze, Kurkuma, Pfeffer, angesto\u00dfener <a href=\"https:\/\/www.flora-pharm.de\/blog\/alles-kuemmel-oder-was\/\">K\u00fcmmel<\/a>, <a href=\"https:\/\/www.flora-pharm.de\/blog\/muskatnuss\/\">Muskat<\/a>, Zwiebeln, Soja Sauce etc.<\/p>\n<p>Und dann ist da ja noch das <strong>Vitamin C<\/strong>, hier ist Kohl ein wertvoller Versorger. Insbesondere Sauerkraut (entsteht durch milchsaure Verg\u00e4rung von rohem Wei\u00dfkohl) ist hervorzuheben. Wei\u00df-, Rot- und Wirsingkohl sind vom Vitamin C Gehalt mit Orangen vergleichbar, roher Gr\u00fcn- und Rosenkohl bringen sogar etwa die doppelte Menge mit.<br \/>\nPS: Weitere <a href=\"https:\/\/www.flora-pharm.de\/blog\/?s=Vitamin+C\">Vitamin-C-Artikel gibt es hier<\/a> im Blog.<\/p>\n<hr style=\"clear: both;\" \/>\n<h2>Gr\u00fcnkohl<\/h2>\n<p>Zum <strong>Gr\u00fcnkohl<\/strong> haben wir uns bereits im Rahmen des Rezeptes f\u00fcr einen \u201e<a href=\"https:\/\/www.flora-pharm.de\/blog\/wintersalat-mit-orangenfilets-und-feta\/\">Wintersalat mit Orangenfilets und Feta<\/a>\u201c sowie beim &#8222;<a href=\"https:\/\/www.flora-pharm.de\/blog\/gruenkohlsalat-mit-birne-und-walnuessen\/\">Gr\u00fcnkohlsalat mit Birne und Waln\u00fcssen<\/a>&#8220; ausgelassen, er hat von allen Kohlarten den h\u00f6chsten Kalium- und Vitamin-A-Gehalt und bringt reichlich Vitamin C, pflanzliches Eiwei\u00df, Ballaststoffe sowie weitere lebenswichtige N\u00e4hrstoffe mit.<\/p>\n<p>Bei unserem befreundeten Kochblog finden Sie zudem ein Rezept f\u00fcr den norddeutschen Klassiker &#8222;<a href=\"https:\/\/www.cooking-fun.de\/gruenkohl-mit-bregenwurst-bauchspeck-und-kassler-sowie-suessen-kartoffeln\/\" target=\"_blank\" rel=\"noopener\">Gr\u00fcnkohl mit Bregenwurst<\/a>&#8222;.<\/p>\n<hr style=\"clear: both;\" \/>\n<h2>Wei\u00df- \/ Rotkohl<\/h2>\n<p><strong>Wei\u00dfkohl<\/strong> ganzj\u00e4hrig erh\u00e4ltlich und vielf\u00e4ltig verwendbar: als Rohkost, als Sauerkraut und als gekochtes Gem\u00fcse. Er bringt u.a. Kalium, Magnesium, Eisen, Vitamine (C, B1 etc.), Calcium und schwefelhaltiges \u00d6l (Glucosinolate) mit. Sein <strong>roter<\/strong> Bruder wirft zudem seinen Farbstoff Anthocyan als sekund\u00e4ren Pflanzenstoff \u00a0mit ins Rennen. Anthocyane\u00a0 werden als gef\u00e4\u00dfsch\u00fctzende Antioxidantien eingestuft.<\/p>\n<p>Weiter unten finden Sie ein tolles rum\u00e4nisches Rezept f\u00fcr Kohlrouladen in sauer eingelegten Wei\u00dfkohlbl\u00e4ttern.<\/p>\n<hr style=\"clear: both;\" \/>\n<h2>Romanesco<\/h2>\n<p><a href=\"https:\/\/www.flora-pharm.de\/blog\/wp-content\/uploads\/2017\/02\/Romanesco-PD.jpg\"><img loading=\"lazy\" decoding=\"async\" data-attachment-id=\"3885\" data-permalink=\"https:\/\/www.flora-pharm.de\/blog\/kohl-das-gute-wintergemuese\/romanesco-pd\/\" data-orig-file=\"https:\/\/www.flora-pharm.de\/blog\/wp-content\/uploads\/2017\/02\/Romanesco-PD.jpg\" data-orig-size=\"600,800\" data-comments-opened=\"1\" data-image-meta=\"{&quot;aperture&quot;:&quot;2.2&quot;,&quot;credit&quot;:&quot;&quot;,&quot;camera&quot;:&quot;iPhone 6s&quot;,&quot;caption&quot;:&quot;&quot;,&quot;created_timestamp&quot;:&quot;1487828975&quot;,&quot;copyright&quot;:&quot;&quot;,&quot;focal_length&quot;:&quot;4.15&quot;,&quot;iso&quot;:&quot;200&quot;,&quot;shutter_speed&quot;:&quot;0.03030303030303&quot;,&quot;title&quot;:&quot;&quot;,&quot;orientation&quot;:&quot;1&quot;}\" data-image-title=\"Romanesco-PD\" data-image-description=\"&lt;p&gt;Romanesco&lt;\/p&gt;\n\" data-image-caption=\"&lt;p&gt;Romanesco&lt;\/p&gt;\n\" data-large-file=\"https:\/\/www.flora-pharm.de\/blog\/wp-content\/uploads\/2017\/02\/Romanesco-PD-600x800.jpg\" class=\"alignleft wp-image-3885 size-thumbnail\" src=\"https:\/\/www.flora-pharm.de\/blog\/wp-content\/uploads\/2017\/02\/Romanesco-PD-150x150.jpg\" alt=\"Romanesco\" width=\"150\" height=\"150\" \/><\/a>Mehr Farbe, tolle Optik, mehr wertvolle N\u00e4hrstoffe: Hier \u00a0kann Romanesco gegen\u00fcber seinem Vetter, dem Blumenkohl, zum Beispiel mit einem bis zu 80 % h\u00f6heren Gehalt an Provitamin A punkten. Au\u00dferdem enth\u00e4lt Romanesco im Vergleich zu Blumenkohl deutlich mehr Vitamin C und Carotin. Wegen seiner zarten Zellstrukturen ist Romanesco leicht verdaulich und perfekt auch f\u00fcr Schon- und Di\u00e4tgerichte. Zudem sieht er auch einfach sch\u00f6n aus.<\/p>\n<hr style=\"clear: both;\" \/>\n<h2>Wirsing<\/h2>\n<p><strong>Wirsing<\/strong>\u00a0Wird meist in irgendeiner Weise gegart verspeist. Die tolle Struktur seiner Bl\u00e4tter sieht spannend aus und erzeugt ein intensives Kauerlebnis. So gro\u00df, wie die Bl\u00e4tter sind, eignen sie sich hervorragend zum Umwickeln \u00a0\u2013 also f\u00fcr Wirsingrouladen oder einen&#8230;<\/p>\n<div style=\"margin-left: 20px;\"><strong><a href=\"https:\/\/www.flora-pharm.de\/blog\/wp-content\/uploads\/2017\/02\/krauttopf2-PD.jpg\"><img loading=\"lazy\" decoding=\"async\" data-attachment-id=\"3900\" data-permalink=\"https:\/\/www.flora-pharm.de\/blog\/kohl-das-gute-wintergemuese\/krauttopf2-pd\/\" data-orig-file=\"https:\/\/www.flora-pharm.de\/blog\/wp-content\/uploads\/2017\/02\/krauttopf2-PD.jpg\" data-orig-size=\"582,800\" data-comments-opened=\"1\" data-image-meta=\"{&quot;aperture&quot;:&quot;0&quot;,&quot;credit&quot;:&quot;&quot;,&quot;camera&quot;:&quot;&quot;,&quot;caption&quot;:&quot;&quot;,&quot;created_timestamp&quot;:&quot;0&quot;,&quot;copyright&quot;:&quot;&quot;,&quot;focal_length&quot;:&quot;0&quot;,&quot;iso&quot;:&quot;0&quot;,&quot;shutter_speed&quot;:&quot;0&quot;,&quot;title&quot;:&quot;&quot;,&quot;orientation&quot;:&quot;1&quot;}\" data-image-title=\"krauttopf2-PD\" data-image-description=\"\" data-image-caption=\"\" data-large-file=\"https:\/\/www.flora-pharm.de\/blog\/wp-content\/uploads\/2017\/02\/krauttopf2-PD-582x800.jpg\" class=\"alignleft size-thumbnail wp-image-3900\" src=\"https:\/\/www.flora-pharm.de\/blog\/wp-content\/uploads\/2017\/02\/krauttopf2-PD-150x150.jpg\" alt=\"\" width=\"150\" height=\"150\" \/><\/a>&#8230;Krauttopf mit Mett f\u00fcr 3-4 Personen:<\/strong><br \/>\nDazu einen ganzen Wirsing in d\u00fcnne Streifen schneiden, einige der \u00e4u\u00dferen gro\u00dfen gr\u00fcnen \u00a0Bl\u00e4tter ganz lassen (mit denen wird\u00a0 der Krauttopf zum Schluss oben abgedeckt und unten ausgeschichtet).<\/p>\n<p>Die ganzen Wirsingbl\u00e4tter kurz wenige Minuten in kochendem Wasser and\u00fcnsten und abschrecken.<br \/>\nDas Hackfleisch (ca. 500g je nach Topfgr\u00f6\u00dfe,\u00a0 m\u00f6glichst Bio-Rind) nach Vorliebe w\u00fcrzen (Pfeffer, Salz, Paprika, Dijon-Senf, Ei, 1 TL Worchester Sauce, 2 Priesen Zucker, etwas Muskat, Rosmarin). \u00a0Drei Zwiebeln \u00a0im Topf in reichlich Kokos\u00f6l oder Ghee anbraten, dann das Hack dazugeben und kurz danach die H\u00e4lfte des geschnittenen Wirsingkopfes gesalzen und gepfeffert sowie mit Muskat versehen dazugeben.<\/p>\n<p>Die Masse von der Platte nehmen und 2 ganze Eier unterr\u00fchren.<\/p>\n<p>In einer 2. Pfanne den restlichen geschnittenen Wirsing in etwas Fett mit Muskat separat anschwitzen.<\/p>\n<p>Eine Ofenform oder ofenfesten Topf mit den ganzen Bl\u00e4ttern auskleiden und die Hackmasse gefolgt von einer Wirsingschicht einschichten und jeweils mit ganzem Blatt abdecken. 1-2 Mal wiederholen und mit den gr\u00fcnsten ganzen Bl\u00e4ttern oben abdecken. Zum Schluss etwas andr\u00fccken und mit ca. 250ml d\u00fcnner Biobr\u00fche \u00fcbergie\u00dfen, von oben salzen und pfeffern. Den Krauttopf oder die Ofenform f\u00fcr etwa 45 Minuten im Backofen mit Deckel bei Umluft 175\u00b0C fertiggaren. Zum Ende der Garzeit, wenn der Kohl oben beginnt anzubr\u00e4unen, \u00a0ggf. Pecorino fein und d\u00fcnn dar\u00fcberreiben und ohne Deckel noch ca. 5 min im Ofen belassen.<br \/>\nZum Schluss die Wirsingtorte abgie\u00dfen, aus der entstandenen Br\u00fche mithilfe einer frisch angesetzten Mehlschwitze (<a href=\"http:\/\/www.cooking-fun.de\/spargelcremesuppe-auf-basis-einer-mehlschwitze\/\" target=\"_blank\" rel=\"noopener\">Hier<\/a> im Rahmen einer Spargelsuppe erkl\u00e4rt) eine So\u00dfe zubereiten und in Form von Kuchenst\u00fcckchen ggf. mit festkochenden Kartoffeln servieren. Ohne Kartoffeln ist es jedoch ein exzellentes Low-Carb-Gericht.<\/p>\n<\/div>\n<p><a href=\"https:\/\/www.flora-pharm.de\/blog\/wp-content\/uploads\/2019\/09\/wirsingroulade_013.jpg\"><img loading=\"lazy\" decoding=\"async\" data-attachment-id=\"6438\" data-permalink=\"https:\/\/www.flora-pharm.de\/blog\/kohl-das-gute-wintergemuese\/wirsingroulade_013\/\" data-orig-file=\"https:\/\/www.flora-pharm.de\/blog\/wp-content\/uploads\/2019\/09\/wirsingroulade_013.jpg\" data-orig-size=\"800,533\" data-comments-opened=\"1\" data-image-meta=\"{&quot;aperture&quot;:&quot;3.2&quot;,&quot;credit&quot;:&quot;&quot;,&quot;camera&quot;:&quot;Canon IXUS 130&quot;,&quot;caption&quot;:&quot;&quot;,&quot;created_timestamp&quot;:&quot;1358886850&quot;,&quot;copyright&quot;:&quot;All rights reserved&quot;,&quot;focal_length&quot;:&quot;6.377&quot;,&quot;iso&quot;:&quot;800&quot;,&quot;shutter_speed&quot;:&quot;0.076923076923077&quot;,&quot;title&quot;:&quot;&quot;,&quot;orientation&quot;:&quot;1&quot;}\" data-image-title=\"wirsingroulade_013\" data-image-description=\"\" data-image-caption=\"\" data-large-file=\"https:\/\/www.flora-pharm.de\/blog\/wp-content\/uploads\/2019\/09\/wirsingroulade_013-800x533.jpg\" class=\"alignleft size-thumbnail wp-image-6438\" src=\"https:\/\/www.flora-pharm.de\/blog\/wp-content\/uploads\/2019\/09\/wirsingroulade_013-150x150.jpg\" alt=\"\" width=\"150\" height=\"150\" \/><\/a>F\u00fcr Wirsingrouladen haben wir noch einen Link zu unserem befreundeten Blog cooking-fun: <a href=\"http:\/\/www.cooking-fun.de\/kohlroulade-vom-wirsing-mit-dicker-sose\/\" target=\"_blank\" rel=\"noopener\"><strong>Kohlroulade vom Wirsing mit dicker So\u00dfe<\/strong><\/a><\/p>\n<hr style=\"clear: both;\" \/>\n<h2>Rosenkohl<\/h2>\n<p><a href=\"https:\/\/www.flora-pharm.de\/blog\/wp-content\/uploads\/2019\/09\/rosenkohl-cookingfun-de.jpg\"><img loading=\"lazy\" decoding=\"async\" data-attachment-id=\"6437\" data-permalink=\"https:\/\/www.flora-pharm.de\/blog\/kohl-das-gute-wintergemuese\/rosenkohl-cookingfun-de\/\" data-orig-file=\"https:\/\/www.flora-pharm.de\/blog\/wp-content\/uploads\/2019\/09\/rosenkohl-cookingfun-de.jpg\" data-orig-size=\"800,533\" data-comments-opened=\"1\" data-image-meta=\"{&quot;aperture&quot;:&quot;2.2&quot;,&quot;credit&quot;:&quot;&quot;,&quot;camera&quot;:&quot;iPhone 6&quot;,&quot;caption&quot;:&quot;&quot;,&quot;created_timestamp&quot;:&quot;1488483701&quot;,&quot;copyright&quot;:&quot;All rights reserved&quot;,&quot;focal_length&quot;:&quot;4.15&quot;,&quot;iso&quot;:&quot;100&quot;,&quot;shutter_speed&quot;:&quot;0.03030303030303&quot;,&quot;title&quot;:&quot;&quot;,&quot;orientation&quot;:&quot;1&quot;}\" data-image-title=\"rosenkohl-cookingfun-de\" data-image-description=\"\" data-image-caption=\"\" data-large-file=\"https:\/\/www.flora-pharm.de\/blog\/wp-content\/uploads\/2019\/09\/rosenkohl-cookingfun-de-800x533.jpg\" class=\"alignleft size-thumbnail wp-image-6437\" src=\"https:\/\/www.flora-pharm.de\/blog\/wp-content\/uploads\/2019\/09\/rosenkohl-cookingfun-de-150x150.jpg\" alt=\"\" width=\"150\" height=\"150\" \/><\/a>Auch der mit sehr gemischten Emotionen behaftete <strong>Rosenkohl<\/strong> (manche lieben ihn, andere hassen ihn) bringt viel Vitamin C sowie Kalium, Magnesium, Calcium und Eisen auf den Teller. Er w\u00e4chst \u00fcbrigens nicht wie die anderen Kohlk\u00f6pfe am Boden sondern ringsherum an senkrecht hochwachsenden Stielen. Ihn und den Gr\u00fcnkohl verbindet die Tatsache, dass Sie nach dem ersten Frost einen erh\u00f6hten Zuckergehalt bekommen, obwohl dies durch moderne Z\u00fcchtungen immer weniger relevant wird.<\/p>\n<p>Auch hierzu finden Sie einige Rezepte auf cooking-fun.de unter dem Schlagwort: <a href=\"http:\/\/www.cooking-fun.de\/tag\/rosenkohl\/\" target=\"_blank\" rel=\"noopener noreferrer\">Rosenkohl<\/a><\/p>\n<hr style=\"clear: both;\" \/>\n<h2>Kohlrabi<\/h2>\n<p>Ach ja, da w\u00e4re noch der meist ohnehin stiefm\u00fctterlich behandelte <strong>KOHLrabi<\/strong>, er ist zwar entfernt mit Kohl verwand, geschmacklich und optisch ist das aber nicht mehr auszumachen. Schmecken tut er aber trotzdem, nicht nur als Suppengem\u00fcse.<\/p>\n<p><a href=\"https:\/\/www.flora-pharm.de\/blog\/wp-content\/uploads\/2017\/02\/Riesenschmelzkohlrabi-PD.jpg\"><img loading=\"lazy\" decoding=\"async\" data-attachment-id=\"3884\" data-permalink=\"https:\/\/www.flora-pharm.de\/blog\/kohl-das-gute-wintergemuese\/riesenschmelzkohlrabi-pd\/\" data-orig-file=\"https:\/\/www.flora-pharm.de\/blog\/wp-content\/uploads\/2017\/02\/Riesenschmelzkohlrabi-PD.jpg\" data-orig-size=\"800,600\" data-comments-opened=\"1\" data-image-meta=\"{&quot;aperture&quot;:&quot;2.2&quot;,&quot;credit&quot;:&quot;&quot;,&quot;camera&quot;:&quot;iPhone 6s&quot;,&quot;caption&quot;:&quot;&quot;,&quot;created_timestamp&quot;:&quot;1487829067&quot;,&quot;copyright&quot;:&quot;&quot;,&quot;focal_length&quot;:&quot;4.15&quot;,&quot;iso&quot;:&quot;160&quot;,&quot;shutter_speed&quot;:&quot;0.03030303030303&quot;,&quot;title&quot;:&quot;&quot;,&quot;orientation&quot;:&quot;1&quot;}\" data-image-title=\"Riesenschmelzkohlrabi-PD\" data-image-description=\"\" data-image-caption=\"\" data-large-file=\"https:\/\/www.flora-pharm.de\/blog\/wp-content\/uploads\/2017\/02\/Riesenschmelzkohlrabi-PD-800x600.jpg\" class=\"alignleft size-thumbnail wp-image-3884\" src=\"https:\/\/www.flora-pharm.de\/blog\/wp-content\/uploads\/2017\/02\/Riesenschmelzkohlrabi-PD-150x150.jpg\" alt=\"\" width=\"150\" height=\"150\" \/><\/a>Hier gibt es auch als in Deutschland noch recht unbekannte Variante den <strong>Riesenschmelzkohlrabi<\/strong>, der seinem Namen alle Ehre macht.<\/p>\n<p>Kurz angeschwitzt oder ged\u00fcnstet ist er wesentlich feiner im Aroma und zergeht leicht schmelzend beim Kauen im Mund. Falls der Geschmack noch immer zu intensiv sein sollte, kann man sich beim Fenchel bedienen, um eine weitere Note einzubringen: Dazu einfach gewaschenen und fein geschnittenen Fenchel sowie 1 Zwiebel mit anschwitzen.<\/p>\n<hr style=\"clear: both;\" \/>\n<h2>Sarmale (Rum\u00e4nische Kohlrouladen)<\/h2>\n<p><a href=\"https:\/\/www.flora-pharm.de\/blog\/wp-content\/uploads\/2020\/03\/sarmale.jpg\"><img loading=\"lazy\" decoding=\"async\" data-attachment-id=\"6746\" data-permalink=\"https:\/\/www.flora-pharm.de\/blog\/kohl-das-gute-wintergemuese\/flora-apotheke-hannover-217\/\" data-orig-file=\"https:\/\/www.flora-pharm.de\/blog\/wp-content\/uploads\/2020\/03\/sarmale.jpg\" data-orig-size=\"800,800\" data-comments-opened=\"1\" data-image-meta=\"{&quot;aperture&quot;:&quot;0&quot;,&quot;credit&quot;:&quot;(JB)&quot;,&quot;camera&quot;:&quot;&quot;,&quot;caption&quot;:&quot;Flora Apotheke Hannover&quot;,&quot;created_timestamp&quot;:&quot;0&quot;,&quot;copyright&quot;:&quot;Flora Pharmacy Hanover Germany&quot;,&quot;focal_length&quot;:&quot;0&quot;,&quot;iso&quot;:&quot;0&quot;,&quot;shutter_speed&quot;:&quot;0&quot;,&quot;title&quot;:&quot;Flora Apotheke Hannover&quot;,&quot;orientation&quot;:&quot;1&quot;}\" data-image-title=\"Sarmale\" data-image-description=\"\" data-image-caption=\"\" data-large-file=\"https:\/\/www.flora-pharm.de\/blog\/wp-content\/uploads\/2020\/03\/sarmale.jpg\" class=\"alignleft size-thumbnail wp-image-6746\" src=\"https:\/\/www.flora-pharm.de\/blog\/wp-content\/uploads\/2020\/03\/sarmale-150x150.jpg\" alt=\"Sarmale - rum\u00e4nische Kohlrouladen\" width=\"150\" height=\"150\" srcset=\"https:\/\/www.flora-pharm.de\/blog\/wp-content\/uploads\/2020\/03\/sarmale-150x150.jpg 150w, https:\/\/www.flora-pharm.de\/blog\/wp-content\/uploads\/2020\/03\/sarmale-300x300.jpg 300w, https:\/\/www.flora-pharm.de\/blog\/wp-content\/uploads\/2020\/03\/sarmale.jpg 800w\" sizes=\"auto, (max-width: 150px) 100vw, 150px\" \/><\/a>Unsere liebe Kollegin Roxy ist so nett und steuert ihr rum\u00e4nisches Familienrezept f\u00fcr diese leckeren Rouladen in sauer eingelegten Kohlbl\u00e4ttern bei. Sarmale (Singular: Sarma), so der rum\u00e4nische Name, sind wirklich eine tolle Version der Kohlroulade.<\/p>\n<p><strong>Zutaten<\/strong><\/p>\n<ul>\n<li>500g Hackfleisch (50:50 Schwein\/Rind)<\/li>\n<li>100g Reis<\/li>\n<li>1-2 Zwiebeln<\/li>\n<li>2 EL Tomatenmark<\/li>\n<li>\u00bd TL Bohnenkraut<\/li>\n<li>Frisch gehackte Petersilie (oder Dill &#8211; nach eigenem Geschmack)<\/li>\n<li>500ml Rinderbr\u00fche<\/li>\n<li>Sauer eingelegte Wei\u00dfkohlbl\u00e4tter\n<ul>\n<li>oder Wei\u00dfkohl frisch (+ 150ml wei\u00dfer Balsamico Essig)<\/li>\n<\/ul>\n<\/li>\n<li>4-5 Lorbeerbl\u00e4tter<\/li>\n<li>Salz<\/li>\n<li>Pfeffer<\/li>\n<\/ul>\n<p>Eingelegte Sauerkrautbl\u00e4tter oder ganze sauer eingelegte Wei\u00dfkohlk\u00f6pfe bekommt man eher in t\u00fcrkischen oder russischen L\u00e4den. Im \u201enormalen\u201c deutschen Supermarkt kann es etwas schwieriger werden, aber dann greift man zu einem frischen Wei\u00dfkohl und legt diesen selbst ein.<\/p>\n<p>Das Einlegen ist aber langwierig (etwa zwei Wochen). Eine fixe Sauerkraut Variante: Man legt den ges\u00e4uberten Kohlkopf in einen gro\u00dfen Topf, gie\u00dft 150 ml wei\u00dfen Balsamico Essig sowie 100ml Wasser an und erg\u00e4nzt etwas Salz, Pfeffer sowie eine Prise Zucker. Das l\u00e4sst man einmal aufkochen, dann auf niedriger Flamme etwa 50 Minuten weiter k\u00f6cheln. Kalt abbrausen und nachdem der Kohl gr\u00f6\u00dftenteils abgek\u00fchlt ist, den Strunk entfernen und etwa 12-16 gro\u00dfe Bl\u00e4tter abl\u00f6sen. Den harten Teil der Bl\u00e4tter (Strunkreste) wegschneiden. Bei allem Vorsicht walten lassen, um die Bl\u00e4tter nicht zu besch\u00e4digen.<\/p>\n<p>Den Rest vom Kohl bzw. den eingelegten Bl\u00e4ttern hacken.<\/p>\n<p>Die Zwiebeln fein w\u00fcrfeln. In einer Pfanne den Reis zusammen mit den Zwiebelw\u00fcrfeln und 1EL Tomatenmark kurz anbraten, dann mit etwas Wasser abl\u00f6schen. Es soll ein noch recht bissiger Reis entstehen.<\/p>\n<p>In einer Sch\u00fcssel das Hackfleisch mit dem angebratenen Reis, Salz, Pfeffer, Bohnenkraut und Petersilie (oder Dill) vermischen. Etwas kaltes Wasser zugeben, damit die F\u00fcllung lockerer wird.<\/p>\n<p>Sauerkrautbl\u00e4tter vereinzeln und ausbreiten. In jedes Kohlblatt 1-2 EL der Hackmasse f\u00fcllen. Die Seiten einschlagen und aufrollen, so dass die Rouladen geschlossen sind. Nicht zu fest einrollen, da der Reis beim Kochen noch ein wenig Volumen zulegt. Klassischerweise ist ein Sarma eher klein (1 EL).<\/p>\n<p>Einen ausreichend gro\u00dfen Topf nehmen, den Boden mit den gehackten Kohlbl\u00e4ttern bedecken und die Rouladen dicht an dicht im Topf auslegen. Hier und da zwischen die Rouladen Lorbeerbl\u00e4tter stecken. Die Oberseiten der Rouladen mit dem restlichen Tomatenmark bepinseln und die Br\u00fche angie\u00dfen.<\/p>\n<p>Gegebenenfalls bei gr\u00f6\u00dferer Menge die Sarmale immer mit einer Zwischenschicht gehackter Kohlbl\u00e4tter schichten und sp\u00e4ter bis 1-2 fingerbreit unter der obersten Schicht mit Br\u00fche auff\u00fcllen.<\/p>\n<p>Das Ganze auf kleiner Flamme (damit die Rouladen nicht auseinander gehen) 60 Minuten k\u00f6cheln lassen. Den Topf dann noch f\u00fcr weitere 30 Minuten bei niedriger Temperatur in den Ofen stellen.<\/p>\n<p>Als Beilage empfiehlt Roxy M\u0103m\u0103lig\u0103 (fester Brei aus Maisgrie\u00df, \u00e4hnlich der Polenta), Polenta oder Kartoffeln und einen Klecks Joghurt oder <span class=\"st\">Cr\u00e8me fra\u00eeche<\/span>.<\/p>\n<p>Roxy w\u00fcnscht: Guten Appetit!<\/p>\n<hr style=\"clear: both;\" \/>\n<p>Machen Sie sich den Rest der kalten Jahreszeit mit Kohl kulinarisch gem\u00fctlich. Und keine Angst, gegen die oftmals bef\u00fcrchteten Abwinde werden bei der Zubereitung zumeist bl\u00e4hungsreduzierende Gew\u00fcrze (z.B. K\u00fcmmel) oder Kr\u00e4uter verwendet. Auch die Zubereitung selbst kann dem wirkungsvoll entgegenwirken. Also ab auf den Markt\u2026<\/p>\n<hr \/>\n<p><em>Inspiriert durch \u201eKohl in allen Farben und Formen\u201c (PTAheute, 4\/ 2017)<\/em><\/p>\n","protected":false},"excerpt":{"rendered":"<p>Wei\u00dfkohl, Rotkohl, Gr\u00fcnkohl, Wirsingkohl, Rosenkohl &#8211; Kohl in allen Formen wird der hiesigen Winterk\u00fcche zugeschrieben aber manche Sorten finden zurecht auch ganzj\u00e4hrig Verwendung. Kohl schmeckt, ist vielseitig und liefert jede Menge wertvolle N\u00e4hrstoffe. Alle Kohlgem\u00fcse sind reich an Mineralstoffen, Vitaminen, Spurenelementen, sekund\u00e4ren Pflanzenstoffen (Senf\u00f6lglykoside)\u00a0 und weiteren bioaktiven Substanzen. Zudem liefern sie dem K\u00f6rper u.a. f\u00fcr [&hellip;]<\/p>\n","protected":false},"author":1,"featured_media":3886,"comment_status":"open","ping_status":"open","sticky":false,"template":"","format":"standard","meta":{"jetpack_post_was_ever_published":false,"_jetpack_newsletter_access":"","_jetpack_dont_email_post_to_subs":true,"_jetpack_newsletter_tier_id":0,"_jetpack_memberships_contains_paywalled_content":false,"_jetpack_memberships_contains_paid_content":false,"footnotes":""},"categories":[360,8],"tags":[239],"class_list":["post-3888","post","type-post","status-publish","format-standard","has-post-thumbnail","hentry","category-rezept","category-wissenswert","tag-ernaehrung","has-post-title","has-post-date","has-post-category","has-post-tag","has-post-comment","has-post-author",""],"jetpack_featured_media_url":"https:\/\/www.flora-pharm.de\/blog\/wp-content\/uploads\/2017\/02\/kohl.jpg","jetpack-related-posts":[{"id":3813,"url":"https:\/\/www.flora-pharm.de\/blog\/wintersalat-mit-orangenfilets-und-feta\/","url_meta":{"origin":3888,"position":0},"title":"Wintersalat mit Orangenfilets und Feta","author":"Flora Team","date":"1. Februar 2017","format":false,"excerpt":"Im Winter l\u00e4sst sich Gr\u00fcnkohl gern von Zitrusfr\u00fcchten begleiten. Dazu gesellt sich w\u00fcrziger Feta. Bei diesem Rezept k\u00f6nnen Sie nach Herzenslust experimentieren: mit Grapefruit-, Mandarinen- oder Orangenfilets, deren Saft eine k\u00f6stliche Vinaigrette ergibt. Dazu passen aber auch im Backofen karamellisierte Zitronenscheiben mit verschiedensten Gew\u00fcrzen. Geben Sie ein paar ger\u00f6stete N\u00fcsse\u2026","rel":"","context":"In &quot;Rezept&quot;","block_context":{"text":"Rezept","link":"https:\/\/www.flora-pharm.de\/blog\/category\/rezept\/"},"img":{"alt_text":"","src":"https:\/\/i0.wp.com\/www.flora-pharm.de\/blog\/wp-content\/uploads\/2017\/01\/wintersalat.jpg?resize=350%2C200&ssl=1","width":350,"height":200,"srcset":"https:\/\/i0.wp.com\/www.flora-pharm.de\/blog\/wp-content\/uploads\/2017\/01\/wintersalat.jpg?resize=350%2C200&ssl=1 1x, https:\/\/i0.wp.com\/www.flora-pharm.de\/blog\/wp-content\/uploads\/2017\/01\/wintersalat.jpg?resize=525%2C300&ssl=1 1.5x, https:\/\/i0.wp.com\/www.flora-pharm.de\/blog\/wp-content\/uploads\/2017\/01\/wintersalat.jpg?resize=700%2C400&ssl=1 2x"},"classes":[]},{"id":6941,"url":"https:\/\/www.flora-pharm.de\/blog\/bunter-blumenkohl-salat\/","url_meta":{"origin":3888,"position":1},"title":"Bunter Blumenkohl-Salat","author":"Flora Team","date":"29. Mai 2020","format":false,"excerpt":"Blumenkohl im farbenfrohen Sommerkleid Wie w\u00e4re es mal mit einem violetten Blumenkohl? Eine nat\u00fcrliche Z\u00fcchtung mit hohem Gehalt an gesunden, z.B. augensch\u00fctzenden Anthozyanen (Pflanzenfarbstoffe), wie man sie u.a. auch in der Roten Bete findet. Man bekommt ihn in gutsortierten M\u00e4rkten. Am besten als Rohkost(-salat) verarbeiten, da die empfindlichen Farbstoffe sonst\u2026","rel":"","context":"In &quot;Rezept&quot;","block_context":{"text":"Rezept","link":"https:\/\/www.flora-pharm.de\/blog\/category\/rezept\/"},"img":{"alt_text":"","src":"https:\/\/i0.wp.com\/www.flora-pharm.de\/blog\/wp-content\/uploads\/2020\/05\/bunter-blumenkohl-salat.jpg?resize=350%2C200&ssl=1","width":350,"height":200,"srcset":"https:\/\/i0.wp.com\/www.flora-pharm.de\/blog\/wp-content\/uploads\/2020\/05\/bunter-blumenkohl-salat.jpg?resize=350%2C200&ssl=1 1x, https:\/\/i0.wp.com\/www.flora-pharm.de\/blog\/wp-content\/uploads\/2020\/05\/bunter-blumenkohl-salat.jpg?resize=525%2C300&ssl=1 1.5x, https:\/\/i0.wp.com\/www.flora-pharm.de\/blog\/wp-content\/uploads\/2020\/05\/bunter-blumenkohl-salat.jpg?resize=700%2C400&ssl=1 2x"},"classes":[]},{"id":3905,"url":"https:\/\/www.flora-pharm.de\/blog\/low-carb-oder-besser-no-carb\/","url_meta":{"origin":3888,"position":2},"title":"Low Carb oder besser No Carb?","author":"Flora Team","date":"1. M\u00e4rz 2017","format":false,"excerpt":"Kennen Sie den Unterschied zwischen der kohlenhydratreduzierten (Low Carb) und der ketogenen Ern\u00e4hrung (No Carb)? Der folgende Beitrag stammt von einer gesch\u00e4tzten Gast-Autorin, der Heilpraktikerin Dr. Annette Pitzer. Am Fu\u00dfe des Artikels haben wir erg\u00e4nzend noch einige Low Carb Rezepte f\u00fcr Sie gesammelt. Kohlenhydratreduktion, heute als Low Carb Ern\u00e4hrung bekannt,\u2026","rel":"","context":"In &quot;Flora Apotheke&quot;","block_context":{"text":"Flora Apotheke","link":"https:\/\/www.flora-pharm.de\/blog\/category\/flora-apotheke\/"},"img":{"alt_text":"","src":"https:\/\/i0.wp.com\/www.flora-pharm.de\/blog\/wp-content\/uploads\/2017\/01\/low-carb_no-carb.jpg?resize=350%2C200&ssl=1","width":350,"height":200,"srcset":"https:\/\/i0.wp.com\/www.flora-pharm.de\/blog\/wp-content\/uploads\/2017\/01\/low-carb_no-carb.jpg?resize=350%2C200&ssl=1 1x, https:\/\/i0.wp.com\/www.flora-pharm.de\/blog\/wp-content\/uploads\/2017\/01\/low-carb_no-carb.jpg?resize=525%2C300&ssl=1 1.5x, https:\/\/i0.wp.com\/www.flora-pharm.de\/blog\/wp-content\/uploads\/2017\/01\/low-carb_no-carb.jpg?resize=700%2C400&ssl=1 2x"},"classes":[]},{"id":3530,"url":"https:\/\/www.flora-pharm.de\/blog\/so-schmeckt-der-herbst\/","url_meta":{"origin":3888,"position":3},"title":"So schmeckt der Herbst!","author":"Flora Team","date":"12. Oktober 2016","format":false,"excerpt":"Bunt und vielf\u00e4ltig ist nun das Gem\u00fcse- und Obstangebot. \u00a0 Duftende Quitten Goldgelbe Quitten enthalten reichlich Kalium, Vitamin C, Vitamine der B-Gruppe, \u00e4therische \u00d6le, Fruchts\u00e4uren, Gerbs\u00e4uren, Ballaststoffe (Pektine) und Schleimstoffe. Durch die Quellwirkung der Pektine k\u00f6nnen Giftstoffe und Cholesterin im Darm gebunden werden. Quitten besitzen gro\u00dfe Heilkraft! Sie st\u00e4rken die\u2026","rel":"","context":"In &quot;Rezept&quot;","block_context":{"text":"Rezept","link":"https:\/\/www.flora-pharm.de\/blog\/category\/rezept\/"},"img":{"alt_text":"","src":"https:\/\/i0.wp.com\/www.flora-pharm.de\/blog\/wp-content\/uploads\/2016\/10\/so%20schmeckt%20der%20herbst.jpg?resize=350%2C200&ssl=1","width":350,"height":200,"srcset":"https:\/\/i0.wp.com\/www.flora-pharm.de\/blog\/wp-content\/uploads\/2016\/10\/so%20schmeckt%20der%20herbst.jpg?resize=350%2C200&ssl=1 1x, https:\/\/i0.wp.com\/www.flora-pharm.de\/blog\/wp-content\/uploads\/2016\/10\/so%20schmeckt%20der%20herbst.jpg?resize=525%2C300&ssl=1 1.5x, https:\/\/i0.wp.com\/www.flora-pharm.de\/blog\/wp-content\/uploads\/2016\/10\/so%20schmeckt%20der%20herbst.jpg?resize=700%2C400&ssl=1 2x"},"classes":[]},{"id":8545,"url":"https:\/\/www.flora-pharm.de\/blog\/gruenkohlsalat-mit-birne-und-walnuessen\/","url_meta":{"origin":3888,"position":4},"title":"Gr\u00fcnkohlsalat mit Birne und Waln\u00fcssen","author":"Flora Team","date":"19. Dezember 2022","format":false,"excerpt":"Gr\u00fcnkohlsalat mit Birne und Waln\u00fcssen, das einfache Rezept f\u00fcr eine genussvolle, winterliche Vorspeise mit saisonalem Vitamin-Bums.","rel":"","context":"In &quot;Rezept&quot;","block_context":{"text":"Rezept","link":"https:\/\/www.flora-pharm.de\/blog\/category\/rezept\/"},"img":{"alt_text":"gr\u00fcnkohlsalat","src":"https:\/\/i0.wp.com\/www.flora-pharm.de\/blog\/wp-content\/uploads\/2022\/11\/gruenkohlsalat.jpg?resize=350%2C200&ssl=1","width":350,"height":200,"srcset":"https:\/\/i0.wp.com\/www.flora-pharm.de\/blog\/wp-content\/uploads\/2022\/11\/gruenkohlsalat.jpg?resize=350%2C200&ssl=1 1x, https:\/\/i0.wp.com\/www.flora-pharm.de\/blog\/wp-content\/uploads\/2022\/11\/gruenkohlsalat.jpg?resize=525%2C300&ssl=1 1.5x, https:\/\/i0.wp.com\/www.flora-pharm.de\/blog\/wp-content\/uploads\/2022\/11\/gruenkohlsalat.jpg?resize=700%2C400&ssl=1 2x, https:\/\/i0.wp.com\/www.flora-pharm.de\/blog\/wp-content\/uploads\/2022\/11\/gruenkohlsalat.jpg?resize=1050%2C600&ssl=1 3x"},"classes":[]},{"id":7353,"url":"https:\/\/www.flora-pharm.de\/blog\/machen-kohlenhydrate-dick\/","url_meta":{"origin":3888,"position":5},"title":"Machen Kohlenhydrate dick?","author":"Flora Team","date":"12. M\u00e4rz 2021","format":false,"excerpt":"Jeder kennt sie seit Kindertagen: die alten Weisheiten, die sich um unsere Gesundheit ranken. Sind sie wahr oder falsch? Medizin oder Mythos? Nudeln, nein danke. Kartoffeln? Lieber nicht. Sonst ist die gute Figur bald ruiniert. Ist das wirklich so? Stefanie Happ stellt diesen Mythos auf den Pr\u00fcfstand. Erg\u00e4nzt um Beispiele\u2026","rel":"","context":"In &quot;Wissenswert&quot;","block_context":{"text":"Wissenswert","link":"https:\/\/www.flora-pharm.de\/blog\/category\/wissenswert\/"},"img":{"alt_text":"Machen Kohlenhydrate fett? Was ist dran am Mythos?","src":"https:\/\/i0.wp.com\/www.flora-pharm.de\/blog\/wp-content\/uploads\/2021\/01\/mythos-kohlenhyydrate-dick.jpg?resize=350%2C200&ssl=1","width":350,"height":200,"srcset":"https:\/\/i0.wp.com\/www.flora-pharm.de\/blog\/wp-content\/uploads\/2021\/01\/mythos-kohlenhyydrate-dick.jpg?resize=350%2C200&ssl=1 1x, https:\/\/i0.wp.com\/www.flora-pharm.de\/blog\/wp-content\/uploads\/2021\/01\/mythos-kohlenhyydrate-dick.jpg?resize=525%2C300&ssl=1 1.5x, https:\/\/i0.wp.com\/www.flora-pharm.de\/blog\/wp-content\/uploads\/2021\/01\/mythos-kohlenhyydrate-dick.jpg?resize=700%2C400&ssl=1 2x"},"classes":[]}],"jetpack_sharing_enabled":true,"_links":{"self":[{"href":"https:\/\/www.flora-pharm.de\/blog\/wp-json\/wp\/v2\/posts\/3888","targetHints":{"allow":["GET"]}}],"collection":[{"href":"https:\/\/www.flora-pharm.de\/blog\/wp-json\/wp\/v2\/posts"}],"about":[{"href":"https:\/\/www.flora-pharm.de\/blog\/wp-json\/wp\/v2\/types\/post"}],"author":[{"embeddable":true,"href":"https:\/\/www.flora-pharm.de\/blog\/wp-json\/wp\/v2\/users\/1"}],"replies":[{"embeddable":true,"href":"https:\/\/www.flora-pharm.de\/blog\/wp-json\/wp\/v2\/comments?post=3888"}],"version-history":[{"count":30,"href":"https:\/\/www.flora-pharm.de\/blog\/wp-json\/wp\/v2\/posts\/3888\/revisions"}],"predecessor-version":[{"id":8592,"href":"https:\/\/www.flora-pharm.de\/blog\/wp-json\/wp\/v2\/posts\/3888\/revisions\/8592"}],"wp:featuredmedia":[{"embeddable":true,"href":"https:\/\/www.flora-pharm.de\/blog\/wp-json\/wp\/v2\/media\/3886"}],"wp:attachment":[{"href":"https:\/\/www.flora-pharm.de\/blog\/wp-json\/wp\/v2\/media?parent=3888"}],"wp:term":[{"taxonomy":"category","embeddable":true,"href":"https:\/\/www.flora-pharm.de\/blog\/wp-json\/wp\/v2\/categories?post=3888"},{"taxonomy":"post_tag","embeddable":true,"href":"https:\/\/www.flora-pharm.de\/blog\/wp-json\/wp\/v2\/tags?post=3888"}],"curies":[{"name":"wp","href":"https:\/\/api.w.org\/{rel}","templated":true}]}}