{"id":4224,"date":"2017-06-06T10:48:10","date_gmt":"2017-06-06T08:48:10","guid":{"rendered":"http:\/\/www.flora-pharm.de\/blog\/?p=4224"},"modified":"2017-06-07T11:49:31","modified_gmt":"2017-06-07T09:49:31","slug":"kraeuter-fuer-seele-leib-und-sinne","status":"publish","type":"post","link":"https:\/\/www.flora-pharm.de\/blog\/kraeuter-fuer-seele-leib-und-sinne\/","title":{"rendered":"Kr\u00e4uter f\u00fcr Seele, Leib und Sinne"},"content":{"rendered":"<p><strong>Inspiration Klostergarten<\/strong><br \/>\nGeschichten aus dem mittelalterlichen Klosteralltag muten heute an wie M\u00e4rchen. Doch nicht alles ist so weit entr\u00fcckt, denn das Wissen um Kr\u00e4uter und ihre heilenden Anwendungen ist aktueller denn je. Junge und \u00e4ltere Menschen interessieren sich wieder mehr f\u00fcr die Pflanzenvielfalt und suchen nach fachkundiger Beratung. Was w\u00fcrde sich dazu besser anbieten, als ein sommerlicher Kr\u00e4utergarten innerhalb einer romantischen Kulisse, wie sie das am unteren Niederrhein gelegene Kloster Kamp bietet?<\/p>\n<p>&nbsp;<\/p>\n<h2>Himmel und Erde<\/h2>\n<p>Es ist ein warmer Nachmittag, der Weg zum Kloster Kamp im Kreis Wesel f\u00fchrt durch sattes Gr\u00fcn auf den Kamper Berg. Beeindruckend empf\u00e4ngt der Abteiplatz den Besucher, sein Rasen liegt gleichsam wie ein Teppich vor der imposanten Silhouette der Abteikirche, gegr\u00fcndet im Jahr 1123 als erstes Zisterzienserkloster im deutschen Raum. Die wundersch\u00f6nen Gartenanlagen zeigen sich liebevoll gepflegt. Man f\u00fchlt sich willkommen, fern vom Alltagsstress kann die Seele aufatmen. Ganz im Geist der <a href=\"https:\/\/www.flora-pharm.de\/blog\/fasten-nach-hildegard-von-bingen\/\">Hildegard von Bingen<\/a>, Heilige und Kr\u00e4uterkundige des Mittelalters, deren Abbild sich auf einem gestickten Altarvorhang (Kamper Antependium) aus dem 14. Jahrhundert im Museum des Klosters befindet. Seele, Leib und Sinne in der Lebensf\u00fchrung ausgewogen zu beachten, hielt sie f\u00fcr wichtig, um gesund zu bleiben.<\/p>\n<p>&nbsp;<\/p>\n<p>Eine artenreiche Pflanzenpracht s\u00e4umt den Weg in den Kr\u00e4utergarten, der mit seinen W\u00fcrz- und Heilkr\u00e4utern seit alters her ein wichtiger Teil des Klosterlebens war. Es wird ein Fest f\u00fcr die Sinne, dem sich auch viele andere Besucher nicht entziehen k\u00f6nnen. Kr\u00e4uterlandfrau und G\u00e4rtnerin Cornelia Merkamp, die sich hier seit 2012 ehrenamtlich mit einem Team um die Beete k\u00fcmmert, freut sich \u00fcber den immer gr\u00f6\u00dfer werdenden Besucherstrom. \u201eJa\u201c, best\u00e4tigt sie, \u201eKr\u00e4uter sind wieder absolut in.\u201c<\/p>\n<p>&nbsp;<\/p>\n<p>Hier im Klostergarten hinter Abteikirche und Kapelle wirkt die Kr\u00e4uterp\u00e4dagogin im wahrsten Sinne des Wortes in \u201eihren Elementen\u201c. Das Zentrum der Anlage innerhalb der sch\u00fctzenden alten Mauern zeigt sich als gro\u00dfer Kreis. Wege aus niederrheintypischem Perlkies teilen das Rund kreuzf\u00f6rmig in vier Beete. Bequem l\u00e4sst sich dieser Boden beschreiten, der Kies dient zudem als W\u00e4rmespeicher f\u00fcr die nebenstehenden Pflanzen.<\/p>\n<p>&nbsp;<\/p>\n<p>Den Mittelpunkt des Kreises markiert ein Tisch aus Eisen, Symbol f\u00fcr die Quelle des Lebens. Er verweist auch auf die vier Hauptbeete, welche thematisch f\u00fcr die Elemente Wasser, Luft, Feuer und Erde stehen.<\/p>\n<p>&nbsp;<\/p>\n<p>\u201eIn jeder Jahreszeit pr\u00e4sentiert unser Kr\u00e4utergarten seine Sch\u00e4tze\u201c, so Cornelia Merkamp. \u201eNat\u00fcrlich zieht er in den Sommermonaten die meisten Besucher an, die schauen wollen, aber auch anfassen, kosten und ebenso die vielen verschiedenen D\u00fcfte genie\u00dfen.\u201c Im <strong>Beet Himmel<\/strong> recken sich Kr\u00e4uter in die H\u00f6he, die auch eine Weide f\u00fcr Insekten sind. Dazu geh\u00f6ren Zwiebelpflanzen unterschiedlichster Art, auch Zitronenmelisse, Oregano, Thymian oder Lavendel. Wildpflanzen wie Brennnessel und Spitzwegerich \u00fcberraschen im <strong>Beet Erde<\/strong>. Eine w\u00e4rmeliebende, stark duftende Kr\u00e4utersammlung, Rosen und Ginkgo \u2013 traditionelle und moderne Heilpflanzen als Partner \u2013 machen das <strong>Beet Leben<\/strong> aus. In ihm f\u00fchlen sich die seit der Antike als leichtes Abf\u00fchrmittel genutzte Feige, der verdauungsf\u00f6rdernde Gew\u00fcrzlorbeer, Salbei, Ysop, der in der Klosterheilkunde sehr gesch\u00e4tzte Fenchel und viele Minzearten wohl. Vor allem gelbbl\u00fchende Kr\u00e4uterpflanzen sind dem <strong>Beet Feuer<\/strong> zugeordnet, einige davon sind lange Zeit in Vergessenheit geraten, feiern aktuell aber ein Comeback, wie die Erdartischocke oder auch Topinambur.<\/p>\n<p>&nbsp;<\/p>\n<h2>AHA-Effekt f\u00fcr Gaumen und Nase<\/h2>\n<p>Bei ihren regelm\u00e4\u00dfigen F\u00fchrungen durch das kl\u00f6sterliche Kleinod h\u00f6rt Cornelia Merkamp die unterschiedlichsten Motive f\u00fcr den Besuch des Kr\u00e4utergartens. Jetzt, w\u00e4hrend der Saison f\u00fcr gem\u00fctliche Treffen im Freien und Grillabende, wird besonders oft nach W\u00fcrzkr\u00e4utern gefragt. \u201eDa kosten sich vor allem die M\u00e4nner querbeet durch die Pflanzenwelt, auf der Suche nach kr\u00e4ftigen Aromen, und freuen sich \u00fcber unsere Empfehlungen f\u00fcr ein herzhaftes Gr\u00fcnzeugpesto. Frauen werden jetzt eher vom bl\u00fchenden Lavendel und seinem intensiven Duft angezogen, fragen nach M\u00f6glichkeiten, seine \u00e4therischen \u00d6le f\u00fcr das t\u00e4gliche Wohlbefinden zu nutzen. Nur wenige wissen, dass Lavendelbl\u00fcten auch im Kuchen schmackhaft sind\u201c, so die Expertin.<\/p>\n<p>&nbsp;<\/p>\n<p>Immer wieder sieht die Kr\u00e4uterlandfrau erstaunte Gesichter ihrer Gartenbesucher, wenn sie \u00fcber Herkunft sowie n\u00fctzliche und heilende Anwendungsm\u00f6glichkeiten der Pflanzen erz\u00e4hlt und dazu Pr\u00f6bchen zum Verkosten oder Schnuppern direkt vom Beet reicht. \u201eEs ist ein sch\u00f6ner Lohn f\u00fcr unsere Arbeit, den AHA-Effekt beobachten zu k\u00f6nnen, wenn der pr\u00e4gnante Eigengeschmack von Thymian, Minze, Kamille oder Fenchel \u00fcber die Anonymit\u00e4t einer Fertigteemischung siegt oder das bisher nicht beachtete Unkraut im Garten als sinnvolle Nahrungserg\u00e4nzung oder Apotheke am Wegesrand erkannt wird. Und machen unsere Rundg\u00e4nge dann auch noch Lust, selbst im Garten oder auf dem Balkon Kr\u00e4uter anzupflanzen, dann haben wir wohl alles richtig gemacht\u201c, schmunzelt Frau Merkamp.<\/p>\n<p>&nbsp;<\/p>\n<p>PS: <a href=\"https:\/\/kloster-kamp.eu\/\" target=\"_blank\" rel=\"nofollow\">Das Kloster Kamp im Internet<\/a>.<\/p>\n<p>&nbsp;<\/p>\n<h2>Rezepte<\/h2>\n<p>&nbsp;<\/p>\n<h3>Domhardt&#8217;s Spargelpesto<\/h3>\n<p>(Aus der heimischen K\u00fcche unseres Apothekers)<\/p>\n<p><strong>Zutaten:<\/strong><br \/>\n1 Pfund gr\u00fcner Spargel<br \/>\nCa. 100g Pinienkerne<br \/>\nCa. 100g Walnuss<br \/>\nCa. 150g Parmesan<br \/>\n10 EL kaltgepresstes Oliven\u00f6l<br \/>\n2 Knoblauchzehen<br \/>\nFrische Kr\u00e4uter nach Belieben<br \/>\nMeersalz<br \/>\nfrischgemahlener schwarzer Pfeffer<br \/>\n1 Schuss Sojasauce<\/p>\n<p>Den ungesch\u00e4lten Spargel grob streifig schreddern, zu den im Schlagmixer fein zerkleinerten anderen Zutaten geben und durchr\u00fchren. Frische Kr\u00e4uter (z.B. Dill, Kerbel, Estragon und Zitronenmelisse) nach Belieben fein hacken, zugeben und vermengen.<br \/>\nMit Salz und Pfeffer abschmecken, zum Schluss den Schuss Sojasauce beigeben. Nach Abf\u00fcllung noch etwas Oliven\u00f6l oben zur Haltbarmachung auff\u00fcllen.<\/p>\n<p>&nbsp;<\/p>\n<h3>F\u00fcr den Kaffeetisch im Garten: Lavendelkuchen<\/h3>\n<p>(Schmeckt am n\u00e4chsten Tag besonders gut &#8211; von Cornelia Merkamp)<\/p>\n<p><strong>Zutaten:<\/strong><br \/>\nNoch geschlossene Bl\u00fcten vom Echten Lavendel sammeln und antrocknen lassen (oder 2 Essl\u00f6ffel getrocknete Lavendelbl\u00fcten aus der Apotheke)<br \/>\n4 Eier<br \/>\n2 Tassen Zucker<br \/>\n1 Tasse Sonnenblumen\u00f6l<br \/>\n3 Tassen Mehl<br \/>\n1 Pck. Vanillezucker<br \/>\n1 Pck. Backpulver<br \/>\n1 Tasse Mineralwasser mit Kohlens\u00e4ure<\/p>\n<p>Eier, Zucker und Vanillezucker mit dem R\u00fchrger\u00e4t dickschaumig schlagen, das Sonnenblumen\u00f6l unterziehen.<br \/>\nMehl mit dem Backpulver mischen und dazugeben. Nach und nach das Mineralwasser unterr\u00fchren.<br \/>\nZum Schluss die H\u00e4lfte der Lavendelbl\u00fcten unterheben. In eine Form geben und bei 150 Grad Umluft etwa 25 Minuten backen. Die andere H\u00e4lfte der Lavendelbl\u00fcten entweder vor dem Backen \u00fcberstreuen und nach dem Abk\u00fchlen Puderzucker \u00fcberst\u00e4uben oder nach dem Backen einen Zuckerguss zubereiten, mit dem Saft von Roter Bete einf\u00e4rben und die Bl\u00fcten \u00fcber den noch feuchten Guss streuen.<\/p>\n<p><strong>Fit im Kopf:<\/strong><br \/>\nLavendelwein nach Hildegard von Bingen, konzentrationsf\u00f6rdernd.<br \/>\n1EL Bl\u00fcten (Speik- oder Wilder Lavendel aus der Apotheke) in einem halben Liter Wein aufkochen, abk\u00fchlen lassen und filtern. Erwachsene trinken davon t\u00e4glich drei kleine Lik\u00f6rgl\u00e4schen. Das regt chemische Botenstoffe, Neurotransmitter, zur Mobilisierung des Geistes an.<\/p>\n<p>&nbsp;<\/p>\n<h3>Herzhafte So\u00dfe zum Grillabend: Gr\u00fcnzeugpesto<\/h3>\n<p>Ein Pesto, kalte, gr\u00fcne So\u00dfe kann eines oder mehrere Kr\u00e4uter als Grundlage haben. Beliebt ist das kr\u00e4ftige Aroma von Basilikum. <em>(von Cornelia Merkamp)<\/em><\/p>\n<p><strong>Zutaten:<\/strong><br \/>\n1 Topf Basilikum, rot oder gr\u00fcn<br \/>\n2 T\u00f6pfe Petersilie<br \/>\neine Handvoll Kr\u00e4uter nach Wahl:<br \/>\nz.B. B\u00e4rlauch, Oregano, Giersch<br \/>\n50 g Mandeln<br \/>\n100 g geriebenen Parmesan<br \/>\n1 Tl Salz<\/p>\n<p>Kr\u00e4uter unter Zugabe von 100 ml Oliven\u00f6l p\u00fcrieren, 50 g sehr fein gehackte Mandeln unterheben. 1 Teel\u00f6ffel Salz und 100 g geriebenen Parmesank\u00e4se unterziehen. In Twist-Off-Gl\u00e4ser f\u00fcllen, obenauf etwas Oliven\u00f6l geben. Im K\u00fchlschrank etwa 6 bis 8 Wochen haltbar. Passt zu Gegrilltem, zu Nudelgerichten und schmeckt eingebacken in Brot oder Br\u00f6tchen.<\/p>\n<p><strong>Juckreiz weg:<\/strong><br \/>\nFrische Basilikumbl\u00e4tter zerreiben und auf einen Insektenstich dr\u00fccken, das lindert Brennen und Jucken.<\/p>\n<p>&nbsp;<\/p>\n<p>&nbsp;<\/p>\n<h2>Wir beraten Sie gern<\/h2>\n<p>\u00c4therische \u00d6le und Tinkturen aus Kr\u00e4uterpflanzen finden Sie auch bei uns in der Apotheke.<\/p>\n<p>Und hier im Blog finden Sie auch noch weitere Artikel zum Thema <a href=\"https:\/\/www.flora-pharm.de\/blog\/category\/kraeuter-gewuerze\/\">Kr\u00e4uter &amp; Gew\u00fcrze<\/a>.<\/p>\n<p>&nbsp;<\/p>\n<figure id=\"attachment_4223\" aria-describedby=\"caption-attachment-4223\" style=\"width: 225px\" class=\"wp-caption alignleft\"><a href=\"https:\/\/www.flora-pharm.de\/blog\/wp-content\/uploads\/2017\/06\/naturheilkunde-und-gesundheit-cover-06-2017.jpg\"><img loading=\"lazy\" decoding=\"async\" data-attachment-id=\"4223\" data-permalink=\"https:\/\/www.flora-pharm.de\/blog\/kraeuter-fuer-seele-leib-und-sinne\/linke-seite-28\/\" data-orig-file=\"https:\/\/www.flora-pharm.de\/blog\/wp-content\/uploads\/2017\/06\/naturheilkunde-und-gesundheit-cover-06-2017.jpg\" data-orig-size=\"450,600\" data-comments-opened=\"1\" data-image-meta=\"{&quot;aperture&quot;:&quot;0&quot;,&quot;credit&quot;:&quot;&quot;,&quot;camera&quot;:&quot;&quot;,&quot;caption&quot;:&quot;&quot;,&quot;created_timestamp&quot;:&quot;0&quot;,&quot;copyright&quot;:&quot;&quot;,&quot;focal_length&quot;:&quot;0&quot;,&quot;iso&quot;:&quot;0&quot;,&quot;shutter_speed&quot;:&quot;0&quot;,&quot;title&quot;:&quot;Linke Seite&quot;,&quot;orientation&quot;:&quot;1&quot;}\" data-image-title=\"Linke Seite\" data-image-description=\"\" data-image-caption=\"&lt;p&gt;Text mit freundlicher Genehmigung der S &amp;#038; D Verlag GmbH. Das komplette &amp;#8222;Naturheilkunde &amp;#038; Gesundheit&amp;#8220; Heft bekommen Sie auch bei uns in der Apotheke.&lt;\/p&gt;\n\" data-large-file=\"https:\/\/www.flora-pharm.de\/blog\/wp-content\/uploads\/2017\/06\/naturheilkunde-und-gesundheit-cover-06-2017.jpg\" class=\"size-medium wp-image-4223\" src=\"https:\/\/www.flora-pharm.de\/blog\/wp-content\/uploads\/2017\/06\/naturheilkunde-und-gesundheit-cover-06-2017-225x300.jpg\" alt=\"\" width=\"225\" height=\"300\" srcset=\"https:\/\/www.flora-pharm.de\/blog\/wp-content\/uploads\/2017\/06\/naturheilkunde-und-gesundheit-cover-06-2017-225x300.jpg 225w, https:\/\/www.flora-pharm.de\/blog\/wp-content\/uploads\/2017\/06\/naturheilkunde-und-gesundheit-cover-06-2017.jpg 450w\" sizes=\"auto, (max-width: 225px) 100vw, 225px\" \/><\/a><figcaption id=\"caption-attachment-4223\" class=\"wp-caption-text\">Text mit freundlicher Genehmigung der S &amp; D Verlag GmbH. Das komplette &#8222;Naturheilkunde &amp; Gesundheit&#8220; Heft bekommen Sie auch bei uns in der Apotheke.<\/figcaption><\/figure>\n","protected":false},"excerpt":{"rendered":"<p>Inspiration Klostergarten Geschichten aus dem mittelalterlichen Klosteralltag muten heute an wie M\u00e4rchen. Doch nicht alles ist so weit entr\u00fcckt, denn das Wissen um Kr\u00e4uter und ihre heilenden Anwendungen ist aktueller denn je. Junge und \u00e4ltere Menschen interessieren sich wieder mehr f\u00fcr die Pflanzenvielfalt und suchen nach fachkundiger Beratung. Was w\u00fcrde sich dazu besser anbieten, als [&hellip;]<\/p>\n","protected":false},"author":1,"featured_media":4220,"comment_status":"open","ping_status":"open","sticky":false,"template":"","format":"standard","meta":{"jetpack_post_was_ever_published":false,"_jetpack_newsletter_access":"","_jetpack_dont_email_post_to_subs":false,"_jetpack_newsletter_tier_id":0,"_jetpack_memberships_contains_paywalled_content":false,"_jetpack_memberships_contains_paid_content":false,"footnotes":""},"categories":[405,360,8],"tags":[156,422],"class_list":["post-4224","post","type-post","status-publish","format-standard","has-post-thumbnail","hentry","category-kraeuter-gewuerze","category-rezept","category-wissenswert","tag-aetherische-oele","tag-naturheilkunde-und-gesundheit","has-post-title","has-post-date","has-post-category","has-post-tag","has-post-comment","has-post-author",""],"jetpack_featured_media_url":"https:\/\/www.flora-pharm.de\/blog\/wp-content\/uploads\/2017\/06\/kraeuter.jpg","jetpack-related-posts":[{"id":8159,"url":"https:\/\/www.flora-pharm.de\/blog\/moenchspfeffer\/","url_meta":{"origin":4224,"position":0},"title":"M\u00f6nchspfeffer","author":"Flora Team","date":"25. April 2022","format":false,"excerpt":"M\u00f6nchspfeffer (Vitex agnus-castus) wurde zur \u201eArzneipflanze des Jahres 2022\u201c gew\u00e4hlt, es gilt z.B. in der Frauenheilkunde als Naturheilmittel No1.","rel":"","context":"In &quot;Heilpflanzen \/ Arzneipflanzen&quot;","block_context":{"text":"Heilpflanzen \/ Arzneipflanzen","link":"https:\/\/www.flora-pharm.de\/blog\/category\/heilpflanzen-arzneipflanzen\/"},"img":{"alt_text":"M\u00f6nchspfeffer - Arzneipflanze 2022","src":"https:\/\/i0.wp.com\/www.flora-pharm.de\/blog\/wp-content\/uploads\/2022\/03\/moenchspfeffer.jpg?resize=350%2C200&ssl=1","width":350,"height":200,"srcset":"https:\/\/i0.wp.com\/www.flora-pharm.de\/blog\/wp-content\/uploads\/2022\/03\/moenchspfeffer.jpg?resize=350%2C200&ssl=1 1x, https:\/\/i0.wp.com\/www.flora-pharm.de\/blog\/wp-content\/uploads\/2022\/03\/moenchspfeffer.jpg?resize=525%2C300&ssl=1 1.5x, https:\/\/i0.wp.com\/www.flora-pharm.de\/blog\/wp-content\/uploads\/2022\/03\/moenchspfeffer.jpg?resize=700%2C400&ssl=1 2x"},"classes":[]},{"id":8151,"url":"https:\/\/www.flora-pharm.de\/blog\/gesunde-kraeuterapotheke\/","url_meta":{"origin":4224,"position":1},"title":"Gesunde Kr\u00e4uterapotheke","author":"Flora Team","date":"24. M\u00e4rz 2022","format":false,"excerpt":"Dr. Franziska Rubin ist \u00fcberzeugt, dass sich Schulmedizin und Naturheilverfahren sinnvoll erg\u00e4nzen und berichtet im Interview von der Kr\u00e4uterapotheke","rel":"","context":"In &quot;Kr\u00e4uter &amp; Gew\u00fcrze&quot;","block_context":{"text":"Kr\u00e4uter &amp; Gew\u00fcrze","link":"https:\/\/www.flora-pharm.de\/blog\/category\/kraeuter-gewuerze\/"},"img":{"alt_text":"Gesunde Kr\u00e4uterapotheke","src":"https:\/\/i0.wp.com\/www.flora-pharm.de\/blog\/wp-content\/uploads\/2022\/03\/kraeuterapotheke.jpg?resize=350%2C200&ssl=1","width":350,"height":200,"srcset":"https:\/\/i0.wp.com\/www.flora-pharm.de\/blog\/wp-content\/uploads\/2022\/03\/kraeuterapotheke.jpg?resize=350%2C200&ssl=1 1x, https:\/\/i0.wp.com\/www.flora-pharm.de\/blog\/wp-content\/uploads\/2022\/03\/kraeuterapotheke.jpg?resize=525%2C300&ssl=1 1.5x, https:\/\/i0.wp.com\/www.flora-pharm.de\/blog\/wp-content\/uploads\/2022\/03\/kraeuterapotheke.jpg?resize=700%2C400&ssl=1 2x"},"classes":[]},{"id":9026,"url":"https:\/\/www.flora-pharm.de\/blog\/blutwurz\/","url_meta":{"origin":4224,"position":2},"title":"Blutwurz","author":"Flora Team","date":"25. Januar 2024","format":false,"excerpt":"Die Blutwurz (Potentilla erecta) ist Arzneipflanze des Jahres 2024. Die Pflanzenheilkunde erfreut sich \u00fcber das Potential ihrer Gerbstoffe.","rel":"","context":"In &quot;Heilpflanzen \/ Arzneipflanzen&quot;","block_context":{"text":"Heilpflanzen \/ Arzneipflanzen","link":"https:\/\/www.flora-pharm.de\/blog\/category\/heilpflanzen-arzneipflanzen\/"},"img":{"alt_text":"Blutwurz \/ Potentilla erecta - Arzneipflanze des Jahres 2024","src":"https:\/\/i0.wp.com\/www.flora-pharm.de\/blog\/wp-content\/uploads\/2024\/03\/blutwurz-potentilla-erecta.jpg?resize=350%2C200&ssl=1","width":350,"height":200,"srcset":"https:\/\/i0.wp.com\/www.flora-pharm.de\/blog\/wp-content\/uploads\/2024\/03\/blutwurz-potentilla-erecta.jpg?resize=350%2C200&ssl=1 1x, https:\/\/i0.wp.com\/www.flora-pharm.de\/blog\/wp-content\/uploads\/2024\/03\/blutwurz-potentilla-erecta.jpg?resize=525%2C300&ssl=1 1.5x, https:\/\/i0.wp.com\/www.flora-pharm.de\/blog\/wp-content\/uploads\/2024\/03\/blutwurz-potentilla-erecta.jpg?resize=700%2C400&ssl=1 2x, https:\/\/i0.wp.com\/www.flora-pharm.de\/blog\/wp-content\/uploads\/2024\/03\/blutwurz-potentilla-erecta.jpg?resize=1050%2C600&ssl=1 3x"},"classes":[]},{"id":6541,"url":"https:\/\/www.flora-pharm.de\/blog\/lavendel-arzneipflanze-des-jahres-2020\/","url_meta":{"origin":4224,"position":3},"title":"Lavendel: Arzneipflanze des Jahres 2020","author":"Flora Team","date":"8. November 2019","format":false,"excerpt":"J\u00e4hrlich werden die Heilpflanze und die Arzneipflanze des Jahres gek\u00fcrt. Die Arzneipflanze des Jahres 2020 ist nun also der Echte Lavendel (Lavandula angustifolia). Nicht verwechseln mit der Heilpflanze des Jahres 2020, der Wegwarte (Cichorium intybus). Der Unterschied: Eine Heilpflanze ist eine Pflanze, die durch ihren Gehalt an bestimmen Wirkstoffen zu\u2026","rel":"","context":"In &quot;Heilpflanzen \/ Arzneipflanzen&quot;","block_context":{"text":"Heilpflanzen \/ Arzneipflanzen","link":"https:\/\/www.flora-pharm.de\/blog\/category\/heilpflanzen-arzneipflanzen\/"},"img":{"alt_text":"Lavendel","src":"https:\/\/i0.wp.com\/www.flora-pharm.de\/blog\/wp-content\/uploads\/2019\/11\/lavendel.jpg?resize=350%2C200&ssl=1","width":350,"height":200,"srcset":"https:\/\/i0.wp.com\/www.flora-pharm.de\/blog\/wp-content\/uploads\/2019\/11\/lavendel.jpg?resize=350%2C200&ssl=1 1x, https:\/\/i0.wp.com\/www.flora-pharm.de\/blog\/wp-content\/uploads\/2019\/11\/lavendel.jpg?resize=525%2C300&ssl=1 1.5x, https:\/\/i0.wp.com\/www.flora-pharm.de\/blog\/wp-content\/uploads\/2019\/11\/lavendel.jpg?resize=700%2C400&ssl=1 2x"},"classes":[]},{"id":4319,"url":"https:\/\/www.flora-pharm.de\/blog\/die-wunderbare-welt-der-gewuerze\/","url_meta":{"origin":4224,"position":4},"title":"Die wunderbare Welt der Gew\u00fcrze","author":"Flora Team","date":"17. Juli 2017","format":false,"excerpt":"Arch\u00e4ologische Funde belegen, dass bereits die Menschen in der Jungsteinzeit ihren Speisen Gew\u00fcrze beif\u00fcgten: sie fanden wilden K\u00fcmmel. Nur der Grund l\u00e4sst sich nicht mehr nachvollziehen (Geschmack, Bek\u00f6mmlichkeit oder Ritual). Die Grenze zwischen Gew\u00fcrz- und Heilpflanzen ist flie\u00dfend. Selten sollten Gew\u00fcrze das Essen einfach nur leckerer machen, insbesondere in fr\u00fcheren\u2026","rel":"","context":"In &quot;Heilpflanzen \/ Arzneipflanzen&quot;","block_context":{"text":"Heilpflanzen \/ Arzneipflanzen","link":"https:\/\/www.flora-pharm.de\/blog\/category\/heilpflanzen-arzneipflanzen\/"},"img":{"alt_text":"","src":"https:\/\/i0.wp.com\/www.flora-pharm.de\/blog\/wp-content\/uploads\/2017\/07\/gewuerze.jpg?resize=350%2C200&ssl=1","width":350,"height":200,"srcset":"https:\/\/i0.wp.com\/www.flora-pharm.de\/blog\/wp-content\/uploads\/2017\/07\/gewuerze.jpg?resize=350%2C200&ssl=1 1x, https:\/\/i0.wp.com\/www.flora-pharm.de\/blog\/wp-content\/uploads\/2017\/07\/gewuerze.jpg?resize=525%2C300&ssl=1 1.5x, https:\/\/i0.wp.com\/www.flora-pharm.de\/blog\/wp-content\/uploads\/2017\/07\/gewuerze.jpg?resize=700%2C400&ssl=1 2x"},"classes":[]},{"id":2670,"url":"https:\/\/www.flora-pharm.de\/blog\/alles-neu-macht-der-mai\/","url_meta":{"origin":4224,"position":5},"title":"Alles neu macht der Mai","author":"Flora Team","date":"30. April 2015","format":false,"excerpt":"macht die Seele frisch und frei. La\u00dft das Haus, kommt hinaus! [\u2026] Der Text dieser alten Volksweise von Hermann Adam von Kamp (1818 verfasst, 1829 ver\u00f6ffentlicht) ist mehr als nur lyrisches Kulturgut der deutschen Sprache. Es zeigt die Wonnen- und Sonnenseiten des Neubeginns, des Fr\u00fchlings auf und macht Lust darauf,\u2026","rel":"","context":"In &quot;Kalenderlexikon&quot;","block_context":{"text":"Kalenderlexikon","link":"https:\/\/www.flora-pharm.de\/blog\/category\/kalenderlexikon\/"},"img":{"alt_text":"","src":"https:\/\/i0.wp.com\/www.flora-pharm.de\/blog\/wp-content\/uploads\/2014\/04\/Becherglas-Kalender-1Mai.jpg?resize=350%2C200&ssl=1","width":350,"height":200,"srcset":"https:\/\/i0.wp.com\/www.flora-pharm.de\/blog\/wp-content\/uploads\/2014\/04\/Becherglas-Kalender-1Mai.jpg?resize=350%2C200&ssl=1 1x, https:\/\/i0.wp.com\/www.flora-pharm.de\/blog\/wp-content\/uploads\/2014\/04\/Becherglas-Kalender-1Mai.jpg?resize=525%2C300&ssl=1 1.5x"},"classes":[]}],"jetpack_sharing_enabled":true,"_links":{"self":[{"href":"https:\/\/www.flora-pharm.de\/blog\/wp-json\/wp\/v2\/posts\/4224","targetHints":{"allow":["GET"]}}],"collection":[{"href":"https:\/\/www.flora-pharm.de\/blog\/wp-json\/wp\/v2\/posts"}],"about":[{"href":"https:\/\/www.flora-pharm.de\/blog\/wp-json\/wp\/v2\/types\/post"}],"author":[{"embeddable":true,"href":"https:\/\/www.flora-pharm.de\/blog\/wp-json\/wp\/v2\/users\/1"}],"replies":[{"embeddable":true,"href":"https:\/\/www.flora-pharm.de\/blog\/wp-json\/wp\/v2\/comments?post=4224"}],"version-history":[{"count":10,"href":"https:\/\/www.flora-pharm.de\/blog\/wp-json\/wp\/v2\/posts\/4224\/revisions"}],"predecessor-version":[{"id":4235,"href":"https:\/\/www.flora-pharm.de\/blog\/wp-json\/wp\/v2\/posts\/4224\/revisions\/4235"}],"wp:featuredmedia":[{"embeddable":true,"href":"https:\/\/www.flora-pharm.de\/blog\/wp-json\/wp\/v2\/media\/4220"}],"wp:attachment":[{"href":"https:\/\/www.flora-pharm.de\/blog\/wp-json\/wp\/v2\/media?parent=4224"}],"wp:term":[{"taxonomy":"category","embeddable":true,"href":"https:\/\/www.flora-pharm.de\/blog\/wp-json\/wp\/v2\/categories?post=4224"},{"taxonomy":"post_tag","embeddable":true,"href":"https:\/\/www.flora-pharm.de\/blog\/wp-json\/wp\/v2\/tags?post=4224"}],"curies":[{"name":"wp","href":"https:\/\/api.w.org\/{rel}","templated":true}]}}