{"id":4332,"date":"2017-08-07T15:17:33","date_gmt":"2017-08-07T13:17:33","guid":{"rendered":"http:\/\/www.flora-pharm.de\/blog\/?p=4332"},"modified":"2017-08-09T08:28:06","modified_gmt":"2017-08-09T06:28:06","slug":"barfusslaufen-beugt-fusspilz-vor","status":"publish","type":"post","link":"https:\/\/www.flora-pharm.de\/blog\/barfusslaufen-beugt-fusspilz-vor\/","title":{"rendered":"Barfu\u00dflaufen beugt Fu\u00dfpilz vor"},"content":{"rendered":"<p>Nicht das Barfu\u00dflaufen an sich beg\u00fcnstigt Fu\u00dfpilz. Im Gegenteil. Es kommt darauf an, wohin Sie gehen.<\/p>\n<p>Jeder Dritte ist betroffen. Mehr M\u00e4nner als Frauen. H\u00e4ufiger \u00e4ltere Menschen als j\u00fcngere. Besondere Risikogruppe sind Diabetiker. Sie sollten mit einer Fu\u00dfpilzerkrankung auf jeden Fall zum Arzt gehen!<\/p>\n<p>&nbsp;<\/p>\n<p>Barfu\u00dflaufen hat im Sommer Hochsaison. Ohne Schuhwerk unterwegs sein ist der Inbegriff von Freiheit. Es tut gut, st\u00e4rkt die Wadenmuskulatur und wirkt Fu\u00dffehlstellungen entgegen. Mit jedem Schritt lauern aber auch Gefahren. Es sind vor allem die kleinen, unsichtbaren Fadenpilze. Sie heften sich an unsere Fersen und l\u00f6sen den gef\u00fcrchteten Juckreiz aus.<\/p>\n<p>&nbsp;<\/p>\n<p>In Freib\u00e4dern, Umkleidekabinen, Saunen und Hotelzimmern. \u00dcberall da, wo sich Personen barfu\u00df fortbewegen und Hautsch\u00fcppchen hinterlassen, tummeln sich die Sporen. Einem gesunden Menschen k\u00f6nnen die Dermatophyten (Fadenpilze) nichts anhaben. Erst wenn die Haut gesch\u00e4digt oder das Immunsystem geschw\u00e4cht ist, sind den Erregern T\u00fcr und Tor ge\u00f6ffnet. Sie nisten sich in die Haut ein und vermehren sich. Wenn es zwischen den Zehen juckt, schuppt, rissig und rot ist, dann hat es Sie erwischt.<\/p>\n<p>&nbsp;<\/p>\n<p>Hautpilze m\u00f6gen es feucht und warm. Bei unseren F\u00fc\u00dfen, die die meiste Zeit des Tages in Schuhen und Str\u00fcmpfen stecken, finden sie ein solches Milieu. Die Fu\u00dfhaut besteht zudem aus viel Keratin. Ein Eiwei\u00df, von dem sich die Sporen ern\u00e4hren. Wer aus beruflichen Gr\u00fcnden haupts\u00e4chlich festes Schuhwerk tr\u00e4gt, das wenig Bel\u00fcftung zul\u00e4sst, ist besonders gef\u00e4hrdet. Auch Sportler. Denn Schwitzen im Schuh schafft ein Paradies f\u00fcr Fadenpilze.<\/p>\n<p>&nbsp;<\/p>\n<p>Naturmaterialien sind atmungsaktiver als synthetische Stoffe. Besser noch: So oft wie m\u00f6glich die Schuhe ausziehen und F\u00fc\u00dfe l\u00fcften. <strong>Beste vorbeugende Ma\u00dfnahme ist tats\u00e4chlich: Barfu\u00dfgehen.<\/strong><\/p>\n<p>&nbsp;<\/p>\n<p>Ist der Fu\u00dfpilz (Tinea pedis) einmal da, h\u00e4lt er sich hartn\u00e4ckig. Die Schulmedizin kennt allerhand pilzabt\u00f6tende Mittel (Antimykotika). Die Alternativmedizin geht einen Schritt weiter und schaut nicht nur hinab auf die F\u00fc\u00dfe, sondern betrachtet den ganzen Menschen. Bei jeder Pilzerkrankung spielen die Ern\u00e4hrungsgewohnheiten eine Rolle. Ein hoher Zuckerkonsum zerst\u00f6rt die gesunde Darmflora. Zucker f\u00fcttert die unerw\u00fcnschten Darmbewohner. Jede Pilzbehandlung beginnt deshalb mit einer Ern\u00e4hrungsumstellung: Streichen Sie Wei\u00dfmehlprodukte und Fertiggerichte von Ihrem Speiseplan. Verzichten Sie auf Alkohol, Koffein, Nikotin und auf Zucker. Setzen Sie stattdessen auf eine basische, vollwertige Ern\u00e4hrung mit viel Gem\u00fcse, N\u00fcssen und Samen. Dazu reichlich Wasser und unges\u00fc\u00dfte Tees ohne Aromazus\u00e4tze. Weiterf\u00fchrende Empfehlungen zu einer kohlehydratarmen Ern\u00e4hrung finden Sie auch bei uns im Blog \u00fcber <a href=\"https:\/\/www.flora-pharm.de\/blog\/low-carb-oder-besser-no-carb\/\">Low-Carb<\/a> Kost.<\/p>\n<p>&nbsp;<\/p>\n<p>Nehmen Sie Fu\u00dfpilz nicht auf die leichte Schulter. Auch bei uns, in Ihrer Apotheke gibt es wirksame und vertr\u00e4gliche Mittel, damit Sie schnell wieder auf den F\u00fc\u00dfen sind.<\/p>\n<p>Tipp: Teebaum\u00f6l aus Ihrer Apotheke hat erwiesenerma\u00dfen eine fungizide Wirkung. Einige Tropfen auf ein Wattepad geben und 2\u20133 Mal t\u00e4glich die betroffenen Hautstellen einreiben.<\/p>\n<p>Wir f\u00fchren das noch effektivere <a href=\"https:\/\/www.flora-pharm.de\/vitalstoffe\/fettsaeuren.htm#rizol\">Rizol<\/a>, eine Kombination aus Rizinus- und Oliven\u00f6l, was, mit Ozon behandelt, noch intensiver hemmend auf Pilze und Bakterien wirkt. Verst\u00e4rkt wird es in der hier gebr\u00e4uchlichen Rizol Gamma Form mit ebenfalls keimhemmenden Nelken-, Wermut- und Schwarzwallnu\u00df\u00f6l.<\/p>\n<p>&nbsp;<\/p>\n<h3>Sanfte Ma\u00dfnahmen<\/h3>\n<p>Begleitend k\u00f6nnen Sie auf <strong>hom\u00f6opathische<\/strong> Weise dem Fu\u00dfpilz zu Leibe r\u00fccken. Diese Globulis aus der Apotheke helfen dabei:<\/p>\n<ul>\n<li><strong>Acidum hydrofluoricum<\/strong>: bei sommerlichem Fu\u00dfpilz und Ausschlag an den F\u00fc\u00dfen.<\/li>\n<li><strong>Borax<\/strong>: bei Milieuentgleisung und Pilzbefall.<\/li>\n<li><strong>Silicea<\/strong>: bei Nagelpilz und Fu\u00dfpilz im Winter.<\/li>\n<\/ul>\n<p><strong>Hausmittel<\/strong> stammen aus Gro\u00dfmutters Zeiten, als man noch h\u00e4ufiger als heute barfu\u00df unterwegs war und Fu\u00dfpilz eine Seltenheit war. Die Mittel von damals haben jedoch an Wirksamkeit nicht verloren:<\/p>\n<ul>\n<li><strong>Apfelessig<\/strong>: mildert den Juckreiz. Mischen Sie Wasser mit Apfelessig und tr\u00e4nken Sie Ihre Str\u00fcmpfe darin. Auswringen, anziehen und dar\u00fcber ein paar trockene Socken tragen. Das regt das Immunsystem an und wirkt keimt\u00f6tend.<\/li>\n<li><strong>Knoblauch<\/strong>: hilft innerlich wie \u00e4u\u00dferlich. Knoblauch bringt die Darmflora in Balance und t\u00f6tet die b\u00f6sen Bakterien. F\u00fcr ein Fu\u00dfbad zerdr\u00fccken Sie frische Knoblauchzehen, geben sie in eine Schale warmes Wasser und baden Ihre F\u00fc\u00dfe darin. Mit Knoblauch\u00f6l (Oliven\u00f6l mit zerdr\u00fccktem Knoblauch) die Zehenzwischenr\u00e4ume behandeln.<\/li>\n<li><strong>Fu\u00dfb\u00e4der<\/strong> und -waschungen mit Zus\u00e4tzen wie Heilerde, Lavendel\u00f6l oder getrocknetem Thymian wirken genau da, wo sie sollen.<\/li>\n<\/ul>\n<p>&nbsp;<\/p>\n<p>Wir beraten Sie gern, sprechen Sie uns einfach an.<\/p>\n<p>&nbsp;<\/p>\n<figure id=\"attachment_4303\" aria-describedby=\"caption-attachment-4303\" style=\"width: 225px\" class=\"wp-caption alignleft\"><a href=\"https:\/\/www.flora-pharm.de\/blog\/wp-content\/uploads\/2017\/07\/naturheilkunde-und-gesundheit-cover-07-2017.jpg\"><img loading=\"lazy\" decoding=\"async\" data-attachment-id=\"4303\" data-permalink=\"https:\/\/www.flora-pharm.de\/blog\/barfusslaufen-beugt-fusspilz-vor\/linke-seite-29\/\" data-orig-file=\"https:\/\/www.flora-pharm.de\/blog\/wp-content\/uploads\/2017\/07\/naturheilkunde-und-gesundheit-cover-07-2017.jpg\" data-orig-size=\"450,600\" data-comments-opened=\"1\" data-image-meta=\"{&quot;aperture&quot;:&quot;0&quot;,&quot;credit&quot;:&quot;&quot;,&quot;camera&quot;:&quot;&quot;,&quot;caption&quot;:&quot;&quot;,&quot;created_timestamp&quot;:&quot;0&quot;,&quot;copyright&quot;:&quot;&quot;,&quot;focal_length&quot;:&quot;0&quot;,&quot;iso&quot;:&quot;0&quot;,&quot;shutter_speed&quot;:&quot;0&quot;,&quot;title&quot;:&quot;Linke Seite&quot;,&quot;orientation&quot;:&quot;1&quot;}\" data-image-title=\"Linke Seite\" data-image-description=\"\" data-image-caption=\"&lt;p&gt;Text mit freundlicher Genehmigung der S &amp;#038; D Verlag GmbH. Das komplette &amp;#8222;Naturheilkunde &amp;#038; Gesundheit&amp;#8220; Heft bekommen Sie auch bei uns in der Apotheke.&lt;\/p&gt;\n\" data-large-file=\"https:\/\/www.flora-pharm.de\/blog\/wp-content\/uploads\/2017\/07\/naturheilkunde-und-gesundheit-cover-07-2017.jpg\" class=\"size-medium wp-image-4303\" src=\"https:\/\/www.flora-pharm.de\/blog\/wp-content\/uploads\/2017\/07\/naturheilkunde-und-gesundheit-cover-07-2017-225x300.jpg\" alt=\"\" width=\"225\" height=\"300\" srcset=\"https:\/\/www.flora-pharm.de\/blog\/wp-content\/uploads\/2017\/07\/naturheilkunde-und-gesundheit-cover-07-2017-225x300.jpg 225w, https:\/\/www.flora-pharm.de\/blog\/wp-content\/uploads\/2017\/07\/naturheilkunde-und-gesundheit-cover-07-2017.jpg 450w\" sizes=\"auto, (max-width: 225px) 100vw, 225px\" \/><\/a><figcaption id=\"caption-attachment-4303\" class=\"wp-caption-text\"><br \/>Text mit freundlicher Genehmigung der S &amp; D Verlag GmbH. Das komplette &#8222;Naturheilkunde &amp; Gesundheit&#8220; Heft bekommen Sie auch bei uns in der Apotheke.<\/figcaption><\/figure>\n","protected":false},"excerpt":{"rendered":"<p>Nicht das Barfu\u00dflaufen an sich beg\u00fcnstigt Fu\u00dfpilz. Im Gegenteil. Es kommt darauf an, wohin Sie gehen. Jeder Dritte ist betroffen. Mehr M\u00e4nner als Frauen. H\u00e4ufiger \u00e4ltere Menschen als j\u00fcngere. Besondere Risikogruppe sind Diabetiker. Sie sollten mit einer Fu\u00dfpilzerkrankung auf jeden Fall zum Arzt gehen! &nbsp; Barfu\u00dflaufen hat im Sommer Hochsaison. Ohne Schuhwerk unterwegs sein ist [&hellip;]<\/p>\n","protected":false},"author":1,"featured_media":4299,"comment_status":"open","ping_status":"open","sticky":false,"template":"","format":"standard","meta":{"jetpack_post_was_ever_published":false,"_jetpack_newsletter_access":"","_jetpack_dont_email_post_to_subs":false,"_jetpack_newsletter_tier_id":0,"_jetpack_memberships_contains_paywalled_content":false,"_jetpack_memberships_contains_paid_content":false,"footnotes":""},"categories":[8],"tags":[386,247,422],"class_list":["post-4332","post","type-post","status-publish","format-standard","has-post-thumbnail","hentry","category-wissenswert","tag-fuss","tag-homoeopathie","tag-naturheilkunde-und-gesundheit","has-post-title","has-post-date","has-post-category","has-post-tag","has-post-comment","has-post-author",""],"jetpack_featured_media_url":"https:\/\/www.flora-pharm.de\/blog\/wp-content\/uploads\/2017\/07\/barfuss-laufen.jpg","jetpack-related-posts":[{"id":4544,"url":"https:\/\/www.flora-pharm.de\/blog\/fuesse-wunderwerke-der-natur\/","url_meta":{"origin":4332,"position":0},"title":"F\u00fc\u00dfe &#8211; Wunderwerke der Natur","author":"Flora Team","date":"16. Oktober 2017","format":false,"excerpt":"Unsere F\u00fc\u00dfe sind Wunderwerke der Natur. Sie tragen uns nicht nur durch das Leben und sorgen f\u00fcr Gleichgewicht und Stabilit\u00e4t. Sie haben so viele Reflexzonen, dass sie ein Spiegelbild aller unserer Organe und K\u00f6rperregionen sind. Die Nerven, die f\u00fcr die Beweglichkeit der Fu\u00dfmuskeln zust\u00e4ndig sind, entspringen der Wirbels\u00e4ule und z\u00e4hlen\u2026","rel":"","context":"In &quot;Wissenswert&quot;","block_context":{"text":"Wissenswert","link":"https:\/\/www.flora-pharm.de\/blog\/category\/wissenswert\/"},"img":{"alt_text":"","src":"https:\/\/i0.wp.com\/www.flora-pharm.de\/blog\/wp-content\/uploads\/2017\/10\/fuesse.jpg?resize=350%2C200&ssl=1","width":350,"height":200,"srcset":"https:\/\/i0.wp.com\/www.flora-pharm.de\/blog\/wp-content\/uploads\/2017\/10\/fuesse.jpg?resize=350%2C200&ssl=1 1x, https:\/\/i0.wp.com\/www.flora-pharm.de\/blog\/wp-content\/uploads\/2017\/10\/fuesse.jpg?resize=525%2C300&ssl=1 1.5x, https:\/\/i0.wp.com\/www.flora-pharm.de\/blog\/wp-content\/uploads\/2017\/10\/fuesse.jpg?resize=700%2C400&ssl=1 2x"},"classes":[]},{"id":9533,"url":"https:\/\/www.flora-pharm.de\/blog\/freiheit-fuer-die-fuesse\/","url_meta":{"origin":4332,"position":1},"title":"Freiheit f\u00fcr die F\u00fc\u00dfe","author":"Flora Team","date":"4. Juli 2025","format":false,"excerpt":"Raus aus den Schuhen: Barfu\u00dflaufen tut gut, ist sogar gesund und macht uns erwiesenerma\u00dfen gl\u00fccklich. Warum genau?","rel":"","context":"In &quot;Wissenswert&quot;","block_context":{"text":"Wissenswert","link":"https:\/\/www.flora-pharm.de\/blog\/category\/wissenswert\/"},"img":{"alt_text":"Freiheit f\u00fcr die F\u00fc\u00dfe, dargestellt durch F\u00fc\u00dfe, die am Strand im feuchten Sand spazieren - Barfu\u00dflaufen ist im Trend","src":"https:\/\/i0.wp.com\/www.flora-pharm.de\/blog\/wp-content\/uploads\/2025\/05\/freiheit-fuer-die-fuesse.jpg?resize=350%2C200&ssl=1","width":350,"height":200,"srcset":"https:\/\/i0.wp.com\/www.flora-pharm.de\/blog\/wp-content\/uploads\/2025\/05\/freiheit-fuer-die-fuesse.jpg?resize=350%2C200&ssl=1 1x, https:\/\/i0.wp.com\/www.flora-pharm.de\/blog\/wp-content\/uploads\/2025\/05\/freiheit-fuer-die-fuesse.jpg?resize=525%2C300&ssl=1 1.5x, https:\/\/i0.wp.com\/www.flora-pharm.de\/blog\/wp-content\/uploads\/2025\/05\/freiheit-fuer-die-fuesse.jpg?resize=700%2C400&ssl=1 2x, https:\/\/i0.wp.com\/www.flora-pharm.de\/blog\/wp-content\/uploads\/2025\/05\/freiheit-fuer-die-fuesse.jpg?resize=1050%2C600&ssl=1 3x"},"classes":[]},{"id":4242,"url":"https:\/\/www.flora-pharm.de\/blog\/7-typische-sommerkrankheiten\/","url_meta":{"origin":4332,"position":2},"title":"7 typische Sommerkrankheiten","author":"Flora Team","date":"12. Juni 2017","format":false,"excerpt":"Das ganze Jahr haben wir darauf gewartet: Sommer, Sonne, Strand und Meer. Und dann das: die Nase l\u00e4uft, der Hals brennt, das Fieber steigt. Im Urlaub lauern Bakterien, Keime und Viren an jeder Ecke. Lassen Sie sich die sch\u00f6nsten Tage des Jahres nicht vermiesen und sch\u00fctzen Sie sich vor den\u2026","rel":"","context":"In &quot;Wissenswert&quot;","block_context":{"text":"Wissenswert","link":"https:\/\/www.flora-pharm.de\/blog\/category\/wissenswert\/"},"img":{"alt_text":"Sommerkrankheiten","src":"https:\/\/i0.wp.com\/www.flora-pharm.de\/blog\/wp-content\/uploads\/2017\/06\/Sommerkrankheiten.jpg?resize=350%2C200&ssl=1","width":350,"height":200,"srcset":"https:\/\/i0.wp.com\/www.flora-pharm.de\/blog\/wp-content\/uploads\/2017\/06\/Sommerkrankheiten.jpg?resize=350%2C200&ssl=1 1x, https:\/\/i0.wp.com\/www.flora-pharm.de\/blog\/wp-content\/uploads\/2017\/06\/Sommerkrankheiten.jpg?resize=525%2C300&ssl=1 1.5x, https:\/\/i0.wp.com\/www.flora-pharm.de\/blog\/wp-content\/uploads\/2017\/06\/Sommerkrankheiten.jpg?resize=700%2C400&ssl=1 2x"},"classes":[]},{"id":4830,"url":"https:\/\/www.flora-pharm.de\/blog\/hallux-valgus-der-zeh-in-schiefstellung\/","url_meta":{"origin":4332,"position":3},"title":"Hallux valgus &#8211; Der Zeh in Schiefstellung","author":"Flora Team","date":"21. Februar 2018","format":false,"excerpt":"Dem \u00dcberbein (Hallux valgus) vorbeugen und es nat\u00fcrlich behandeln In ihrer Familie haben alle Frauen Ballenzehen? Dann sind Sie zwar erblich vorbelastet. Schicksal ist der gef\u00fcrchtete Hallux valgus aber noch lange nicht. Denn nicht die Deformation des wichtigen Gelenks wird vererbt, sondern ganz andere Merkmale. Wenn der gro\u00dfe Zeh in\u2026","rel":"","context":"In &quot;Wissenswert&quot;","block_context":{"text":"Wissenswert","link":"https:\/\/www.flora-pharm.de\/blog\/category\/wissenswert\/"},"img":{"alt_text":"\u00dcberbein - Hallux valgus","src":"https:\/\/i0.wp.com\/www.flora-pharm.de\/blog\/wp-content\/uploads\/2018\/02\/hallux-valgus-zeh-schiefstellung.jpg?resize=350%2C200&ssl=1","width":350,"height":200,"srcset":"https:\/\/i0.wp.com\/www.flora-pharm.de\/blog\/wp-content\/uploads\/2018\/02\/hallux-valgus-zeh-schiefstellung.jpg?resize=350%2C200&ssl=1 1x, https:\/\/i0.wp.com\/www.flora-pharm.de\/blog\/wp-content\/uploads\/2018\/02\/hallux-valgus-zeh-schiefstellung.jpg?resize=525%2C300&ssl=1 1.5x, https:\/\/i0.wp.com\/www.flora-pharm.de\/blog\/wp-content\/uploads\/2018\/02\/hallux-valgus-zeh-schiefstellung.jpg?resize=700%2C400&ssl=1 2x"},"classes":[]},{"id":7313,"url":"https:\/\/www.flora-pharm.de\/blog\/im-kaeltestress-typische-winter-hautprobleme\/","url_meta":{"origin":4332,"position":4},"title":"Im K\u00e4ltestress \u2013 typische Winter-Hautprobleme","author":"Flora Team","date":"11. Januar 2021","format":false,"excerpt":"Trotz guter Haut-Pflege spannt und juckt es? Wir verraten Ihnen, wie Sie typische Winter-Hautprobleme in den Griff bekommen.","rel":"","context":"In &quot;Wissenswert&quot;","block_context":{"text":"Wissenswert","link":"https:\/\/www.flora-pharm.de\/blog\/category\/wissenswert\/"},"img":{"alt_text":"K\u00e4ltestress, typische Winter-Hautprobleme","src":"https:\/\/i0.wp.com\/www.flora-pharm.de\/blog\/wp-content\/uploads\/1607\/86\/kaeltestress-haut-winter.jpg?resize=350%2C200&ssl=1","width":350,"height":200,"srcset":"https:\/\/i0.wp.com\/www.flora-pharm.de\/blog\/wp-content\/uploads\/1607\/86\/kaeltestress-haut-winter.jpg?resize=350%2C200&ssl=1 1x, https:\/\/i0.wp.com\/www.flora-pharm.de\/blog\/wp-content\/uploads\/1607\/86\/kaeltestress-haut-winter.jpg?resize=525%2C300&ssl=1 1.5x, https:\/\/i0.wp.com\/www.flora-pharm.de\/blog\/wp-content\/uploads\/1607\/86\/kaeltestress-haut-winter.jpg?resize=700%2C400&ssl=1 2x"},"classes":[]},{"id":6277,"url":"https:\/\/www.flora-pharm.de\/blog\/frische-fuer-die-fuesse\/","url_meta":{"origin":4332,"position":5},"title":"Frische f\u00fcr die F\u00fc\u00dfe","author":"Flora Team","date":"9. Juli 2019","format":false,"excerpt":"Im Sommer haben Ihre F\u00fc\u00dfe eine Extraportion Frische verdient. Ein frischer Artikel von Stefanie Deckers. \u00a0 F\u00fc\u00dfe machen allerhand mit. Besonders im Sommer. Die Hitze drau\u00dfen feuert die Durchblutung im Inneren des K\u00f6rpers an. Die Blutgef\u00e4\u00dfe weiten sich. Wir schwitzen \u2013 vor allem an K\u00f6rperstellen, an denen meist wenig Luftaustausch\u2026","rel":"","context":"In &quot;Wissenswert&quot;","block_context":{"text":"Wissenswert","link":"https:\/\/www.flora-pharm.de\/blog\/category\/wissenswert\/"},"img":{"alt_text":"Fu\u00df Erfrischung","src":"https:\/\/i0.wp.com\/www.flora-pharm.de\/blog\/wp-content\/uploads\/2019\/07\/frische-fuer-die-fuesse.jpg?resize=350%2C200&ssl=1","width":350,"height":200,"srcset":"https:\/\/i0.wp.com\/www.flora-pharm.de\/blog\/wp-content\/uploads\/2019\/07\/frische-fuer-die-fuesse.jpg?resize=350%2C200&ssl=1 1x, https:\/\/i0.wp.com\/www.flora-pharm.de\/blog\/wp-content\/uploads\/2019\/07\/frische-fuer-die-fuesse.jpg?resize=525%2C300&ssl=1 1.5x, https:\/\/i0.wp.com\/www.flora-pharm.de\/blog\/wp-content\/uploads\/2019\/07\/frische-fuer-die-fuesse.jpg?resize=700%2C400&ssl=1 2x"},"classes":[]}],"jetpack_sharing_enabled":true,"_links":{"self":[{"href":"https:\/\/www.flora-pharm.de\/blog\/wp-json\/wp\/v2\/posts\/4332","targetHints":{"allow":["GET"]}}],"collection":[{"href":"https:\/\/www.flora-pharm.de\/blog\/wp-json\/wp\/v2\/posts"}],"about":[{"href":"https:\/\/www.flora-pharm.de\/blog\/wp-json\/wp\/v2\/types\/post"}],"author":[{"embeddable":true,"href":"https:\/\/www.flora-pharm.de\/blog\/wp-json\/wp\/v2\/users\/1"}],"replies":[{"embeddable":true,"href":"https:\/\/www.flora-pharm.de\/blog\/wp-json\/wp\/v2\/comments?post=4332"}],"version-history":[{"count":6,"href":"https:\/\/www.flora-pharm.de\/blog\/wp-json\/wp\/v2\/posts\/4332\/revisions"}],"predecessor-version":[{"id":4354,"href":"https:\/\/www.flora-pharm.de\/blog\/wp-json\/wp\/v2\/posts\/4332\/revisions\/4354"}],"wp:featuredmedia":[{"embeddable":true,"href":"https:\/\/www.flora-pharm.de\/blog\/wp-json\/wp\/v2\/media\/4299"}],"wp:attachment":[{"href":"https:\/\/www.flora-pharm.de\/blog\/wp-json\/wp\/v2\/media?parent=4332"}],"wp:term":[{"taxonomy":"category","embeddable":true,"href":"https:\/\/www.flora-pharm.de\/blog\/wp-json\/wp\/v2\/categories?post=4332"},{"taxonomy":"post_tag","embeddable":true,"href":"https:\/\/www.flora-pharm.de\/blog\/wp-json\/wp\/v2\/tags?post=4332"}],"curies":[{"name":"wp","href":"https:\/\/api.w.org\/{rel}","templated":true}]}}