{"id":4402,"date":"2017-08-29T11:57:48","date_gmt":"2017-08-29T09:57:48","guid":{"rendered":"http:\/\/www.flora-pharm.de\/blog\/?p=4402"},"modified":"2017-08-29T14:29:05","modified_gmt":"2017-08-29T12:29:05","slug":"qollagen-gegen-falten","status":"publish","type":"post","link":"https:\/\/www.flora-pharm.de\/blog\/qollagen-gegen-falten\/","title":{"rendered":"Qollagen gegen Falten"},"content":{"rendered":"<p>Kollagen ist ein nat\u00fcrlicher Bestandteil unseres Bindegewebes. Es verleiht der Haut Spannkraft und Stabilit\u00e4t. In jungen Jahren haben wir viel Kollagen und sind deshalb nahezu faltenfrei. Im Lauf unseres Lebens produziert unser K\u00f6rper immer weniger dieser Eiwei\u00dffasern. Mit der Folge, dass unsere Haut nach und nach erschlafft. Kaum eine Frau, die diesen Alterungsprozess nicht stoppen m\u00f6chte und versucht, Kollagen von au\u00dfen zu ersetzen. Die Kosmetikindustrie hat sich darauf eingestellt und brachte in den 1950er-Jahren eine erste Creme mit Rinderkollagen auf den Markt. Diese Zeiten sind zum Gl\u00fcck vorbei. Heute greift man auf <strong>nat\u00fcrliche Kollagenquellen<\/strong> zur\u00fcck. Besonders wertvoll ist <strong>ozeanisches Kollagen aus Quallen<\/strong>. Die Meeresbiologin Dr. Inez Linke aus Kiel hat mit ihrem Team das reine \u00bb<strong>Qollagen<\/strong>\u00ab untersucht und l\u00f6st mit ihren Erkenntnissen eine Welle der Begeisterung aus.<\/p>\n<p><strong>Im Interview<\/strong>: Dr. Inez Linke, Meeresbiologin aus Kiel, erforscht marine Extrakte f\u00fcr die Entwicklung medizinischer und kosmetischer Produkte.<\/p>\n<p>&nbsp;<\/p>\n<p><strong><em>Frau Dr. Linke, was macht Kollagen aus Quallen f\u00fcr unsere Haut so wertvoll?<\/em><\/strong><\/p>\n<p>Quallen bestehen zu 98% aus Meerwasser, das durch Proteinstrukturen \u2013 haupts\u00e4chlich Kollagen \u2013 gehalten wird. Das Besondere sind die Zuckermolek\u00fcle, die an das Protein gebunden sind. Daraus ergeben sich die feuchtigkeitsbindenden Eigenschaften. Quallen-Kollagen ist von urspr\u00fcnglichster Form und f\u00fcr die menschliche Haut sehr gut vertr\u00e4glich. Dermatologische Studien haben sogar einen nachhaltigen Effekt nachgewiesen: Naturkosmetik auf der Basis von Quallen-Kollagen reduziert \u2013 bei regelm\u00e4\u00dfiger Anwendung \u2013 die Faltentiefe um rund 25%.<\/p>\n<p>&nbsp;<\/p>\n<p><strong><em>Wem sind die Produkte mit Quallen-Kollagen besonders zu empfehlen?<\/em><\/strong><\/p>\n<p>Reife und anspruchsvolle Haut profitiert besonders vom \u00bbQollagen\u00ab. Die enthaltenen Meeresmineralien, die nat\u00fcrliche Hyalurons\u00e4ure und das Kollagen aus dem Organismus Qualle wirken im Zusammenspiel wie ein ultrafeines Nanovlies, das sich \u00fcber die Haut legt und sie \u00fcber einen langen Zeitraum mit Feuchtigkeit und N\u00e4hrstoffen versorgt. Die Haut f\u00fchlt sich glatt und prall an, wird regeneriert, Falten werden aufgepolstert.<\/p>\n<p>&nbsp;<\/p>\n<p><strong><em>Eine Naturkosmetik, die aus Tieren besteht? Was sagen die Tiersch\u00fctzer dazu?<\/em><\/strong><\/p>\n<p>Das ist ein Thema, das durchaus kritisch betrachtet werden muss. Denn Quallen sind definitiv Tiere. Und sie z\u00e4hlen zu den ersten Lebewesen, die im Meer jemals entstanden sind. Biologisch betrachtet handelt es sich um wirbellose Tiere, die kein Gehirn besitzen. Dass sie nur \u00fcber ein lockeres Nervennetz verf\u00fcgen, erkl\u00e4rt, dass Quallen keinen Schmerz empfinden.<\/p>\n<p>&nbsp;<\/p>\n<p><strong><em>Es gibt etwa 600 verschiedene Quallenarten. Welche haben Sie erforscht?<\/em><\/strong><\/p>\n<p>Zuerst haben wir unsere heimische Ohrenqualle untersucht und festgestellt, dass der Kollagengehalt starken Schwankungen unterliegt. Ohrenquallen waren f\u00fcr unser Projekt also nicht geeignet. Auf dem asiatischen Lebensmittelmarkt haben wir dann eine Quallenart entdeckt, die einen konstant hohen Kollagengehalt aufwies. Wurzelmundquallen (Rhopilema) werden traditionell im chinesischen Meer mit Fischerbooten gefangen, die Fangarme werden abgeschnitten und landen als Delikatesse in den asiatischen Restaurants. Die gummiartigen Quallenschirme haben einen Durchmesser von etwa 1 Meter und kommen wie Pfannkuchen gestapelt \u2013 in Salzlake eingelegt \u2013 zu uns nach Kiel.<\/p>\n<p>Quallen sind im Meer ein Rohstoff in seiner urspr\u00fcnglichsten Form, der wohl nie ausgeht. Wurzelmundquallen sind im Pazifik die Gewinnerinnen der Klimaerw\u00e4rmung und vermehren sich rasend schnell. Mit allen nachhaltigen Aspekten sind naturkosmetische Produkte mit Qollagen zwar nicht vegan. Aber sie sind eine gute Alternative zu allen synthetisch hergestellten Cremes. Und der Effekt auf der Haut \u00fcberzeugt.<\/p>\n<p>&nbsp;<\/p>\n<p>Maritime Meereskosmetik bekommen Sie auch bei uns, in Ihrer Apotheke! Sprechen Sie uns an.<\/p>\n<p>&nbsp;<\/p>\n<figure id=\"attachment_4362\" aria-describedby=\"caption-attachment-4362\" style=\"width: 242px\" class=\"wp-caption alignleft\"><a href=\"https:\/\/www.flora-pharm.de\/blog\/wp-content\/uploads\/2017\/08\/natuerlich-frau-cover-08-2017.jpg\"><img loading=\"lazy\" decoding=\"async\" data-attachment-id=\"4362\" data-permalink=\"https:\/\/www.flora-pharm.de\/blog\/algen-bei-mastopathie\/fug-3\/\" data-orig-file=\"https:\/\/www.flora-pharm.de\/blog\/wp-content\/uploads\/2017\/08\/natuerlich-frau-cover-08-2017.jpg\" data-orig-size=\"450,557\" data-comments-opened=\"1\" data-image-meta=\"{&quot;aperture&quot;:&quot;0&quot;,&quot;credit&quot;:&quot;&quot;,&quot;camera&quot;:&quot;&quot;,&quot;caption&quot;:&quot;&quot;,&quot;created_timestamp&quot;:&quot;0&quot;,&quot;copyright&quot;:&quot;&quot;,&quot;focal_length&quot;:&quot;0&quot;,&quot;iso&quot;:&quot;0&quot;,&quot;shutter_speed&quot;:&quot;0&quot;,&quot;title&quot;:&quot;FuG&quot;,&quot;orientation&quot;:&quot;1&quot;}\" data-image-title=\"FuG\" data-image-description=\"\" data-image-caption=\"&lt;p&gt;Text mit freundlicher Genehmigung der S &amp;#038; D Verlag GmbH. Die komplette &amp;#8222;nat\u00fcrlich Frau&amp;#8220; bekommen Sie auch bei uns in der Apotheke als monatliches Special in der &amp;#8222;Naturheilkunde &amp;#038; Gesundheit&amp;#8220;.&lt;\/p&gt;\n\" data-large-file=\"https:\/\/www.flora-pharm.de\/blog\/wp-content\/uploads\/2017\/08\/natuerlich-frau-cover-08-2017.jpg\" class=\"size-medium wp-image-4362\" src=\"https:\/\/www.flora-pharm.de\/blog\/wp-content\/uploads\/2017\/08\/natuerlich-frau-cover-08-2017-242x300.jpg\" alt=\"\" width=\"242\" height=\"300\" srcset=\"https:\/\/www.flora-pharm.de\/blog\/wp-content\/uploads\/2017\/08\/natuerlich-frau-cover-08-2017-242x300.jpg 242w, https:\/\/www.flora-pharm.de\/blog\/wp-content\/uploads\/2017\/08\/natuerlich-frau-cover-08-2017.jpg 450w\" sizes=\"auto, (max-width: 242px) 100vw, 242px\" \/><\/a><figcaption id=\"caption-attachment-4362\" class=\"wp-caption-text\">Text mit freundlicher Genehmigung der S &amp; D Verlag GmbH. Die komplette &#8222;nat\u00fcrlich Frau&#8220; bekommen Sie auch bei uns in der Apotheke als monatliches Special in der &#8222;Naturheilkunde &amp; Gesundheit&#8220;.<\/figcaption><\/figure>\n","protected":false},"excerpt":{"rendered":"<p>Kollagen ist ein nat\u00fcrlicher Bestandteil unseres Bindegewebes. Es verleiht der Haut Spannkraft und Stabilit\u00e4t. In jungen Jahren haben wir viel Kollagen und sind deshalb nahezu faltenfrei. Im Lauf unseres Lebens produziert unser K\u00f6rper immer weniger dieser Eiwei\u00dffasern. Mit der Folge, dass unsere Haut nach und nach erschlafft. Kaum eine Frau, die diesen Alterungsprozess nicht stoppen [&hellip;]<\/p>\n","protected":false},"author":1,"featured_media":4360,"comment_status":"open","ping_status":"open","sticky":false,"template":"","format":"standard","meta":{"jetpack_post_was_ever_published":false,"_jetpack_newsletter_access":"","_jetpack_dont_email_post_to_subs":false,"_jetpack_newsletter_tier_id":0,"_jetpack_memberships_contains_paywalled_content":false,"_jetpack_memberships_contains_paid_content":false,"footnotes":""},"categories":[8],"tags":[344,543,99,506],"class_list":["post-4402","post","type-post","status-publish","format-standard","has-post-thumbnail","hentry","category-wissenswert","tag-haut","tag-kollagen","tag-kosmetik","tag-natuerlich-frau","has-post-title","has-post-date","has-post-category","has-post-tag","has-post-comment","has-post-author",""],"jetpack_featured_media_url":"https:\/\/www.flora-pharm.de\/blog\/wp-content\/uploads\/2017\/08\/Qollagen-gegen-Falten.jpg","jetpack-related-posts":[{"id":8009,"url":"https:\/\/www.flora-pharm.de\/blog\/haut-couture-fuer-tag-und-nacht\/","url_meta":{"origin":4402,"position":0},"title":"Haut-Couture f\u00fcr Tag und Nacht","author":"Flora Team","date":"1. Februar 2022","format":false,"excerpt":"Unsere Haut ist innerhalb von 24 Stunden unterschiedlichsten Einfl\u00fcssen ausgesetzt. Braucht es wirklich jeweils eine Tages- und eine Nachtpflege? Oder eine f\u00fcr alles?","rel":"","context":"In &quot;Wissenswert&quot;","block_context":{"text":"Wissenswert","link":"https:\/\/www.flora-pharm.de\/blog\/category\/wissenswert\/"},"img":{"alt_text":"Haut-Couture","src":"https:\/\/i0.wp.com\/www.flora-pharm.de\/blog\/wp-content\/uploads\/2021\/12\/haut-couture.jpg?resize=350%2C200&ssl=1","width":350,"height":200,"srcset":"https:\/\/i0.wp.com\/www.flora-pharm.de\/blog\/wp-content\/uploads\/2021\/12\/haut-couture.jpg?resize=350%2C200&ssl=1 1x, https:\/\/i0.wp.com\/www.flora-pharm.de\/blog\/wp-content\/uploads\/2021\/12\/haut-couture.jpg?resize=525%2C300&ssl=1 1.5x, https:\/\/i0.wp.com\/www.flora-pharm.de\/blog\/wp-content\/uploads\/2021\/12\/haut-couture.jpg?resize=700%2C400&ssl=1 2x"},"classes":[]},{"id":9218,"url":"https:\/\/www.flora-pharm.de\/blog\/mehr-kraft-im-kreuz\/","url_meta":{"origin":4402,"position":1},"title":"Mehr Kraft im Kreuz","author":"Flora Team","date":"4. Oktober 2024","format":false,"excerpt":"R\u00fcckenschmerzen \u2013 26 Millionen Deutsche plagen sich damit herum. Wir haben ein paar Tipps zu mehr Wohlbefinden gesammelt.","rel":"","context":"In &quot;Wissenswert&quot;","block_context":{"text":"Wissenswert","link":"https:\/\/www.flora-pharm.de\/blog\/category\/wissenswert\/"},"img":{"alt_text":"Mehr Kraft im Kreuz - R\u00fcckenschmerzen","src":"https:\/\/i0.wp.com\/www.flora-pharm.de\/blog\/wp-content\/uploads\/2024\/05\/mehr-kraft-im-kreuz.jpg?resize=350%2C200&ssl=1","width":350,"height":200,"srcset":"https:\/\/i0.wp.com\/www.flora-pharm.de\/blog\/wp-content\/uploads\/2024\/05\/mehr-kraft-im-kreuz.jpg?resize=350%2C200&ssl=1 1x, https:\/\/i0.wp.com\/www.flora-pharm.de\/blog\/wp-content\/uploads\/2024\/05\/mehr-kraft-im-kreuz.jpg?resize=525%2C300&ssl=1 1.5x, https:\/\/i0.wp.com\/www.flora-pharm.de\/blog\/wp-content\/uploads\/2024\/05\/mehr-kraft-im-kreuz.jpg?resize=700%2C400&ssl=1 2x, https:\/\/i0.wp.com\/www.flora-pharm.de\/blog\/wp-content\/uploads\/2024\/05\/mehr-kraft-im-kreuz.jpg?resize=1050%2C600&ssl=1 3x"},"classes":[]},{"id":5653,"url":"https:\/\/www.flora-pharm.de\/blog\/vitamine-fuer-die-haut\/","url_meta":{"origin":4402,"position":2},"title":"Vitamine f\u00fcr die Haut","author":"Flora Team","date":"7. Januar 2019","format":false,"excerpt":"Glatt, rosig und weich. Damit die Haut so aussieht, braucht sie Vitamine. Welche sind besonders wichtig? Das kleine Haut-Vitamin-ABC verr\u00e4t es Ihnen.Die Haut ist unser gr\u00f6\u00dftes Organ. Sie misst etwa zwei Quadratmeter und wiegt rund 20 Prozent unseres K\u00f6rpergewichtes. Ohne unsere Haut sind wir schutzlos. Sie umgibt uns wie ein\u2026","rel":"","context":"In &quot;Wissenswert&quot;","block_context":{"text":"Wissenswert","link":"https:\/\/www.flora-pharm.de\/blog\/category\/wissenswert\/"},"img":{"alt_text":"Vitamine f\u00fcr die Haut","src":"https:\/\/i0.wp.com\/www.flora-pharm.de\/blog\/wp-content\/uploads\/2019\/01\/vitamine-fuer-die-haut.jpg?resize=350%2C200&ssl=1","width":350,"height":200,"srcset":"https:\/\/i0.wp.com\/www.flora-pharm.de\/blog\/wp-content\/uploads\/2019\/01\/vitamine-fuer-die-haut.jpg?resize=350%2C200&ssl=1 1x, https:\/\/i0.wp.com\/www.flora-pharm.de\/blog\/wp-content\/uploads\/2019\/01\/vitamine-fuer-die-haut.jpg?resize=525%2C300&ssl=1 1.5x, https:\/\/i0.wp.com\/www.flora-pharm.de\/blog\/wp-content\/uploads\/2019\/01\/vitamine-fuer-die-haut.jpg?resize=700%2C400&ssl=1 2x"},"classes":[]},{"id":8404,"url":"https:\/\/www.flora-pharm.de\/blog\/was-braucht-die-maennerhaut\/","url_meta":{"origin":4402,"position":3},"title":"Was braucht die M\u00e4nnerhaut","author":"Flora Team","date":"18. Oktober 2022","format":false,"excerpt":"Hautpflege ist Frauensache? Liebe M\u00e4nner, so einfach ist das nicht. Auch wenn M\u00e4nnerhaut einige Vorteile gegen\u00fcber den Damen bietet","rel":"","context":"In &quot;Wissenswert&quot;","block_context":{"text":"Wissenswert","link":"https:\/\/www.flora-pharm.de\/blog\/category\/wissenswert\/"},"img":{"alt_text":"maennerhaut","src":"https:\/\/i0.wp.com\/www.flora-pharm.de\/blog\/wp-content\/uploads\/2022\/09\/maennerhaut.jpg?resize=350%2C200&ssl=1","width":350,"height":200,"srcset":"https:\/\/i0.wp.com\/www.flora-pharm.de\/blog\/wp-content\/uploads\/2022\/09\/maennerhaut.jpg?resize=350%2C200&ssl=1 1x, https:\/\/i0.wp.com\/www.flora-pharm.de\/blog\/wp-content\/uploads\/2022\/09\/maennerhaut.jpg?resize=525%2C300&ssl=1 1.5x, https:\/\/i0.wp.com\/www.flora-pharm.de\/blog\/wp-content\/uploads\/2022\/09\/maennerhaut.jpg?resize=700%2C400&ssl=1 2x, https:\/\/i0.wp.com\/www.flora-pharm.de\/blog\/wp-content\/uploads\/2022\/09\/maennerhaut.jpg?resize=1050%2C600&ssl=1 3x"},"classes":[]},{"id":9276,"url":"https:\/\/www.flora-pharm.de\/blog\/das-meer-quelle-der-schoenheit\/","url_meta":{"origin":4402,"position":4},"title":"Das Meer \u2013 Quelle der Sch\u00f6nheit","author":"Flora Team","date":"25. September 2024","format":false,"excerpt":"Aphrodite, die sch\u00f6nste aller Frauen, soll im Meer geboren sein. Kein Wunder, verbirgt sich dort doch eine Schatztruhe voller Beauty-Geheimnisse","rel":"","context":"In &quot;Wissenswert&quot;","block_context":{"text":"Wissenswert","link":"https:\/\/www.flora-pharm.de\/blog\/category\/wissenswert\/"},"img":{"alt_text":"Das Meer - Quell der Sch\u00f6nheit","src":"https:\/\/i0.wp.com\/www.flora-pharm.de\/blog\/wp-content\/uploads\/2024\/08\/meer-quell-der-schoenheit.jpg?resize=350%2C200&ssl=1","width":350,"height":200,"srcset":"https:\/\/i0.wp.com\/www.flora-pharm.de\/blog\/wp-content\/uploads\/2024\/08\/meer-quell-der-schoenheit.jpg?resize=350%2C200&ssl=1 1x, https:\/\/i0.wp.com\/www.flora-pharm.de\/blog\/wp-content\/uploads\/2024\/08\/meer-quell-der-schoenheit.jpg?resize=525%2C300&ssl=1 1.5x, https:\/\/i0.wp.com\/www.flora-pharm.de\/blog\/wp-content\/uploads\/2024\/08\/meer-quell-der-schoenheit.jpg?resize=700%2C400&ssl=1 2x, https:\/\/i0.wp.com\/www.flora-pharm.de\/blog\/wp-content\/uploads\/2024\/08\/meer-quell-der-schoenheit.jpg?resize=1050%2C600&ssl=1 3x"},"classes":[]},{"id":7900,"url":"https:\/\/www.flora-pharm.de\/blog\/lust-auf-meer-thalassotherapie\/","url_meta":{"origin":4402,"position":5},"title":"Lust auf Meer \u2013 Thalassotherapie","author":"Flora Team","date":"26. November 2021","format":false,"excerpt":"Salz, Schlick, Seetang und mehr... die Sch\u00e4tze der Ozeane sind bemerkenswerte Beauty-Stars. Vielleicht ist das ein Grund, warum so viele Wellness-Fans auf Thalasso schw\u00f6ren.","rel":"","context":"In &quot;Wissenswert&quot;","block_context":{"text":"Wissenswert","link":"https:\/\/www.flora-pharm.de\/blog\/category\/wissenswert\/"},"img":{"alt_text":"Thalassotherapie","src":"https:\/\/i0.wp.com\/www.flora-pharm.de\/blog\/wp-content\/uploads\/2021\/10\/thalasso-lust-auf-meer.jpg?resize=350%2C200&ssl=1","width":350,"height":200,"srcset":"https:\/\/i0.wp.com\/www.flora-pharm.de\/blog\/wp-content\/uploads\/2021\/10\/thalasso-lust-auf-meer.jpg?resize=350%2C200&ssl=1 1x, https:\/\/i0.wp.com\/www.flora-pharm.de\/blog\/wp-content\/uploads\/2021\/10\/thalasso-lust-auf-meer.jpg?resize=525%2C300&ssl=1 1.5x, https:\/\/i0.wp.com\/www.flora-pharm.de\/blog\/wp-content\/uploads\/2021\/10\/thalasso-lust-auf-meer.jpg?resize=700%2C400&ssl=1 2x"},"classes":[]}],"jetpack_sharing_enabled":true,"_links":{"self":[{"href":"https:\/\/www.flora-pharm.de\/blog\/wp-json\/wp\/v2\/posts\/4402","targetHints":{"allow":["GET"]}}],"collection":[{"href":"https:\/\/www.flora-pharm.de\/blog\/wp-json\/wp\/v2\/posts"}],"about":[{"href":"https:\/\/www.flora-pharm.de\/blog\/wp-json\/wp\/v2\/types\/post"}],"author":[{"embeddable":true,"href":"https:\/\/www.flora-pharm.de\/blog\/wp-json\/wp\/v2\/users\/1"}],"replies":[{"embeddable":true,"href":"https:\/\/www.flora-pharm.de\/blog\/wp-json\/wp\/v2\/comments?post=4402"}],"version-history":[{"count":4,"href":"https:\/\/www.flora-pharm.de\/blog\/wp-json\/wp\/v2\/posts\/4402\/revisions"}],"predecessor-version":[{"id":4406,"href":"https:\/\/www.flora-pharm.de\/blog\/wp-json\/wp\/v2\/posts\/4402\/revisions\/4406"}],"wp:featuredmedia":[{"embeddable":true,"href":"https:\/\/www.flora-pharm.de\/blog\/wp-json\/wp\/v2\/media\/4360"}],"wp:attachment":[{"href":"https:\/\/www.flora-pharm.de\/blog\/wp-json\/wp\/v2\/media?parent=4402"}],"wp:term":[{"taxonomy":"category","embeddable":true,"href":"https:\/\/www.flora-pharm.de\/blog\/wp-json\/wp\/v2\/categories?post=4402"},{"taxonomy":"post_tag","embeddable":true,"href":"https:\/\/www.flora-pharm.de\/blog\/wp-json\/wp\/v2\/tags?post=4402"}],"curies":[{"name":"wp","href":"https:\/\/api.w.org\/{rel}","templated":true}]}}