{"id":4433,"date":"2017-09-07T09:10:21","date_gmt":"2017-09-07T07:10:21","guid":{"rendered":"http:\/\/www.flora-pharm.de\/blog\/?p=4433"},"modified":"2017-09-07T09:36:58","modified_gmt":"2017-09-07T07:36:58","slug":"lila-die-heide-blueht","status":"publish","type":"post","link":"https:\/\/www.flora-pharm.de\/blog\/lila-die-heide-blueht\/","title":{"rendered":"Lila &#8211; Die Heide bl\u00fcht"},"content":{"rendered":"<p>Ein lokaler Ausflugstipp: Die L\u00fcneburger Heide ist der erste Naturpark Deutschlands. Zwischen Hannover, Hamburg und Bremen bl\u00fcht nach einer alten Heidjer-Bauernregel die typische Besenheide (Calluna vulgaris) vom 8. August bis 9. September in pr\u00e4chtigstem Lila. Der eigentliche Naturpark liegt im Norden dieses Bereichs und umfasst stolze 107000 Hektar. Es ist derzeit Hochsaison, also noch nicht zu sp\u00e4t f\u00fcr einen Besuch. Die D\u00f6rfer Bispingen und Wilsede sind das touristische Highlight, da sich in ihrer N\u00e4he die gr\u00f6\u00dfte zusammenh\u00e4ngende Heidefl\u00e4che befindet (etwas \u00fcber 23000 Hektar).<\/p>\n<p>Auf dem sandigen, eher n\u00e4hrstoffarmen Boden sind mehr Wanderer (der 234km lange Heidschnucken-Wanderweg von Hamburg Fischbek nach Celle wurde z.B. mehrfach pr\u00e4miert) als Radfahrer anzutreffen. Die typische Heide wird durchbrochen von Wacholderb\u00e4umen, und ges\u00e4umt von weitl\u00e4ufigen Laubw\u00e4ldern.<\/p>\n<p>Als der Mensch die B\u00e4ume abholzte, blieb nur n\u00e4hrstoffarmer Boden. Ungeeignet f\u00fcr den Ackerbau aber ideal f\u00fcr die Heidepflanzen. Hier kommen die regionstypischen Heidschnucken (eine gen\u00fcgsame Schafsrasse) zum Zug. Sie fra\u00dfen die abgetragenen Heidepflanzen und lieferten mit Ihrem Kot und Urin den notwendigen D\u00fcnger. Ihre Wolle lieferte zudem den Rohstoff f\u00fcr die Kleidung der Bauern.<\/p>\n<p>Auch heute noch sind die Heidschnucken absolut typisch f\u00fcr die Region. 13 gro\u00dfe Herden mit \u00fcber 9000 Tieren sorgen f\u00fcr die staatlich gef\u00f6rderte Landschaftspflege. Sie fressen die Sch\u00f6sslinge und kleinen Pflanzen weg und verschaffen den Heidepflanzen Luft. Zudem zertreten sie Spinnennester, so dass mehr Bienen \u00fcberleben und die Bl\u00fcten best\u00e4uben k\u00f6nnen. Ohne die Heidschnucken w\u00e4re die Heide eine andere.<\/p>\n<p>&nbsp;<\/p>\n<figure id=\"attachment_4431\" aria-describedby=\"caption-attachment-4431\" style=\"width: 150px\" class=\"wp-caption alignleft\"><a href=\"https:\/\/www.flora-pharm.de\/blog\/wp-content\/uploads\/2017\/09\/bockauktion-heidschnucke-sp-2017.jpg\"><img loading=\"lazy\" decoding=\"async\" data-attachment-id=\"4431\" data-permalink=\"https:\/\/www.flora-pharm.de\/blog\/lila-die-heide-blueht\/bockauktion-heidschnucke-sp-2017\/\" data-orig-file=\"https:\/\/www.flora-pharm.de\/blog\/wp-content\/uploads\/2017\/09\/bockauktion-heidschnucke-sp-2017.jpg\" data-orig-size=\"800,800\" data-comments-opened=\"1\" data-image-meta=\"{&quot;aperture&quot;:&quot;0&quot;,&quot;credit&quot;:&quot;&quot;,&quot;camera&quot;:&quot;&quot;,&quot;caption&quot;:&quot;&quot;,&quot;created_timestamp&quot;:&quot;0&quot;,&quot;copyright&quot;:&quot;&quot;,&quot;focal_length&quot;:&quot;0&quot;,&quot;iso&quot;:&quot;0&quot;,&quot;shutter_speed&quot;:&quot;0&quot;,&quot;title&quot;:&quot;&quot;,&quot;orientation&quot;:&quot;1&quot;}\" data-image-title=\"bockauktion-heidschnucke-sp-2017\" data-image-description=\"\" data-image-caption=\"\" data-large-file=\"https:\/\/www.flora-pharm.de\/blog\/wp-content\/uploads\/2017\/09\/bockauktion-heidschnucke-sp-2017.jpg\" class=\"wp-image-4431 size-thumbnail\" src=\"https:\/\/www.flora-pharm.de\/blog\/wp-content\/uploads\/2017\/09\/bockauktion-heidschnucke-sp-2017-150x150.jpg\" alt=\"\" width=\"150\" height=\"150\" srcset=\"https:\/\/www.flora-pharm.de\/blog\/wp-content\/uploads\/2017\/09\/bockauktion-heidschnucke-sp-2017-150x150.jpg 150w, https:\/\/www.flora-pharm.de\/blog\/wp-content\/uploads\/2017\/09\/bockauktion-heidschnucke-sp-2017-300x300.jpg 300w, https:\/\/www.flora-pharm.de\/blog\/wp-content\/uploads\/2017\/09\/bockauktion-heidschnucke-sp-2017.jpg 800w\" sizes=\"auto, (max-width: 150px) 100vw, 150px\" \/><\/a><figcaption id=\"caption-attachment-4431\" class=\"wp-caption-text\">Mr. M\u00fcden 2017<\/figcaption><\/figure>\n<p>Weitere Heidschnucken findet man in Zuchtbetrieben, die den Bedarf an Heidschnucken-Fleisch bedienen. Hier zu erw\u00e4hnen ist z.B. der Heidschnuckenhof Jeversen, der sich seit \u00fcber 15 Jahren mit der Zucht der sogenannten \u201egrauen Geh\u00f6rnten\u201c besch\u00e4ftigt und das Fleisch in seiner eigenen <a href=\"http:\/\/www.fischers-heideschlachterei.de\/\" rel=\"nofollow\" target=\"_blank\">Schlachterei<\/a> vermarktet. Er ist Mitglied im Verband L\u00fcneburger Heidschnuckenz\u00fcchter (VLH) und ist mit den besten Jahrgangsb\u00f6cken eines jeden Jahres auf der Bockauktion in M\u00fcden\/ \u00d6rtze vertreten. In diesem Jahr stellte dieser Betrieb unter der Leitung von Detlef Fischer den \u201eMr. M\u00fcden\u201c (siehe Foto).<\/p>\n<p>&nbsp;<\/p>\n<p>Wenn Sie gerade eine kleine Wanderung oder einen gr\u00f6\u00dferen Spaziergang planen, schauen Sie sich das lila Spektakel doch mal an. Es gibt viel zu entdecken. Eine sehr gute Empfehlung ist auch ein Besuch beim <a href=\"http:\/\/www.schaeferhof-neuenkirchen.de\/\" rel=\"nofollow\" target=\"_blank\">Sch\u00e4ferhof in Neuenkirchen<\/a>.<\/p>\n<p>&nbsp;<\/p>\n<p>Weitergehende Informationen finden Sie z.B. hier:<\/p>\n<ul>\n<li><a href=\"http:\/\/www.naturpark-lueneburger-heide.de\/\" rel=\"nofollow\" target=\"_blank\">naturpark-lueneburger-heide.de<\/a><\/li>\n<li><a href=\"http:\/\/www.verein-naturschutzpark.de\" rel=\"nofollow\" target=\"_blank\">verein-naturschutzpark.de<\/a><\/li>\n<li><a href=\"http:\/\/www.schafzucht-niedersachsen.de\/\" rel=\"nofollow\" target=\"_blank\">schafzucht-niedersachsen.de<\/a><\/li>\n<\/ul>\n","protected":false},"excerpt":{"rendered":"<p>Ein lokaler Ausflugstipp: Die L\u00fcneburger Heide ist der erste Naturpark Deutschlands. Zwischen Hannover, Hamburg und Bremen bl\u00fcht nach einer alten Heidjer-Bauernregel die typische Besenheide (Calluna vulgaris) vom 8. August bis 9. September in pr\u00e4chtigstem Lila. Der eigentliche Naturpark liegt im Norden dieses Bereichs und umfasst stolze 107000 Hektar. Es ist derzeit Hochsaison, also noch nicht [&hellip;]<\/p>\n","protected":false},"author":1,"featured_media":4432,"comment_status":"open","ping_status":"open","sticky":false,"template":"","format":"standard","meta":{"jetpack_post_was_ever_published":false,"_jetpack_newsletter_access":"","_jetpack_dont_email_post_to_subs":false,"_jetpack_newsletter_tier_id":0,"_jetpack_memberships_contains_paywalled_content":false,"_jetpack_memberships_contains_paid_content":false,"footnotes":""},"categories":[15,8],"tags":[],"class_list":["post-4433","post","type-post","status-publish","format-standard","has-post-thumbnail","hentry","category-veranstaltungshinweis","category-wissenswert","has-post-title","has-post-date","has-post-category","has-post-tag","has-post-comment","has-post-author",""],"jetpack_featured_media_url":"https:\/\/www.flora-pharm.de\/blog\/wp-content\/uploads\/2017\/09\/lila-heide.jpg","jetpack-related-posts":[{"id":6299,"url":"https:\/\/www.flora-pharm.de\/blog\/wehrhafter-naturschutz\/","url_meta":{"origin":4433,"position":0},"title":"Wehrhafter Naturschutz","author":"Flora Team","date":"12. August 2019","format":false,"excerpt":"Truppen\u00fcbungspl\u00e4tze dienen nicht nur milit\u00e4rischen Zwecken. Sie leisten auch f\u00fcr den Arten- und Naturschutz ganz Erstaunliches. \u00a0 Es ist kein Zufall, dass die ersten freilebenden W\u00f6lfe \u00fcber einen Truppen\u00fcbungsplatz nach Deutschland gekommen sind. Und auch nicht, dass sich viele andere extrem seltene Tier- und Pflanzenarten ebenfalls ausgerechnet dort wohlf\u00fchlen, wo\u2026","rel":"","context":"In &quot;Haustiere&quot;","block_context":{"text":"Haustiere","link":"https:\/\/www.flora-pharm.de\/blog\/category\/haustiere\/"},"img":{"alt_text":"Naturschutz Truppen\u00fcbungsplatz","src":"https:\/\/i0.wp.com\/www.flora-pharm.de\/blog\/wp-content\/uploads\/2019\/07\/wehrhafter-naturschutz.jpg?resize=350%2C200&ssl=1","width":350,"height":200,"srcset":"https:\/\/i0.wp.com\/www.flora-pharm.de\/blog\/wp-content\/uploads\/2019\/07\/wehrhafter-naturschutz.jpg?resize=350%2C200&ssl=1 1x, https:\/\/i0.wp.com\/www.flora-pharm.de\/blog\/wp-content\/uploads\/2019\/07\/wehrhafter-naturschutz.jpg?resize=525%2C300&ssl=1 1.5x, https:\/\/i0.wp.com\/www.flora-pharm.de\/blog\/wp-content\/uploads\/2019\/07\/wehrhafter-naturschutz.jpg?resize=700%2C400&ssl=1 2x"},"classes":[]},{"id":8231,"url":"https:\/\/www.flora-pharm.de\/blog\/gruene-oasen-in-der-stadt\/","url_meta":{"origin":4433,"position":1},"title":"Gr\u00fcne Oasen in der Stadt","author":"Flora Team","date":"7. Juni 2022","format":false,"excerpt":"Stadtbegr\u00fcnung, gr\u00fcne Oasen, Schreberg\u00e4rten, Bienenhaltung bis hin zum Guerilla Gardening, immer mehr Menschen setzen auf Gro\u00dfstadtdschungel und Selbstversorgung","rel":"","context":"In &quot;Wissenswert&quot;","block_context":{"text":"Wissenswert","link":"https:\/\/www.flora-pharm.de\/blog\/category\/wissenswert\/"},"img":{"alt_text":"Gr\u00fcne Oase - Stadt im Gr\u00fcnen","src":"https:\/\/i0.wp.com\/www.flora-pharm.de\/blog\/wp-content\/uploads\/2022\/05\/gruene-oasen.jpg?resize=350%2C200&ssl=1","width":350,"height":200,"srcset":"https:\/\/i0.wp.com\/www.flora-pharm.de\/blog\/wp-content\/uploads\/2022\/05\/gruene-oasen.jpg?resize=350%2C200&ssl=1 1x, https:\/\/i0.wp.com\/www.flora-pharm.de\/blog\/wp-content\/uploads\/2022\/05\/gruene-oasen.jpg?resize=525%2C300&ssl=1 1.5x, https:\/\/i0.wp.com\/www.flora-pharm.de\/blog\/wp-content\/uploads\/2022\/05\/gruene-oasen.jpg?resize=700%2C400&ssl=1 2x"},"classes":[]},{"id":7010,"url":"https:\/\/www.flora-pharm.de\/blog\/beeren-apotheke-kugelrund-und-kerngesund\/","url_meta":{"origin":4433,"position":2},"title":"Beeren-Apotheke: Kugelrund und kerngesund","author":"Flora Team","date":"26. Juni 2020","format":false,"excerpt":"Beeren sind die Perlen des Sommers. Die kleinen, runden Fr\u00fcchtchen sind das Leckerste, was die heimische Natur jetzt zu bieten hat. Ob rot, ob blau \u2013 in allen Farben leuchten sie bald wie Juwelen von den Obststr\u00e4uchern und verf\u00fchren zu einem s\u00e4uerlich-s\u00fc\u00dfen Genuss, der es in sich hat. An guten\u2026","rel":"","context":"In &quot;Wissenswert&quot;","block_context":{"text":"Wissenswert","link":"https:\/\/www.flora-pharm.de\/blog\/category\/wissenswert\/"},"img":{"alt_text":"Beeren-Apotheke","src":"https:\/\/i0.wp.com\/www.flora-pharm.de\/blog\/wp-content\/uploads\/2020\/06\/beeren-apotheke.jpg?resize=350%2C200&ssl=1","width":350,"height":200,"srcset":"https:\/\/i0.wp.com\/www.flora-pharm.de\/blog\/wp-content\/uploads\/2020\/06\/beeren-apotheke.jpg?resize=350%2C200&ssl=1 1x, https:\/\/i0.wp.com\/www.flora-pharm.de\/blog\/wp-content\/uploads\/2020\/06\/beeren-apotheke.jpg?resize=525%2C300&ssl=1 1.5x, https:\/\/i0.wp.com\/www.flora-pharm.de\/blog\/wp-content\/uploads\/2020\/06\/beeren-apotheke.jpg?resize=700%2C400&ssl=1 2x"},"classes":[]},{"id":5176,"url":"https:\/\/www.flora-pharm.de\/blog\/blaubeeren-ein-adjuvans-fuer-die-strahlentherapie\/","url_meta":{"origin":4433,"position":3},"title":"Blaubeeren, ein Adjuvans f\u00fcr die Strahlentherapie?","author":"Flora Team","date":"19. Juli 2018","format":false,"excerpt":"Eine neue In-vitro-Studie l\u00e4sst vermuten, dass Blaubeer-Extrakt ein m\u00f6gliches Adjuvans f\u00fcr die Strahlentherapie sein k\u00f6nnte, insbesondere im Fall eines Zervixkarzinom: Davidson K. et al. Blueberry as a Potential Radiosensitizer for Treating Cervical Cancer. Pathol Oncol Res, online publiziert am 30. September 2017, DOI:10.1007\/s12253-017-0319-y Blaubeere = Heidelbeere Zuerst m\u00f6chten wir Ihnen\u2026","rel":"","context":"In &quot;Wissenswert&quot;","block_context":{"text":"Wissenswert","link":"https:\/\/www.flora-pharm.de\/blog\/category\/wissenswert\/"},"img":{"alt_text":"Blaubeeren \/ Heidelbeeren als Adjuvanz bei Strahlentherapie","src":"https:\/\/i0.wp.com\/www.flora-pharm.de\/blog\/wp-content\/uploads\/2018\/07\/blaubeeren-zervixkarzinom.jpg?resize=350%2C200&ssl=1","width":350,"height":200,"srcset":"https:\/\/i0.wp.com\/www.flora-pharm.de\/blog\/wp-content\/uploads\/2018\/07\/blaubeeren-zervixkarzinom.jpg?resize=350%2C200&ssl=1 1x, https:\/\/i0.wp.com\/www.flora-pharm.de\/blog\/wp-content\/uploads\/2018\/07\/blaubeeren-zervixkarzinom.jpg?resize=525%2C300&ssl=1 1.5x, https:\/\/i0.wp.com\/www.flora-pharm.de\/blog\/wp-content\/uploads\/2018\/07\/blaubeeren-zervixkarzinom.jpg?resize=700%2C400&ssl=1 2x"},"classes":[]},{"id":345,"url":"https:\/\/www.flora-pharm.de\/blog\/sommeranfang-2014-sommersonnenwende-freizeitgestaltung-hannover\/","url_meta":{"origin":4433,"position":4},"title":"Sommeranfang 2014, Sommersonnenwende, Freizeitgestaltung in Hannover","author":"Flora Team","date":"20. Juni 2014","format":false,"excerpt":"Morgen am 21. Juni 2014 um 12:51 Uhr beginnt der Sommer. Pessimisten sagen zwar (das ist zwar sachlich richtig, verkennt aber die Sch\u00f6nheit der Ist-Situation), dass die Tage jetzt wieder k\u00fcrzer werden, aber das kann uns die Laune nicht verderben. Wenn das Wetter mitspielt, sollte man viel Zeit im Freien\u2026","rel":"","context":"In &quot;Kalenderlexikon&quot;","block_context":{"text":"Kalenderlexikon","link":"https:\/\/www.flora-pharm.de\/blog\/category\/kalenderlexikon\/"},"img":{"alt_text":"","src":"https:\/\/i0.wp.com\/www.flora-pharm.de\/blog\/wp-content\/uploads\/2014\/06\/sonnenwende-flora.jpg?resize=350%2C200&ssl=1","width":350,"height":200,"srcset":"https:\/\/i0.wp.com\/www.flora-pharm.de\/blog\/wp-content\/uploads\/2014\/06\/sonnenwende-flora.jpg?resize=350%2C200&ssl=1 1x, https:\/\/i0.wp.com\/www.flora-pharm.de\/blog\/wp-content\/uploads\/2014\/06\/sonnenwende-flora.jpg?resize=525%2C300&ssl=1 1.5x, https:\/\/i0.wp.com\/www.flora-pharm.de\/blog\/wp-content\/uploads\/2014\/06\/sonnenwende-flora.jpg?resize=700%2C400&ssl=1 2x"},"classes":[]},{"id":8796,"url":"https:\/\/www.flora-pharm.de\/blog\/beerig\/","url_meta":{"origin":4433,"position":5},"title":"Beerig","author":"Flora Team","date":"6. Juni 2023","format":false,"excerpt":"In allen Farben funkeln die Beeren wie Kronjuwelen von den B\u00fcschen. Die kleinen Kugeln sind k\u00f6stlich und dabei noch kerngesund.","rel":"","context":"In &quot;Wissenswert&quot;","block_context":{"text":"Wissenswert","link":"https:\/\/www.flora-pharm.de\/blog\/category\/wissenswert\/"},"img":{"alt_text":"Beeren-Saison - Ges\u00fcnde K\u00fcgelchen","src":"https:\/\/i0.wp.com\/www.flora-pharm.de\/blog\/wp-content\/uploads\/2023\/05\/beerig.jpg?resize=350%2C200&ssl=1","width":350,"height":200,"srcset":"https:\/\/i0.wp.com\/www.flora-pharm.de\/blog\/wp-content\/uploads\/2023\/05\/beerig.jpg?resize=350%2C200&ssl=1 1x, https:\/\/i0.wp.com\/www.flora-pharm.de\/blog\/wp-content\/uploads\/2023\/05\/beerig.jpg?resize=525%2C300&ssl=1 1.5x, https:\/\/i0.wp.com\/www.flora-pharm.de\/blog\/wp-content\/uploads\/2023\/05\/beerig.jpg?resize=700%2C400&ssl=1 2x, https:\/\/i0.wp.com\/www.flora-pharm.de\/blog\/wp-content\/uploads\/2023\/05\/beerig.jpg?resize=1050%2C600&ssl=1 3x"},"classes":[]}],"jetpack_sharing_enabled":true,"_links":{"self":[{"href":"https:\/\/www.flora-pharm.de\/blog\/wp-json\/wp\/v2\/posts\/4433","targetHints":{"allow":["GET"]}}],"collection":[{"href":"https:\/\/www.flora-pharm.de\/blog\/wp-json\/wp\/v2\/posts"}],"about":[{"href":"https:\/\/www.flora-pharm.de\/blog\/wp-json\/wp\/v2\/types\/post"}],"author":[{"embeddable":true,"href":"https:\/\/www.flora-pharm.de\/blog\/wp-json\/wp\/v2\/users\/1"}],"replies":[{"embeddable":true,"href":"https:\/\/www.flora-pharm.de\/blog\/wp-json\/wp\/v2\/comments?post=4433"}],"version-history":[{"count":7,"href":"https:\/\/www.flora-pharm.de\/blog\/wp-json\/wp\/v2\/posts\/4433\/revisions"}],"predecessor-version":[{"id":4440,"href":"https:\/\/www.flora-pharm.de\/blog\/wp-json\/wp\/v2\/posts\/4433\/revisions\/4440"}],"wp:featuredmedia":[{"embeddable":true,"href":"https:\/\/www.flora-pharm.de\/blog\/wp-json\/wp\/v2\/media\/4432"}],"wp:attachment":[{"href":"https:\/\/www.flora-pharm.de\/blog\/wp-json\/wp\/v2\/media?parent=4433"}],"wp:term":[{"taxonomy":"category","embeddable":true,"href":"https:\/\/www.flora-pharm.de\/blog\/wp-json\/wp\/v2\/categories?post=4433"},{"taxonomy":"post_tag","embeddable":true,"href":"https:\/\/www.flora-pharm.de\/blog\/wp-json\/wp\/v2\/tags?post=4433"}],"curies":[{"name":"wp","href":"https:\/\/api.w.org\/{rel}","templated":true}]}}