{"id":4574,"date":"2017-10-27T10:56:15","date_gmt":"2017-10-27T08:56:15","guid":{"rendered":"http:\/\/www.flora-pharm.de\/blog\/?p=4574"},"modified":"2017-10-27T10:56:15","modified_gmt":"2017-10-27T08:56:15","slug":"schlafstoerungen-allgemein-und-speziell-zur-zeitumstellung","status":"publish","type":"post","link":"https:\/\/www.flora-pharm.de\/blog\/schlafstoerungen-allgemein-und-speziell-zur-zeitumstellung\/","title":{"rendered":"Schlafst\u00f6rungen \u2013 allgemein und speziell zur Zeitumstellung"},"content":{"rendered":"<h3>M\u00fcde bin ich, finde doch keine Ruh<\/h3>\n<p>Essen, Trinken und Schlafen sind unsere Lebenspfeiler. Werden diese elementaren biologischen Funktionen gest\u00f6rt, geht es uns schlecht. W\u00e4hrend uns aber Hunger und Durst heftig darauf aufmerksam machen, dass wir unseren K\u00f6rper unterversorgt lie\u00dfen, ist das mit einem Mangel an Schlaf nicht ganz so einfach. H\u00e4lt uns ein wichtiges Projekt bis sp\u00e4t in die Nacht wach oder qu\u00e4lt uns ein Gedankenkarussell, dann wird das h\u00e4ufig mit erh\u00f6htem Kaffeekonsum am n\u00e4chsten Morgen ausgeglichen. Doch auf Dauer machen Schlafst\u00f6rungen krank. Wissenschaftler der Schlafforschung und Schlafmedizin weisen deshalb auf erh\u00f6hte Risiken hin.<\/p>\n<p>Lesen Sie auch weitere Artikel zum <a href=\"https:\/\/www.flora-pharm.de\/blog\/tag\/schlafstoerung\/\">Thema Schlafst\u00f6rungen<\/a> in unserem Blog<\/p>\n<p>&nbsp;<\/p>\n<h2>Und morgens wie ger\u00e4dert<\/h2>\n<p>Jeder von uns hat schon einmal die Folgen von zu wenig oder immer wieder gest\u00f6rter Nachtruhe erlebt. Der n\u00e4chste Tag beginnt z\u00e4h, alles \u2013 das Waschen, Anziehen, Kaffeekochen \u2013 scheint doppelt so lange zu dauern. Man kann sich schlecht konzentrieren und bereits am Vormittag wollen einem die Augen zufallen. Schlecht, wenn man sich dann in risikoreicher Situation befindet, etwa im Auto hinter dem Lenkrad. Wohl dem, der sein Schlafdefizit in der n\u00e4chsten Nacht ausgleichen kann. Etwa 80 Prozent der Erwerbst\u00e4tigen zwischen 35 und 65 hierzulande k\u00f6nnen das jedoch nicht, sie klagen \u00fcber regelm\u00e4\u00dfige Schlafprobleme.<\/p>\n<p>&nbsp;<\/p>\n<h2>Wichtig f\u00fcr das Ged\u00e4chtnis<\/h2>\n<p>Fortw\u00e4hrender Schlafmangel hat Folgen: \u201eNeben einem erh\u00f6hten Risiko f\u00fcr Herz- Kreislauf-Erkrankungen, Stoffwechselerkrankungen und psychischen St\u00f6rungen deuten neuere Studien auch auf ein erh\u00f6htes Demenzrisiko hin\u201c, so Prof. Dr. Helmut Frohnhofen von der Deutschen Gesellschaft f\u00fcr Schlafforschung und Schlafmedizin (DGSM). Den Organen fehlt ohne Schlaf die Zeit der Regeneration. \u00dcbergewicht und Diabetes treten geh\u00e4uft auf. Ebenso werden die kognitiven Leistungen beeintr\u00e4chtigt, denn der Tiefschlaf spielt bei der \u00dcbertragung von Wissen in unser Langzeitged\u00e4chtnis eine entscheidende Rolle. Ohne gesunden Schlaf ist auch der Abtransport des sch\u00e4dlichen Proteins <strong>Beta-Amyloid<\/strong> gest\u00f6rt; so entstehen Ablagerungen im Gehirn, die eine Demenz beg\u00fcnstigen.<\/p>\n<p>&nbsp;<\/p>\n<h2>Nicht untersch\u00e4tzen<\/h2>\n<p>Der Mensch braucht zwischen sechs und neun Stunden Schlaf. Es gibt dabei die Morgentypen (<strong>Lerchen<\/strong>), denen das Aufstehen leichtf\u00e4llt, sowie die Abendtypen (<strong>Eulen<\/strong>), die keine so fr\u00fche Nachtruhe brauchen. \u00c4ltere Menschen schlafen weniger als j\u00fcngere. Allen aber kommen regelm\u00e4\u00dfige Schlafzeiten, ein optimal klimatisierter, dunkler Schlafraum, tags\u00fcber ausreichend Bewegung und abends der Verzicht auf gro\u00dfe Mahlzeiten, Kaffee und Alkohol zugute. Kurzfristige Schlafprobleme lassen sich mit bewusster Stressreduzierung, Entspannungstechniken und Wirkstoffen aus der Natur wie Lavendel, Melisse oder Passionsblume lindern. Schlafexperten weisen darauf hin, die St\u00f6rungen jedoch nicht auf die leichte Schulter zu nehmen. Man sollte einen Arzt aufsuchen, wenn das Problem mehr als dreimal w\u00f6chentlich \u00fcber vier Wochen auftritt.<\/p>\n<p>In vielen F\u00e4llen hilft dann die Kognitive Verhaltenstherapie, die laut Wissenschaftlern mit ihrer Langzeitwirkung einer Therapie mit Medikamenten \u00fcberlegen ist.<\/p>\n<p>&nbsp;<\/p>\n<h2>Kognitive Verhaltenstherapie<\/h2>\n<p>Sie beinhaltet die Progressive Muskelentspannung, Achtsamkeits\u00fcbungen f\u00fcr die geistige Entspannung, Schlaf-Wach-Rhythmus-Strukturierungen und kognitive Techniken.<\/p>\n<p>&nbsp;<\/p>\n<p>Zu den vielf\u00e4ltigen Ursachen von Schlafst\u00f6rungen beraten wir in der Apotheke Sie gern. Sie erhalten Tipps f\u00fcr eine gesunde Schlafhygiene und bei Bedarf pflanzliche Arzneimittel.<\/p>\n<p>Sprechen Sie uns unverbindlich an.<\/p>\n<p>&nbsp;<\/p>\n<p>&nbsp;<\/p>\n<h1>Jetlag zum Herbst \u2013 Ende der Sommerzeit 2017<\/h1>\n<p><a href=\"https:\/\/www.flora-pharm.de\/blog\/wp-content\/uploads\/2013\/10\/becherglas-uhr-sommerzeit-ende.jpg\"><img loading=\"lazy\" decoding=\"async\" data-attachment-id=\"59\" data-permalink=\"https:\/\/www.flora-pharm.de\/blog\/nicht-vergessen-ende-der-sommerzeit-2013\/becherglas-uhr-sommerzeit-ende\/\" data-orig-file=\"https:\/\/www.flora-pharm.de\/blog\/wp-content\/uploads\/2013\/10\/becherglas-uhr-sommerzeit-ende.jpg\" data-orig-size=\"600,600\" data-comments-opened=\"1\" data-image-meta=\"{&quot;aperture&quot;:&quot;0&quot;,&quot;credit&quot;:&quot;&quot;,&quot;camera&quot;:&quot;&quot;,&quot;caption&quot;:&quot;&quot;,&quot;created_timestamp&quot;:&quot;0&quot;,&quot;copyright&quot;:&quot;&quot;,&quot;focal_length&quot;:&quot;0&quot;,&quot;iso&quot;:&quot;0&quot;,&quot;shutter_speed&quot;:&quot;0&quot;,&quot;title&quot;:&quot;&quot;}\" data-image-title=\"Ende der Sommerzeit: Uhr 1 Std zur\u00fcckstellen\" data-image-description=\"\" data-image-caption=\"\" data-large-file=\"https:\/\/www.flora-pharm.de\/blog\/wp-content\/uploads\/2013\/10\/becherglas-uhr-sommerzeit-ende.jpg\" src=\"https:\/\/www.flora-pharm.de\/blog\/wp-content\/uploads\/2013\/10\/becherglas-uhr-sommerzeit-ende-300x300.jpg\" alt=\"\" width=\"300\" height=\"300\" class=\"alignleft size-medium wp-image-59\" srcset=\"https:\/\/www.flora-pharm.de\/blog\/wp-content\/uploads\/2013\/10\/becherglas-uhr-sommerzeit-ende-300x300.jpg 300w, https:\/\/www.flora-pharm.de\/blog\/wp-content\/uploads\/2013\/10\/becherglas-uhr-sommerzeit-ende-150x150.jpg 150w, https:\/\/www.flora-pharm.de\/blog\/wp-content\/uploads\/2013\/10\/becherglas-uhr-sommerzeit-ende.jpg 600w\" sizes=\"auto, (max-width: 300px) 100vw, 300px\" \/><\/a>Am 29.10.2017 um 3 Uhr wird die Uhr eine Stunde zur\u00fcckgestellt. Es ist nur eine Stunde, doch die Verschiebung macht uns nachweislich zu schaffen.<br \/>\nWir haben die letzten Jahre bereits einige Artikel zum Thema <a href=\"https:\/\/www.flora-pharm.de\/blog\/tag\/sommerzeit\/\">Sommerzeit<\/a> verfasst.<\/p>\n<p>&nbsp;<\/p>\n<p>Montags, nachdem wir an der Uhr gedreht haben, passieren mehr Verkehrs- und Arbeitsunf\u00e4lle als sonst. Und bis Mittwoch kommen mehr Patienten mit Herzbeschwerden ins Krankenhaus als im Jahresdurchschnitt. Die halbj\u00e4hrliche Zeitumstellung ist ein k\u00f6rperlicher Kraftakt.<\/p>\n<p>&nbsp;<\/p>\n<p>Unser Biorhythmus, ein empfindliches System Die innere Uhr funktioniert \u00fcber tageszeitspezifische Wechselwirkungen verschiedener Proteine. Gene, die den Tagesrhythmus steuern, werden nur zu ganz bestimmten Zeiten abgelesen. So entsteht ein ungef\u00e4hrer 24-Stunden-Rhythmus, der unser Schlaf-Wach-Verhalten, die Hormonbalance und Stoffwechselprozesse steuert. Leben wir gegen unsere innere Uhr, schlafen wir schlechter, der Hormonhaushalt ger\u00e4t durcheinander.<\/p>\n<p>&nbsp;<\/p>\n<p><strong>Vergleichbar mit <\/strong><a href=\"https:\/\/www.flora-pharm.de\/blog\/jetlag\/\"><strong>Jetlag<\/strong><\/a><br \/>\nDer Arbeitsbereich Chronobiologie am Institut f\u00fcr Medizinische Immunologie der Charit\u00e9 Berlin best\u00e4tigt: Die innere Uhr und Stoffwechselprozesse sind eng miteinander verzahnt. Sobald einer dieser Mechanismen gest\u00f6rt ist, funktioniert auch der andere nicht richtig. Der K\u00f6rper reagiert mit Schlafproblemen, Verdauungsst\u00f6rungen, Konzentrationsschwierigkeiten und Stimmungsschwankungen.<\/p>\n<p>Nach wenigen Tagen stellt sich der innere Rhythmus auf die neue Zeit ein. So geht\u2019s leichter:<\/p>\n<ul>\n<li>Einige Tage vor der Zeitumstellung den Rhythmus langsam \u00e4ndern: jeden Tag 15 Minuten sp\u00e4ter essen und schlafen gehen.<\/li>\n<li>Auf Kaffee und Alkohol verzichten.<\/li>\n<li>Gegen M\u00fcdigkeit am Tag an die frische Luft gehen, Mittagsschlaf vermeiden.<\/li>\n<li>In der Apotheke gibt es ausgleichende Kr\u00e4utertees und nat\u00fcrliche Pr\u00e4parate gegen M\u00fcdigkeit und Schlafprobleme.<\/li>\n<\/ul>\n<p>&nbsp;<\/p>\n<p>&nbsp;<\/p>\n<p><strong>F\u00fcr die Wirkung einiger Medikamente ist der Einnahmezeitpunkt enorm wichtig. <\/strong><\/p>\n<p>Diese Problematik haben wir auch schon bez\u00fcglich \u201e<a href=\"https:\/\/www.flora-pharm.de\/blog\/reisezeit-die-auswirkung-der-zeitverschiebung-bei-fernreisen-auf-die-richtige-dosierung-regelmaessiger-medikation\/\">Reisezeit \u2013 Die Auswirkung der Zeitverschiebung bei Fernreisen auf die richtige Dosierung regelm\u00e4\u00dfiger Medikation<\/a>\u201c diskutiert.<\/p>\n<p>&nbsp;<\/p>\n<p><strong>Wenn Sie Fragen haben, dann sprechen Sie uns an, wir beraten Sie gern.<\/strong><\/p>\n<p>&nbsp;<\/p>\n<p>&nbsp;<\/p>\n<figure id=\"attachment_4516\" aria-describedby=\"caption-attachment-4516\" style=\"width: 242px\" class=\"wp-caption alignleft\"><a href=\"https:\/\/www.flora-pharm.de\/blog\/wp-content\/uploads\/2017\/10\/natuerlich-frau-cover-10-2017.jpg\"><img loading=\"lazy\" decoding=\"async\" data-attachment-id=\"4516\" data-permalink=\"https:\/\/www.flora-pharm.de\/blog\/mythen-rund-um-den-schlaf\/fug-5\/\" data-orig-file=\"https:\/\/www.flora-pharm.de\/blog\/wp-content\/uploads\/2017\/10\/natuerlich-frau-cover-10-2017.jpg\" data-orig-size=\"450,557\" data-comments-opened=\"1\" data-image-meta=\"{&quot;aperture&quot;:&quot;0&quot;,&quot;credit&quot;:&quot;&quot;,&quot;camera&quot;:&quot;&quot;,&quot;caption&quot;:&quot;&quot;,&quot;created_timestamp&quot;:&quot;0&quot;,&quot;copyright&quot;:&quot;&quot;,&quot;focal_length&quot;:&quot;0&quot;,&quot;iso&quot;:&quot;0&quot;,&quot;shutter_speed&quot;:&quot;0&quot;,&quot;title&quot;:&quot;FuG&quot;,&quot;orientation&quot;:&quot;1&quot;}\" data-image-title=\"FuG\" data-image-description=\"\" data-image-caption=\"&lt;p&gt;Text mit freundlicher Genehmigung der S &amp;#038; D Verlag GmbH. Die komplette &amp;#8222;nat\u00fcrlich Frau&amp;#8220; bekommen Sie auch bei uns in der Apotheke als monatliches Special in der &amp;#8222;Naturheilkunde &amp;#038; Gesundheit&amp;#8220;.&lt;\/p&gt;\n\" data-large-file=\"https:\/\/www.flora-pharm.de\/blog\/wp-content\/uploads\/2017\/10\/natuerlich-frau-cover-10-2017.jpg\" class=\"size-medium wp-image-4516\" src=\"https:\/\/www.flora-pharm.de\/blog\/wp-content\/uploads\/2017\/10\/natuerlich-frau-cover-10-2017-242x300.jpg\" alt=\"\" width=\"242\" height=\"300\" srcset=\"https:\/\/www.flora-pharm.de\/blog\/wp-content\/uploads\/2017\/10\/natuerlich-frau-cover-10-2017-242x300.jpg 242w, https:\/\/www.flora-pharm.de\/blog\/wp-content\/uploads\/2017\/10\/natuerlich-frau-cover-10-2017.jpg 450w\" sizes=\"auto, (max-width: 242px) 100vw, 242px\" \/><\/a><figcaption id=\"caption-attachment-4516\" class=\"wp-caption-text\">Text mit freundlicher Genehmigung der S &amp; D Verlag GmbH. Die komplette &#8222;nat\u00fcrlich Frau&#8220; bekommen Sie auch bei uns in der Apotheke als monatliches Special in der &#8222;Naturheilkunde &amp; Gesundheit&#8220;.<\/figcaption><\/figure>\n","protected":false},"excerpt":{"rendered":"<p>M\u00fcde bin ich, finde doch keine Ruh Essen, Trinken und Schlafen sind unsere Lebenspfeiler. Werden diese elementaren biologischen Funktionen gest\u00f6rt, geht es uns schlecht. W\u00e4hrend uns aber Hunger und Durst heftig darauf aufmerksam machen, dass wir unseren K\u00f6rper unterversorgt lie\u00dfen, ist das mit einem Mangel an Schlaf nicht ganz so einfach. H\u00e4lt uns ein wichtiges [&hellip;]<\/p>\n","protected":false},"author":1,"featured_media":4520,"comment_status":"open","ping_status":"open","sticky":false,"template":"","format":"standard","meta":{"jetpack_post_was_ever_published":false,"_jetpack_newsletter_access":"","_jetpack_dont_email_post_to_subs":false,"_jetpack_newsletter_tier_id":0,"_jetpack_memberships_contains_paywalled_content":false,"_jetpack_memberships_contains_paid_content":false,"footnotes":""},"categories":[8],"tags":[222,506,556,150],"class_list":["post-4574","post","type-post","status-publish","format-standard","has-post-thumbnail","hentry","category-wissenswert","tag-jet-lag","tag-natuerlich-frau","tag-schlafhygiene","tag-schlafstoerung","has-post-title","has-post-date","has-post-category","has-post-tag","has-post-comment","has-post-author",""],"jetpack_featured_media_url":"https:\/\/www.flora-pharm.de\/blog\/wp-content\/uploads\/2017\/10\/schlafstoerungen.jpg","jetpack-related-posts":[{"id":7839,"url":"https:\/\/www.flora-pharm.de\/blog\/schlafen-sie-gut\/","url_meta":{"origin":4574,"position":0},"title":"Schlafen Sie gut","author":"Flora Team","date":"26. Oktober 2021","format":false,"excerpt":"Erholsame N\u00e4chte \u2013 Im Schlaf erholt sich der K\u00f6rper, sortiert sich der Geist und entspannt sich die Seele. Wie wir leichter in Morpheus' Arme finden:","rel":"","context":"In &quot;Wissenswert&quot;","block_context":{"text":"Wissenswert","link":"https:\/\/www.flora-pharm.de\/blog\/category\/wissenswert\/"},"img":{"alt_text":"Gut schlafen - Schlafhygiene - Durchschlafen","src":"https:\/\/i0.wp.com\/www.flora-pharm.de\/blog\/wp-content\/uploads\/2021\/08\/schlafen-sie-gut.jpg?resize=350%2C200&ssl=1","width":350,"height":200,"srcset":"https:\/\/i0.wp.com\/www.flora-pharm.de\/blog\/wp-content\/uploads\/2021\/08\/schlafen-sie-gut.jpg?resize=350%2C200&ssl=1 1x, https:\/\/i0.wp.com\/www.flora-pharm.de\/blog\/wp-content\/uploads\/2021\/08\/schlafen-sie-gut.jpg?resize=525%2C300&ssl=1 1.5x, https:\/\/i0.wp.com\/www.flora-pharm.de\/blog\/wp-content\/uploads\/2021\/08\/schlafen-sie-gut.jpg?resize=700%2C400&ssl=1 2x"},"classes":[]},{"id":4536,"url":"https:\/\/www.flora-pharm.de\/blog\/mythen-rund-um-den-schlaf\/","url_meta":{"origin":4574,"position":1},"title":"Mythen rund um den Schlaf","author":"Flora Team","date":"13. Oktober 2017","format":false,"excerpt":"Nachts gleiten wir in eine andere Welt. Weil wir unseren Schlaf nicht bewusst erleben, ranken sich viele Mythen darum. Der Chefarzt der Schlossparkklinik Dirmstein, Dr. Thorsten Bracher, behandelt unter anderem Patienten mit Schlafst\u00f6rungen und wei\u00df, an welchen Volksweisheiten etwas dran ist. Im Dunklen schl\u00e4ft sich\u2019s besser. Richtig. Die Bildung des\u2026","rel":"","context":"In &quot;Wissenswert&quot;","block_context":{"text":"Wissenswert","link":"https:\/\/www.flora-pharm.de\/blog\/category\/wissenswert\/"},"img":{"alt_text":"","src":"https:\/\/i0.wp.com\/www.flora-pharm.de\/blog\/wp-content\/uploads\/2017\/10\/schlaf-mythen.jpg?resize=350%2C200&ssl=1","width":350,"height":200,"srcset":"https:\/\/i0.wp.com\/www.flora-pharm.de\/blog\/wp-content\/uploads\/2017\/10\/schlaf-mythen.jpg?resize=350%2C200&ssl=1 1x, https:\/\/i0.wp.com\/www.flora-pharm.de\/blog\/wp-content\/uploads\/2017\/10\/schlaf-mythen.jpg?resize=525%2C300&ssl=1 1.5x, https:\/\/i0.wp.com\/www.flora-pharm.de\/blog\/wp-content\/uploads\/2017\/10\/schlaf-mythen.jpg?resize=700%2C400&ssl=1 2x"},"classes":[]},{"id":6616,"url":"https:\/\/www.flora-pharm.de\/blog\/gute-nacht-mit-globuli\/","url_meta":{"origin":4574,"position":2},"title":"Gute Nacht mit Globuli","author":"Flora Team","date":"23. Dezember 2019","format":false,"excerpt":"Sch\u00e4fchen gez\u00e4hlt und trotzdem die Nacht kein Auge zugemacht? Dann versuchen Sie es doch mit Hom\u00f6opathie. PS: Hier finden Sie einen guten Einstiegsartikel zum Thema Hom\u00f6opathie. Von Stefanie Happ \u00a0 Schlechter Schlaf hat viele Gesichter. Die einen gehen m\u00fcde ins Bett und finden dennoch keine Ruhe, die anderen werden nachts\u2026","rel":"","context":"In &quot;Wissenswert&quot;","block_context":{"text":"Wissenswert","link":"https:\/\/www.flora-pharm.de\/blog\/category\/wissenswert\/"},"img":{"alt_text":"Globuli Hom\u00f6opathie bei Schlafst\u00f6rungen","src":"https:\/\/i0.wp.com\/www.flora-pharm.de\/blog\/wp-content\/uploads\/2019\/12\/gute-nacht-globuli.jpg?resize=350%2C200&ssl=1","width":350,"height":200,"srcset":"https:\/\/i0.wp.com\/www.flora-pharm.de\/blog\/wp-content\/uploads\/2019\/12\/gute-nacht-globuli.jpg?resize=350%2C200&ssl=1 1x, https:\/\/i0.wp.com\/www.flora-pharm.de\/blog\/wp-content\/uploads\/2019\/12\/gute-nacht-globuli.jpg?resize=525%2C300&ssl=1 1.5x, https:\/\/i0.wp.com\/www.flora-pharm.de\/blog\/wp-content\/uploads\/2019\/12\/gute-nacht-globuli.jpg?resize=700%2C400&ssl=1 2x"},"classes":[]},{"id":4028,"url":"https:\/\/www.flora-pharm.de\/blog\/melatonin-bei-schlafstoerungen-auch-im-kindesalter\/","url_meta":{"origin":4574,"position":3},"title":"Melatonin bei Schlafst\u00f6rungen \u2013 auch im Kindesalter","author":"Flora Team","date":"3. April 2017","format":false,"excerpt":"Aufgrund unseres Artikels \"Erholsamer Schlaf\" erreichten uns ein paar Fragen, die uns zu diesem (Erg\u00e4nzungs-)Artikel inspiriert haben. In unserem Vitalstoff-ABC stellen wir Melatonin so vor: Melatonin ist ein Hormon, das im K\u00f6rper aus Tryptophan \u00fcber Serotonin haupts\u00e4chlich nachts bzw. bei Dunkelheit\u00a0von der Zirbeldr\u00fcse (Epiphyse) aber auch in der Retina (Netzhaut),\u2026","rel":"","context":"In &quot;Wissenswert&quot;","block_context":{"text":"Wissenswert","link":"https:\/\/www.flora-pharm.de\/blog\/category\/wissenswert\/"},"img":{"alt_text":"Melatonin","src":"https:\/\/i0.wp.com\/www.flora-pharm.de\/blog\/wp-content\/uploads\/2017\/04\/melatonin.jpg?resize=350%2C200&ssl=1","width":350,"height":200,"srcset":"https:\/\/i0.wp.com\/www.flora-pharm.de\/blog\/wp-content\/uploads\/2017\/04\/melatonin.jpg?resize=350%2C200&ssl=1 1x, https:\/\/i0.wp.com\/www.flora-pharm.de\/blog\/wp-content\/uploads\/2017\/04\/melatonin.jpg?resize=525%2C300&ssl=1 1.5x, https:\/\/i0.wp.com\/www.flora-pharm.de\/blog\/wp-content\/uploads\/2017\/04\/melatonin.jpg?resize=700%2C400&ssl=1 2x"},"classes":[]},{"id":7180,"url":"https:\/\/www.flora-pharm.de\/blog\/laesst-sich-schlaf-nachholen-der-mythen-check\/","url_meta":{"origin":4574,"position":4},"title":"L\u00e4sst sich Schlaf nachholen? Der Mythen-Check.","author":"Flora Team","date":"23. Oktober 2020","format":false,"excerpt":"Jeder kennt sie seit Kindertagen: die alten Weisheiten, die sich um unsere Gesundheit ranken. Sind sie wahr oder falsch? Sonntags lange im Bett bleiben, herrlich! So k\u00f6nnen wir das Schlafdefizit einer ganzen Woche ausgleichen. Stimmt das? Von Stefanie Happ Jojo-Schlaf Endlich Wochenende. Kein Wecker, der gnadenlos die Tr\u00e4ume unterbricht. Ausschlafen\u2026","rel":"","context":"In &quot;Wissenswert&quot;","block_context":{"text":"Wissenswert","link":"https:\/\/www.flora-pharm.de\/blog\/category\/wissenswert\/"},"img":{"alt_text":"Mythen auf dem Pr\u00fcfstand: L\u00e4sst sich Schlaf nachholen?","src":"https:\/\/i0.wp.com\/www.flora-pharm.de\/blog\/wp-content\/uploads\/2020\/10\/mythos-schlaf-nachholen.jpg?resize=350%2C200&ssl=1","width":350,"height":200,"srcset":"https:\/\/i0.wp.com\/www.flora-pharm.de\/blog\/wp-content\/uploads\/2020\/10\/mythos-schlaf-nachholen.jpg?resize=350%2C200&ssl=1 1x, https:\/\/i0.wp.com\/www.flora-pharm.de\/blog\/wp-content\/uploads\/2020\/10\/mythos-schlaf-nachholen.jpg?resize=525%2C300&ssl=1 1.5x, https:\/\/i0.wp.com\/www.flora-pharm.de\/blog\/wp-content\/uploads\/2020\/10\/mythos-schlaf-nachholen.jpg?resize=700%2C400&ssl=1 2x"},"classes":[]},{"id":3228,"url":"https:\/\/www.flora-pharm.de\/blog\/tipps-gegen-schlaflose-naechte\/","url_meta":{"origin":4574,"position":5},"title":"Tipps gegen schlaflose N\u00e4chte","author":"Flora Team","date":"19. Mai 2016","format":false,"excerpt":"Viele Menschen leiden unter Schlafst\u00f6rungen. Die Ursachen sind vielf\u00e4ltig, doch mit einigen Tipps kann es eine gute Nacht werden. \u00a0 Wie viel Schlaf braucht der Mensch? W\u00e4hrend S\u00e4uglinge pro Tag 15 Stunden oder l\u00e4nger schlafen, ben\u00f6tigt ein Erwachsener durchschnittlich sechs bis acht Stunden. Ideal ist es, schnell einzuschlafen und nachts\u2026","rel":"","context":"In &quot;Heilpflanzen \/ Arzneipflanzen&quot;","block_context":{"text":"Heilpflanzen \/ Arzneipflanzen","link":"https:\/\/www.flora-pharm.de\/blog\/category\/heilpflanzen-arzneipflanzen\/"},"img":{"alt_text":"","src":"https:\/\/i0.wp.com\/www.flora-pharm.de\/blog\/wp-content\/uploads\/2016\/05\/schlaflose-naechte.jpg?resize=350%2C200&ssl=1","width":350,"height":200,"srcset":"https:\/\/i0.wp.com\/www.flora-pharm.de\/blog\/wp-content\/uploads\/2016\/05\/schlaflose-naechte.jpg?resize=350%2C200&ssl=1 1x, https:\/\/i0.wp.com\/www.flora-pharm.de\/blog\/wp-content\/uploads\/2016\/05\/schlaflose-naechte.jpg?resize=525%2C300&ssl=1 1.5x, https:\/\/i0.wp.com\/www.flora-pharm.de\/blog\/wp-content\/uploads\/2016\/05\/schlaflose-naechte.jpg?resize=700%2C400&ssl=1 2x"},"classes":[]}],"jetpack_sharing_enabled":true,"_links":{"self":[{"href":"https:\/\/www.flora-pharm.de\/blog\/wp-json\/wp\/v2\/posts\/4574","targetHints":{"allow":["GET"]}}],"collection":[{"href":"https:\/\/www.flora-pharm.de\/blog\/wp-json\/wp\/v2\/posts"}],"about":[{"href":"https:\/\/www.flora-pharm.de\/blog\/wp-json\/wp\/v2\/types\/post"}],"author":[{"embeddable":true,"href":"https:\/\/www.flora-pharm.de\/blog\/wp-json\/wp\/v2\/users\/1"}],"replies":[{"embeddable":true,"href":"https:\/\/www.flora-pharm.de\/blog\/wp-json\/wp\/v2\/comments?post=4574"}],"version-history":[{"count":7,"href":"https:\/\/www.flora-pharm.de\/blog\/wp-json\/wp\/v2\/posts\/4574\/revisions"}],"predecessor-version":[{"id":4581,"href":"https:\/\/www.flora-pharm.de\/blog\/wp-json\/wp\/v2\/posts\/4574\/revisions\/4581"}],"wp:featuredmedia":[{"embeddable":true,"href":"https:\/\/www.flora-pharm.de\/blog\/wp-json\/wp\/v2\/media\/4520"}],"wp:attachment":[{"href":"https:\/\/www.flora-pharm.de\/blog\/wp-json\/wp\/v2\/media?parent=4574"}],"wp:term":[{"taxonomy":"category","embeddable":true,"href":"https:\/\/www.flora-pharm.de\/blog\/wp-json\/wp\/v2\/categories?post=4574"},{"taxonomy":"post_tag","embeddable":true,"href":"https:\/\/www.flora-pharm.de\/blog\/wp-json\/wp\/v2\/tags?post=4574"}],"curies":[{"name":"wp","href":"https:\/\/api.w.org\/{rel}","templated":true}]}}