{"id":4601,"date":"2017-11-10T11:51:04","date_gmt":"2017-11-10T10:51:04","guid":{"rendered":"http:\/\/www.flora-pharm.de\/blog\/?p=4601"},"modified":"2017-11-10T12:44:54","modified_gmt":"2017-11-10T11:44:54","slug":"heilende-licht-farben","status":"publish","type":"post","link":"https:\/\/www.flora-pharm.de\/blog\/heilende-licht-farben\/","title":{"rendered":"Heilende Licht-Farben"},"content":{"rendered":"<p>Licht kann helfen wie ein Medikament &#8211; eingesetzt zur richtigen Zeit mit dem richtigen Spektrum und der geeigneten Beleuchtungsst\u00e4rke.<\/p>\n<p>Unterschiedliche Wellenl\u00e4ngen werden durch Lichtbrechung in einzelne Bereiche aufgef\u00e4chert. Wir k\u00f6nnen zwar einige Lichtfarben des Spektrums nicht sehen, aber therapeutisch nutzen.<\/p>\n<p><strong>Infrarotlicht<\/strong> macht etwa die H\u00e4lfte des Sonnenlichts aus \u2013 unsichtbar, aber als W\u00e4rme zu sp\u00fcren. Infrarotstrahlen aus handels\u00fcblichen W\u00e4rmestrahlern dringen in obere Hautschichten ein und sind der Klassiker bei Muskelverspannungen. Infrarot wirkt au\u00dferdem bei lokalen Entz\u00fcndungen im Rahmen von Infekten oder rheumatischen Erkrankungen. Es regt Durchblutung, Stoffwechsel und Immunsystem an und lindert Schmerzen. Die unsichtbare Lichtfarbe dient au\u00dferdem zur ber\u00fchrungsfreien Temperaturmessung per Ohr- oder Stirnthermometer.<\/p>\n<p><strong>Blaues Licht<\/strong> wird bei entz\u00fcndlichen Hauterkrankungen wie Neurodermitis und Akne sowie Muskelschmerzen eingesetzt. Es setzt Stickstoffmonoxid in der Haut frei, das Entz\u00fcndungsprozesse stoppt. Neugeborene mit bedrohlicher Gelbsucht werden ebenfalls mit blauem Licht behandelt: Die kurzwelligen Strahlen spalten das in der Haut eingelagerte Bilirubin in harmlose wasserl\u00f6sliche Elemente auf. Aber Achtung: ein zu hoher Blauanteil belastet die Sehzellen im Augenhintergrund stark und wird in Verbindung mit Makuladegeneration gebracht. Moderne Monitore bieten daher bereits Blaulichtfilter(Einstellungen) an, ebenso sind hochwertige Brillen mit entsprechenden Filtersystemen bei bestehender Problematik empfehlenswert.<\/p>\n<p><strong>Ultraviolettstrahlung<\/strong> ist unsichtbar. Langwelliges UV-A verursacht kurzzeitige Br\u00e4une und Hautalterung. Kurzwelliges UV-B erzeugt anhaltende Br\u00e4une und erm\u00f6glicht die Vitamin-D Bildung. Beide wirken antientz\u00fcndlich, unterst\u00fctzen das Immunsystem und lindern Juckreiz. UV-A wirkt gut bei Neurodermitis und Mastozytose, UV-B findet eher bei Schuppenflechte Anwendung; es vermindert die typische \u00dcberproduktion von Hautzellen.<\/p>\n<p><strong>PUVA<\/strong> (Psoralen + UV-A) ist eine erweiterte Anwendung von UV-Licht. Dabei erh\u00f6hen Psoralene, Naturstoffe aus \u00e4therischen \u00d6len verschiedener Pflanzen, die Lichtempfindlichkeit der Haut und intensivieren so die Lichttherapie. Einsatzgebiete sind Desensibilisierung bei Sonnenallergie, chronischer Juckreiz und die Wei\u00dffleckenkrankheit Vitiligo.<\/p>\n<p><strong>Farblichttherapie<\/strong> nutzt verschiedene Filter, um einzelne Lichtfarben zu erzeugen. Jeder Farbe werden bestimmte Heilwirkungen zugesprochen, so gilt Gr\u00fcn als ausgleichend und beruhigend, Orange l\u00f6st Verkrampfungen und erh\u00f6ht die Tatkraft. Die Anwendung erfolgt mit farbigen Lampen oder Brillen, bestrahlt werden bestimmte K\u00f6rperregionen, Akupunkturpunkte oder die Augen.<\/p>\n<p>PS: Lesen Sie auch <a href=\"https:\/\/www.flora-pharm.de\/blog\/farben-gegen-depressive-stimmung\/\">Farben gegen depressive Stimmung<\/a>.<\/p>\n<p>Therapieger\u00e4te f\u00fcr Blaulicht- und Infrarotanwendungen sowie Infrarotthermometer k\u00f6nnen Sie auch bei uns beziehen. Zus\u00e4tzlich beantworten wir gern weitere Fragen in Abstimmung auf Ihre pers\u00f6nliche Situation und Krankengeschichte.<\/p>\n<p>&nbsp;<\/p>\n<p>&nbsp;<\/p>\n<h2>Selbstheilung aktivieren mit Licht<\/h2>\n<p>Facharzt Dr. Hinrich H\u00f6rnlein-Rummel vom Therapeium Berlin behandelt Patienten mit chronischen Schmerzen. Sein <strong>Biopointing-Konzept<\/strong> nutzt dabei die biologischen Effekte von Licht zur Anregung der Selbstheilung und soll zuk\u00fcnftig auch in Arzt- und Therapeutenpraxen sowie Apotheken zum Einsatz kommen.<\/p>\n<p><strong><em>Wie funktioniert die Anregung von Selbstheilungskr\u00e4ften durch Licht?<\/em><\/strong><br \/>\nProf. Popp, ein Pionier der Lichtforschung, ermittelte, dass jede lebendige Zelle Licht speichert. Chromosomen bewahren Erinnerungen als eine Art Hologramm, das durch sogenannte Biophotonen gelesen werden kann. Verschiedene Lichttherapiemethoden bilden die Eigenschaften dieser biologischen Photonen nach und nutzen sie therapeutisch \u2013 wie der Biopointer. Das Fl\u00e4chenlichtger\u00e4t strahlt je zur H\u00e4lfte rotes und infrarotes Licht aus und liefert Informationen an das Gewebe. So werden die Zellen in die Lage versetzt, eigene Selbstheilungsmechanismen anzuschalten und auszuf\u00fchren. Das Wirkprinzip ist eine Energetisierung der Mitochondrien in den Zellen, die Selbstheilungsmechanismen f\u00f6rdern und Entz\u00fcndungsparameter im Blut absenken.<\/p>\n<p><strong><em>Wobei kann Ihre Lichttherapie helfen?<\/em><\/strong><br \/>\nBisher wird der Biopointer bei Tennisellenbogen und Fersensporn angewendet. Die Wirkung bei weiteren Schmerzzust\u00e4nden wie Fibromyalgie, Kalkschulter, Arthrose und Bandscheibenschmerzen wird zurzeit erprobt und ist vielversprechend.<\/p>\n<p>&nbsp;<\/p>\n<p>&nbsp;<\/p>\n<p>K\u00f6nnen wir Licht ins Dunkel bringen? Fragen Sie einfach nach.<\/p>\n<p>&nbsp;<\/p>\n<figure id=\"attachment_4599\" aria-describedby=\"caption-attachment-4599\" style=\"width: 242px\" class=\"wp-caption alignleft\"><a href=\"https:\/\/www.flora-pharm.de\/blog\/wp-content\/uploads\/2017\/11\/natuerlich-frau-cover-11-2017.jpg\"><img loading=\"lazy\" decoding=\"async\" data-attachment-id=\"4599\" data-permalink=\"https:\/\/www.flora-pharm.de\/blog\/heilende-licht-farben\/fug-6\/\" data-orig-file=\"https:\/\/www.flora-pharm.de\/blog\/wp-content\/uploads\/2017\/11\/natuerlich-frau-cover-11-2017.jpg\" data-orig-size=\"450,557\" data-comments-opened=\"1\" data-image-meta=\"{&quot;aperture&quot;:&quot;0&quot;,&quot;credit&quot;:&quot;&quot;,&quot;camera&quot;:&quot;&quot;,&quot;caption&quot;:&quot;&quot;,&quot;created_timestamp&quot;:&quot;0&quot;,&quot;copyright&quot;:&quot;&quot;,&quot;focal_length&quot;:&quot;0&quot;,&quot;iso&quot;:&quot;0&quot;,&quot;shutter_speed&quot;:&quot;0&quot;,&quot;title&quot;:&quot;FuG&quot;,&quot;orientation&quot;:&quot;1&quot;}\" data-image-title=\"FuG\" data-image-description=\"\" data-image-caption=\"&lt;p&gt;Text mit freundlicher Genehmigung der S&amp;#038;D Verlag GmbH. Die komplette &amp;#8222;nat\u00fcrlich Frau&amp;#8220; bekommen Sie auch bei uns in der Apotheke als monatliches Special in der &amp;#8222;Naturheilkunde &amp;#038; Gesundheit&amp;#8220;.&lt;\/p&gt;\n\" data-large-file=\"https:\/\/www.flora-pharm.de\/blog\/wp-content\/uploads\/2017\/11\/natuerlich-frau-cover-11-2017.jpg\" class=\"size-medium wp-image-4599\" src=\"https:\/\/www.flora-pharm.de\/blog\/wp-content\/uploads\/2017\/11\/natuerlich-frau-cover-11-2017-242x300.jpg\" alt=\"\" width=\"242\" height=\"300\" srcset=\"https:\/\/www.flora-pharm.de\/blog\/wp-content\/uploads\/2017\/11\/natuerlich-frau-cover-11-2017-242x300.jpg 242w, https:\/\/www.flora-pharm.de\/blog\/wp-content\/uploads\/2017\/11\/natuerlich-frau-cover-11-2017.jpg 450w\" sizes=\"auto, (max-width: 242px) 100vw, 242px\" \/><\/a><figcaption id=\"caption-attachment-4599\" class=\"wp-caption-text\">Text mit freundlicher Genehmigung der S&amp;D Verlag GmbH. Die komplette &#8222;nat\u00fcrlich Frau&#8220; bekommen Sie auch bei uns in der Apotheke als monatliches Special in der &#8222;Naturheilkunde &amp; Gesundheit&#8220;.<\/figcaption><\/figure>\n","protected":false},"excerpt":{"rendered":"<p>Licht kann helfen wie ein Medikament &#8211; eingesetzt zur richtigen Zeit mit dem richtigen Spektrum und der geeigneten Beleuchtungsst\u00e4rke. Unterschiedliche Wellenl\u00e4ngen werden durch Lichtbrechung in einzelne Bereiche aufgef\u00e4chert. Wir k\u00f6nnen zwar einige Lichtfarben des Spektrums nicht sehen, aber therapeutisch nutzen. Infrarotlicht macht etwa die H\u00e4lfte des Sonnenlichts aus \u2013 unsichtbar, aber als W\u00e4rme zu sp\u00fcren. [&hellip;]<\/p>\n","protected":false},"author":1,"featured_media":4598,"comment_status":"open","ping_status":"open","sticky":false,"template":"","format":"standard","meta":{"jetpack_post_was_ever_published":false,"_jetpack_newsletter_access":"","_jetpack_dont_email_post_to_subs":false,"_jetpack_newsletter_tier_id":0,"_jetpack_memberships_contains_paywalled_content":false,"_jetpack_memberships_contains_paid_content":false,"footnotes":""},"categories":[8],"tags":[129,558,506],"class_list":["post-4601","post","type-post","status-publish","format-standard","has-post-thumbnail","hentry","category-wissenswert","tag-farben","tag-licht","tag-natuerlich-frau","has-post-title","has-post-date","has-post-category","has-post-tag","has-post-comment","has-post-author",""],"jetpack_featured_media_url":"https:\/\/www.flora-pharm.de\/blog\/wp-content\/uploads\/2017\/11\/lichttherapie-farben.jpg","jetpack-related-posts":[{"id":8973,"url":"https:\/\/www.flora-pharm.de\/blog\/ab-in-die-sauna\/","url_meta":{"origin":4601,"position":0},"title":"Ab in die Sauna","author":"Flora Team","date":"8. Januar 2024","format":false,"excerpt":"Saunieren macht fit f\u00fcr kalte Wintertage. Abwehrkr\u00e4fte und auch Herz, Kreislauf sowie Haut profitieren. Und herrlich entspannend sind Saunabesuche sowieso.","rel":"","context":"In &quot;Wissenswert&quot;","block_context":{"text":"Wissenswert","link":"https:\/\/www.flora-pharm.de\/blog\/category\/wissenswert\/"},"img":{"alt_text":"ab in die sauna","src":"https:\/\/i0.wp.com\/www.flora-pharm.de\/blog\/wp-content\/uploads\/2023\/11\/ab-in-die-sauna.jpg?resize=350%2C200&ssl=1","width":350,"height":200,"srcset":"https:\/\/i0.wp.com\/www.flora-pharm.de\/blog\/wp-content\/uploads\/2023\/11\/ab-in-die-sauna.jpg?resize=350%2C200&ssl=1 1x, https:\/\/i0.wp.com\/www.flora-pharm.de\/blog\/wp-content\/uploads\/2023\/11\/ab-in-die-sauna.jpg?resize=525%2C300&ssl=1 1.5x, https:\/\/i0.wp.com\/www.flora-pharm.de\/blog\/wp-content\/uploads\/2023\/11\/ab-in-die-sauna.jpg?resize=700%2C400&ssl=1 2x, https:\/\/i0.wp.com\/www.flora-pharm.de\/blog\/wp-content\/uploads\/2023\/11\/ab-in-die-sauna.jpg?resize=1050%2C600&ssl=1 3x"},"classes":[]},{"id":7293,"url":"https:\/\/www.flora-pharm.de\/blog\/globuli-fuer-ziervoegel-bei-durchfall\/","url_meta":{"origin":4601,"position":1},"title":"Globuli f\u00fcr Zierv\u00f6gel bei Durchfall?","author":"Flora Team","date":"7. Dezember 2020","format":false,"excerpt":"Durchfall bei Zierv\u00f6geln (Kanarienv\u00f6gel, Wellensittiche, Papageien) sollte ernst genommen werden. Allerdings gilt es zun\u00e4chst, diesen zu diagnostizieren. Zierv\u00f6gel sind zumeist Beutetiere und verbergen Erkrankungen zum Selbstschutz vor Fressfeinden. Lesen Sie dazu auch unseren Artikel \u201eKrankheiten bei Zierv\u00f6geln erkennen\u201d. Als fortgeschrittene Frage betrachten wir den Einsatz von Globuli, also hom\u00f6opathischen, naturheilkundlichen\u2026","rel":"","context":"In &quot;Haustiere&quot;","block_context":{"text":"Haustiere","link":"https:\/\/www.flora-pharm.de\/blog\/category\/haustiere\/"},"img":{"alt_text":"Globuli f\u00fcr Zierv\u00f6gel bei Durchfall","src":"https:\/\/i0.wp.com\/www.flora-pharm.de\/blog\/wp-content\/uploads\/2020\/12\/globuli-vogel-durchfall.jpg?resize=350%2C200&ssl=1","width":350,"height":200,"srcset":"https:\/\/i0.wp.com\/www.flora-pharm.de\/blog\/wp-content\/uploads\/2020\/12\/globuli-vogel-durchfall.jpg?resize=350%2C200&ssl=1 1x, https:\/\/i0.wp.com\/www.flora-pharm.de\/blog\/wp-content\/uploads\/2020\/12\/globuli-vogel-durchfall.jpg?resize=525%2C300&ssl=1 1.5x, https:\/\/i0.wp.com\/www.flora-pharm.de\/blog\/wp-content\/uploads\/2020\/12\/globuli-vogel-durchfall.jpg?resize=700%2C400&ssl=1 2x"},"classes":[]},{"id":8149,"url":"https:\/\/www.flora-pharm.de\/blog\/fuenf-sanfte-anti-kreuzweh-tipps\/","url_meta":{"origin":4601,"position":2},"title":"F\u00fcnf sanfte Anti-Kreuzweh-Tipps","author":"Flora Team","date":"11. M\u00e4rz 2022","format":false,"excerpt":"R\u00fcckenschmerzen sind ein fieses Volksleiden, das sich in vielen F\u00e4llen jedoch mit simplen Ma\u00dfnahmen lindern oder gar vertreiben l\u00e4sst. 5 Tipps:","rel":"","context":"In &quot;Wissenswert&quot;","block_context":{"text":"Wissenswert","link":"https:\/\/www.flora-pharm.de\/blog\/category\/wissenswert\/"},"img":{"alt_text":"Anti-Kreuzweh-Tipps","src":"https:\/\/i0.wp.com\/www.flora-pharm.de\/blog\/wp-content\/uploads\/2022\/03\/anti-kreuzweh-tipps.jpg?resize=350%2C200&ssl=1","width":350,"height":200,"srcset":"https:\/\/i0.wp.com\/www.flora-pharm.de\/blog\/wp-content\/uploads\/2022\/03\/anti-kreuzweh-tipps.jpg?resize=350%2C200&ssl=1 1x, https:\/\/i0.wp.com\/www.flora-pharm.de\/blog\/wp-content\/uploads\/2022\/03\/anti-kreuzweh-tipps.jpg?resize=525%2C300&ssl=1 1.5x, https:\/\/i0.wp.com\/www.flora-pharm.de\/blog\/wp-content\/uploads\/2022\/03\/anti-kreuzweh-tipps.jpg?resize=700%2C400&ssl=1 2x"},"classes":[]},{"id":7346,"url":"https:\/\/www.flora-pharm.de\/blog\/heilsame-waerme-tipps-fuer-warme-fuesse\/","url_meta":{"origin":4601,"position":3},"title":"Heilsame W\u00e4rme &#038; Tipps f\u00fcr warme F\u00fc\u00dfe","author":"Flora Team","date":"15. Januar 2021","format":false,"excerpt":"Ein loderndes Feuer im Kamin, eine kuschelige Wolldecke auf dem Sofa, eine hei\u00dfe Tasse Tee in der Hand. Wohlige W\u00e4rme ist f\u00fcr die meisten von uns der Inbegriff von Gem\u00fctlichkeit. Mit ihr f\u00fchlen wir uns automatisch geborgen und umsorgt. Dabei ist W\u00e4rme viel mehr als das Gegenteil von K\u00e4lte. Sie\u2026","rel":"","context":"In &quot;Wissenswert&quot;","block_context":{"text":"Wissenswert","link":"https:\/\/www.flora-pharm.de\/blog\/category\/wissenswert\/"},"img":{"alt_text":"W\u00e4rmetherapie und warme F\u00fc\u00dfe","src":"https:\/\/i0.wp.com\/www.flora-pharm.de\/blog\/wp-content\/uploads\/2021\/01\/heilsame-waerme.jpg?resize=350%2C200&ssl=1","width":350,"height":200,"srcset":"https:\/\/i0.wp.com\/www.flora-pharm.de\/blog\/wp-content\/uploads\/2021\/01\/heilsame-waerme.jpg?resize=350%2C200&ssl=1 1x, https:\/\/i0.wp.com\/www.flora-pharm.de\/blog\/wp-content\/uploads\/2021\/01\/heilsame-waerme.jpg?resize=525%2C300&ssl=1 1.5x, https:\/\/i0.wp.com\/www.flora-pharm.de\/blog\/wp-content\/uploads\/2021\/01\/heilsame-waerme.jpg?resize=700%2C400&ssl=1 2x"},"classes":[]},{"id":4636,"url":"https:\/\/www.flora-pharm.de\/blog\/licht-lebenswichtiger-taktgeber\/","url_meta":{"origin":4601,"position":4},"title":"LICHT &#8211; Lebenswichtiger Taktgeber","author":"Flora Team","date":"24. November 2017","format":false,"excerpt":"Zahlreiche K\u00f6rperfunktionen sind darauf angewiesen, dass wir uns ins rechte Licht setzen. Ver\u00e4nderungen von Helligkeit und Lichtfarbe im Lauf des Tages regulieren den Schlaf-Wach-Rhythmus, einen wichtigen Bestandteil unserer inneren Uhr (Circadianer Rhythmus). Je nach Lichtspektrum erh\u00e4lt der K\u00f6rper \u00fcber spezielle Rezeptoren im Auge entsprechende Signale. Die Steuerung dieses zirkadianen 24-Stunden-Taktes\u2026","rel":"","context":"In &quot;Wissenswert&quot;","block_context":{"text":"Wissenswert","link":"https:\/\/www.flora-pharm.de\/blog\/category\/wissenswert\/"},"img":{"alt_text":"Licht Taktgeber innere Uhr","src":"https:\/\/i0.wp.com\/www.flora-pharm.de\/blog\/wp-content\/uploads\/2017\/11\/licht-sonne-taktgeber.jpg?resize=350%2C200&ssl=1","width":350,"height":200,"srcset":"https:\/\/i0.wp.com\/www.flora-pharm.de\/blog\/wp-content\/uploads\/2017\/11\/licht-sonne-taktgeber.jpg?resize=350%2C200&ssl=1 1x, https:\/\/i0.wp.com\/www.flora-pharm.de\/blog\/wp-content\/uploads\/2017\/11\/licht-sonne-taktgeber.jpg?resize=525%2C300&ssl=1 1.5x, https:\/\/i0.wp.com\/www.flora-pharm.de\/blog\/wp-content\/uploads\/2017\/11\/licht-sonne-taktgeber.jpg?resize=700%2C400&ssl=1 2x"},"classes":[]},{"id":5390,"url":"https:\/\/www.flora-pharm.de\/blog\/herbst-blues-raus-aus-der-murmeltierlaune\/","url_meta":{"origin":4601,"position":5},"title":"Herbst-Blues &#8211; Raus aus der Murmeltierlaune","author":"Flora Team","date":"26. Oktober 2018","format":false,"excerpt":"Mit dem Herbst kommt der Blues. Eine Symphonie aus D\u00fcften, Kr\u00e4utern und anderen Tipps heitert K\u00f6rper und Seele auf. Lesen Sie auch: Im Abendrot des Sommers. \u00a0 Ein Artikel von Stefanie Deckers \u00a0 Jetzt wird der Himmel immer tr\u00fcber. Unsere Stimmung auch. Der Herbsteinbruch schl\u00e4gt vielen aufs Gem\u00fct. Jeder zweite\u2026","rel":"","context":"In &quot;Flora Apotheke&quot;","block_context":{"text":"Flora Apotheke","link":"https:\/\/www.flora-pharm.de\/blog\/category\/flora-apotheke\/"},"img":{"alt_text":"Murmeltierlaune - Herbstdepression","src":"https:\/\/i0.wp.com\/www.flora-pharm.de\/blog\/wp-content\/uploads\/2018\/10\/murmeltierlaune.jpg?resize=350%2C200&ssl=1","width":350,"height":200,"srcset":"https:\/\/i0.wp.com\/www.flora-pharm.de\/blog\/wp-content\/uploads\/2018\/10\/murmeltierlaune.jpg?resize=350%2C200&ssl=1 1x, https:\/\/i0.wp.com\/www.flora-pharm.de\/blog\/wp-content\/uploads\/2018\/10\/murmeltierlaune.jpg?resize=525%2C300&ssl=1 1.5x, https:\/\/i0.wp.com\/www.flora-pharm.de\/blog\/wp-content\/uploads\/2018\/10\/murmeltierlaune.jpg?resize=700%2C400&ssl=1 2x"},"classes":[]}],"jetpack_sharing_enabled":true,"_links":{"self":[{"href":"https:\/\/www.flora-pharm.de\/blog\/wp-json\/wp\/v2\/posts\/4601","targetHints":{"allow":["GET"]}}],"collection":[{"href":"https:\/\/www.flora-pharm.de\/blog\/wp-json\/wp\/v2\/posts"}],"about":[{"href":"https:\/\/www.flora-pharm.de\/blog\/wp-json\/wp\/v2\/types\/post"}],"author":[{"embeddable":true,"href":"https:\/\/www.flora-pharm.de\/blog\/wp-json\/wp\/v2\/users\/1"}],"replies":[{"embeddable":true,"href":"https:\/\/www.flora-pharm.de\/blog\/wp-json\/wp\/v2\/comments?post=4601"}],"version-history":[{"count":5,"href":"https:\/\/www.flora-pharm.de\/blog\/wp-json\/wp\/v2\/posts\/4601\/revisions"}],"predecessor-version":[{"id":4605,"href":"https:\/\/www.flora-pharm.de\/blog\/wp-json\/wp\/v2\/posts\/4601\/revisions\/4605"}],"wp:featuredmedia":[{"embeddable":true,"href":"https:\/\/www.flora-pharm.de\/blog\/wp-json\/wp\/v2\/media\/4598"}],"wp:attachment":[{"href":"https:\/\/www.flora-pharm.de\/blog\/wp-json\/wp\/v2\/media?parent=4601"}],"wp:term":[{"taxonomy":"category","embeddable":true,"href":"https:\/\/www.flora-pharm.de\/blog\/wp-json\/wp\/v2\/categories?post=4601"},{"taxonomy":"post_tag","embeddable":true,"href":"https:\/\/www.flora-pharm.de\/blog\/wp-json\/wp\/v2\/tags?post=4601"}],"curies":[{"name":"wp","href":"https:\/\/api.w.org\/{rel}","templated":true}]}}