{"id":4686,"date":"2017-12-18T10:22:53","date_gmt":"2017-12-18T09:22:53","guid":{"rendered":"http:\/\/www.flora-pharm.de\/blog\/?p=4686"},"modified":"2017-12-18T10:22:53","modified_gmt":"2017-12-18T09:22:53","slug":"oh-du-ausnahmezustand","status":"publish","type":"post","link":"https:\/\/www.flora-pharm.de\/blog\/oh-du-ausnahmezustand\/","title":{"rendered":"Oh, du Ausnahmezustand"},"content":{"rendered":"<p>Zeitdruck, famili\u00e4re Verpflichtungen, oft auch die Frage nach dem Sinn und Zweck und ein Gef\u00fchl von Einsamkeit: Weihnachten und Jahresende bedeuten f\u00fcr viele alles andere als Gl\u00fcckseligkeit.<\/p>\n<p>&nbsp;<\/p>\n<p>\u201eIdyllische wei\u00dfe Weihnachten, wie sie uns die Werbung vormachen will, gibt es einfach nicht\u201c, betont Diplom-Psychologe Fritz Propach, Vorsitzender von Pro Psychotherapie e. V. \u201eDa werden Erwartungen geweckt, die gar nicht erf\u00fcllt werden k\u00f6nnen.\u201c<\/p>\n<p>&nbsp;<\/p>\n<h3>Viele Menschen k\u00f6nnen sich vor \u00bbPflichtterminen\u00ab kaum retten.<\/h3>\n<p>Ruhe kehrt da kaum ein. Die Zahl der Termine und Ortswechsel muss ertr\u00e4glich und umsetzbar bleiben. Nat\u00fcrlich sind die W\u00fcnsche verst\u00e4ndlich, Kinder, Enkel oder die Eltern sehen zu wollen. Gerade bei Familien, deren Elternteile weit voneinander entfernt wohnen, f\u00fchrt Weihnachten jedes Jahr wieder zu einer Zerrei\u00dfprobe. Warum nicht den Spie\u00df mal umdrehen und zu sich nach Hause einladen?<\/p>\n<p>&nbsp;<\/p>\n<h3>Warum kommt es gerade an Weihnachten oft zum Streit?<\/h3>\n<p>Die Weihnachtstage sind eine emotional hoch bewertete Zeit. Viele Familien verbringen dann so viel Zeit miteinander auf engstem Raum, wie sonst das gesamte Jahr nicht. Besuche, gemeinsame Essen, Geschenkorgien finden vielfach nur statt, um es jemand anderem recht zu machen. Hinzu kommt, dass fast jeder gestresst ist. Unerf\u00fcllbare Erwartungen und Konflikte sind da vorprogrammiert.<\/p>\n<p>&nbsp;<\/p>\n<h3>Geht es auch harmonisch?<\/h3>\n<p>Sie sollen also nun mit der Familie, die Sie das Jahr \u00fcber kaum oder gar nicht sehen, nun eventuell drei Tage am St\u00fcck miteinander verbringen. Da ist es wichtig, sich die eigenen Bed\u00fcrfnisse klarzumachen und den anderen gegen\u00fcber auszusprechen. Zu selten werden Aufgaben verteilt: Helfen Sie einander beim Einkaufen, Kochen, Baumschm\u00fccken. Auch Kinder k\u00f6nnen bei den Vorbereitungen Aufgaben \u00fcbernehmen. Rechtzeitig vorher sollte dar\u00fcber gesprochen werden, von welchen Ritualen man sich gerne l\u00f6sen w\u00fcrde und welche Kompromisse man finden kann. Einigen Sie sich, ob Sie schenken m\u00f6chten, und wenn ja, in welchem Rahmen. Bei Differenzen versuchen, \u00bberwachsen\u00ab damit umzugehen. Oder einfach mal die Zusammensetzung der Feier \u00e4ndern und damit eine neue Atmosph\u00e4re schaffen: Wer Freunde dazu einl\u00e4dt, lockert die Familienbindung und vermeidet eventuell typische Familienthemen.<\/p>\n<p>&nbsp;<\/p>\n<h3>Ist Weihnachtsstress selbst gemacht?<\/h3>\n<p>Mehr Toleranz sich selbst gegen\u00fcber tut gut: Weder muss die Wohnung f\u00fcr Weihnachten perfekt geputzt sein, noch muss es drei Tage lang Festmen\u00fcs geben, die man planen, vorbereiten und stundenlang kochen muss. Nicht jede Weihnachtsfeier ist Pflicht, Geschenke k\u00f6nnen schon fr\u00fch besorgt werden, sobald einem etwas einf\u00e4llt. Und wenn keine Zeit f\u00fcr Weihnachtspost bleibt, schickt man im Januar Neujahrsgr\u00fc\u00dfe oder schreibt zu einem anderen Zeitpunkt. Netter Nebeneffekt: Sie k\u00f6nnen sich gleich pers\u00f6nlich f\u00fcr ein Geschenk oder eine Weihnachtskarte bedanken.<\/p>\n<p>&nbsp;<\/p>\n<h3>Wir sollen also mehr an uns selbst denken?<\/h3>\n<p>Hinterfragen Sie einmal Ihre innere Einstellung zu Weihnachten: Was ist Ihnen an diesem Fest wichtig? Was bedeutet es Ihnen, Zeit mit Ihrer Familie verbringen zu k\u00f6nnen? Wie viel machen Sie, weil Sie denken, dass man es von Ihnen erwartet? Trotzen Sie dem Erwartungsdruck von au\u00dfen und machen Sie, was Sie wollen! Die Feiertage bieten Ihnen Freizeit f\u00fcr Dinge, die Sie gerne machen wollen.<\/p>\n<p>&nbsp;<\/p>\n<h3>Warum ist Weihnachten f\u00fcr viele Singles so belastend?<\/h3>\n<p>Bei Singles verst\u00e4rkt die idealisierte Darstellung der Familie unter dem Weihnachtsbaum oftmals das Gef\u00fchl von Einsamkeit. Sie werden durch die Feiertage, an denen aufgrund famili\u00e4rer Verpflichtungen kaum jemand Zeit hat, mit der als Defizit empfundenen Tatsache konfrontiert, selbst keinen Partner oder eigene Familie zu haben. Manch einer hat niemanden, mit dem er Weihnachten feiern kann, w\u00e4hrend andere verzweifelt nach M\u00f6glichkeiten suchen, sich gemeinschaftlichen Verpflichtungen zu entziehen.<\/p>\n<p>&nbsp;<\/p>\n<p>Erg\u00e4nzend empfehlen wir Ihnen unseren Beitrag <a href=\"https:\/\/www.flora-pharm.de\/blog\/adventszeit-lassen-sie-sich-nicht-stressen\/\">Adventszeit \u2013 Lassen Sie sich nicht stressen!<\/a><\/p>\n<p>&nbsp;<\/p>\n<p>&nbsp;<\/p>\n<p>Lesen Sie auch die Antwort auf die Frage \u201e<a href=\"https:\/\/www.flora-pharm.de\/blog\/gibt-es-einen-weihnachtsmann\/\">Gibt es einen Weihnachtsmann?<\/a>\u201c<\/p>\n<p>Sollten Sie sonst noch auf der Suche nach Antworten auf typische Weihnachtsfragen und\/oder einem Weihnachtsgeschenk sein, so bekommen Sie hier \u00fcbersichtlich Antworten sowie Informationen zu Flora-Gutscheinen: <a href=\"https:\/\/www.flora-pharm.de\/blog\/quality-time-advent-weihnachten-wohlfuehlen-geschenke\/\">Quality time: Advent \u2013 Weihnachten \u2013 Wohlf\u00fchlen \u2013 Geschenke<\/a><\/p>\n<p>&nbsp;<\/p>\n<p>Wir w\u00fcnschen Ihnen eine genussvolle Weihnachtszeit mit offenem Herzen und vielen gl\u00fccklichen Momenten.<\/p>\n<p>In Punkto Gesundheit unterst\u00fctzen wir Sie gern dabei. Sprechen Sie uns an.<\/p>\n<p>&nbsp;<\/p>\n<p>&nbsp;<\/p>\n<figure id=\"attachment_4652\" aria-describedby=\"caption-attachment-4652\" style=\"width: 150px\" class=\"wp-caption alignleft\"><a href=\"https:\/\/www.flora-pharm.de\/blog\/wp-content\/uploads\/2017\/12\/natuerlich-frau-cover-12-2017.jpg\"><img loading=\"lazy\" decoding=\"async\" data-attachment-id=\"4652\" data-permalink=\"https:\/\/www.flora-pharm.de\/blog\/haut-winterpflege\/fug-7\/\" data-orig-file=\"https:\/\/www.flora-pharm.de\/blog\/wp-content\/uploads\/2017\/12\/natuerlich-frau-cover-12-2017.jpg\" data-orig-size=\"450,557\" data-comments-opened=\"1\" data-image-meta=\"{&quot;aperture&quot;:&quot;0&quot;,&quot;credit&quot;:&quot;&quot;,&quot;camera&quot;:&quot;&quot;,&quot;caption&quot;:&quot;&quot;,&quot;created_timestamp&quot;:&quot;0&quot;,&quot;copyright&quot;:&quot;&quot;,&quot;focal_length&quot;:&quot;0&quot;,&quot;iso&quot;:&quot;0&quot;,&quot;shutter_speed&quot;:&quot;0&quot;,&quot;title&quot;:&quot;FuG&quot;,&quot;orientation&quot;:&quot;1&quot;}\" data-image-title=\"FuG\" data-image-description=\"\" data-image-caption=\"\" data-large-file=\"https:\/\/www.flora-pharm.de\/blog\/wp-content\/uploads\/2017\/12\/natuerlich-frau-cover-12-2017.jpg\" class=\"size-thumbnail wp-image-4652\" src=\"https:\/\/www.flora-pharm.de\/blog\/wp-content\/uploads\/2017\/12\/natuerlich-frau-cover-12-2017-150x150.jpg\" alt=\"\" width=\"150\" height=\"150\" \/><\/a><figcaption id=\"caption-attachment-4652\" class=\"wp-caption-text\">Text mit freundlicher Genehmigung der S&amp;D Verlag GmbH. Die komplette &#8222;nat\u00fcrlich Frau&#8220; bekommen Sie auch bei uns in der Apotheke als monatliches Special in der &#8222;Naturheilkunde &amp; Gesundheit&#8220;.<\/figcaption><\/figure>\n","protected":false},"excerpt":{"rendered":"<p>Zeitdruck, famili\u00e4re Verpflichtungen, oft auch die Frage nach dem Sinn und Zweck und ein Gef\u00fchl von Einsamkeit: Weihnachten und Jahresende bedeuten f\u00fcr viele alles andere als Gl\u00fcckseligkeit. &nbsp; \u201eIdyllische wei\u00dfe Weihnachten, wie sie uns die Werbung vormachen will, gibt es einfach nicht\u201c, betont Diplom-Psychologe Fritz Propach, Vorsitzender von Pro Psychotherapie e. V. \u201eDa werden Erwartungen [&hellip;]<\/p>\n","protected":false},"author":1,"featured_media":4654,"comment_status":"open","ping_status":"open","sticky":false,"template":"","format":"standard","meta":{"jetpack_post_was_ever_published":false,"_jetpack_newsletter_access":"","_jetpack_dont_email_post_to_subs":false,"_jetpack_newsletter_tier_id":0,"_jetpack_memberships_contains_paywalled_content":false,"_jetpack_memberships_contains_paid_content":false,"footnotes":""},"categories":[8],"tags":[67,506,268,69],"class_list":["post-4686","post","type-post","status-publish","format-standard","has-post-thumbnail","hentry","category-wissenswert","tag-advent","tag-natuerlich-frau","tag-stress","tag-weihnachten","has-post-title","has-post-date","has-post-category","has-post-tag","has-post-comment","has-post-author",""],"jetpack_featured_media_url":"https:\/\/www.flora-pharm.de\/blog\/wp-content\/uploads\/2017\/12\/oh-du-ausnahmezustand-xmas.jpg","jetpack-related-posts":[{"id":9390,"url":"https:\/\/www.flora-pharm.de\/blog\/stille-nacht-vor-ort-apotheken-sind-fuer-sie-da\/","url_meta":{"origin":4686,"position":0},"title":"Stille Nacht \u2013 Vor-Ort-Apotheken sind f\u00fcr Sie da","author":"Flora Team","date":"20. Dezember 2024","format":false,"excerpt":"Wenn die meisten von uns rund um den Weihnachtsbaum sitzen, beginnt f\u00fcr viele Vor-Ort Apotheker hierzulande eine lange Nachtschicht.","rel":"","context":"In &quot;Wissenswert&quot;","block_context":{"text":"Wissenswert","link":"https:\/\/www.flora-pharm.de\/blog\/category\/wissenswert\/"},"img":{"alt_text":"Stille Nacht mit Apothekennotdienst","src":"https:\/\/i0.wp.com\/www.flora-pharm.de\/blog\/wp-content\/uploads\/2024\/12\/stille-nacht-weihnachten-apotheke-notdienst.jpg?resize=350%2C200&ssl=1","width":350,"height":200,"srcset":"https:\/\/i0.wp.com\/www.flora-pharm.de\/blog\/wp-content\/uploads\/2024\/12\/stille-nacht-weihnachten-apotheke-notdienst.jpg?resize=350%2C200&ssl=1 1x, https:\/\/i0.wp.com\/www.flora-pharm.de\/blog\/wp-content\/uploads\/2024\/12\/stille-nacht-weihnachten-apotheke-notdienst.jpg?resize=525%2C300&ssl=1 1.5x, https:\/\/i0.wp.com\/www.flora-pharm.de\/blog\/wp-content\/uploads\/2024\/12\/stille-nacht-weihnachten-apotheke-notdienst.jpg?resize=700%2C400&ssl=1 2x, https:\/\/i0.wp.com\/www.flora-pharm.de\/blog\/wp-content\/uploads\/2024\/12\/stille-nacht-weihnachten-apotheke-notdienst.jpg?resize=1050%2C600&ssl=1 3x"},"classes":[]},{"id":8011,"url":"https:\/\/www.flora-pharm.de\/blog\/notdienst-alles-schlaeft-einer-wacht\/","url_meta":{"origin":4686,"position":1},"title":"Notdienst &#8211; Alles schl\u00e4ft, Einer wacht","author":"Flora Team","date":"23. Dezember 2021","format":false,"excerpt":"Apotheken-Notdienst auch zu Weihnachten: Wenn wir Heiligabend feiern, beginnt f\u00fcr viele Apotheker im Land eine lange, arbeitsreiche Nacht.","rel":"","context":"In &quot;Wissenswert&quot;","block_context":{"text":"Wissenswert","link":"https:\/\/www.flora-pharm.de\/blog\/category\/wissenswert\/"},"img":{"alt_text":"Apotheken Notdienst - Alles schl\u00e4ft, einer wacht","src":"https:\/\/i0.wp.com\/www.flora-pharm.de\/blog\/wp-content\/uploads\/2021\/12\/notdienst-weihnachten.jpg?resize=350%2C200&ssl=1","width":350,"height":200,"srcset":"https:\/\/i0.wp.com\/www.flora-pharm.de\/blog\/wp-content\/uploads\/2021\/12\/notdienst-weihnachten.jpg?resize=350%2C200&ssl=1 1x, https:\/\/i0.wp.com\/www.flora-pharm.de\/blog\/wp-content\/uploads\/2021\/12\/notdienst-weihnachten.jpg?resize=525%2C300&ssl=1 1.5x, https:\/\/i0.wp.com\/www.flora-pharm.de\/blog\/wp-content\/uploads\/2021\/12\/notdienst-weihnachten.jpg?resize=700%2C400&ssl=1 2x"},"classes":[]},{"id":3669,"url":"https:\/\/www.flora-pharm.de\/blog\/adventszeit-lassen-sie-sich-nicht-stressen\/","url_meta":{"origin":4686,"position":2},"title":"Adventszeit &#8211; Lassen Sie sich nicht stressen!","author":"Flora Team","date":"6. Dezember 2016","format":false,"excerpt":"Wir w\u00fcnschen einen frohen Nikolaus! Entspannen Sie sich! Es ist jedes Jahr das Gleiche \u2013 die Zeit l\u00e4uft im Dezember davon! Eigentlich sollte die Adventszeit besinnlich, ruhig und voller Vorfreude sein. Doch die Realit\u00e4t sieht oft anders aus! Die meisten von uns hetzen von Termin zu Termin. Und neben den\u2026","rel":"","context":"In &quot;Wissenswert&quot;","block_context":{"text":"Wissenswert","link":"https:\/\/www.flora-pharm.de\/blog\/category\/wissenswert\/"},"img":{"alt_text":"","src":"https:\/\/i0.wp.com\/www.flora-pharm.de\/blog\/wp-content\/uploads\/2016\/12\/nicht%20stressen%20lassen.jpg?resize=350%2C200&ssl=1","width":350,"height":200,"srcset":"https:\/\/i0.wp.com\/www.flora-pharm.de\/blog\/wp-content\/uploads\/2016\/12\/nicht%20stressen%20lassen.jpg?resize=350%2C200&ssl=1 1x, https:\/\/i0.wp.com\/www.flora-pharm.de\/blog\/wp-content\/uploads\/2016\/12\/nicht%20stressen%20lassen.jpg?resize=525%2C300&ssl=1 1.5x, https:\/\/i0.wp.com\/www.flora-pharm.de\/blog\/wp-content\/uploads\/2016\/12\/nicht%20stressen%20lassen.jpg?resize=700%2C400&ssl=1 2x"},"classes":[]},{"id":3645,"url":"https:\/\/www.flora-pharm.de\/blog\/quality-time-advent-weihnachten-wohlfuehlen-geschenke\/","url_meta":{"origin":4686,"position":3},"title":"Qualitytime: Advent &#8211; Weihnachten &#8211; Wohlf\u00fchlen","author":"Flora Team","date":"28. November 2016","format":false,"excerpt":"Wundersch\u00f6ne Adventszeit. Wir haben einen \u00dcbersichtsartikel zum Thema Weihnachten und Vorweihnachtszeit erstellt. Viel Spa\u00df beim St\u00f6bern...","rel":"","context":"In &quot;Flora Apotheke&quot;","block_context":{"text":"Flora Apotheke","link":"https:\/\/www.flora-pharm.de\/blog\/category\/flora-apotheke\/"},"img":{"alt_text":"Advent, Advent - friedliche und besinnliche Tage","src":"https:\/\/i0.wp.com\/www.flora-pharm.de\/blog\/wp-content\/uploads\/2022\/11\/adventszeit-2022.jpg?resize=350%2C200&ssl=1","width":350,"height":200,"srcset":"https:\/\/i0.wp.com\/www.flora-pharm.de\/blog\/wp-content\/uploads\/2022\/11\/adventszeit-2022.jpg?resize=350%2C200&ssl=1 1x, https:\/\/i0.wp.com\/www.flora-pharm.de\/blog\/wp-content\/uploads\/2022\/11\/adventszeit-2022.jpg?resize=525%2C300&ssl=1 1.5x, https:\/\/i0.wp.com\/www.flora-pharm.de\/blog\/wp-content\/uploads\/2022\/11\/adventszeit-2022.jpg?resize=700%2C400&ssl=1 2x, https:\/\/i0.wp.com\/www.flora-pharm.de\/blog\/wp-content\/uploads\/2022\/11\/adventszeit-2022.jpg?resize=1050%2C600&ssl=1 3x"},"classes":[]},{"id":3706,"url":"https:\/\/www.flora-pharm.de\/blog\/weihnachten-2016\/","url_meta":{"origin":4686,"position":4},"title":"Weihnachten 2016","author":"Flora Team","date":"24. Dezember 2016","format":false,"excerpt":"Hohoho, vor uns liegt ein langes Wochenende, voll von weihnachtlichem Zauber. Wie auch schon in den letzten Jahren m\u00f6chten wir Ihnen noch eine wundersch\u00f6ne Lekt\u00fcre ans Herz legen: Die unseres Erachtens wohl sch\u00f6nste Antwort auf die Frage ob es einen Weihnachtsmann gibt. \u00a0 Und dann haben wir auch noch ein\u2026","rel":"","context":"In &quot;Aktion&quot;","block_context":{"text":"Aktion","link":"https:\/\/www.flora-pharm.de\/blog\/category\/aktion\/"},"img":{"alt_text":"","src":"","width":0,"height":0},"classes":[]},{"id":174,"url":"https:\/\/www.flora-pharm.de\/blog\/gibt-es-einen-weihnachtsmann\/","url_meta":{"origin":4686,"position":5},"title":"Gibt es einen Weihnachtsmann?","author":"Flora Team","date":"23. Dezember 2013","format":false,"excerpt":"Vor dieser Frage haben viele Eltern geh\u00f6rigen Respekt. Wir m\u00f6chten Ihnen die Antwort des Journalisten Francis P. Church der New York Sun aus dem Jahr 1897 n\u00e4herbringen, der auf ein Schreiben eines acht Jahre alten M\u00e4dchens in Form eines Leitartikels in dem Blatt antwortete. Ihr Vater hatte ihr erz\u00e4hlt, dass\u2026","rel":"","context":"In &quot;Kalenderlexikon&quot;","block_context":{"text":"Kalenderlexikon","link":"https:\/\/www.flora-pharm.de\/blog\/category\/kalenderlexikon\/"},"img":{"alt_text":"","src":"https:\/\/i0.wp.com\/www.flora-pharm.de\/blog\/wp-content\/uploads\/2013\/12\/gibt-es-den-weihnachtsmann_quelle-vive24-13.jpg?resize=350%2C200&ssl=1","width":350,"height":200,"srcset":"https:\/\/i0.wp.com\/www.flora-pharm.de\/blog\/wp-content\/uploads\/2013\/12\/gibt-es-den-weihnachtsmann_quelle-vive24-13.jpg?resize=350%2C200&ssl=1 1x, https:\/\/i0.wp.com\/www.flora-pharm.de\/blog\/wp-content\/uploads\/2013\/12\/gibt-es-den-weihnachtsmann_quelle-vive24-13.jpg?resize=525%2C300&ssl=1 1.5x, https:\/\/i0.wp.com\/www.flora-pharm.de\/blog\/wp-content\/uploads\/2013\/12\/gibt-es-den-weihnachtsmann_quelle-vive24-13.jpg?resize=700%2C400&ssl=1 2x"},"classes":[]}],"jetpack_sharing_enabled":true,"_links":{"self":[{"href":"https:\/\/www.flora-pharm.de\/blog\/wp-json\/wp\/v2\/posts\/4686","targetHints":{"allow":["GET"]}}],"collection":[{"href":"https:\/\/www.flora-pharm.de\/blog\/wp-json\/wp\/v2\/posts"}],"about":[{"href":"https:\/\/www.flora-pharm.de\/blog\/wp-json\/wp\/v2\/types\/post"}],"author":[{"embeddable":true,"href":"https:\/\/www.flora-pharm.de\/blog\/wp-json\/wp\/v2\/users\/1"}],"replies":[{"embeddable":true,"href":"https:\/\/www.flora-pharm.de\/blog\/wp-json\/wp\/v2\/comments?post=4686"}],"version-history":[{"count":2,"href":"https:\/\/www.flora-pharm.de\/blog\/wp-json\/wp\/v2\/posts\/4686\/revisions"}],"predecessor-version":[{"id":4688,"href":"https:\/\/www.flora-pharm.de\/blog\/wp-json\/wp\/v2\/posts\/4686\/revisions\/4688"}],"wp:featuredmedia":[{"embeddable":true,"href":"https:\/\/www.flora-pharm.de\/blog\/wp-json\/wp\/v2\/media\/4654"}],"wp:attachment":[{"href":"https:\/\/www.flora-pharm.de\/blog\/wp-json\/wp\/v2\/media?parent=4686"}],"wp:term":[{"taxonomy":"category","embeddable":true,"href":"https:\/\/www.flora-pharm.de\/blog\/wp-json\/wp\/v2\/categories?post=4686"},{"taxonomy":"post_tag","embeddable":true,"href":"https:\/\/www.flora-pharm.de\/blog\/wp-json\/wp\/v2\/tags?post=4686"}],"curies":[{"name":"wp","href":"https:\/\/api.w.org\/{rel}","templated":true}]}}