{"id":4705,"date":"2018-01-05T11:09:01","date_gmt":"2018-01-05T10:09:01","guid":{"rendered":"http:\/\/www.flora-pharm.de\/blog\/?p=4705"},"modified":"2018-01-05T11:09:01","modified_gmt":"2018-01-05T10:09:01","slug":"starten-sie-basisch-ins-neue-jahr","status":"publish","type":"post","link":"https:\/\/www.flora-pharm.de\/blog\/starten-sie-basisch-ins-neue-jahr\/","title":{"rendered":"Starten Sie basisch ins neue Jahr"},"content":{"rendered":"<p>Weihnachten haben wir geschlemmt, jetzt wird entschlackt.<\/p>\n<p><strong>Aller Anfang ist schwer. Auch ein Jahresbeginn.<\/strong><br \/>\nNoch f\u00fchlen wir uns schwer von der V\u00f6llerei an den Feiertagen. Kein gutes Gef\u00fchl, um gute Vors\u00e4tze in die Tat umzusetzen.<\/p>\n<p>Um Pl\u00e4ne langfristig zu verwirklichen, m\u00fcssen Sie sich wohl in Ihrem K\u00f6rper f\u00fchlen. Ein erster Schritt ist eine vitalstoffreiche Ern\u00e4hrung. Denn alles, was wir essen und trinken, wird sauer oder basisch verstoffwechselt. S\u00e4uren, das wusste schon der Arzt Hippokrates, sind die sch\u00e4dlichsten K\u00f6rpers\u00e4fte, die uns den Schwung nehmen.<\/p>\n<p>Wenn Ihnen bisher die Motivation fehlte, um Ihre Vors\u00e4tze voranzutreiben, dann versuchen Sie es mal mit einer S\u00e4ure-Basen-Regulation. Ein gr\u00fcndliches Basenprogramm mit Basentherapeutika und Basenb\u00e4dern kann helfen, dass Sie erleichtert ins Jahr starten.<\/p>\n<p>&nbsp;<\/p>\n<h3>Sind Sie \u00fcbers\u00e4uert? 7 Anzeichen daf\u00fcr:<\/h3>\n<ul>\n<li>Sie f\u00fchlen sich st\u00e4ndig m\u00fcde, lustlos und schlecht gelaunt.<\/li>\n<li>Ihre Haut ist fahl, unrein und Ihre Augen haben dunkle Schatten.<\/li>\n<li>Sie haben Haarausfall, Cellulite oder Wassereinlagerungen.<\/li>\n<li>Ihre Verdauung macht \u00c4rger: Durchfall, Verstopfung, V\u00f6llegef\u00fchl.<\/li>\n<li>Sie sind schon wieder erk\u00e4ltet.<\/li>\n<li>Sie k\u00f6nnen sich schlecht konzentrieren und sind schnell gestresst.<\/li>\n<li>Sie nehmen an Gewicht zu, obwohl Sie weniger essen.<\/li>\n<\/ul>\n<p>&nbsp;<\/p>\n<h2>Sauer? Basisch?<\/h2>\n<p><strong>Lebensmittel mit saurem pH-Wert 0\u20136,9<\/strong><\/p>\n<ul>\n<li>Zucker und S\u00fc\u00dfigkeiten,<\/li>\n<li>Wei\u00dfmehlprodukte, z. B. Br\u00f6tchen, Kuchen, Nudeln,<\/li>\n<li>Fleisch und Wurst,<\/li>\n<li>Milch und Milchprodukte,<\/li>\n<li>kohlens\u00e4urehaltige Getr\u00e4nke,<\/li>\n<li>Kaffee und koffeinhaltige Limonaden.<\/li>\n<\/ul>\n<p><strong>Lebensmittel mit basischem pH-Wert 7,1\u201314<\/strong><\/p>\n<ul>\n<li>Salate, z. B. Endivien, Chicor\u00e9e, Feldsalat.<\/li>\n<li>Gem\u00fcse, z. B. Gr\u00fcnkohl, Rosenkohl, Rot- und Wei\u00dfkraut.<\/li>\n<li>Obst, z. B. Bananen, Pflaumen, Zitrusfr\u00fcchte.<\/li>\n<li>Kr\u00e4uter, z. B. Petersilie, Kresse, Salbei, Sauerampfer.<\/li>\n<li>Gew\u00fcrze, z. B. Kardamom, Nelken, Kurkuma, Ingwer.<\/li>\n<li>Pilze, z. B. Austernpilze, Champignons, Shiitake.<\/li>\n<\/ul>\n<p>&nbsp;<\/p>\n<p>&nbsp;<\/p>\n<h2>Basentherapeutika<\/h2>\n<p>Zu den Basentherapeutika geh\u00f6ren Citrate. Dies sind die Salze der Zitronens\u00e4ure und wahre Basenbildner. Sie bauen im K\u00f6rper sch\u00e4dliche S\u00e4uren ab. Der Vorteil ist, dass sie erst im D\u00fcnndarm wirken und nicht schon im Magen. Die Magens\u00e4ure bleibt von Citraten also unber\u00fchrt. Die Zusammensetzung eines Citrats spielt insofern eine entscheidende Rolle, weil die enthaltenen Mineralien Calcium, Kalium, <a href=\"https:\/\/www.flora-pharm.de\/blog\/bundesweite-aufklaerungsaktion-magnesium\/\">Magnesium<\/a> und Natrium weitere positive Wirkungen mit sich bringen.<\/p>\n<p>PS: Mit Hilfe von pH-Teststreifen aus der Apotheke k\u00f6nnen Sie Ihre S\u00e4ure-Basen-Zufuhr selbst beobachten.<\/p>\n<p>&nbsp;<\/p>\n<p><strong>Calcium <\/strong>ist wichtig f\u00fcr die Mineralisierung von Knochen und Z\u00e4hnen und unerl\u00e4sslich f\u00fcr die Herzkraft.<\/p>\n<p><strong>Kalium<\/strong> befindet sich \u00fcberwiegend innerhalb der Zellen und ist ein wichtiges Elektrolyt im K\u00f6rper, das den Wasserhaushalt reguliert.<\/p>\n<p><strong>Magnesium<\/strong> ist an einer Vielzahl lebenswichtiger Enzymprozesse im K\u00f6rper beteiligt. Es ist wichtig f\u00fcr Herz, Muskeln und Nerven. Magnesium gilt als das Antistresssalz.<\/p>\n<p><strong>Natrium<\/strong> befindet sich au\u00dferhalb der Zellen und ist f\u00fcr die \u00dcbertragung von Nervenimpulsen mitverantwortlich. Es bindet Wasser und reguliert den Blutdruck.<\/p>\n<p>In einer Basentherapie sind Kombinationspr\u00e4parate aus verschiedenen Citraten sinnvoll. Fragen Sie in Ihrer Apotheke! Menschen mit entz\u00fcndlichen Darmerkrankungen oder einer Niereninsuffienz sollten keine Citrate verwenden. F\u00fcr sie eignet sich Heilerde besser. Sie wirkt bereits im Magen und bindet dort S\u00e4uren. Heilerde ist ein gutes Mittel gegen Sodbrennen, zur Unterst\u00fctzung der Verdauung und bei Hautunreinheiten.<\/p>\n<p>&nbsp;<\/p>\n<h2>Basenb\u00e4der<\/h2>\n<p>Basenb\u00e4der enthalten Zus\u00e4tze, die bei der Entgiftung des K\u00f6rpers helfen sollen. Mittels Osmose werden S\u00e4uren aus der Haut ausgeschwemmt und der pH-Wert von Haut und Badewasser gleichen sich an. Basenb\u00e4der sind gut f\u00fcr das Bindegewebe, beugen Falten und Cellulite vor.<\/p>\n<p>\u00dcbers\u00e4uerung im K\u00f6rper macht sich auch \u00fcber die Talg- und Schwei\u00dfdr\u00fcsen bemerkbar. Unreinheiten wie Pickel und Mitesser bessern sich mithilfe von Basenb\u00e4dern. Die Haut wird glatt und weich und der nat\u00fcrliche K\u00f6rpergeruch neutralisiert sich.<\/p>\n<p>Hochwertige Basenb\u00e4der aus der Apotheke enthalten Carbonatverbindungen oder mineralstoffreiche Mineralerde mit Zus\u00e4tzen wie Calcium, Mangan, Magnesium und Zink.<\/p>\n<p>Badeosmose braucht seine Zeit. Deshalb sollte ein Basenbad mindestens 45 Minuten dauern und zwei bis drei Mal in der Woche wiederholt werden. Zusammen mit einer basischen Ern\u00e4hrung und Lebensweise wirken Basenb\u00e4der einer \u00dcbers\u00e4uerung entgegen und sind pure Entspannung f\u00fcr K\u00f6rper und Seele.<\/p>\n<p>&nbsp;<\/p>\n<p>Basentherapeutika und -b\u00e4der bekommen Sie zusammen mit einer individuellen Beratung auch bei uns.<\/p>\n<p>&nbsp;<\/p>\n<p>&nbsp;<\/p>\n<p><strong>Weitergehende Lekt\u00fcre:<\/strong><\/p>\n<ul>\n<li><a href=\"https:\/\/www.flora-pharm.de\/blog\/fruehjahrsputz-fuer-den-koerper-basenfasten\/\">Fr\u00fchjahrsputz f\u00fcr den K\u00f6rper: Basenfasten<\/a><\/li>\n<li><a href=\"https:\/\/www.flora-pharm.de\/blog\/saeure-basen-balance\/\">S\u00e4ure-Basen-Balance<\/a><\/li>\n<li><a href=\"https:\/\/www.flora-pharm.de\/blog\/fastenarten-im-ueberblick\/\">Fastenarten im \u00dcberblick<\/a><\/li>\n<li><a href=\"https:\/\/www.flora-pharm.de\/blog\/heilkraeftiger-schlamm\/\">Heilkr\u00e4ftiger Schlamm<\/a><\/li>\n<li><a href=\"https:\/\/www.flora-pharm.de\/orthomolekulare-medizin-vitalstoffe.htm\">Vitalstoff-ABC auf flora-pharm.de<\/a><\/li>\n<\/ul>\n<p>&nbsp;<\/p>\n<p>&nbsp;<\/p>\n<figure id=\"attachment_4700\" aria-describedby=\"caption-attachment-4700\" style=\"width: 225px\" class=\"wp-caption alignleft\"><a href=\"https:\/\/www.flora-pharm.de\/blog\/wp-content\/uploads\/2017\/12\/naturheilkunde-und-gesundheit-cover-01-2018.jpg\"><img loading=\"lazy\" decoding=\"async\" data-attachment-id=\"4700\" data-permalink=\"https:\/\/www.flora-pharm.de\/blog\/starten-sie-basisch-ins-neue-jahr\/linke-seite-36\/\" data-orig-file=\"https:\/\/www.flora-pharm.de\/blog\/wp-content\/uploads\/2017\/12\/naturheilkunde-und-gesundheit-cover-01-2018.jpg\" data-orig-size=\"450,600\" data-comments-opened=\"1\" data-image-meta=\"{&quot;aperture&quot;:&quot;0&quot;,&quot;credit&quot;:&quot;&quot;,&quot;camera&quot;:&quot;&quot;,&quot;caption&quot;:&quot;&quot;,&quot;created_timestamp&quot;:&quot;0&quot;,&quot;copyright&quot;:&quot;&quot;,&quot;focal_length&quot;:&quot;0&quot;,&quot;iso&quot;:&quot;0&quot;,&quot;shutter_speed&quot;:&quot;0&quot;,&quot;title&quot;:&quot;Linke Seite&quot;,&quot;orientation&quot;:&quot;1&quot;}\" data-image-title=\"Linke Seite\" data-image-description=\"\" data-image-caption=\"&lt;p&gt;Text mit freundlicher Genehmigung der S &amp;#038; D Verlag GmbH. Das komplette &amp;#8222;Naturheilkunde &amp;#038; Gesundheit&amp;#8220; Heft bekommen Sie auch bei uns in der Apotheke.&lt;\/p&gt;\n\" data-large-file=\"https:\/\/www.flora-pharm.de\/blog\/wp-content\/uploads\/2017\/12\/naturheilkunde-und-gesundheit-cover-01-2018.jpg\" class=\"size-medium wp-image-4700\" src=\"https:\/\/www.flora-pharm.de\/blog\/wp-content\/uploads\/2017\/12\/naturheilkunde-und-gesundheit-cover-01-2018-225x300.jpg\" alt=\"\" width=\"225\" height=\"300\" srcset=\"https:\/\/www.flora-pharm.de\/blog\/wp-content\/uploads\/2017\/12\/naturheilkunde-und-gesundheit-cover-01-2018-225x300.jpg 225w, https:\/\/www.flora-pharm.de\/blog\/wp-content\/uploads\/2017\/12\/naturheilkunde-und-gesundheit-cover-01-2018.jpg 450w\" sizes=\"auto, (max-width: 225px) 100vw, 225px\" \/><\/a><figcaption id=\"caption-attachment-4700\" class=\"wp-caption-text\">Text mit freundlicher Genehmigung der S &amp; D Verlag GmbH. Das komplette &#8222;Naturheilkunde &amp; Gesundheit&#8220; Heft bekommen Sie auch bei uns in der Apotheke.<\/figcaption><\/figure>\n","protected":false},"excerpt":{"rendered":"<p>Weihnachten haben wir geschlemmt, jetzt wird entschlackt. Aller Anfang ist schwer. Auch ein Jahresbeginn. Noch f\u00fchlen wir uns schwer von der V\u00f6llerei an den Feiertagen. Kein gutes Gef\u00fchl, um gute Vors\u00e4tze in die Tat umzusetzen. Um Pl\u00e4ne langfristig zu verwirklichen, m\u00fcssen Sie sich wohl in Ihrem K\u00f6rper f\u00fchlen. Ein erster Schritt ist eine vitalstoffreiche Ern\u00e4hrung. [&hellip;]<\/p>\n","protected":false},"author":1,"featured_media":4696,"comment_status":"open","ping_status":"open","sticky":false,"template":"","format":"standard","meta":{"jetpack_post_was_ever_published":false,"_jetpack_newsletter_access":"","_jetpack_dont_email_post_to_subs":false,"_jetpack_newsletter_tier_id":0,"_jetpack_memberships_contains_paywalled_content":false,"_jetpack_memberships_contains_paid_content":false,"footnotes":""},"categories":[8],"tags":[239,422],"class_list":["post-4705","post","type-post","status-publish","format-standard","has-post-thumbnail","hentry","category-wissenswert","tag-ernaehrung","tag-naturheilkunde-und-gesundheit","has-post-title","has-post-date","has-post-category","has-post-tag","has-post-comment","has-post-author",""],"jetpack_featured_media_url":"https:\/\/www.flora-pharm.de\/blog\/wp-content\/uploads\/2017\/12\/basischer-jahresstart.jpg","jetpack-related-posts":[{"id":4336,"url":"https:\/\/www.flora-pharm.de\/blog\/saeure-basen-balance\/","url_meta":{"origin":4705,"position":0},"title":"S\u00e4ure-Basen-Balance","author":"Flora Team","date":"15. August 2017","format":false,"excerpt":"S\u00e4ure-Basen-Balance ist eine Lebenseinstellung. Sind Sie sauer? Dann f\u00fchren Sie m\u00f6glicherweise ein \u00fcbers\u00e4uertes Leben. Die Folge sind diverse Zivilisationskrankheiten. Sonja Schmitz-Harwardt, Heilpraktikerin aus Velbert, spricht von \u201eZivilisatose\u201c. Ein gesunder Organismus reguliert seinen S\u00e4ure-Basen-Haushalt von selbst. Puffersysteme im Blut sorgen st\u00e4ndig daf\u00fcr, dass S\u00e4uren im K\u00f6rper neutralisiert werden und es zu\u2026","rel":"","context":"In &quot;Wissenswert&quot;","block_context":{"text":"Wissenswert","link":"https:\/\/www.flora-pharm.de\/blog\/category\/wissenswert\/"},"img":{"alt_text":"S\u00e4ure-Basen-Gleichgewicht","src":"https:\/\/i0.wp.com\/www.flora-pharm.de\/blog\/wp-content\/uploads\/2017\/07\/saeure-basen-balance.jpg?resize=350%2C200&ssl=1","width":350,"height":200,"srcset":"https:\/\/i0.wp.com\/www.flora-pharm.de\/blog\/wp-content\/uploads\/2017\/07\/saeure-basen-balance.jpg?resize=350%2C200&ssl=1 1x, https:\/\/i0.wp.com\/www.flora-pharm.de\/blog\/wp-content\/uploads\/2017\/07\/saeure-basen-balance.jpg?resize=525%2C300&ssl=1 1.5x, https:\/\/i0.wp.com\/www.flora-pharm.de\/blog\/wp-content\/uploads\/2017\/07\/saeure-basen-balance.jpg?resize=700%2C400&ssl=1 2x"},"classes":[]},{"id":2582,"url":"https:\/\/www.flora-pharm.de\/blog\/fruehjahrsputz-fuer-den-koerper-basenfasten\/","url_meta":{"origin":4705,"position":1},"title":"Fr\u00fchjahrsputz f\u00fcr den K\u00f6rper: Basenfasten","author":"Flora Team","date":"18. Februar 2015","format":false,"excerpt":"Das Basenfasten ist nicht radikal, es ist eine schmale Version des Fastens, ganz nat\u00fcrlich und auch nur f\u00fcr eine oder zwei Woche\/n (evtl. auch f\u00fcr etwas l\u00e4nger, aber nicht dauerhaft). Danach ist man zwar keine 20 Kilo leichter, aber 2-4 k\u00f6nnen es schon sein, wichtiger aber: es sensibilisiert die Wahrnehmung\u2026","rel":"","context":"In &quot;Flora Apotheke&quot;","block_context":{"text":"Flora Apotheke","link":"https:\/\/www.flora-pharm.de\/blog\/category\/flora-apotheke\/"},"img":{"alt_text":"","src":"https:\/\/i0.wp.com\/www.flora-pharm.de\/blog\/wp-content\/uploads\/2015\/02\/basenfasten.jpg?resize=350%2C200&ssl=1","width":350,"height":200,"srcset":"https:\/\/i0.wp.com\/www.flora-pharm.de\/blog\/wp-content\/uploads\/2015\/02\/basenfasten.jpg?resize=350%2C200&ssl=1 1x, https:\/\/i0.wp.com\/www.flora-pharm.de\/blog\/wp-content\/uploads\/2015\/02\/basenfasten.jpg?resize=525%2C300&ssl=1 1.5x"},"classes":[]},{"id":7247,"url":"https:\/\/www.flora-pharm.de\/blog\/basische-ernaehrung-gegen-viren\/","url_meta":{"origin":4705,"position":2},"title":"Basische Ern\u00e4hrung gegen Viren","author":"Flora Team","date":"6. November 2020","format":false,"excerpt":"Mit Obst und Gem\u00fcse gegen Infektionen? Das funktioniert, sagt ein Experte. Basische Ern\u00e4hrung h\u00e4lt Viren auf Abstand, denn Viren m\u00f6gen\u2019s sauer. Von Saskia Fechte Wie effektiv das Immunsystem im Kampf gegen Krankheitserreger ist, bestimmt auch die Ern\u00e4hrung. Eine gute Versorgung mit N\u00e4hrstoffen, Vitaminen und Mineralien st\u00e4rkt unsere Abwehr. F\u00fcr Professor\u2026","rel":"","context":"In &quot;Wissenswert&quot;","block_context":{"text":"Wissenswert","link":"https:\/\/www.flora-pharm.de\/blog\/category\/wissenswert\/"},"img":{"alt_text":"Basische Ern\u00e4hrung","src":"https:\/\/i0.wp.com\/www.flora-pharm.de\/blog\/wp-content\/uploads\/2020\/11\/basische-ernaehrung-gegen-viren.jpg?resize=350%2C200&ssl=1","width":350,"height":200,"srcset":"https:\/\/i0.wp.com\/www.flora-pharm.de\/blog\/wp-content\/uploads\/2020\/11\/basische-ernaehrung-gegen-viren.jpg?resize=350%2C200&ssl=1 1x, https:\/\/i0.wp.com\/www.flora-pharm.de\/blog\/wp-content\/uploads\/2020\/11\/basische-ernaehrung-gegen-viren.jpg?resize=525%2C300&ssl=1 1.5x, https:\/\/i0.wp.com\/www.flora-pharm.de\/blog\/wp-content\/uploads\/2020\/11\/basische-ernaehrung-gegen-viren.jpg?resize=700%2C400&ssl=1 2x"},"classes":[]},{"id":5422,"url":"https:\/\/www.flora-pharm.de\/blog\/osteoporose\/","url_meta":{"origin":4705,"position":3},"title":"Osteoporose","author":"Flora Team","date":"6. November 2018","format":false,"excerpt":"Jeder ist seines Skelettes Schmied. Osteoporose ist kein Schicksal. Was macht Knochen stark und was macht sie br\u00fcchig? Osteoporose ist die h\u00e4ufigste Knochenerkrankung \u00fcberhaupt. In Deutschland sind etwa sieben Millionen Menschen betroffen. Die Zahl steigt st\u00e4ndig, weil wir immer \u00e4lter werden. Osteoporose hei\u00dft \u00fcbersetzt \u201epor\u00f6ser Knochen\u201c. Der Volksmund sagt: Knochenschwund.\u2026","rel":"","context":"In &quot;Wissenswert&quot;","block_context":{"text":"Wissenswert","link":"https:\/\/www.flora-pharm.de\/blog\/category\/wissenswert\/"},"img":{"alt_text":"Osteoporose","src":"https:\/\/i0.wp.com\/www.flora-pharm.de\/blog\/wp-content\/uploads\/2018\/11\/osteoporose.jpg?resize=350%2C200&ssl=1","width":350,"height":200,"srcset":"https:\/\/i0.wp.com\/www.flora-pharm.de\/blog\/wp-content\/uploads\/2018\/11\/osteoporose.jpg?resize=350%2C200&ssl=1 1x, https:\/\/i0.wp.com\/www.flora-pharm.de\/blog\/wp-content\/uploads\/2018\/11\/osteoporose.jpg?resize=525%2C300&ssl=1 1.5x, https:\/\/i0.wp.com\/www.flora-pharm.de\/blog\/wp-content\/uploads\/2018\/11\/osteoporose.jpg?resize=700%2C400&ssl=1 2x"},"classes":[]},{"id":3541,"url":"https:\/\/www.flora-pharm.de\/blog\/fastenarten-im-ueberblick\/","url_meta":{"origin":4705,"position":4},"title":"Fastenarten im \u00dcberblick","author":"Flora Team","date":"18. Oktober 2016","format":false,"excerpt":"Welche Art zu fasten ist f\u00fcr mich am besten geeignet? Beim Fasten reinigt sich K\u00f6rper und Geist. Es entstehen ungeahnte Energien und nebenbei purzeln die Pfunde. Nach einer Fastenwoche werden Ger\u00fcche und Geschmack des Essens viel bewusster wahrgenommen. Aber nicht nur die Sinne werden sensibler! Fasten entlastet Magen und Darm,\u2026","rel":"","context":"In &quot;Wissenswert&quot;","block_context":{"text":"Wissenswert","link":"https:\/\/www.flora-pharm.de\/blog\/category\/wissenswert\/"},"img":{"alt_text":"","src":"https:\/\/i0.wp.com\/www.flora-pharm.de\/blog\/wp-content\/uploads\/2016\/10\/fastenarten-ueberblick.jpg?resize=350%2C200&ssl=1","width":350,"height":200,"srcset":"https:\/\/i0.wp.com\/www.flora-pharm.de\/blog\/wp-content\/uploads\/2016\/10\/fastenarten-ueberblick.jpg?resize=350%2C200&ssl=1 1x, https:\/\/i0.wp.com\/www.flora-pharm.de\/blog\/wp-content\/uploads\/2016\/10\/fastenarten-ueberblick.jpg?resize=525%2C300&ssl=1 1.5x, https:\/\/i0.wp.com\/www.flora-pharm.de\/blog\/wp-content\/uploads\/2016\/10\/fastenarten-ueberblick.jpg?resize=700%2C400&ssl=1 2x"},"classes":[]},{"id":4775,"url":"https:\/\/www.flora-pharm.de\/blog\/zivilisationskrankheiten-essen-wir-uns-krank\/","url_meta":{"origin":4705,"position":5},"title":"Zivilisationskrankheiten &#8211; Essen wir uns krank?","author":"Flora Team","date":"30. Januar 2018","format":false,"excerpt":"Was haben Lebensmittel mit Zivilisationskrankheiten zu tun? Eine Ern\u00e4hrungstherapeutin spricht Klartext. Zivilisationskrankheiten geh\u00f6ren heute in den Arztpraxen zum Tagesgesch\u00e4ft. Rheuma, Diabetes mellitus, Herz-Kreislauf-Erkrankungen und St\u00f6rungen im Verdauungssystem haben alle einen gemeinsamen Ursprung: unsere ver\u00e4nderte Lebensweise. Ern\u00e4hrungsbedingte Zivilisationskrankheiten Erkrankungen des Bewegungsapparates (Rheuma, Arthrose, Gicht und Bandscheibensch\u00e4den). Stoffwechselkrankheiten (Diabetes Typ 2 und\u2026","rel":"","context":"In &quot;Flora Apotheke&quot;","block_context":{"text":"Flora Apotheke","link":"https:\/\/www.flora-pharm.de\/blog\/category\/flora-apotheke\/"},"img":{"alt_text":"","src":"https:\/\/i0.wp.com\/www.flora-pharm.de\/blog\/wp-content\/uploads\/2017\/12\/Zivilisationskrankheiten.jpg?resize=350%2C200&ssl=1","width":350,"height":200,"srcset":"https:\/\/i0.wp.com\/www.flora-pharm.de\/blog\/wp-content\/uploads\/2017\/12\/Zivilisationskrankheiten.jpg?resize=350%2C200&ssl=1 1x, https:\/\/i0.wp.com\/www.flora-pharm.de\/blog\/wp-content\/uploads\/2017\/12\/Zivilisationskrankheiten.jpg?resize=525%2C300&ssl=1 1.5x, https:\/\/i0.wp.com\/www.flora-pharm.de\/blog\/wp-content\/uploads\/2017\/12\/Zivilisationskrankheiten.jpg?resize=700%2C400&ssl=1 2x"},"classes":[]}],"jetpack_sharing_enabled":true,"_links":{"self":[{"href":"https:\/\/www.flora-pharm.de\/blog\/wp-json\/wp\/v2\/posts\/4705","targetHints":{"allow":["GET"]}}],"collection":[{"href":"https:\/\/www.flora-pharm.de\/blog\/wp-json\/wp\/v2\/posts"}],"about":[{"href":"https:\/\/www.flora-pharm.de\/blog\/wp-json\/wp\/v2\/types\/post"}],"author":[{"embeddable":true,"href":"https:\/\/www.flora-pharm.de\/blog\/wp-json\/wp\/v2\/users\/1"}],"replies":[{"embeddable":true,"href":"https:\/\/www.flora-pharm.de\/blog\/wp-json\/wp\/v2\/comments?post=4705"}],"version-history":[{"count":3,"href":"https:\/\/www.flora-pharm.de\/blog\/wp-json\/wp\/v2\/posts\/4705\/revisions"}],"predecessor-version":[{"id":4711,"href":"https:\/\/www.flora-pharm.de\/blog\/wp-json\/wp\/v2\/posts\/4705\/revisions\/4711"}],"wp:featuredmedia":[{"embeddable":true,"href":"https:\/\/www.flora-pharm.de\/blog\/wp-json\/wp\/v2\/media\/4696"}],"wp:attachment":[{"href":"https:\/\/www.flora-pharm.de\/blog\/wp-json\/wp\/v2\/media?parent=4705"}],"wp:term":[{"taxonomy":"category","embeddable":true,"href":"https:\/\/www.flora-pharm.de\/blog\/wp-json\/wp\/v2\/categories?post=4705"},{"taxonomy":"post_tag","embeddable":true,"href":"https:\/\/www.flora-pharm.de\/blog\/wp-json\/wp\/v2\/tags?post=4705"}],"curies":[{"name":"wp","href":"https:\/\/api.w.org\/{rel}","templated":true}]}}