{"id":4812,"date":"2018-02-13T11:00:40","date_gmt":"2018-02-13T10:00:40","guid":{"rendered":"http:\/\/www.flora-pharm.de\/blog\/?p=4812"},"modified":"2022-01-29T12:39:18","modified_gmt":"2022-01-29T11:39:18","slug":"morgen-ist-valentinstag-2018","status":"publish","type":"post","link":"https:\/\/www.flora-pharm.de\/blog\/morgen-ist-valentinstag-2018\/","title":{"rendered":"Morgen ist Valentinstag 2018"},"content":{"rendered":"<blockquote><p>St. Valentin, du wei\u00dft es schon,<br \/>\nist der Liebe Schutzpatron.<br \/>\nEr ist\u2018s, der \u00fcber die Liebe wacht,<br \/>\nam hellen Tag und in finsterer Nacht.<\/p><\/blockquote>\n<p>Das Team der Flora Apotheke denkt an Sie und w\u00fcnscht Ihnen morgen einen verliebten Valentinstag.<\/p>\n","protected":false},"excerpt":{"rendered":"<p>St. Valentin, du wei\u00dft es schon, ist der Liebe Schutzpatron. Er ist\u2018s, der \u00fcber die Liebe wacht, am hellen Tag und in finsterer Nacht. Das Team der Flora Apotheke denkt an Sie und w\u00fcnscht Ihnen morgen einen verliebten Valentinstag.<\/p>\n","protected":false},"author":1,"featured_media":4811,"comment_status":"open","ping_status":"open","sticky":false,"template":"","format":"standard","meta":{"jetpack_post_was_ever_published":false,"_jetpack_newsletter_access":"","_jetpack_dont_email_post_to_subs":false,"_jetpack_newsletter_tier_id":0,"_jetpack_memberships_contains_paywalled_content":false,"_jetpack_memberships_contains_paid_content":false,"footnotes":""},"categories":[19,22],"tags":[119],"class_list":["post-4812","post","type-post","status-publish","format-standard","has-post-thumbnail","hentry","category-flora-apotheke","category-kalenderlexikon","tag-liebe","has-post-title","has-post-date","has-post-category","has-post-tag","has-post-comment","has-post-author",""],"jetpack_featured_media_url":"https:\/\/www.flora-pharm.de\/blog\/wp-content\/uploads\/2018\/02\/valentin2.jpg","jetpack-related-posts":[{"id":8105,"url":"https:\/\/www.flora-pharm.de\/blog\/tatsaechlich-liebe\/","url_meta":{"origin":4812,"position":0},"title":"Tats\u00e4chlich Liebe","author":"Flora Team","date":"10. Februar 2022","format":false,"excerpt":"Den Herzensmenschen am Valentinstag (14. Februar) mit einem Liebesbeweis verw\u00f6hnen? In Ihrer Apotheke finden Sie das passende Pr\u00e4sent \u2013 f\u00fcr sie, f\u00fcr ihn, f\u00fcr beide","rel":"","context":"In &quot;Kalenderlexikon&quot;","block_context":{"text":"Kalenderlexikon","link":"https:\/\/www.flora-pharm.de\/blog\/category\/kalenderlexikon\/"},"img":{"alt_text":"Valentinstag - Geschenk aus der Apotheke","src":"https:\/\/i0.wp.com\/www.flora-pharm.de\/blog\/wp-content\/uploads\/2022\/01\/tatsaechlich-liebe.jpg?resize=350%2C200&ssl=1","width":350,"height":200,"srcset":"https:\/\/i0.wp.com\/www.flora-pharm.de\/blog\/wp-content\/uploads\/2022\/01\/tatsaechlich-liebe.jpg?resize=350%2C200&ssl=1 1x, https:\/\/i0.wp.com\/www.flora-pharm.de\/blog\/wp-content\/uploads\/2022\/01\/tatsaechlich-liebe.jpg?resize=525%2C300&ssl=1 1.5x, https:\/\/i0.wp.com\/www.flora-pharm.de\/blog\/wp-content\/uploads\/2022\/01\/tatsaechlich-liebe.jpg?resize=700%2C400&ssl=1 2x"},"classes":[]},{"id":216,"url":"https:\/\/www.flora-pharm.de\/blog\/freitag-ist-valentinstag\/","url_meta":{"origin":4812,"position":1},"title":"Freitag ist Valentinstag","author":"Flora Team","date":"10. Februar 2014","format":false,"excerpt":"Nicht vergessen: Freitag, also am 14. Februar ist Valentinstag, da malen Verliebte Herzen auf Karten oder schenken sich Blumen. Mehr Informationen zu Ursprung und Brauchtum finden Sie z.B. auf Wikipedia unter dem Suchwort \"Valentinstag\". Bei uns bekommen Sie (auf Nachfrage und solange der Vorrat reicht) bis inkl. 14.02.2014 zu Ihrem\u2026","rel":"","context":"In &quot;Aktion&quot;","block_context":{"text":"Aktion","link":"https:\/\/www.flora-pharm.de\/blog\/category\/aktion\/"},"img":{"alt_text":"","src":"https:\/\/i0.wp.com\/www.flora-pharm.de\/blog\/wp-content\/uploads\/2014\/02\/rose-tasche.jpg?resize=350%2C200&ssl=1","width":350,"height":200},"classes":[]},{"id":9044,"url":"https:\/\/www.flora-pharm.de\/blog\/valentinstag-andere-laender-andere-liebesbeweise\/","url_meta":{"origin":4812,"position":2},"title":"Valentinstag: Andere L\u00e4nder, andere Liebesbeweise","author":"Flora Team","date":"12. Februar 2024","format":false,"excerpt":"Menschen auf der ganzen Welt feiern am 14. Februar den Valentinstag. Doch nicht \u00fcberall gibt es rote Rosen. Einige Br\u00e4uche zur Inspiration...","rel":"","context":"In &quot;Kalenderlexikon&quot;","block_context":{"text":"Kalenderlexikon","link":"https:\/\/www.flora-pharm.de\/blog\/category\/kalenderlexikon\/"},"img":{"alt_text":"Valentinstag Br\u00e4uche aus aller Welt international","src":"https:\/\/i0.wp.com\/www.flora-pharm.de\/blog\/wp-content\/uploads\/2024\/02\/valentinsbraeuche-aus-aller-welt.jpg?resize=350%2C200&ssl=1","width":350,"height":200,"srcset":"https:\/\/i0.wp.com\/www.flora-pharm.de\/blog\/wp-content\/uploads\/2024\/02\/valentinsbraeuche-aus-aller-welt.jpg?resize=350%2C200&ssl=1 1x, https:\/\/i0.wp.com\/www.flora-pharm.de\/blog\/wp-content\/uploads\/2024\/02\/valentinsbraeuche-aus-aller-welt.jpg?resize=525%2C300&ssl=1 1.5x, https:\/\/i0.wp.com\/www.flora-pharm.de\/blog\/wp-content\/uploads\/2024\/02\/valentinsbraeuche-aus-aller-welt.jpg?resize=700%2C400&ssl=1 2x, https:\/\/i0.wp.com\/www.flora-pharm.de\/blog\/wp-content\/uploads\/2024\/02\/valentinsbraeuche-aus-aller-welt.jpg?resize=1050%2C600&ssl=1 3x"},"classes":[]},{"id":3753,"url":"https:\/\/www.flora-pharm.de\/blog\/positiv-in-den-tag-starten-10-tipps\/","url_meta":{"origin":4812,"position":3},"title":"Positiv in den Tag starten &#8211; 10 Tipps","author":"Flora Team","date":"17. Januar 2017","format":false,"excerpt":"10 Tipps f\u00fcr einen positiven Start in den Tag: \u00a0 Frische Luft Ausgiebiges Strecken und Recken, am besten schon unter der Bettdecke, machen wach. \u00d6ffnen Sie das Fenster und atmen Sie tief die frische Morgenluft ein und achten Sie auf die Ger\u00e4usche des beginnenden Tages. Frische Luft und eine kleine\u2026","rel":"","context":"In &quot;Wissenswert&quot;","block_context":{"text":"Wissenswert","link":"https:\/\/www.flora-pharm.de\/blog\/category\/wissenswert\/"},"img":{"alt_text":"","src":"https:\/\/i0.wp.com\/www.flora-pharm.de\/blog\/wp-content\/uploads\/2017\/01\/naturheilkunde-und-gesundheit-cover-01-2017-225x300.jpg?resize=350%2C200&ssl=1","width":350,"height":200},"classes":[]},{"id":5292,"url":"https:\/\/www.flora-pharm.de\/blog\/maennersache-bart-so-wird-er-ein-juwel\/","url_meta":{"origin":4812,"position":4},"title":"M\u00e4nnersache Bart, so wird er ein Juwel","author":"Flora Team","date":"13. September 2018","format":false,"excerpt":"B\u00e4rte sind in. Immer mehr M\u00e4nner tragen ihr Gesichtshaar wie ein modisches Accessoire. Wenn Sie m\u00f6chten, dass Ihr Kinnkleid ein echtes Juwel ist, dann pflegen Sie es \u2013 mit Produkten aus Ihrer Apotheke. Welche brauchen Sie? \u00a0 Ein haariger Beitrag von Stefanie Deckers \u00a0 Nur ein gepflegter Bart ist ein\u2026","rel":"","context":"In &quot;Wissenswert&quot;","block_context":{"text":"Wissenswert","link":"https:\/\/www.flora-pharm.de\/blog\/category\/wissenswert\/"},"img":{"alt_text":"M\u00e4nnersache Bart","src":"https:\/\/i0.wp.com\/www.flora-pharm.de\/blog\/wp-content\/uploads\/2018\/09\/maennersache-bart.jpg?resize=350%2C200&ssl=1","width":350,"height":200,"srcset":"https:\/\/i0.wp.com\/www.flora-pharm.de\/blog\/wp-content\/uploads\/2018\/09\/maennersache-bart.jpg?resize=350%2C200&ssl=1 1x, https:\/\/i0.wp.com\/www.flora-pharm.de\/blog\/wp-content\/uploads\/2018\/09\/maennersache-bart.jpg?resize=525%2C300&ssl=1 1.5x, https:\/\/i0.wp.com\/www.flora-pharm.de\/blog\/wp-content\/uploads\/2018\/09\/maennersache-bart.jpg?resize=700%2C400&ssl=1 2x"},"classes":[]},{"id":4078,"url":"https:\/\/www.flora-pharm.de\/blog\/schoene-beine\/","url_meta":{"origin":4812,"position":5},"title":"Sch\u00f6ne Beine","author":"Flora Team","date":"13. April 2017","format":false,"excerpt":"Leider scheint der Fr\u00fchling im Osterurlaub zu sein aber die sch\u00f6ne Zeit der Shorts und kurzen R\u00f6cke naht mit gro\u00dfen Schritten. Wer sch\u00f6ne Beine zeigen m\u00f6chte, braucht jetzt ein intensives Hautpflegeprogramm. Die monatelange Heizperiode hat den Beinen ordentlich zugesetzt. Wer ohnehin zu trockener Haut neigt, sp\u00fcrt es besonders an den\u2026","rel":"","context":"In &quot;Wissenswert&quot;","block_context":{"text":"Wissenswert","link":"https:\/\/www.flora-pharm.de\/blog\/category\/wissenswert\/"},"img":{"alt_text":"Sch\u00f6ne Beine","src":"https:\/\/i0.wp.com\/www.flora-pharm.de\/blog\/wp-content\/uploads\/2017\/04\/schoene-beine.jpg?resize=350%2C200&ssl=1","width":350,"height":200,"srcset":"https:\/\/i0.wp.com\/www.flora-pharm.de\/blog\/wp-content\/uploads\/2017\/04\/schoene-beine.jpg?resize=350%2C200&ssl=1 1x, https:\/\/i0.wp.com\/www.flora-pharm.de\/blog\/wp-content\/uploads\/2017\/04\/schoene-beine.jpg?resize=525%2C300&ssl=1 1.5x, https:\/\/i0.wp.com\/www.flora-pharm.de\/blog\/wp-content\/uploads\/2017\/04\/schoene-beine.jpg?resize=700%2C400&ssl=1 2x"},"classes":[]}],"jetpack_sharing_enabled":true,"_links":{"self":[{"href":"https:\/\/www.flora-pharm.de\/blog\/wp-json\/wp\/v2\/posts\/4812","targetHints":{"allow":["GET"]}}],"collection":[{"href":"https:\/\/www.flora-pharm.de\/blog\/wp-json\/wp\/v2\/posts"}],"about":[{"href":"https:\/\/www.flora-pharm.de\/blog\/wp-json\/wp\/v2\/types\/post"}],"author":[{"embeddable":true,"href":"https:\/\/www.flora-pharm.de\/blog\/wp-json\/wp\/v2\/users\/1"}],"replies":[{"embeddable":true,"href":"https:\/\/www.flora-pharm.de\/blog\/wp-json\/wp\/v2\/comments?post=4812"}],"version-history":[{"count":2,"href":"https:\/\/www.flora-pharm.de\/blog\/wp-json\/wp\/v2\/posts\/4812\/revisions"}],"predecessor-version":[{"id":4814,"href":"https:\/\/www.flora-pharm.de\/blog\/wp-json\/wp\/v2\/posts\/4812\/revisions\/4814"}],"wp:featuredmedia":[{"embeddable":true,"href":"https:\/\/www.flora-pharm.de\/blog\/wp-json\/wp\/v2\/media\/4811"}],"wp:attachment":[{"href":"https:\/\/www.flora-pharm.de\/blog\/wp-json\/wp\/v2\/media?parent=4812"}],"wp:term":[{"taxonomy":"category","embeddable":true,"href":"https:\/\/www.flora-pharm.de\/blog\/wp-json\/wp\/v2\/categories?post=4812"},{"taxonomy":"post_tag","embeddable":true,"href":"https:\/\/www.flora-pharm.de\/blog\/wp-json\/wp\/v2\/tags?post=4812"}],"curies":[{"name":"wp","href":"https:\/\/api.w.org\/{rel}","templated":true}]}}