{"id":49,"date":"2013-10-21T16:36:35","date_gmt":"2013-10-21T14:36:35","guid":{"rendered":"http:\/\/www.flora-pharm.de\/blog\/?p=49"},"modified":"2013-10-21T16:36:35","modified_gmt":"2013-10-21T14:36:35","slug":"laternenspaziergang-mit-spielmannszug-im-grossen-garten","status":"publish","type":"post","link":"https:\/\/www.flora-pharm.de\/blog\/laternenspaziergang-mit-spielmannszug-im-grossen-garten\/","title":{"rendered":"Laternenspaziergang mit Spielmannszug im Gro\u00dfen Garten"},"content":{"rendered":"<p>Ein herbstlicher Tipp von uns: Laternenspaziergang mit Spielmannszug<br \/>\n<strong>Ein herbstlicher Laternenumzug findet am 27. Oktober 2013 von 17 bis 19 Uhr im Gro\u00dfen Garten statt.<\/strong><br \/>\nZum Herbst mit seinem goldenen Licht, farbenfrohen Bl\u00e4ttern und raschelndem Laub geh\u00f6ren auch stimmungsvolle Laternen. Ein gro\u00dfer Kinderumzug findet am 27. Oktober im illuminierten Gro\u00dfen Garten statt: Stelzenl\u00e4ufer mit herbstlichen Kost\u00fcmen und Reiter hoch zu Ross verwandeln den erleuchteten Garten in eine zauberhafte M\u00e4rchenwelt. Musikalisch untermalt wird der Laternenumzug von einem Spielmannszug.<br \/>\nDer Start ist um 17 Uhr an der Sonnenuhr, der Einlass beginnt ab 16 Uhr \u00fcber das Milchtor und das Prinzentor.<br \/>\nKarten (Kinder bis 12 Jahre frei, Erwachsene VVK: 4 Euro plus VVK-Geb\u00fchr, Abendkasse: 5 Euro) sind ab dem 4. Oktober bei der Vorverkaufskasse im K\u00fcnstlerhaus (Telefon 0511-168-41222) und an der Vorverkaufskasse der Herrenh\u00e4user G\u00e4rten erh\u00e4ltlich.<br \/>\nWeitere Informationen auf der <a href=\"http:\/\/www.hannover.de\/Herrenhausen\/Veranstaltungen\/Termine\/Laternenspaziergang-mit-Spielmannszug\" target=\"_blank\">Hannover.de-Website<\/a>.<br \/>\n<a href=\"https:\/\/www.flora-pharm.de\/blog\/wp-content\/uploads\/2013\/10\/131027-laternenumzug-hhg.jpg\"><img loading=\"lazy\" decoding=\"async\" data-attachment-id=\"50\" data-permalink=\"https:\/\/www.flora-pharm.de\/blog\/laternenspaziergang-mit-spielmannszug-im-grossen-garten\/layout-1\/\" data-orig-file=\"https:\/\/www.flora-pharm.de\/blog\/wp-content\/uploads\/2013\/10\/131027-laternenumzug-hhg.jpg\" data-orig-size=\"800,562\" data-comments-opened=\"1\" data-image-meta=\"{&quot;aperture&quot;:&quot;0&quot;,&quot;credit&quot;:&quot;&quot;,&quot;camera&quot;:&quot;&quot;,&quot;caption&quot;:&quot;&quot;,&quot;created_timestamp&quot;:&quot;0&quot;,&quot;copyright&quot;:&quot;&quot;,&quot;focal_length&quot;:&quot;0&quot;,&quot;iso&quot;:&quot;0&quot;,&quot;shutter_speed&quot;:&quot;0&quot;,&quot;title&quot;:&quot;Layout 1&quot;}\" data-image-title=\"Laternenumzug Gro\u00dfer Garten Okt2013\" data-image-description=\"\" data-image-caption=\"\" data-large-file=\"https:\/\/www.flora-pharm.de\/blog\/wp-content\/uploads\/2013\/10\/131027-laternenumzug-hhg.jpg\" src=\"https:\/\/www.flora-pharm.de\/blog\/wp-content\/uploads\/2013\/10\/131027-laternenumzug-hhg-300x210.jpg\" alt=\"Laternenumzug Gro\u00dfer Garten Okt2013\" width=\"300\" height=\"210\" class=\"alignnone size-medium wp-image-50\" srcset=\"https:\/\/www.flora-pharm.de\/blog\/wp-content\/uploads\/2013\/10\/131027-laternenumzug-hhg-300x210.jpg 300w, https:\/\/www.flora-pharm.de\/blog\/wp-content\/uploads\/2013\/10\/131027-laternenumzug-hhg-325x228.jpg 325w, https:\/\/www.flora-pharm.de\/blog\/wp-content\/uploads\/2013\/10\/131027-laternenumzug-hhg.jpg 800w\" sizes=\"auto, (max-width: 300px) 100vw, 300px\" \/><\/a><\/p>\n","protected":false},"excerpt":{"rendered":"<p>Ein herbstlicher Tipp von uns: Laternenspaziergang mit Spielmannszug Ein herbstlicher Laternenumzug findet am 27. Oktober 2013 von 17 bis 19 Uhr im Gro\u00dfen Garten statt. Zum Herbst mit seinem goldenen Licht, farbenfrohen Bl\u00e4ttern und raschelndem Laub geh\u00f6ren auch stimmungsvolle Laternen. Ein gro\u00dfer Kinderumzug findet am 27. Oktober im illuminierten Gro\u00dfen Garten statt: Stelzenl\u00e4ufer mit herbstlichen [&hellip;]<\/p>\n","protected":false},"author":1,"featured_media":50,"comment_status":"open","ping_status":"open","sticky":false,"template":"","format":"standard","meta":{"jetpack_post_was_ever_published":false,"_jetpack_newsletter_access":"","_jetpack_dont_email_post_to_subs":false,"_jetpack_newsletter_tier_id":0,"_jetpack_memberships_contains_paywalled_content":false,"_jetpack_memberships_contains_paid_content":false,"footnotes":""},"categories":[15],"tags":[4,18],"class_list":["post-49","post","type-post","status-publish","format-standard","has-post-thumbnail","hentry","category-veranstaltungshinweis","tag-herbst","tag-kinder","has-post-title","has-post-date","has-post-category","has-post-tag","has-post-comment","has-post-author",""],"jetpack_featured_media_url":"https:\/\/www.flora-pharm.de\/blog\/wp-content\/uploads\/2013\/10\/131027-laternenumzug-hhg.jpg","jetpack-related-posts":[{"id":8445,"url":"https:\/\/www.flora-pharm.de\/blog\/heilsamer-herbst\/","url_meta":{"origin":49,"position":0},"title":"Heilsamer Herbst","author":"Flora Team","date":"10. Oktober 2022","format":false,"excerpt":"Herbst - Die dritte Jahreszeit steht in den Startl\u00f6chern und bringt ihre ganz eigenen Vorz\u00fcge und K\u00f6stlichkeiten mit. Kein Grund f\u00fcr Tr\u00fcbnis!","rel":"","context":"In &quot;Wissenswert&quot;","block_context":{"text":"Wissenswert","link":"https:\/\/www.flora-pharm.de\/blog\/category\/wissenswert\/"},"img":{"alt_text":"heilsamer herbst","src":"https:\/\/i0.wp.com\/www.flora-pharm.de\/blog\/wp-content\/uploads\/2022\/10\/heilsamer-herbst.jpg?resize=350%2C200&ssl=1","width":350,"height":200,"srcset":"https:\/\/i0.wp.com\/www.flora-pharm.de\/blog\/wp-content\/uploads\/2022\/10\/heilsamer-herbst.jpg?resize=350%2C200&ssl=1 1x, https:\/\/i0.wp.com\/www.flora-pharm.de\/blog\/wp-content\/uploads\/2022\/10\/heilsamer-herbst.jpg?resize=525%2C300&ssl=1 1.5x, https:\/\/i0.wp.com\/www.flora-pharm.de\/blog\/wp-content\/uploads\/2022\/10\/heilsamer-herbst.jpg?resize=700%2C400&ssl=1 2x, https:\/\/i0.wp.com\/www.flora-pharm.de\/blog\/wp-content\/uploads\/2022\/10\/heilsamer-herbst.jpg?resize=1050%2C600&ssl=1 3x"},"classes":[]},{"id":5390,"url":"https:\/\/www.flora-pharm.de\/blog\/herbst-blues-raus-aus-der-murmeltierlaune\/","url_meta":{"origin":49,"position":1},"title":"Herbst-Blues &#8211; Raus aus der Murmeltierlaune","author":"Flora Team","date":"26. Oktober 2018","format":false,"excerpt":"Mit dem Herbst kommt der Blues. Eine Symphonie aus D\u00fcften, Kr\u00e4utern und anderen Tipps heitert K\u00f6rper und Seele auf. Lesen Sie auch: Im Abendrot des Sommers. \u00a0 Ein Artikel von Stefanie Deckers \u00a0 Jetzt wird der Himmel immer tr\u00fcber. Unsere Stimmung auch. Der Herbsteinbruch schl\u00e4gt vielen aufs Gem\u00fct. Jeder zweite\u2026","rel":"","context":"In &quot;Flora Apotheke&quot;","block_context":{"text":"Flora Apotheke","link":"https:\/\/www.flora-pharm.de\/blog\/category\/flora-apotheke\/"},"img":{"alt_text":"Murmeltierlaune - Herbstdepression","src":"https:\/\/i0.wp.com\/www.flora-pharm.de\/blog\/wp-content\/uploads\/2018\/10\/murmeltierlaune.jpg?resize=350%2C200&ssl=1","width":350,"height":200,"srcset":"https:\/\/i0.wp.com\/www.flora-pharm.de\/blog\/wp-content\/uploads\/2018\/10\/murmeltierlaune.jpg?resize=350%2C200&ssl=1 1x, https:\/\/i0.wp.com\/www.flora-pharm.de\/blog\/wp-content\/uploads\/2018\/10\/murmeltierlaune.jpg?resize=525%2C300&ssl=1 1.5x, https:\/\/i0.wp.com\/www.flora-pharm.de\/blog\/wp-content\/uploads\/2018\/10\/murmeltierlaune.jpg?resize=700%2C400&ssl=1 2x"},"classes":[]},{"id":4460,"url":"https:\/\/www.flora-pharm.de\/blog\/im-abendrot-des-sommers\/","url_meta":{"origin":49,"position":2},"title":"Im Abendrot des Sommers","author":"Flora Team","date":"21. September 2017","format":false,"excerpt":"Herbst-Tag-und-Nachtgleiche am 22. September 2017 Der Sommer neigt sich dem Ende zu und der Herbst wirft seine Schatten voraus. F\u00fcr naturverbundene Menschen hat die Zeit um den 22. September eine tiefe und mystische Bedeutung. Dieser Tag gleicht einer Schwelle, denn Tag und Nacht sind dann exakt gleich lang. Wir feiern\u2026","rel":"","context":"In &quot;Kalenderlexikon&quot;","block_context":{"text":"Kalenderlexikon","link":"https:\/\/www.flora-pharm.de\/blog\/category\/kalenderlexikon\/"},"img":{"alt_text":"","src":"https:\/\/i0.wp.com\/www.flora-pharm.de\/blog\/wp-content\/uploads\/2017\/09\/abendrot.jpg?resize=350%2C200&ssl=1","width":350,"height":200,"srcset":"https:\/\/i0.wp.com\/www.flora-pharm.de\/blog\/wp-content\/uploads\/2017\/09\/abendrot.jpg?resize=350%2C200&ssl=1 1x, https:\/\/i0.wp.com\/www.flora-pharm.de\/blog\/wp-content\/uploads\/2017\/09\/abendrot.jpg?resize=525%2C300&ssl=1 1.5x, https:\/\/i0.wp.com\/www.flora-pharm.de\/blog\/wp-content\/uploads\/2017\/09\/abendrot.jpg?resize=700%2C400&ssl=1 2x"},"classes":[]},{"id":6490,"url":"https:\/\/www.flora-pharm.de\/blog\/hallo-herbst\/","url_meta":{"origin":49,"position":3},"title":"Hallo, Herbst!","author":"Flora Team","date":"11. Oktober 2019","format":false,"excerpt":"Der Sommer ist vorbei, das Schmuddelwetter naht. Zeit, f\u00fcr eine starke Abwehr, ein starkes Immunsystem zu sorgen.By the way: Am 12. Oktober ist Tag der Naturheilkunde! Jetzt werden die Tage immer k\u00fcrzer und allm\u00e4hlich auch k\u00e4lter. Das schl\u00e4gt vielen auf das Gem\u00fct und ist eine Herausforderung f\u00fcr unsere Gesundheit. Ein\u2026","rel":"","context":"In &quot;Wissenswert&quot;","block_context":{"text":"Wissenswert","link":"https:\/\/www.flora-pharm.de\/blog\/category\/wissenswert\/"},"img":{"alt_text":"Hallo Herbst","src":"https:\/\/i0.wp.com\/www.flora-pharm.de\/blog\/wp-content\/uploads\/2019\/10\/hallo-herbst.jpg?resize=350%2C200&ssl=1","width":350,"height":200,"srcset":"https:\/\/i0.wp.com\/www.flora-pharm.de\/blog\/wp-content\/uploads\/2019\/10\/hallo-herbst.jpg?resize=350%2C200&ssl=1 1x, https:\/\/i0.wp.com\/www.flora-pharm.de\/blog\/wp-content\/uploads\/2019\/10\/hallo-herbst.jpg?resize=525%2C300&ssl=1 1.5x, https:\/\/i0.wp.com\/www.flora-pharm.de\/blog\/wp-content\/uploads\/2019\/10\/hallo-herbst.jpg?resize=700%2C400&ssl=1 2x"},"classes":[]},{"id":8932,"url":"https:\/\/www.flora-pharm.de\/blog\/herbstlaub\/","url_meta":{"origin":49,"position":4},"title":"Herbstlaub","author":"Flora Team","date":"14. November 2023","format":false,"excerpt":"Herbstlaub: Sie leuchten in den sch\u00f6nsten Farben und rascheln so herrlich unter den F\u00fc\u00dfen \u2013 bunte Bl\u00e4tter. Und sie sind n\u00fctzlich!","rel":"","context":"In &quot;Wissenswert&quot;","block_context":{"text":"Wissenswert","link":"https:\/\/www.flora-pharm.de\/blog\/category\/wissenswert\/"},"img":{"alt_text":"Buntes, n\u00fctzliches Herbstlaub","src":"https:\/\/i0.wp.com\/www.flora-pharm.de\/blog\/wp-content\/uploads\/2023\/10\/herbstlaub.jpg?resize=350%2C200&ssl=1","width":350,"height":200,"srcset":"https:\/\/i0.wp.com\/www.flora-pharm.de\/blog\/wp-content\/uploads\/2023\/10\/herbstlaub.jpg?resize=350%2C200&ssl=1 1x, https:\/\/i0.wp.com\/www.flora-pharm.de\/blog\/wp-content\/uploads\/2023\/10\/herbstlaub.jpg?resize=525%2C300&ssl=1 1.5x, https:\/\/i0.wp.com\/www.flora-pharm.de\/blog\/wp-content\/uploads\/2023\/10\/herbstlaub.jpg?resize=700%2C400&ssl=1 2x, https:\/\/i0.wp.com\/www.flora-pharm.de\/blog\/wp-content\/uploads\/2023\/10\/herbstlaub.jpg?resize=1050%2C600&ssl=1 3x"},"classes":[]},{"id":6587,"url":"https:\/\/www.flora-pharm.de\/blog\/herbstliche-hautpflege-gut-gewappnet-gegen-kaelte\/","url_meta":{"origin":49,"position":5},"title":"Herbstliche Hautpflege \u2013 Gut gewappnet gegen K\u00e4lte","author":"Flora Team","date":"2. Dezember 2019","format":false,"excerpt":"Die Saison der leichten Sommertexturen ist vorbei. Jetzt ist Zeit f\u00fcr n\u00e4hrende \u00d6le und reichhaltige Cremes. Von Saskia Fechte \u00a0 Typisch Herbst: Heizung, Regen und Wind fordern unsere Haut heraus. Grunds\u00e4tzlich reagiert unser gr\u00f6\u00dftes Organ sehr intelligent auf K\u00e4lte. Poren und Blutgef\u00e4\u00dfe ziehen sich zusammen, die Produktion von Schwei\u00df und\u2026","rel":"","context":"In &quot;Wissenswert&quot;","block_context":{"text":"Wissenswert","link":"https:\/\/www.flora-pharm.de\/blog\/category\/wissenswert\/"},"img":{"alt_text":"Hautpflege Herbst Winter","src":"https:\/\/i0.wp.com\/www.flora-pharm.de\/blog\/wp-content\/uploads\/2019\/11\/hautpflege-winter.jpg?resize=350%2C200&ssl=1","width":350,"height":200,"srcset":"https:\/\/i0.wp.com\/www.flora-pharm.de\/blog\/wp-content\/uploads\/2019\/11\/hautpflege-winter.jpg?resize=350%2C200&ssl=1 1x, https:\/\/i0.wp.com\/www.flora-pharm.de\/blog\/wp-content\/uploads\/2019\/11\/hautpflege-winter.jpg?resize=525%2C300&ssl=1 1.5x, https:\/\/i0.wp.com\/www.flora-pharm.de\/blog\/wp-content\/uploads\/2019\/11\/hautpflege-winter.jpg?resize=700%2C400&ssl=1 2x"},"classes":[]}],"jetpack_sharing_enabled":true,"_links":{"self":[{"href":"https:\/\/www.flora-pharm.de\/blog\/wp-json\/wp\/v2\/posts\/49","targetHints":{"allow":["GET"]}}],"collection":[{"href":"https:\/\/www.flora-pharm.de\/blog\/wp-json\/wp\/v2\/posts"}],"about":[{"href":"https:\/\/www.flora-pharm.de\/blog\/wp-json\/wp\/v2\/types\/post"}],"author":[{"embeddable":true,"href":"https:\/\/www.flora-pharm.de\/blog\/wp-json\/wp\/v2\/users\/1"}],"replies":[{"embeddable":true,"href":"https:\/\/www.flora-pharm.de\/blog\/wp-json\/wp\/v2\/comments?post=49"}],"version-history":[{"count":2,"href":"https:\/\/www.flora-pharm.de\/blog\/wp-json\/wp\/v2\/posts\/49\/revisions"}],"predecessor-version":[{"id":52,"href":"https:\/\/www.flora-pharm.de\/blog\/wp-json\/wp\/v2\/posts\/49\/revisions\/52"}],"wp:featuredmedia":[{"embeddable":true,"href":"https:\/\/www.flora-pharm.de\/blog\/wp-json\/wp\/v2\/media\/50"}],"wp:attachment":[{"href":"https:\/\/www.flora-pharm.de\/blog\/wp-json\/wp\/v2\/media?parent=49"}],"wp:term":[{"taxonomy":"category","embeddable":true,"href":"https:\/\/www.flora-pharm.de\/blog\/wp-json\/wp\/v2\/categories?post=49"},{"taxonomy":"post_tag","embeddable":true,"href":"https:\/\/www.flora-pharm.de\/blog\/wp-json\/wp\/v2\/tags?post=49"}],"curies":[{"name":"wp","href":"https:\/\/api.w.org\/{rel}","templated":true}]}}