{"id":4990,"date":"2018-05-22T10:16:56","date_gmt":"2018-05-22T08:16:56","guid":{"rendered":"http:\/\/www.flora-pharm.de\/blog\/?p=4990"},"modified":"2018-05-22T10:16:56","modified_gmt":"2018-05-22T08:16:56","slug":"salve-koerperkult","status":"publish","type":"post","link":"https:\/\/www.flora-pharm.de\/blog\/salve-koerperkult\/","title":{"rendered":"Salve, K\u00f6rperkult"},"content":{"rendered":"<p><em>Was wir von den Damen der Antike \u00fcbernommen haben<\/em><\/p>\n<p><strong>So bin ich<\/strong><br \/>\nK\u00f6rperkultur hat ein Ziel: die m\u00f6glichst perfekte \u00e4u\u00dfere Erscheinung. Unebenheiten und vermeintliche Makel sollen \u00fcberdeckt und ein bestimmtes Sch\u00f6nheitsideal erreicht werden. Zus\u00e4tzlicher Anreiz der Dekoma\u00dfnahmen: einen bestimmten gesellschaftlichen Rang pr\u00e4sentieren und die Selbstdarstellung unterstreichen. Bis heute nutzen wir Schminke und Frisur, um die Zugeh\u00f6rigkeit zu einer ethnischen, religi\u00f6sen oder sozialen Gruppe kundzutun oder unsere Sympathie f\u00fcr bestimmte musikalische, kulturelle oder subkulturelle Str\u00f6mungen auszudr\u00fccken.<\/p>\n<p>&nbsp;<\/p>\n<p><em>Ein Artikel von Saskia Fechte, Bild: Flora<\/em><\/p>\n<p>&nbsp;<\/p>\n<p>Glatte Haut und kunstvolle Frisuren sind keine Erfindung der Neuzeit. Bereits im alten \u00c4gypten, im antiken Griechenland und im R\u00f6mischen Reich entstanden K\u00f6rperpflegerituale, die bis heute unser Sch\u00f6nheitsideal bestimmen.<\/p>\n<p>Rituelle Reinigungen und Bemalungen waren vermutlich der Anfang von K\u00f6rper- und Sch\u00f6nheitspflege. Seit Jahrhunderten dient Kosmetik dazu, die Natur und ihre unsch\u00f6nen Gesetzm\u00e4\u00dfigkeiten \u2013 allen voran typische Alterserscheinungen \u2013 zu bezwingen. Dabei n\u00e4herten sich die Disziplinen Kosmetik, Medizin und Gesundheit \u00fcber die Epochen hinweg immer weiter an.<\/p>\n<p>Ob die letzte Pharaonin stolz darauf w\u00e4re, weniger f\u00fcr ihr politisches Geschick als f\u00fcr ihr Sch\u00f6nheitsbad in Eselmilch ber\u00fchmt zu sein? Bis heute gilt Kleopatra VII. als eine der sch\u00f6nsten Frauen der Welt. Ausgiebige Hygienerituale und ein Make-up mit markantem Lidstrich pr\u00e4gten die Erscheinung der Beauty-Ikone. Auch die alten Griechen verbrachten viel Zeit mit der Formung ihres menschlichen Idealbilds. So entstammt der Begriff \u00bbKosmetik\u00ab dem Alt-Griechischen kosmeo und bedeutet \u00bbschm\u00fccken, putzen\u00ab. Die Bewohner des R\u00f6mischen Reichs verfeinerten griechische Idealbilder und Kosmetikrezepturen, \u00fcbrigens f\u00fcr M\u00e4nner und Frauen gleicherma\u00dfen. Dass Versch\u00f6nerungsma\u00dfnahmen und Gesundheit zusammengeh\u00f6ren, wurde erst im 19. Jahrhundert wichtig.<\/p>\n<p>Heute umfasst Kosmetik drei S\u00e4ulen: Medizin, vorbeugende Pflege und \u00c4sthetik.<\/p>\n<p>&nbsp;<\/p>\n<h2>Wei\u00dfe Haut, schwarze Augen<\/h2>\n<p>\u201eR\u00f6mische Frauen verwendeten diverse Kosmetika\u201c, erkl\u00e4rt Manuela Priess vom Forum Traiani\u00ae, einer Plattform, die den Alltag im R\u00f6mischen Reich erlebbar macht. \u201eJe h\u00f6her der Status, desto mehr Wert legten sie auf ihr \u00e4u\u00dferes Erscheinungsbild\u201c, so die Friseurmeisterin. Die R\u00f6merinnen griffen tief ins Schminkt\u00f6pfchen: \u201eSie hellten ihre Haut mit dicken Pasten auf, dar\u00fcber kam eine Art Rouge, um die Wangen hervorzuheben. Sie benutzten Parfums, Haarf\u00e4rbemittel und Make-up. Lidschatten, Eyeliner, Rouge und Lippenstift waren durchaus \u00fcblich\u201c, sagt die Expertin. \u201eBesonderen Wert legten r\u00f6mische Frauen auf ihr Augen-Make-up, insbesondere die Betonung der Augenbrauen. Schwarze Schminke wurde aus Kohle gewonnen, deren Bleiglanz als Eyeliner effektiv war, gleichsam dem heutigen Kajal. Auch Galena, eine nat\u00fcrliche, blau-grau-mineralische Form Galenit (\u00bbBleiglanz\u00ab), zum Teil vermischt mit Ru\u00df, wurde verwendet.\u201c Von den \u00c4gyptern lernten die R\u00f6mer die Herstellung ihrer Sch\u00f6nheitsprodukte. \u201eSie waren angetan vom alt\u00e4gyptischen gr\u00fcnen Augen-Make-up aus zerkleinertem Malachit.\u201c<\/p>\n<p>&nbsp;<\/p>\n<h2>Hygiene<\/h2>\n<p>Sauberkeit war Pflicht, eine fast \u00fcbertriebene Badekultur fester Bestandteil des vornehmen R\u00f6merlebens. Noch heute bestaunen wir luxuri\u00f6se Thermen mit Fu\u00dfbodenheizung f\u00fcr wohltemperiertes Wasser, beduftet mit Blumen oder Moschus.<br \/>\n<em>Und heute?<\/em> Nicht t\u00e4glich zu duschen gilt als No-Go, jeder hat eine eigene Dusche, Wanne oder beides. Fantastische Saunawelten, geplant nach antiken Vorbildern, erleben einen Boom.<\/p>\n<p>&nbsp;<\/p>\n<h2>K\u00f6rperbehaarung<\/h2>\n<p>Ein Greuel f\u00fcr alte Griechen und R\u00f6mer, nur \u00bbBarbaren\u00ab hatten Haare am K\u00f6rper. M\u00e4nner und Frauen zupften mit Pinzetten oder griffen zu Leinenbinden mit Harz oder Bienenwachs.<br \/>\n<em>Und heute?<\/em> Waxing gibt\u2019s immer noch, M\u00e4nner lassen es allerdings gern wieder sprie\u00dfen.<\/p>\n<p>&nbsp;<\/p>\n<h2>Hautpflege<\/h2>\n<p>Nach dem Bad wurde flei\u00dfig gecremt und gesalbt. Gesichtsmasken aus Getreide, Eiern, Hirschhorn, Narzissenzwiebeln und Honig sowie Cremes aus Fett und St\u00e4rke zum Schutz vor Sonne und Falten reisten unterwegs in schmucken D\u00f6schen mit.<br \/>\n<em>Und heute?<\/em> Viele Basiszutaten sind geblieben, traditionelle Natur-Pflegestoffe beliebter denn je.<\/p>\n<p>&nbsp;<\/p>\n<h2>Parfum<\/h2>\n<p>K\u00f6rperger\u00fcche fanden die antiken Hygiene-Fetischisten eklig, zumal ihre Umgebung ziemlich stank. Eigene Handelsrouten und M\u00e4rkte f\u00fcr Parfums versorgten Frauen mit meist schweren, w\u00fcrzigen und s\u00fc\u00dfen Duftnoten. Blumen und Samen wurden zu exotisch duftenden Cremes und \u00d6len aus tierischen und pflanzlichen Fetten, Myrrhe, Weihrauch, Kardamom oder Zimt vermischt.<br \/>\n<em>Und heute?<\/em> Geruchsvorlieben und Vielfalt haben sich ver\u00e4ndert. Wir schweben lieber in frisch-zarten Parfumwolken.<\/p>\n<p>&nbsp;<\/p>\n<h2>Schminke<\/h2>\n<p>Kajal aus Kohle und Ru\u00df, urspr\u00fcnglich Schutz gegen Sonne, Staub und Augenentz\u00fcndungen, entwickelten modebewusste R\u00f6merinnen zum klassischen Make-up weiter. Mit Rouge, blauem und gr\u00fcnem Lidschatten, schwarzem Lidstrich, Wimperntusche, Glimmerpuder und rotem Lippenstift. Selbst roter Nagellack hat altr\u00f6mische Wurzeln.<br \/>\n<em>Und heute?<\/em> Statt echtem Edelsteinpulver und zerquetschten Blutegeln verwenden wir hoch entwickelte Schminke mit verj\u00fcngenden und pflegenden Zusatzeffekten.<\/p>\n<p>&nbsp;<\/p>\n<h2>Teint<\/h2>\n<p>Gesichtspaste aus Fett, St\u00e4rke und Zinnoxid sowie Foundation aus giftigem Blei, Talk oder Kreide ist die Basis f\u00fcr einen jahrhundertelang g\u00fcltigen Sch\u00f6nheitstrend: wei\u00dfe Haut. F\u00fcr die S\u00fcdl\u00e4nderinnen kaum auf nat\u00fcrliche Weise erreichbar, war Bl\u00e4sse ein begehrtes Statussymbol. M\u00e4nner hatten braungebrannt zu sein.<br \/>\n<em>Und heute?<\/em> Was f\u00fcr R\u00f6merinnen vulg\u00e4r war, ist heute Luxus: Sonnenbr\u00e4une kennzeichnet nicht mehr Unterprivilegierung, sondern Reichtum.<\/p>\n<p>&nbsp;<\/p>\n<h2>Haare<\/h2>\n<p>Frisuren imitierten die jeweils aktuelle Hofmode. R\u00f6mer und R\u00f6merinnen trugen Per\u00fccken oder f\u00e4rbten ihr Haar (rot bis blond) mit Ziegenfett, Asche, Henna und Eigelb. Frauenhaar wurde auftoupiert, eingedreht, gewickelt, gesteckt, mit einem Lockenstab geformt, und zwar von angesehenen Friseur-Sklavinnen, antike Trendscouts. Haarteile, B\u00e4nder, Nadeln und Netze hielten alles zusammen. In der Republik begann es schlicht: Langes Haar wurde nach hinten gek\u00e4mmt und im Nacken zu einem Knoten zusammengefasst. Zur Regierungszeit Trajans folgte der Mode-H\u00f6hepunkt: geradezu furchterregende Lockenaufbauten \u00fcber der Stirn, ein gewaltiger Turm mit mehreren Stockwerken.<br \/>\n<em>Und heute?<\/em> Blond ist immer noch der Renner. Wir tragen unser Haar gewollt \u00bbundone\u00ab, haben jedoch selten eine Privatfriseurin.<\/p>\n<p>&nbsp;<\/p>\n<h2>Dekollet\u00e9<\/h2>\n<p>Der BH ist antik. Brustb\u00e4nder und Glanzpuder zauberten selbst bei kleinbusigen Frauen verf\u00fchrerische Einblicke.<br \/>\n<em>Und heute?<\/em> Bronzer und Highlighter f\u00fcrs Dekollet\u00e9, Push-up, Silikon: Wir haben die Techniken perfektioniert.<\/p>\n<p>&nbsp;<\/p>\n<h2>Schmuck<\/h2>\n<p>Als die R\u00f6merinnen begannen, sich Perlen in durchl\u00f6cherte Ohrl\u00e4ppchen zu stecken, ereiferte sich der Gelehrte Plinius der \u00c4ltere \u00f6ffentlich.<br \/>\n<em>Und heute?<\/em> Vermutlich rotiert der Arme in seinem Grab.<\/p>\n<p>&nbsp;<\/p>\n<p>&nbsp;<\/p>\n<p>Kosmetikprodukte mit langer Erfolgsgeschichte erleben heute eine Renaissance. Pflegelinien mit Oliven\u00f6l, \u00c4gyptischer Erde und Aleppo-Seife k\u00f6nnen Sie auch \u00fcber Ihre Apotheke beziehen oder bedienen Sie sich bei unseren eigenen Formulierungen.<\/p>\n<p>Lesen Sie auch weitere Artikel zum Thema <a href=\"https:\/\/www.flora-pharm.de\/blog\/tag\/haut\/\">Haut<\/a>.<\/p>\n<p>Sprechen Sie uns auch gern zu einer Beratung pers\u00f6nlich an.<\/p>\n<figure id=\"attachment_4987\" aria-describedby=\"caption-attachment-4987\" style=\"width: 242px\" class=\"wp-caption alignleft\"><a href=\"https:\/\/www.flora-pharm.de\/blog\/wp-content\/uploads\/2018\/05\/natuerlich-frau-cover-05-2018.jpg\"><img loading=\"lazy\" decoding=\"async\" data-attachment-id=\"4987\" data-permalink=\"https:\/\/www.flora-pharm.de\/blog\/salve-koerperkult\/fug-12\/\" data-orig-file=\"https:\/\/www.flora-pharm.de\/blog\/wp-content\/uploads\/2018\/05\/natuerlich-frau-cover-05-2018.jpg\" data-orig-size=\"450,557\" data-comments-opened=\"1\" data-image-meta=\"{&quot;aperture&quot;:&quot;0&quot;,&quot;credit&quot;:&quot;&quot;,&quot;camera&quot;:&quot;&quot;,&quot;caption&quot;:&quot;&quot;,&quot;created_timestamp&quot;:&quot;0&quot;,&quot;copyright&quot;:&quot;&quot;,&quot;focal_length&quot;:&quot;0&quot;,&quot;iso&quot;:&quot;0&quot;,&quot;shutter_speed&quot;:&quot;0&quot;,&quot;title&quot;:&quot;FuG&quot;,&quot;orientation&quot;:&quot;1&quot;}\" data-image-title=\"nat\u00fcrlich Frau\" data-image-description=\"\" data-image-caption=\"&lt;p&gt;Text mit freundlicher Genehmigung der S&amp;#038;D Verlag GmbH. Die komplette &amp;#8222;nat\u00fcrlich Frau&amp;#8220; bekommen Sie auch bei uns in der Apotheke als monatliches Special in der &amp;#8222;Naturheilkunde &amp;#038; Gesundheit&amp;#8220;.&lt;\/p&gt;\n\" data-large-file=\"https:\/\/www.flora-pharm.de\/blog\/wp-content\/uploads\/2018\/05\/natuerlich-frau-cover-05-2018.jpg\" class=\"size-medium wp-image-4987\" src=\"https:\/\/www.flora-pharm.de\/blog\/wp-content\/uploads\/2018\/05\/natuerlich-frau-cover-05-2018-242x300.jpg\" alt=\"nat\u00fcrlich Frau\" width=\"242\" height=\"300\" srcset=\"https:\/\/www.flora-pharm.de\/blog\/wp-content\/uploads\/2018\/05\/natuerlich-frau-cover-05-2018-242x300.jpg 242w, https:\/\/www.flora-pharm.de\/blog\/wp-content\/uploads\/2018\/05\/natuerlich-frau-cover-05-2018.jpg 450w\" sizes=\"auto, (max-width: 242px) 100vw, 242px\" \/><\/a><figcaption id=\"caption-attachment-4987\" class=\"wp-caption-text\">Text mit freundlicher Genehmigung der S&amp;D Verlag GmbH. Die komplette &#8222;nat\u00fcrlich Frau&#8220; bekommen Sie auch bei uns in der Apotheke als monatliches Special in der &#8222;Naturheilkunde &amp; Gesundheit&#8220;.<\/figcaption><\/figure>\n","protected":false},"excerpt":{"rendered":"<p>Was wir von den Damen der Antike \u00fcbernommen haben So bin ich K\u00f6rperkultur hat ein Ziel: die m\u00f6glichst perfekte \u00e4u\u00dfere Erscheinung. Unebenheiten und vermeintliche Makel sollen \u00fcberdeckt und ein bestimmtes Sch\u00f6nheitsideal erreicht werden. Zus\u00e4tzlicher Anreiz der Dekoma\u00dfnahmen: einen bestimmten gesellschaftlichen Rang pr\u00e4sentieren und die Selbstdarstellung unterstreichen. Bis heute nutzen wir Schminke und Frisur, um die [&hellip;]<\/p>\n","protected":false},"author":1,"featured_media":4983,"comment_status":"open","ping_status":"open","sticky":false,"template":"","format":"standard","meta":{"jetpack_post_was_ever_published":false,"_jetpack_newsletter_access":"","_jetpack_dont_email_post_to_subs":false,"_jetpack_newsletter_tier_id":0,"_jetpack_memberships_contains_paywalled_content":false,"_jetpack_memberships_contains_paid_content":false,"footnotes":""},"categories":[8],"tags":[344,99,506],"class_list":["post-4990","post","type-post","status-publish","format-standard","has-post-thumbnail","hentry","category-wissenswert","tag-haut","tag-kosmetik","tag-natuerlich-frau","has-post-title","has-post-date","has-post-category","has-post-tag","has-post-comment","has-post-author",""],"jetpack_featured_media_url":"https:\/\/www.flora-pharm.de\/blog\/wp-content\/uploads\/2018\/05\/Koerperkult.jpg","jetpack-related-posts":[{"id":6050,"url":"https:\/\/www.flora-pharm.de\/blog\/siehst-du-jung-aus\/","url_meta":{"origin":4990,"position":0},"title":"Siehst du jung aus!","author":"Flora Team","date":"25. M\u00e4rz 2019","format":false,"excerpt":"Bis ins Teeniealter wollten wir so schnell wie m\u00f6glich \u00e4lter werden, versuchten mit Kleidung und Make-up erwachsen zu wirken. Dieser Wunsch kehrt sich ab 30 um. Was auch immer in Ihrem Pass steht, diese Tricks sorgen f\u00fcr eine j\u00fcngere Au\u00dfenwirkung. Das war schon in der Antike ein Thema: Salve, K\u00f6rperkult\u2026","rel":"","context":"In &quot;Wissenswert&quot;","block_context":{"text":"Wissenswert","link":"https:\/\/www.flora-pharm.de\/blog\/category\/wissenswert\/"},"img":{"alt_text":"j\u00fcnger aussehen mit kleinen Tricks","src":"https:\/\/i0.wp.com\/www.flora-pharm.de\/blog\/wp-content\/uploads\/2019\/02\/juenger-aussehen-tricks.jpg?resize=350%2C200&ssl=1","width":350,"height":200,"srcset":"https:\/\/i0.wp.com\/www.flora-pharm.de\/blog\/wp-content\/uploads\/2019\/02\/juenger-aussehen-tricks.jpg?resize=350%2C200&ssl=1 1x, https:\/\/i0.wp.com\/www.flora-pharm.de\/blog\/wp-content\/uploads\/2019\/02\/juenger-aussehen-tricks.jpg?resize=525%2C300&ssl=1 1.5x, https:\/\/i0.wp.com\/www.flora-pharm.de\/blog\/wp-content\/uploads\/2019\/02\/juenger-aussehen-tricks.jpg?resize=700%2C400&ssl=1 2x"},"classes":[]},{"id":6897,"url":"https:\/\/www.flora-pharm.de\/blog\/olivenoel-fluessiges-gold\/","url_meta":{"origin":4990,"position":1},"title":"Oliven\u00f6l \u2013 Fl\u00fcssiges Gold","author":"Flora Team","date":"20. Mai 2020","format":false,"excerpt":"In der Antike wurde es als Geschenk der G\u00f6tter verehrt, heute wei\u00df man: Oliven\u00f6l ist ein medizinisches Multitalent und ein echtes Superfood. Kaum ein Heil- oder Lebensmittel kann eine solch lange Tradition vorweisen wie das aus Oliven gewonnene, goldgelbe \u00d6l. Der Arzt Hippokrates bezeichnete es als \u201egro\u00dfen Heiler\u201c und der\u2026","rel":"","context":"In &quot;Kr\u00e4uter &amp; Gew\u00fcrze&quot;","block_context":{"text":"Kr\u00e4uter &amp; Gew\u00fcrze","link":"https:\/\/www.flora-pharm.de\/blog\/category\/kraeuter-gewuerze\/"},"img":{"alt_text":"Oliven\u00f6l, das fl\u00fcssige Gold","src":"https:\/\/i0.wp.com\/www.flora-pharm.de\/blog\/wp-content\/uploads\/2020\/05\/olivenoel.jpg?resize=350%2C200&ssl=1","width":350,"height":200,"srcset":"https:\/\/i0.wp.com\/www.flora-pharm.de\/blog\/wp-content\/uploads\/2020\/05\/olivenoel.jpg?resize=350%2C200&ssl=1 1x, https:\/\/i0.wp.com\/www.flora-pharm.de\/blog\/wp-content\/uploads\/2020\/05\/olivenoel.jpg?resize=525%2C300&ssl=1 1.5x, https:\/\/i0.wp.com\/www.flora-pharm.de\/blog\/wp-content\/uploads\/2020\/05\/olivenoel.jpg?resize=700%2C400&ssl=1 2x"},"classes":[]},{"id":6887,"url":"https:\/\/www.flora-pharm.de\/blog\/bienen-medizin-die-suesse-apotheke\/","url_meta":{"origin":4990,"position":2},"title":"Bienen-Medizin &#8211; Die s\u00fc\u00dfe Apotheke","author":"Flora Team","date":"4. Juni 2020","format":false,"excerpt":"Gesund und lecker \u2013 die Sch\u00e4tze aus dem Bienenstock. Wenn es bl\u00fcht, dann summt es. Jetzt wird die Blumenwiese zum Bienenparadies. Wo Bl\u00fctenk\u00f6pfe sich zur Sonne recken, finden die Honigsammlerinnen einen reichlich gedeckten Tisch. Das freut die Bienen (Apis mellifera), aber auch die Natur hei\u00dft alle Nektar-Nascherinnen willkommen. Ein Beitrag\u2026","rel":"","context":"In &quot;Wissenswert&quot;","block_context":{"text":"Wissenswert","link":"https:\/\/www.flora-pharm.de\/blog\/category\/wissenswert\/"},"img":{"alt_text":"Bienen-Medizin, die s\u00fc\u00dfe Apotheke","src":"https:\/\/i0.wp.com\/www.flora-pharm.de\/blog\/wp-content\/uploads\/2020\/05\/bienen-medizin-honig.jpg?resize=350%2C200&ssl=1","width":350,"height":200,"srcset":"https:\/\/i0.wp.com\/www.flora-pharm.de\/blog\/wp-content\/uploads\/2020\/05\/bienen-medizin-honig.jpg?resize=350%2C200&ssl=1 1x, https:\/\/i0.wp.com\/www.flora-pharm.de\/blog\/wp-content\/uploads\/2020\/05\/bienen-medizin-honig.jpg?resize=525%2C300&ssl=1 1.5x, https:\/\/i0.wp.com\/www.flora-pharm.de\/blog\/wp-content\/uploads\/2020\/05\/bienen-medizin-honig.jpg?resize=700%2C400&ssl=1 2x"},"classes":[]},{"id":5292,"url":"https:\/\/www.flora-pharm.de\/blog\/maennersache-bart-so-wird-er-ein-juwel\/","url_meta":{"origin":4990,"position":3},"title":"M\u00e4nnersache Bart, so wird er ein Juwel","author":"Flora Team","date":"13. September 2018","format":false,"excerpt":"B\u00e4rte sind in. Immer mehr M\u00e4nner tragen ihr Gesichtshaar wie ein modisches Accessoire. Wenn Sie m\u00f6chten, dass Ihr Kinnkleid ein echtes Juwel ist, dann pflegen Sie es \u2013 mit Produkten aus Ihrer Apotheke. Welche brauchen Sie? \u00a0 Ein haariger Beitrag von Stefanie Deckers \u00a0 Nur ein gepflegter Bart ist ein\u2026","rel":"","context":"In &quot;Wissenswert&quot;","block_context":{"text":"Wissenswert","link":"https:\/\/www.flora-pharm.de\/blog\/category\/wissenswert\/"},"img":{"alt_text":"M\u00e4nnersache Bart","src":"https:\/\/i0.wp.com\/www.flora-pharm.de\/blog\/wp-content\/uploads\/2018\/09\/maennersache-bart.jpg?resize=350%2C200&ssl=1","width":350,"height":200,"srcset":"https:\/\/i0.wp.com\/www.flora-pharm.de\/blog\/wp-content\/uploads\/2018\/09\/maennersache-bart.jpg?resize=350%2C200&ssl=1 1x, https:\/\/i0.wp.com\/www.flora-pharm.de\/blog\/wp-content\/uploads\/2018\/09\/maennersache-bart.jpg?resize=525%2C300&ssl=1 1.5x, https:\/\/i0.wp.com\/www.flora-pharm.de\/blog\/wp-content\/uploads\/2018\/09\/maennersache-bart.jpg?resize=700%2C400&ssl=1 2x"},"classes":[]},{"id":6243,"url":"https:\/\/www.flora-pharm.de\/blog\/koenigsblaue-kornblume\/","url_meta":{"origin":4990,"position":4},"title":"K\u00f6nigsblaue Kornblume","author":"Flora Team","date":"24. Juni 2019","format":false,"excerpt":"Kornblumen sind die k\u00f6nigsblauen Perlen in der Natur. In der Pflanzenheilkunde haben sie eine lange Tradition. Welche Bedeutung haben sie heute? Von Stefanie Deckers Wenn die Kornblumen bl\u00fchen, hat die sonnige, warme Zeit ihren H\u00f6hepunkt schon fast erreicht. Kurz vor der Ernte zieren ihre leuchtend-blauen Bl\u00fcten die Getreidefelder und sind\u2026","rel":"","context":"In &quot;Wissenswert&quot;","block_context":{"text":"Wissenswert","link":"https:\/\/www.flora-pharm.de\/blog\/category\/wissenswert\/"},"img":{"alt_text":"Kornblume","src":"https:\/\/i0.wp.com\/www.flora-pharm.de\/blog\/wp-content\/uploads\/2019\/06\/kornblume.jpg?resize=350%2C200&ssl=1","width":350,"height":200,"srcset":"https:\/\/i0.wp.com\/www.flora-pharm.de\/blog\/wp-content\/uploads\/2019\/06\/kornblume.jpg?resize=350%2C200&ssl=1 1x, https:\/\/i0.wp.com\/www.flora-pharm.de\/blog\/wp-content\/uploads\/2019\/06\/kornblume.jpg?resize=525%2C300&ssl=1 1.5x, https:\/\/i0.wp.com\/www.flora-pharm.de\/blog\/wp-content\/uploads\/2019\/06\/kornblume.jpg?resize=700%2C400&ssl=1 2x"},"classes":[]},{"id":7265,"url":"https:\/\/www.flora-pharm.de\/blog\/maskne-in-den-griff-bekommen\/","url_meta":{"origin":4990,"position":5},"title":"\u201eMaskne\u201c in den Griff bekommen","author":"Flora Team","date":"11. November 2020","format":false,"excerpt":"Die sog. AHA+L-Formel bestimmt im Kampf gegen das Virus SARS-CoV-2 derzeit unser Leben: Abstand, H\u00e4ndewaschen, Alltagsmaske und L\u00fcften. Das Tragen von Alltags- oder auch h\u00f6herwertigen Masken kann unsere Gesichtshaut ganz sch\u00f6n strapazieren und bestehende Hautprobleme verst\u00e4rken. Das aus der Boulevardpresse stammende Kunstwort \u201eMaskne\u201c, eine Fusion aus Maske und Akne, ist\u2026","rel":"","context":"In &quot;Wissenswert&quot;","block_context":{"text":"Wissenswert","link":"https:\/\/www.flora-pharm.de\/blog\/category\/wissenswert\/"},"img":{"alt_text":"","src":"https:\/\/i0.wp.com\/www.flora-pharm.de\/blog\/wp-content\/uploads\/2020\/11\/maskne.jpg?resize=350%2C200&ssl=1","width":350,"height":200,"srcset":"https:\/\/i0.wp.com\/www.flora-pharm.de\/blog\/wp-content\/uploads\/2020\/11\/maskne.jpg?resize=350%2C200&ssl=1 1x, https:\/\/i0.wp.com\/www.flora-pharm.de\/blog\/wp-content\/uploads\/2020\/11\/maskne.jpg?resize=525%2C300&ssl=1 1.5x, https:\/\/i0.wp.com\/www.flora-pharm.de\/blog\/wp-content\/uploads\/2020\/11\/maskne.jpg?resize=700%2C400&ssl=1 2x"},"classes":[]}],"jetpack_sharing_enabled":true,"_links":{"self":[{"href":"https:\/\/www.flora-pharm.de\/blog\/wp-json\/wp\/v2\/posts\/4990","targetHints":{"allow":["GET"]}}],"collection":[{"href":"https:\/\/www.flora-pharm.de\/blog\/wp-json\/wp\/v2\/posts"}],"about":[{"href":"https:\/\/www.flora-pharm.de\/blog\/wp-json\/wp\/v2\/types\/post"}],"author":[{"embeddable":true,"href":"https:\/\/www.flora-pharm.de\/blog\/wp-json\/wp\/v2\/users\/1"}],"replies":[{"embeddable":true,"href":"https:\/\/www.flora-pharm.de\/blog\/wp-json\/wp\/v2\/comments?post=4990"}],"version-history":[{"count":3,"href":"https:\/\/www.flora-pharm.de\/blog\/wp-json\/wp\/v2\/posts\/4990\/revisions"}],"predecessor-version":[{"id":5006,"href":"https:\/\/www.flora-pharm.de\/blog\/wp-json\/wp\/v2\/posts\/4990\/revisions\/5006"}],"wp:featuredmedia":[{"embeddable":true,"href":"https:\/\/www.flora-pharm.de\/blog\/wp-json\/wp\/v2\/media\/4983"}],"wp:attachment":[{"href":"https:\/\/www.flora-pharm.de\/blog\/wp-json\/wp\/v2\/media?parent=4990"}],"wp:term":[{"taxonomy":"category","embeddable":true,"href":"https:\/\/www.flora-pharm.de\/blog\/wp-json\/wp\/v2\/categories?post=4990"},{"taxonomy":"post_tag","embeddable":true,"href":"https:\/\/www.flora-pharm.de\/blog\/wp-json\/wp\/v2\/tags?post=4990"}],"curies":[{"name":"wp","href":"https:\/\/api.w.org\/{rel}","templated":true}]}}