{"id":5113,"date":"2018-06-22T08:47:32","date_gmt":"2018-06-22T06:47:32","guid":{"rendered":"http:\/\/www.flora-pharm.de\/blog\/?p=5113"},"modified":"2018-06-22T08:47:32","modified_gmt":"2018-06-22T06:47:32","slug":"leiden-ohne-krankheit-somatoforme-beschwerden","status":"publish","type":"post","link":"https:\/\/www.flora-pharm.de\/blog\/leiden-ohne-krankheit-somatoforme-beschwerden\/","title":{"rendered":"Leiden ohne Krankheit &#8211; somatoforme Beschwerden"},"content":{"rendered":"<p>Was steckt hinter somatoformen Beschwerden?<br \/>\nBei jedem 5. Patienten sind keine organischen Ursachen f\u00fcr die Beschwerden zu finden. Schmerzen und Kreislaufst\u00f6rungen, f\u00fcr die es keine organische Erkl\u00e4rung gibt, sind trotzdem echt. Damit somatoforme Beschwerden nicht chronisch werden, ist eine umsichtige Therapie angebracht.<\/p>\n<p>Somatoforme St\u00f6rungen z\u00e4hlen zu den h\u00e4ufigsten psychischen St\u00f6rungen. Sie treffen mehr Frauen als M\u00e4nner. Manchmal sind die Symptome unspezifisch: Ersch\u00f6pfung, diffuse Schmerzen, allgemeines Krankheitsgef\u00fchl. Oder sie betreffen einzelne Organsysteme: Herz-Kreislauf- Probleme, Magen-Darm-Beschwerden, ein pl\u00f6tzlicher Verlust des H\u00f6rverm\u00f6gens. Die Lebensqualit\u00e4t leidet immer.<\/p>\n<p>&nbsp;<\/p>\n<p><em>Ein Artikel von Saskia Fechte, Foto: Flora<\/em><\/p>\n<p>&nbsp;<\/p>\n<h3>Krankheit ist subjektiv<\/h3>\n<p>Unsere Psyche ist kein festes Konstrukt. Sie sammelt unentwegt Erfahrungen und Wahrnehmungen. Nicht als simpler Datenspeicher, sondern zur st\u00e4ndigen Auswertung. So bildet sich bei jedem von uns ein einzigartiger Erinnerungspool. Selbst wenn Hunderte Menschen Gleiches erlebt haben, besitzt jeder seine eigene Realit\u00e4t. Unsere Psyche kann Erinnerungen filtern, verkn\u00fcpfen, sogar mit fiktiven Elementen erg\u00e4nzen. Das ist kein b\u00f6sartiges T\u00e4uschungsman\u00f6ver; es dient dazu, vergangene Erfahrungen bestm\u00f6glich f\u00fcr unsere k\u00f6rperliche und geistige Gesundheit zu nutzen. Damit ist klar: Somatoforme Beschwerden sind keine Einbildung, sie sind die Realit\u00e4t des Patienten.<br \/>\nLetztendlich hat fast jede Krankheit auch einen seelischen Aspekt. Das Fachgebiet f\u00fcr die Diagnostik und Behandlung von Krankheiten, die im Zusammenspiel von K\u00f6rper, Seele und sozialen Faktoren entstehen oder aufrechterhalten werden, ist die Psychosomatische Medizin und Psychotherapie. Im Umkehrschuss er\u00f6ffnet das jedoch auch gleich den Weg zu <a href=\"https:\/\/www.flora-pharm.de\/blog\/selbstheilung-durch-spiritualitaet\/\">Selbstheilung<\/a>.<\/p>\n<p>&nbsp;<\/p>\n<h2>3 wichtige Fragen<\/h2>\n<p>&nbsp;<\/p>\n<h3>Was sind somatoforme Beschwerden?<\/h3>\n<p>Andauernde Symptome ohne k\u00f6rperliche Ursache, die die Lebensqualit\u00e4t beeintr\u00e4chtigen oder gro\u00dfe Sorgen bereiten. Ausl\u00f6ser sind \u2013 meist unbewusste \u2013 k\u00f6rperliche, seelische und soziale Faktoren. Herzrasen, Durchfall, Kopf- oder R\u00fcckenschmerzen sind als Zeichen f\u00fcr \u00dcberlastung oder Folge von Infekten nicht ungew\u00f6hnlich. Sie verschwinden in der Regel jedoch wieder. Menschen mit solchen nicht-spezifischen Beschwerden, die l\u00e4nger als sechs Monate andauern, irren oft von Arzt zu Arzt. Sie f\u00fcrchten, nicht ernst genommen zu werden, und machen diese Erfahrung manchmal auch. Gro\u00dfe Angst um die Gesundheit, \u00fcbertriebene Schonung sowie das Gef\u00fchl, als Simulant betrachtet zu werden, k\u00f6nnen die Symptome verst\u00e4rken.<\/p>\n<p>&nbsp;<\/p>\n<h3>Wie sieht die Therapie aus?<\/h3>\n<p>Je nach Beschwerdebild fokussiert sich die Behandlung auf die jeweiligen Organsysteme. Zus\u00e4tzlich kann eine Psychotherapie sinnvoll sein, um die Sorge vor einer unentdeckten schweren Krankheit zu l\u00f6sen. Wichtige Ziele sind mehr Kompetenz und Selbstverantwortung des Patienten im Alltag und im Dialog mit seinen \u00c4rzten und Therapeuten. Unterst\u00fctzend wirken au\u00dferdem allgemeine, gesundheitsf\u00f6rdernde Ma\u00dfnahmen: Bewegung, gesunde Ern\u00e4hrung und Entspannungstechniken.<\/p>\n<p>&nbsp;<\/p>\n<h3>Welcher Arzt ist der richtige?<\/h3>\n<p>Mediziner unterschiedlicher Fachrichtungen begleiten den typischen Weg von Patienten mit somatoformen Beschwerden. Spezialisten sind \u00c4rzte f\u00fcr Psychosomatische Medizin. Wer die Behandlung letztendlich koordiniert, entscheidet das pers\u00f6nliche Vertrauensverh\u00e4ltnis. Eine offene und klare Kommunikation \u00fcber Beschwerden, Untersuchungen und medizinische Begriffe erleichtert die Therapie. Ein Arzt, der den Menschen als Ganzes sieht und mit seinen Sorgen ernst nimmt, schafft eine positive Ausgangsbasis und schaut auch nach Ursachen f\u00fcr Symptome.<\/p>\n<p>&nbsp;<\/p>\n<p>&nbsp;<\/p>\n<h2>Frag nicht Dr. Google!<\/h2>\n<p>Ist auch f\u00fcr Sie das Internet die erste Institution, wenn es um Beschwerden und Krankheiten geht? Nach wenigen Klicks erscheinen medizinische Informationen nebst Symptombeschreibungen und passenden Krankheitsbildern. Die moderne Selbstdiagnostik trifft jedoch selten die Wahrheit. In unserer Vorstellung wird aus einem verstimmten Magen schnell ein Krebsgeschw\u00fcr. Bei sensiblen Personen k\u00f6nnen entsprechende Internetdiagnosen gro\u00dfe \u00c4ngste hervorrufen. Bei unklaren Beschwerden fragen Sie besser Ihren Arzt oder Apotheker.<br \/>\nDieser Thematik haben wir bereits vor drei Jahren einen noch immer aktuellen Artikel gewidmet: <strong><a href=\"https:\/\/www.flora-pharm.de\/blog\/morbus-google-nocebo-effekt-und-cyberchondrie\/\">Morbus Google, Nocebo-Effekt und Cyberchondrie<\/a>.<\/strong><\/p>\n<p>&nbsp;<\/p>\n<p>&nbsp;<\/p>\n<h2>Informationen und Ansprechpartner:<\/h2>\n<ul>\n<li>Deutsche Gesellschaft f\u00fcr Psychosomatische Medizin und \u00c4rztliche Psychotherapie e. V.: <a href=\"http:\/\/www.dgpm.de\" rel=\"nofollow\" target=\"_blank\">dgpm.de<\/a><\/li>\n<li>Deutsche Schmerzgesellschaft e. V.: <a href=\"http:\/\/www.dgss.org\" rel=\"nofollow\" target=\"_blank\">dgss.org<\/a><\/li>\n<li>Und nat\u00fcrlich stehen auch wir Ihnen mit Rat und Tat zur Seite. <a href=\"https:\/\/www.flora-pharm.de\/blog\/kontakt\/\">Sprechen Sie uns an<\/a>, wir beraten Sie gern.<\/li>\n<\/ul>\n<p>&nbsp;<\/p>\n<p>&nbsp;<\/p>\n<figure id=\"attachment_5049\" aria-describedby=\"caption-attachment-5049\" style=\"width: 242px\" class=\"wp-caption alignleft\"><a href=\"https:\/\/www.flora-pharm.de\/blog\/wp-content\/uploads\/2018\/06\/natuerlich-frau-cover-06-2018.jpg\"><img loading=\"lazy\" decoding=\"async\" data-attachment-id=\"5049\" data-permalink=\"https:\/\/www.flora-pharm.de\/blog\/leiden-ohne-krankheit-somatoforme-beschwerden\/fug-13\/\" data-orig-file=\"https:\/\/www.flora-pharm.de\/blog\/wp-content\/uploads\/2018\/06\/natuerlich-frau-cover-06-2018.jpg\" data-orig-size=\"450,557\" data-comments-opened=\"1\" data-image-meta=\"{&quot;aperture&quot;:&quot;0&quot;,&quot;credit&quot;:&quot;&quot;,&quot;camera&quot;:&quot;&quot;,&quot;caption&quot;:&quot;&quot;,&quot;created_timestamp&quot;:&quot;0&quot;,&quot;copyright&quot;:&quot;&quot;,&quot;focal_length&quot;:&quot;0&quot;,&quot;iso&quot;:&quot;0&quot;,&quot;shutter_speed&quot;:&quot;0&quot;,&quot;title&quot;:&quot;FuG&quot;,&quot;orientation&quot;:&quot;1&quot;}\" data-image-title=\"\" data-image-description=\"&lt;p&gt;Cover der nat\u00fcrlich Frau Juni &amp;#8217;18&lt;\/p&gt;\n\" data-image-caption=\"&lt;p&gt;Text mit freundlicher Genehmigung der S&amp;#038;D Verlag GmbH. Die komplette &amp;#8222;nat\u00fcrlich Frau&amp;#8220; bekommen Sie auch bei uns in der Apotheke als monatliches Special in der &amp;#8222;Naturheilkunde &amp;#038; Gesundheit&amp;#8220;.&lt;\/p&gt;\n\" data-large-file=\"https:\/\/www.flora-pharm.de\/blog\/wp-content\/uploads\/2018\/06\/natuerlich-frau-cover-06-2018.jpg\" src=\"https:\/\/www.flora-pharm.de\/blog\/wp-content\/uploads\/2018\/06\/natuerlich-frau-cover-06-2018-242x300.jpg\" alt=\"nat\u00fcrlich Frau\" width=\"242\" height=\"300\" class=\"size-medium wp-image-5049\" srcset=\"https:\/\/www.flora-pharm.de\/blog\/wp-content\/uploads\/2018\/06\/natuerlich-frau-cover-06-2018-242x300.jpg 242w, https:\/\/www.flora-pharm.de\/blog\/wp-content\/uploads\/2018\/06\/natuerlich-frau-cover-06-2018.jpg 450w\" sizes=\"auto, (max-width: 242px) 100vw, 242px\" \/><\/a><figcaption id=\"caption-attachment-5049\" class=\"wp-caption-text\">Text mit freundlicher Genehmigung der S&#038;D Verlag GmbH. Die komplette &#8222;nat\u00fcrlich Frau&#8220; bekommen Sie auch bei uns in der Apotheke als monatliches Special in der &#8222;Naturheilkunde &#038; Gesundheit&#8220;.<\/figcaption><\/figure>\n","protected":false},"excerpt":{"rendered":"<p>Was steckt hinter somatoformen Beschwerden? Bei jedem 5. Patienten sind keine organischen Ursachen f\u00fcr die Beschwerden zu finden. Schmerzen und Kreislaufst\u00f6rungen, f\u00fcr die es keine organische Erkl\u00e4rung gibt, sind trotzdem echt. Damit somatoforme Beschwerden nicht chronisch werden, ist eine umsichtige Therapie angebracht. Somatoforme St\u00f6rungen z\u00e4hlen zu den h\u00e4ufigsten psychischen St\u00f6rungen. Sie treffen mehr Frauen als [&hellip;]<\/p>\n","protected":false},"author":1,"featured_media":5045,"comment_status":"open","ping_status":"open","sticky":false,"template":"","format":"standard","meta":{"jetpack_post_was_ever_published":false,"_jetpack_newsletter_access":"","_jetpack_dont_email_post_to_subs":false,"_jetpack_newsletter_tier_id":0,"_jetpack_memberships_contains_paywalled_content":false,"_jetpack_memberships_contains_paid_content":false,"footnotes":""},"categories":[8],"tags":[506,328,585],"class_list":["post-5113","post","type-post","status-publish","format-standard","has-post-thumbnail","hentry","category-wissenswert","tag-natuerlich-frau","tag-nocebo","tag-psyche","has-post-title","has-post-date","has-post-category","has-post-tag","has-post-comment","has-post-author",""],"jetpack_featured_media_url":"https:\/\/www.flora-pharm.de\/blog\/wp-content\/uploads\/2018\/06\/Leiden-ohne-Krankheit.jpg","jetpack-related-posts":[{"id":3361,"url":"https:\/\/www.flora-pharm.de\/blog\/heilende-blueten\/","url_meta":{"origin":5113,"position":0},"title":"Heilende Bl\u00fcten","author":"Flora Team","date":"8. August 2016","format":false,"excerpt":"Rosen, Lavendel, Ringelblumen & Co. erfreuen nicht nur durch ihren Duft oder mit ihren pr\u00e4chtigen Farben. Richtig angewendet, entfalten sie eine heilende Wirkung. Bl\u00fcten kommen unterschiedlich zum Einsatz Aromatherapie Stark duftende \u00e4therische \u00d6le der Bl\u00fcten werden in der Aromatherapie verwendet. Eine Aufnahme von \u00e4therischen \u00d6len und D\u00fcften geschieht \u00fcber Haut\u2026","rel":"","context":"In &quot;Wissenswert&quot;","block_context":{"text":"Wissenswert","link":"https:\/\/www.flora-pharm.de\/blog\/category\/wissenswert\/"},"img":{"alt_text":"","src":"https:\/\/i0.wp.com\/www.flora-pharm.de\/blog\/wp-content\/uploads\/2016\/08\/heilende-blueten.jpg?resize=350%2C200&ssl=1","width":350,"height":200,"srcset":"https:\/\/i0.wp.com\/www.flora-pharm.de\/blog\/wp-content\/uploads\/2016\/08\/heilende-blueten.jpg?resize=350%2C200&ssl=1 1x, https:\/\/i0.wp.com\/www.flora-pharm.de\/blog\/wp-content\/uploads\/2016\/08\/heilende-blueten.jpg?resize=525%2C300&ssl=1 1.5x, https:\/\/i0.wp.com\/www.flora-pharm.de\/blog\/wp-content\/uploads\/2016\/08\/heilende-blueten.jpg?resize=700%2C400&ssl=1 2x"},"classes":[]},{"id":5124,"url":"https:\/\/www.flora-pharm.de\/blog\/endometriose-behandlung-nach-tcm\/","url_meta":{"origin":5113,"position":1},"title":"Endometriose &#8211; Behandlung nach TCM","author":"Flora Team","date":"25. Juni 2018","format":false,"excerpt":"Viele Frauen leiden unter den Gewebewucherungen, deren medizinische Ursache noch ungekl\u00e4rt ist. Akupunktur, Heilkr\u00e4uter und Ern\u00e4hrungsregeln lindern Endometriose-Beschwerden auf sanfte Weise. Endometriose, was ist das? Die chronische Krankheit l\u00e4sst schleimhaut\u00e4hnliches Gewebe im Unterleib wachsen: um die Geb\u00e4rmutter, an Eierst\u00f6cken und Eileitern oder im Bauchraum rund um Darm, Blase und Bauchfell.\u2026","rel":"","context":"In &quot;Wissenswert&quot;","block_context":{"text":"Wissenswert","link":"https:\/\/www.flora-pharm.de\/blog\/category\/wissenswert\/"},"img":{"alt_text":"Endometriose","src":"https:\/\/i0.wp.com\/www.flora-pharm.de\/blog\/wp-content\/uploads\/2018\/06\/Endometriose-TCM.jpg?resize=350%2C200&ssl=1","width":350,"height":200,"srcset":"https:\/\/i0.wp.com\/www.flora-pharm.de\/blog\/wp-content\/uploads\/2018\/06\/Endometriose-TCM.jpg?resize=350%2C200&ssl=1 1x, https:\/\/i0.wp.com\/www.flora-pharm.de\/blog\/wp-content\/uploads\/2018\/06\/Endometriose-TCM.jpg?resize=525%2C300&ssl=1 1.5x, https:\/\/i0.wp.com\/www.flora-pharm.de\/blog\/wp-content\/uploads\/2018\/06\/Endometriose-TCM.jpg?resize=700%2C400&ssl=1 2x"},"classes":[]},{"id":163,"url":"https:\/\/www.flora-pharm.de\/blog\/fibromyalgie-wenn-muskeln-gewebe-unertraeglich-schmerzen-und-brennen\/","url_meta":{"origin":5113,"position":2},"title":"Fibromyalgie \u2013 Wenn Muskeln\/Gewebe unertr\u00e4glich schmerzen und brennen","author":"Flora Team","date":"11. Dezember 2013","format":false,"excerpt":"Chronische Entz\u00fcndung und wie Orthomolekulare Therapie helfen kann Fibromyalgie (FMS) geh\u00f6rt zu den sogenannten funktionellen Erkrankungen, bei denen sich kein pathologischer Organbefund erheben l\u00e4sst. Das f\u00fchrt dazu, dass die Patienten neben Ihren Beschwerden unter dem Stigmata leiden, doch eigentlich gar nicht wirklich krank zu sein. Das Fehlen einer nachweisbar heilenden\u2026","rel":"","context":"In &quot;Orthomolekulare Medizin&quot;","block_context":{"text":"Orthomolekulare Medizin","link":"https:\/\/www.flora-pharm.de\/blog\/category\/orthomolekulare-medizin\/"},"img":{"alt_text":"","src":"https:\/\/i0.wp.com\/www.flora-pharm.de\/blog\/wp-content\/uploads\/2013\/12\/leonardo-in-flammen.jpg?resize=350%2C200&ssl=1","width":350,"height":200,"srcset":"https:\/\/i0.wp.com\/www.flora-pharm.de\/blog\/wp-content\/uploads\/2013\/12\/leonardo-in-flammen.jpg?resize=350%2C200&ssl=1 1x, https:\/\/i0.wp.com\/www.flora-pharm.de\/blog\/wp-content\/uploads\/2013\/12\/leonardo-in-flammen.jpg?resize=525%2C300&ssl=1 1.5x, https:\/\/i0.wp.com\/www.flora-pharm.de\/blog\/wp-content\/uploads\/2013\/12\/leonardo-in-flammen.jpg?resize=700%2C400&ssl=1 2x"},"classes":[]},{"id":3412,"url":"https:\/\/www.flora-pharm.de\/blog\/duftstoffe-speziell-fuer-frauen\/","url_meta":{"origin":5113,"position":3},"title":"Duftstoffe speziell f\u00fcr Frauen","author":"Flora Team","date":"8. September 2016","format":false,"excerpt":"\u00c4therische \u00d6le heben die Stimmung, wirken regulierend und unterst\u00fctzend bei vielerlei Beschwerden und sorgen f\u00fcr mehr Wohlbefinden. \u00a0 Basilikum\u00f6l Basilikum gilt als menstruationsf\u00f6rdernd und krampfl\u00f6send, hat eine leichte \u00f6strogenartige Wirkung, f\u00f6rdert den Eisprung, steigert die Libido und unterst\u00fctzt in den Wechseljahren. W\u00fcrziges Basilikum\u00f6l kann in Form einer Kompresse oder als\u2026","rel":"","context":"In &quot;Wissenswert&quot;","block_context":{"text":"Wissenswert","link":"https:\/\/www.flora-pharm.de\/blog\/category\/wissenswert\/"},"img":{"alt_text":"","src":"https:\/\/i0.wp.com\/www.flora-pharm.de\/blog\/wp-content\/uploads\/2016\/09\/duftstoffe-frauen.jpg?resize=350%2C200&ssl=1","width":350,"height":200,"srcset":"https:\/\/i0.wp.com\/www.flora-pharm.de\/blog\/wp-content\/uploads\/2016\/09\/duftstoffe-frauen.jpg?resize=350%2C200&ssl=1 1x, https:\/\/i0.wp.com\/www.flora-pharm.de\/blog\/wp-content\/uploads\/2016\/09\/duftstoffe-frauen.jpg?resize=525%2C300&ssl=1 1.5x, https:\/\/i0.wp.com\/www.flora-pharm.de\/blog\/wp-content\/uploads\/2016\/09\/duftstoffe-frauen.jpg?resize=700%2C400&ssl=1 2x"},"classes":[]},{"id":7649,"url":"https:\/\/www.flora-pharm.de\/blog\/ruhe-im-reizdarm\/","url_meta":{"origin":5113,"position":4},"title":"Ruhe im Reizdarm","author":"Flora Team","date":"7. Juni 2021","format":false,"excerpt":"Hilfe f\u00fcr die Verdauung: Das Reizdarm-Syndrom hat viele Gesichter. Was hilft wem am besten? Die Natur kennt zahlreiche Mittel und Wege.","rel":"","context":"In &quot;Wissenswert&quot;","block_context":{"text":"Wissenswert","link":"https:\/\/www.flora-pharm.de\/blog\/category\/wissenswert\/"},"img":{"alt_text":"Reizdarm beruhigen","src":"https:\/\/i0.wp.com\/www.flora-pharm.de\/blog\/wp-content\/uploads\/2021\/04\/reizdarm.jpg?resize=350%2C200&ssl=1","width":350,"height":200,"srcset":"https:\/\/i0.wp.com\/www.flora-pharm.de\/blog\/wp-content\/uploads\/2021\/04\/reizdarm.jpg?resize=350%2C200&ssl=1 1x, https:\/\/i0.wp.com\/www.flora-pharm.de\/blog\/wp-content\/uploads\/2021\/04\/reizdarm.jpg?resize=525%2C300&ssl=1 1.5x, https:\/\/i0.wp.com\/www.flora-pharm.de\/blog\/wp-content\/uploads\/2021\/04\/reizdarm.jpg?resize=700%2C400&ssl=1 2x"},"classes":[]},{"id":5192,"url":"https:\/\/www.flora-pharm.de\/blog\/craniomandibulaere-dysfunktion-cmd-bleib-mal-locker\/","url_meta":{"origin":5113,"position":5},"title":"Craniomandibul\u00e4re Dysfunktion (CMD) &#8211; Bleib mal locker","author":"Flora Team","date":"30. Juli 2018","format":false,"excerpt":"Kopfweh, Nackenverspannungen und Gesichtsschmerzen? Dahinter kann eine Funktionsst\u00f6rung des Kiefergelenks stecken. Craniomandibul\u00e4re Dysfunktion, kurz CMD, nennen Mediziner das hartn\u00e4ckige Leiden. Wir haben uns 2015 diesem untersch\u00e4tzten Thema schon einmal unter der \u00dcberschrift Wenn der Kiefer knackt gewidmet, dort finden Sie auch weiterf\u00fchrende Links. Craniomandibul\u00e4re Dysfunktion \u2013 der Name ist ein\u2026","rel":"","context":"In &quot;Wissenswert&quot;","block_context":{"text":"Wissenswert","link":"https:\/\/www.flora-pharm.de\/blog\/category\/wissenswert\/"},"img":{"alt_text":"CMD (Craniomandibul\u00e4re Dysfunktion)","src":"https:\/\/i0.wp.com\/www.flora-pharm.de\/blog\/wp-content\/uploads\/2018\/07\/Craniomandibulaere-Dysfunktion-CMD.jpg?resize=350%2C200&ssl=1","width":350,"height":200,"srcset":"https:\/\/i0.wp.com\/www.flora-pharm.de\/blog\/wp-content\/uploads\/2018\/07\/Craniomandibulaere-Dysfunktion-CMD.jpg?resize=350%2C200&ssl=1 1x, https:\/\/i0.wp.com\/www.flora-pharm.de\/blog\/wp-content\/uploads\/2018\/07\/Craniomandibulaere-Dysfunktion-CMD.jpg?resize=525%2C300&ssl=1 1.5x, https:\/\/i0.wp.com\/www.flora-pharm.de\/blog\/wp-content\/uploads\/2018\/07\/Craniomandibulaere-Dysfunktion-CMD.jpg?resize=700%2C400&ssl=1 2x"},"classes":[]}],"jetpack_sharing_enabled":true,"_links":{"self":[{"href":"https:\/\/www.flora-pharm.de\/blog\/wp-json\/wp\/v2\/posts\/5113","targetHints":{"allow":["GET"]}}],"collection":[{"href":"https:\/\/www.flora-pharm.de\/blog\/wp-json\/wp\/v2\/posts"}],"about":[{"href":"https:\/\/www.flora-pharm.de\/blog\/wp-json\/wp\/v2\/types\/post"}],"author":[{"embeddable":true,"href":"https:\/\/www.flora-pharm.de\/blog\/wp-json\/wp\/v2\/users\/1"}],"replies":[{"embeddable":true,"href":"https:\/\/www.flora-pharm.de\/blog\/wp-json\/wp\/v2\/comments?post=5113"}],"version-history":[{"count":2,"href":"https:\/\/www.flora-pharm.de\/blog\/wp-json\/wp\/v2\/posts\/5113\/revisions"}],"predecessor-version":[{"id":5115,"href":"https:\/\/www.flora-pharm.de\/blog\/wp-json\/wp\/v2\/posts\/5113\/revisions\/5115"}],"wp:featuredmedia":[{"embeddable":true,"href":"https:\/\/www.flora-pharm.de\/blog\/wp-json\/wp\/v2\/media\/5045"}],"wp:attachment":[{"href":"https:\/\/www.flora-pharm.de\/blog\/wp-json\/wp\/v2\/media?parent=5113"}],"wp:term":[{"taxonomy":"category","embeddable":true,"href":"https:\/\/www.flora-pharm.de\/blog\/wp-json\/wp\/v2\/categories?post=5113"},{"taxonomy":"post_tag","embeddable":true,"href":"https:\/\/www.flora-pharm.de\/blog\/wp-json\/wp\/v2\/tags?post=5113"}],"curies":[{"name":"wp","href":"https:\/\/api.w.org\/{rel}","templated":true}]}}