{"id":5300,"date":"2018-09-20T10:36:44","date_gmt":"2018-09-20T08:36:44","guid":{"rendered":"http:\/\/www.flora-pharm.de\/blog\/?p=5300"},"modified":"2022-01-25T11:12:30","modified_gmt":"2022-01-25T10:12:30","slug":"urtikaria-raus-aus-den-nesseln","status":"publish","type":"post","link":"https:\/\/www.flora-pharm.de\/blog\/urtikaria-raus-aus-den-nesseln\/","title":{"rendered":"Urtikaria &#8211; Raus aus den Nesseln"},"content":{"rendered":"<p><strong>Urtikaria nat\u00fcrlich behandeln<\/strong><br \/>\nWer schon einmal in die Brennnesseln gefallen ist, kennt das Gef\u00fchl: die w\u00e4ssrigen Quaddeln auf der Haut brennen h\u00f6llisch. Bei Nesselsucht kehrt dieser Juckreiz immer wieder \u2013 auch ohne Hautkontakt mit der haarigen Gr\u00fcnpflanze. Was Patienten auf nat\u00fcrliche Weise helfen kann, ist wirklich erstaunlich.<\/p>\n<h3>Steckbrief: Brennnessel (Urtica urens)<\/h3>\n<p>Die Brennnessel ist von der Wurzel bis zur Blattspitze mit Brennhaaren \u00fcberzogen. Bei Hautkontakt gibt sie Nesselgift ab, das zwar unsch\u00e4dlich ist, aber w\u00e4ssrige Quaddeln hinterl\u00e4sst. Mit ihren Inhaltsstoffen gilt sie als Heilpflanze, die entz\u00fcndungshemmend und entgiftend, blutbildend und schmerzlindernd wirkt.<br \/>\n<strong>Inhaltsstoffe:<\/strong> Aminos\u00e4uren, Flavonoide, Mineralien (Eisen)<br \/>\n<strong>Anwendungsgebiete:<\/strong> allergische Hautausschl\u00e4ge, rheumatische Schmerzen, Blasen- und Harnwegsinfektionen.<\/p>\n<p>Lesen Sie auch: <a href=\"https:\/\/www.flora-pharm.de\/blog\/brennnessel\/\">Brennnessel<\/a>, Heilpflanze des Jahres 2022<\/p>\n<p>Jeder F\u00fcnfte in Deutschland leidet mindestens einmal im Leben an Nesselsucht. Der Mediziner sagt: <strong>Urtikaria<\/strong>. Die Hauterkrankung kann so pl\u00f6tzlich auftreten wie sie verschwindet. Manchmal kehren die juckenden Quaddeln immer wieder zur\u00fcck \u2013 je nach Ausl\u00f6ser. Die Ursachen sind vielf\u00e4ltig, die Behandlungsmethoden auch.<\/p>\n<p><em>Ein Interview von Stefanie Deckers mit Sonja Schmitz-Harwardt (Heilpraktikerin, Ern\u00e4hrungs- und Sporttherapeutin), sie behandelt Nesselsucht-Patienten auf ihre ganz eigene Weise.<\/em><\/p>\n<p><strong><em>Wie f\u00fchlt sich Nesselsucht an?<\/em><\/strong><br \/>\nPatienten berichten von einem Gef\u00fchl, als w\u00fcrden sie in den Nesseln sitzen. Die Bl\u00e4schen auf der Haut k\u00f6nnen klein wie Stecknadelk\u00f6pfe sein oder gro\u00df wie eine Handfl\u00e4che. Wenn sich Quaddeln bilden, weiten sich die Blutgef\u00e4\u00dfe und werden durchl\u00e4ssig. Fl\u00fcssigkeit tritt ins Gewebe \u00fcber. Die Haut spannt unangenehm. Typisch f\u00fcr die Hauterkrankung ist der furchtbare Juckreiz.<br \/>\nWir unterscheiden jedoch zwischen akuter und chronischer Nesselsucht. Wenn die Hautausschl\u00e4ge immer wieder zur\u00fcckkehren, liegen meist noch andere Begleiterkrankungen vor.<\/p>\n<p><strong><em>Sind in den Begleiterkrankungen auch die Ursachen zu suchen?<\/em><\/strong><br \/>\nNicht unbedingt. Jeder Arzt und Heilpraktiker sollte bei Nesselsucht-Patienten die gesamte Krankengeschichte erfragen. Manchmal liegen chronische Entz\u00fcndungen oder Infekte, <a href=\"https:\/\/www.flora-pharm.de\/blog\/allergie-fehldeutung-des-immunsystems\/\">Allergien<\/a> oder <a href=\"https:\/\/www.flora-pharm.de\/blog\/gluten-ein-leben-mit-zoeliakie-ist-das-glutenfrei\/\">Unvertr\u00e4glichkeiten<\/a> vor. Viele Betroffene sind zus\u00e4tzlich mit dem Magenkeim Helicobakter pylori belastet, der als Ausl\u00f6ser f\u00fcr Urtikaria gilt.<br \/>\nBei der Nesselsucht wissen wir, dass bestimmte Immunzellen (Mastzellen) entz\u00fcndungsf\u00f6rdernde Botenstoffe aussch\u00fctten. Histamin ist hauptverantwortlich f\u00fcr den typischen Juckreiz, f\u00fcr die Hautr\u00f6tungen und Schwellungen. Dass die Mastzellen derart \u00fcberschie\u00dfen, kann eine Reaktion auf bestimmte Stoffe sein: Nahrungsmittel, Medikamente, Farb-, Zusatz- oder Konservierungsstoffe.<br \/>\nHistaminhaltige Lebensmittel bilden S\u00e4uren. Fleisch, Broterzeugnisse aus Wei\u00dfmehl, Zucker, Alkohol, aber auch vermeintlich Gesundes wie Sauerkraut und andere vergorene Speisen sollten Patienten vorerst meiden, bis die Ursache gefunden ist.<br \/>\nDie Ursachen k\u00f6nnen n\u00e4mlich auch Au\u00dfenreize sein: K\u00e4lte genauso wie W\u00e4rme. Jede k\u00f6rperliche Anstrengung, die gro\u00dfe Ersch\u00fctterung mit sich bringt, kann einen Urtikariaschub ausl\u00f6sen. <a href=\"https:\/\/www.flora-pharm.de\/blog\/tag\/stress\/\">Stress<\/a> \u2013 ob k\u00f6rperlich oder seelisch \u2013 ist ohnehin der Krankheitsfaktor Nr. 1.<br \/>\nNesselsucht-Patienten sollten am besten ein Tagebuch f\u00fchren, um ihren ganz pers\u00f6nlichen Ausl\u00f6ser zu enttarnen. Ziel sollte sein, die Ursache zu finden und nicht ewig an den Symptomen herumzudoktern. Ansonsten f\u00fchrt die Hauterkrankung schnell zum sozialen R\u00fcckzug. Viele Betroffene m\u00f6gen sich drau\u00dfen nicht mehr zeigen, weil sie sich f\u00fcr ihre Hautausschl\u00e4ge sch\u00e4men. Das m\u00f6chten wir vermeiden.<\/p>\n<p><strong><em>Was raten Sie als Naturheilpraktikerin?<\/em><\/strong><br \/>\nDie Naturheilkunde kennt Therapiestr\u00e4nge, die woanders ansetzen als die Schulmedizin. Schulmediziner geben Nesselsucht-Patienten oft Kortison. Wir versuchen es auf die sanfte Art. An erster Stelle steht eine <a href=\"https:\/\/www.flora-pharm.de\/blog\/saeure-basen-balance\/\">S\u00e4ure-Basen-Regulation<\/a> mit einer gr\u00fcndlichen Darmsanierung. So st\u00e4rken wir die Leber-Nieren-Funktion. Die <a href=\"https:\/\/www.flora-pharm.de\/blog\/tag\/haut\/\">Haut<\/a> ist n\u00e4mlich ein Ausscheidungsorgan. Sie zeigt uns mit den Bl\u00e4schen und Quaddeln, dass im K\u00f6rper etwas im Ungleichgewicht ist. Um die innere Reinigung zu verst\u00e4rken, gebe ich <a href=\"https:\/\/www.flora-pharm.de\/blog\/schuessler-salze-ein-ueberblick-und-einstieg\/\">Sch\u00fc\u00dfler-Salze<\/a>. Die Nr. 2 (Calcium phosphoricum) ist das Salz bei Ausschl\u00e4gen und Juckreiz. Nr. 3 (Ferrum phosphoricum) lindert Entz\u00fcndungen der Haut. Bei w\u00e4ssrigen Bl\u00e4schen hilft Nr. 8 (Natrium chloratum). Ein Hautmittel aus den Erg\u00e4nzungssalzen ist Nr. 24 (Arsenum jodatum). Es wirkt auf den gesamten Organismus, am meisten aber auf die Haut.<\/p>\n<p>Auch die <a href=\"https:\/\/www.flora-pharm.de\/blog\/homoeopathie-ein-steckbrief\/\">Hom\u00f6opathie<\/a> hat einen ganzheitlichen Ansatz. Bekanntlich heilt sie \u00c4hnliches mit \u00c4hnlichem. Brennnessel-Extrakte liegen dem hom\u00f6opathischen Mittel Urtica urens zugrunde. Sie wirken blutreinigend und ausleitend. Aus phytotherapeutischer Sicht ist die Brennnessel das Heilkraut der Wahl. Das mag erstaunlich klingen, weil die Hautausschl\u00e4ge bei Urtikaria den Brennnessel-Quaddeln so sehr \u00e4hneln. Die Inhaltsstoffe der Pflanze aber wirken wie ein nat\u00fcrliches Antihistaminikum. Brennnesseltee oder -kapseln aus der Apotheke k\u00f6nnen den Juckreiz mindern und die Schwellungen nehmen.<\/p>\n<p><strong><em>L\u00e4sst sich bei akuten Sch\u00fcben auch \u00e4u\u00dferlich etwas f\u00fcr die Haut tun?<\/em><\/strong><br \/>\nDann sollten Betroffene ausschlie\u00dflich basisches Wasser mit einem pH-Wert \u00fcber 7 zum Waschen benutzen. Basische Salben neutralisieren S\u00e4uren in der Haut und schenken Feuchtigkeit. Sie enthalten Mineralstoffe, die es dem K\u00f6rper leicht machen, Giftstoffe auszuleiten. Zinkhaltige Cremes wirken beruhigend und wundheilend auf die Haut. In der Apotheke gibt es eine gro\u00dfe Auswahl.<\/p>\n<p><strong><em>Stichwort: Stress als Ausl\u00f6ser. Was haben Belastungen mit Hautquaddeln zu tun?<\/em><\/strong><br \/>\nJede Erkrankung tr\u00e4gt eine Botschaft in sich. Wir kennen viele bildhafte Ausdr\u00fccke. Bei Schnupfen haben wir gr\u00fcndlich die Nase voll von Stress und anderen belastenden Dingen. Bei der Nesselsucht geht es um das Thema Abgrenzung. Wenn wir es seelisch nicht mehr schaffen, uns von negativen Einfl\u00fcssen zu distanzieren, \u00fcbernimmt es die Haut f\u00fcr uns. Mit den Quaddeln grenzen wir uns von anderen ab. Dann kann es hilfreich sein, die eigene Lebensf\u00fchrung zu hinterfragen. Nesselsucht hat \u2013 wie jede andere Hauterkrankung auch \u2013 eine starke psychische Komponente, die wir in jeder Behandlung ber\u00fccksichtigen m\u00fcssen. Reduzieren Sie Stress, das wirkt sich auch auf das Hautbild aus.<\/p>\n<p>Sprechen Sie uns bei Fragen an, wir beraten Sie gern.<\/p>\n<figure id=\"attachment_5257\" aria-describedby=\"caption-attachment-5257\" style=\"width: 225px\" class=\"wp-caption alignleft\"><a href=\"https:\/\/www.flora-pharm.de\/blog\/wp-content\/uploads\/2018\/09\/naturheilkunde-und-gesundheit-cover-09-2018.jpg\"><img loading=\"lazy\" decoding=\"async\" data-attachment-id=\"5257\" data-permalink=\"https:\/\/www.flora-pharm.de\/blog\/maennersache-bart-so-wird-er-ein-juwel\/linke-seite-51\/\" data-orig-file=\"https:\/\/www.flora-pharm.de\/blog\/wp-content\/uploads\/2018\/09\/naturheilkunde-und-gesundheit-cover-09-2018.jpg\" data-orig-size=\"450,600\" data-comments-opened=\"1\" data-image-meta=\"{&quot;aperture&quot;:&quot;0&quot;,&quot;credit&quot;:&quot;kahlert&quot;,&quot;camera&quot;:&quot;&quot;,&quot;caption&quot;:&quot;&quot;,&quot;created_timestamp&quot;:&quot;0&quot;,&quot;copyright&quot;:&quot;&quot;,&quot;focal_length&quot;:&quot;0&quot;,&quot;iso&quot;:&quot;0&quot;,&quot;shutter_speed&quot;:&quot;0&quot;,&quot;title&quot;:&quot;Linke Seite&quot;,&quot;orientation&quot;:&quot;1&quot;}\" data-image-title=\"\" data-image-description=\"\" data-image-caption=\"&lt;p&gt;Text mit freundlicher Genehmigung der S &amp;#038; D Verlag GmbH. Das komplette &amp;#8222;Naturheilkunde &amp;#038; Gesundheit&amp;#8220; Heft bekommen Sie auch bei uns in der Apotheke.&lt;\/p&gt;\n\" data-large-file=\"https:\/\/www.flora-pharm.de\/blog\/wp-content\/uploads\/2018\/09\/naturheilkunde-und-gesundheit-cover-09-2018.jpg\" class=\"size-medium wp-image-5257\" src=\"https:\/\/www.flora-pharm.de\/blog\/wp-content\/uploads\/2018\/09\/naturheilkunde-und-gesundheit-cover-09-2018-225x300.jpg\" alt=\"Naturheilkunde &amp; Gesundheit\" width=\"225\" height=\"300\" srcset=\"https:\/\/www.flora-pharm.de\/blog\/wp-content\/uploads\/2018\/09\/naturheilkunde-und-gesundheit-cover-09-2018-225x300.jpg 225w, https:\/\/www.flora-pharm.de\/blog\/wp-content\/uploads\/2018\/09\/naturheilkunde-und-gesundheit-cover-09-2018.jpg 450w\" sizes=\"auto, (max-width: 225px) 100vw, 225px\" \/><\/a><figcaption id=\"caption-attachment-5257\" class=\"wp-caption-text\">Text mit freundlicher Genehmigung der S &amp; D Verlag GmbH. Das komplette &#8222;Naturheilkunde &amp; Gesundheit&#8220; Heft bekommen Sie auch bei uns in der Apotheke.<\/figcaption><\/figure>\n","protected":false},"excerpt":{"rendered":"<p>Urtikaria nat\u00fcrlich behandeln Wer schon einmal in die Brennnesseln gefallen ist, kennt das Gef\u00fchl: die w\u00e4ssrigen Quaddeln auf der Haut brennen h\u00f6llisch. Bei Nesselsucht kehrt dieser Juckreiz immer wieder \u2013 auch ohne Hautkontakt mit der haarigen Gr\u00fcnpflanze. Was Patienten auf nat\u00fcrliche Weise helfen kann, ist wirklich erstaunlich. Steckbrief: Brennnessel (Urtica urens) Die Brennnessel ist von [&hellip;]<\/p>\n","protected":false},"author":1,"featured_media":5259,"comment_status":"open","ping_status":"open","sticky":false,"template":"","format":"standard","meta":{"jetpack_post_was_ever_published":false,"_jetpack_newsletter_access":"","_jetpack_dont_email_post_to_subs":false,"_jetpack_newsletter_tier_id":0,"_jetpack_memberships_contains_paywalled_content":false,"_jetpack_memberships_contains_paid_content":false,"footnotes":""},"categories":[8],"tags":[681,344,597,422,585,268,312],"class_list":["post-5300","post","type-post","status-publish","format-standard","has-post-thumbnail","hentry","category-wissenswert","tag-brennnessel","tag-haut","tag-juckreiz","tag-naturheilkunde-und-gesundheit","tag-psyche","tag-stress","tag-unvertraeglichkeit","has-post-title","has-post-date","has-post-category","has-post-tag","has-post-comment","has-post-author",""],"jetpack_featured_media_url":"https:\/\/www.flora-pharm.de\/blog\/wp-content\/uploads\/2018\/09\/raus-aus-den-nesseln-brennessel.jpg","jetpack-related-posts":[{"id":8045,"url":"https:\/\/www.flora-pharm.de\/blog\/brennnessel\/","url_meta":{"origin":5300,"position":0},"title":"Brennnessel","author":"Flora Team","date":"25. Januar 2022","format":false,"excerpt":"Bravo, Brennnessel! Oft als unangenehmer Zeitgenosse verachtet, wurde sie dennoch offiziell zur Heilpflanze des Jahres 2022 ernannt. Und das hat gute Gr\u00fcnde.","rel":"","context":"In &quot;Heilpflanzen \/ Arzneipflanzen&quot;","block_context":{"text":"Heilpflanzen \/ Arzneipflanzen","link":"https:\/\/www.flora-pharm.de\/blog\/category\/heilpflanzen-arzneipflanzen\/"},"img":{"alt_text":"Brennnessel Heilpflanze 2022","src":"https:\/\/i0.wp.com\/www.flora-pharm.de\/blog\/wp-content\/uploads\/2021\/12\/brennnessel-heilpflanze-des-jahres-2022.jpg?resize=350%2C200&ssl=1","width":350,"height":200,"srcset":"https:\/\/i0.wp.com\/www.flora-pharm.de\/blog\/wp-content\/uploads\/2021\/12\/brennnessel-heilpflanze-des-jahres-2022.jpg?resize=350%2C200&ssl=1 1x, https:\/\/i0.wp.com\/www.flora-pharm.de\/blog\/wp-content\/uploads\/2021\/12\/brennnessel-heilpflanze-des-jahres-2022.jpg?resize=525%2C300&ssl=1 1.5x, https:\/\/i0.wp.com\/www.flora-pharm.de\/blog\/wp-content\/uploads\/2021\/12\/brennnessel-heilpflanze-des-jahres-2022.jpg?resize=700%2C400&ssl=1 2x"},"classes":[]},{"id":9529,"url":"https:\/\/www.flora-pharm.de\/blog\/wild-und-wirksam-wiesenkraeuter\/","url_meta":{"origin":5300,"position":1},"title":"Wild und wirksam &#8211; Wiesenkr\u00e4uter","author":"Flora Team","date":"7. Mai 2025","format":false,"excerpt":"Der Mai ist die ideale Sammelzeit: Auf Wiesen und am Wegesrand wuchern k\u00f6stliche und heilsame Wildkr\u00e4uter jetzt um die Wette.","rel":"","context":"In &quot;Kr\u00e4uter &amp; Gew\u00fcrze&quot;","block_context":{"text":"Kr\u00e4uter &amp; Gew\u00fcrze","link":"https:\/\/www.flora-pharm.de\/blog\/category\/kraeuter-gewuerze\/"},"img":{"alt_text":"Das Bild zeigt Wiesenkr\u00e4uter als Teaser f\u00fcr den Text; Wild und wirksam. Es geht um die Heilkraft der Wiesenkr\u00e4uter","src":"https:\/\/i0.wp.com\/www.flora-pharm.de\/blog\/wp-content\/uploads\/2025\/05\/wild-und-wirksam-wiesenkraeuter.jpg?resize=350%2C200&ssl=1","width":350,"height":200,"srcset":"https:\/\/i0.wp.com\/www.flora-pharm.de\/blog\/wp-content\/uploads\/2025\/05\/wild-und-wirksam-wiesenkraeuter.jpg?resize=350%2C200&ssl=1 1x, https:\/\/i0.wp.com\/www.flora-pharm.de\/blog\/wp-content\/uploads\/2025\/05\/wild-und-wirksam-wiesenkraeuter.jpg?resize=525%2C300&ssl=1 1.5x, https:\/\/i0.wp.com\/www.flora-pharm.de\/blog\/wp-content\/uploads\/2025\/05\/wild-und-wirksam-wiesenkraeuter.jpg?resize=700%2C400&ssl=1 2x, https:\/\/i0.wp.com\/www.flora-pharm.de\/blog\/wp-content\/uploads\/2025\/05\/wild-und-wirksam-wiesenkraeuter.jpg?resize=1050%2C600&ssl=1 3x"},"classes":[]},{"id":4169,"url":"https:\/\/www.flora-pharm.de\/blog\/lassen-sie-sich-nicht-stechen\/","url_meta":{"origin":5300,"position":2},"title":"Lassen Sie sich nicht stechen!","author":"Flora Team","date":"23. Mai 2017","format":false,"excerpt":"Sch\u00fctzen Sie sich vor Wespen, Bremsen und Stechm\u00fccken! Was tun, wenn Sie gestochen werden? An lauen Sommerabenden sitzt man gerne mit Freunden drau\u00dfen auf der Terrasse, im Biergarten oder am See. Doch der gem\u00fctliche Abend l\u00e4uft meist nicht st\u00f6rungsfrei ab. L\u00e4stige surrende und stechende Insekten sind unangenehme Begleiter der warmen\u2026","rel":"","context":"In &quot;Wissenswert&quot;","block_context":{"text":"Wissenswert","link":"https:\/\/www.flora-pharm.de\/blog\/category\/wissenswert\/"},"img":{"alt_text":"M\u00fcckenstich vermeiden","src":"https:\/\/i0.wp.com\/www.flora-pharm.de\/blog\/wp-content\/uploads\/2017\/05\/mosquito-flora.jpg?resize=350%2C200&ssl=1","width":350,"height":200,"srcset":"https:\/\/i0.wp.com\/www.flora-pharm.de\/blog\/wp-content\/uploads\/2017\/05\/mosquito-flora.jpg?resize=350%2C200&ssl=1 1x, https:\/\/i0.wp.com\/www.flora-pharm.de\/blog\/wp-content\/uploads\/2017\/05\/mosquito-flora.jpg?resize=525%2C300&ssl=1 1.5x, https:\/\/i0.wp.com\/www.flora-pharm.de\/blog\/wp-content\/uploads\/2017\/05\/mosquito-flora.jpg?resize=700%2C400&ssl=1 2x"},"classes":[]},{"id":6461,"url":"https:\/\/www.flora-pharm.de\/blog\/gesunde-kopfhaut-gepflegter-scheitel\/","url_meta":{"origin":5300,"position":3},"title":"Gesunde Kopfhaut &#8211; Gepflegter Scheitel","author":"Flora Team","date":"7. Oktober 2019","format":false,"excerpt":"Juckreiz und Schuppen verlangen eine sanfte, aber wirkungsvolle Pflege. Haben Sie es schon einmal mit Birke oder Huflattich versucht? PS: Weitere Artikel mit Themenschwerpunkt \u201eHaar\u201c finden Sie auch hier im Blog. \u00a0 Von Saskia Fechte \u00a0 Trockene Raumluft durch Heizung oder Klimaanlage k\u00f6nnen die Kopfhaut genauso aus dem Gleichgewicht bringen\u2026","rel":"","context":"In &quot;Wissenswert&quot;","block_context":{"text":"Wissenswert","link":"https:\/\/www.flora-pharm.de\/blog\/category\/wissenswert\/"},"img":{"alt_text":"Haar- und Kopfhautpflege","src":"https:\/\/i0.wp.com\/www.flora-pharm.de\/blog\/wp-content\/uploads\/2019\/09\/gepflegter-scheitel.jpg?resize=350%2C200&ssl=1","width":350,"height":200,"srcset":"https:\/\/i0.wp.com\/www.flora-pharm.de\/blog\/wp-content\/uploads\/2019\/09\/gepflegter-scheitel.jpg?resize=350%2C200&ssl=1 1x, https:\/\/i0.wp.com\/www.flora-pharm.de\/blog\/wp-content\/uploads\/2019\/09\/gepflegter-scheitel.jpg?resize=525%2C300&ssl=1 1.5x, https:\/\/i0.wp.com\/www.flora-pharm.de\/blog\/wp-content\/uploads\/2019\/09\/gepflegter-scheitel.jpg?resize=700%2C400&ssl=1 2x"},"classes":[]},{"id":9082,"url":"https:\/\/www.flora-pharm.de\/blog\/heuschnupfen\/","url_meta":{"origin":5300,"position":4},"title":"Heuschnupfen?","author":"Flora Team","date":"8. April 2024","format":false,"excerpt":"Kaum steht der Fr\u00fchling in den Startl\u00f6chern, l\u00e4uft auch schon die Nase und die Augen jucken ebenfalls. Pollenallergie. Heuschnupfen. Und nun?","rel":"","context":"In &quot;Wissenswert&quot;","block_context":{"text":"Wissenswert","link":"https:\/\/www.flora-pharm.de\/blog\/category\/wissenswert\/"},"img":{"alt_text":"Nat\u00fcrlich gegen den Heuschnupfen","src":"https:\/\/i0.wp.com\/www.flora-pharm.de\/blog\/wp-content\/uploads\/2024\/03\/heuschnupfen-natuerlich-nicht.jpg?resize=350%2C200&ssl=1","width":350,"height":200,"srcset":"https:\/\/i0.wp.com\/www.flora-pharm.de\/blog\/wp-content\/uploads\/2024\/03\/heuschnupfen-natuerlich-nicht.jpg?resize=350%2C200&ssl=1 1x, https:\/\/i0.wp.com\/www.flora-pharm.de\/blog\/wp-content\/uploads\/2024\/03\/heuschnupfen-natuerlich-nicht.jpg?resize=525%2C300&ssl=1 1.5x, https:\/\/i0.wp.com\/www.flora-pharm.de\/blog\/wp-content\/uploads\/2024\/03\/heuschnupfen-natuerlich-nicht.jpg?resize=700%2C400&ssl=1 2x, https:\/\/i0.wp.com\/www.flora-pharm.de\/blog\/wp-content\/uploads\/2024\/03\/heuschnupfen-natuerlich-nicht.jpg?resize=1050%2C600&ssl=1 3x"},"classes":[]},{"id":2974,"url":"https:\/\/www.flora-pharm.de\/blog\/frauenkraeuter-fuer-jede-lebensphase\/","url_meta":{"origin":5300,"position":5},"title":"Frauenkr\u00e4uter f\u00fcr jede Lebensphase","author":"Flora Team","date":"13. November 2015","format":false,"excerpt":"Von der ersten Regelblutung bis zu den Wechseljahren helfen Kr\u00e4uter und Heilpflanzen auf nat\u00fcrliche Weise. Kinderwunsch Bei unerf\u00fclltem Kinderwunsch k\u00f6nnen Pflanzenstoffe mit Hormonwirkung hilfreich sein. Die Naturheilkunde nutzt Pr\u00e4parate aus Rotklee, Traubensilberkerze, Sibirischer Rhabarberwurzel und M\u00f6nchspfeffer. Diese traditionellen Frauenkr\u00e4uter haben Einfluss auf einen stabilen Zyklus und damit auch auf die\u2026","rel":"","context":"In &quot;Heilpflanzen \/ Arzneipflanzen&quot;","block_context":{"text":"Heilpflanzen \/ Arzneipflanzen","link":"https:\/\/www.flora-pharm.de\/blog\/category\/heilpflanzen-arzneipflanzen\/"},"img":{"alt_text":"Mit freundlicher Genehmigung der S & D Verlag GmbH. Das komplette Heft bekommen Sie auch bei uns in der Apotheke.","src":"https:\/\/i0.wp.com\/www.flora-pharm.de\/blog\/wp-content\/uploads\/2015\/11\/cover-NuG-11-2015-225x300.jpg?resize=350%2C200&ssl=1","width":350,"height":200},"classes":[]}],"jetpack_sharing_enabled":true,"_links":{"self":[{"href":"https:\/\/www.flora-pharm.de\/blog\/wp-json\/wp\/v2\/posts\/5300","targetHints":{"allow":["GET"]}}],"collection":[{"href":"https:\/\/www.flora-pharm.de\/blog\/wp-json\/wp\/v2\/posts"}],"about":[{"href":"https:\/\/www.flora-pharm.de\/blog\/wp-json\/wp\/v2\/types\/post"}],"author":[{"embeddable":true,"href":"https:\/\/www.flora-pharm.de\/blog\/wp-json\/wp\/v2\/users\/1"}],"replies":[{"embeddable":true,"href":"https:\/\/www.flora-pharm.de\/blog\/wp-json\/wp\/v2\/comments?post=5300"}],"version-history":[{"count":4,"href":"https:\/\/www.flora-pharm.de\/blog\/wp-json\/wp\/v2\/posts\/5300\/revisions"}],"predecessor-version":[{"id":8081,"href":"https:\/\/www.flora-pharm.de\/blog\/wp-json\/wp\/v2\/posts\/5300\/revisions\/8081"}],"wp:featuredmedia":[{"embeddable":true,"href":"https:\/\/www.flora-pharm.de\/blog\/wp-json\/wp\/v2\/media\/5259"}],"wp:attachment":[{"href":"https:\/\/www.flora-pharm.de\/blog\/wp-json\/wp\/v2\/media?parent=5300"}],"wp:term":[{"taxonomy":"category","embeddable":true,"href":"https:\/\/www.flora-pharm.de\/blog\/wp-json\/wp\/v2\/categories?post=5300"},{"taxonomy":"post_tag","embeddable":true,"href":"https:\/\/www.flora-pharm.de\/blog\/wp-json\/wp\/v2\/tags?post=5300"}],"curies":[{"name":"wp","href":"https:\/\/api.w.org\/{rel}","templated":true}]}}