{"id":5347,"date":"2018-10-09T09:28:32","date_gmt":"2018-10-09T07:28:32","guid":{"rendered":"http:\/\/www.flora-pharm.de\/blog\/?p=5347"},"modified":"2018-10-09T09:28:32","modified_gmt":"2018-10-09T07:28:32","slug":"kuerbis-eine-beere-mit-baerenkraeften","status":"publish","type":"post","link":"https:\/\/www.flora-pharm.de\/blog\/kuerbis-eine-beere-mit-baerenkraeften\/","title":{"rendered":"K\u00fcrbis, eine Beere mit B\u00e4renkr\u00e4ften"},"content":{"rendered":"<p>F\u00fcr Halloween ist er als von innen beleuchtete \u201e<a href=\"https:\/\/www.flora-pharm.de\/blog\/erinnerung-das-flora-herbst-halloween-raetsel-2014-und-mehr-ueber-kuerbisse\/\">Jack O\u2019Lantern<\/a>\u201c ein schaurigsch\u00f6nes Schmuckst\u00fcck. In der Naturheilkunde ist der K\u00fcrbis (Cucurbita pepo) ein echter Tausendsassa. In der K\u00fcche \u00fcbrigens auch.<br \/>\n<strong>Aus botanischer Sicht ist der K\u00fcrbis gar kein Gem\u00fcse, sondern eine Beere.<\/strong> Zugegeben: eine sehr gro\u00dfe und schwere Beere mit Seltenheitswert. Der kugelrunde Koloss z\u00e4hlt zu den wenigen Heilpflanzen, die Prostatabeschwerden beim Mann und verschiedene Blasenleiden bei der Frau behandeln. Die wahren B\u00e4renkr\u00e4fte stecken in den kleinsten Bestandteilen des K\u00fcrbisses: in den <strong>Kernen<\/strong>.<\/p>\n<p>&nbsp;<\/p>\n<p><em>Ein orangener Artikel von Stefanie Deckers.<\/em><\/p>\n<p>&nbsp;<\/p>\n<h2>F\u00fcr M\u00e4nner ab 50<\/h2>\n<p>K\u00fcrbiskerne enthalten Phytosterine. Die Pflanzenstoffe sind ein <a href=\"https:\/\/www.flora-pharm.de\/blog\/heilpflanzen-fuer-die-maennergesundheit\/\">klassisches Mittel<\/a> f\u00fcr M\u00e4nner ab 50, die mit einer gutartigen Prostatavergr\u00f6\u00dferung leben. K\u00fcrbiskernextrakte dienen der Langzeitbehandlung. Sie helfen bei Schmerzen beim Wasserlassen, bei n\u00e4chtlichem Harndrang und wenn Restharn Beschwerden macht. Entz\u00fcndungen und Schwellungen der Prostata sollen zur\u00fcckgehen.<br \/>\nVerschiedene Studien best\u00e4tigen, dass die Inhaltsstoffe die Blasen-Prostatafunktion positiv beeinflussen. Die \u00e4rztliche \u00dcberwachung ersetzen K\u00fcrbiskernextrakte jedoch nicht.<\/p>\n<p>&nbsp;<\/p>\n<h2>F\u00fcr Frauen mit Reizblase<\/h2>\n<p>F\u00fcr Frauen, die unter einer nerv\u00f6sen Reizblase leiden, sind K\u00fcrbiskernextrakte ebenfalls heilsame Mittel. Die Inhaltsstoffe kr\u00e4ftigen das gesamte Beckenbodensystem. Sie wirken harntreibend und st\u00e4rken die Nieren. Dragees und Kapseln mit K\u00fcrbiskernextrakten sind in der Apotheke erh\u00e4ltlich. Die Pr\u00e4parate haben entz\u00fcndungshemmende und keimt\u00f6tende Eigenschaften.<\/p>\n<p>&nbsp;<\/p>\n<h2>Kraftpakete f\u00fcr alle<\/h2>\n<p>K\u00fcrbiskerne sind kleine Kraftpakete mit etlichen guten Inhaltsstoffen. Kaum ein anderes Lebensmittel enth\u00e4lt so viel Magnesium. Der Mineralstoff ist wichtig f\u00fcr alle Muskelfunktionen und f\u00fcr starke Nerven. Auffallend ist der hohe Anteil an Vitamin E, das einen positiven Einfluss auf das Herz-Kreislauf-System hat. Die vielen unges\u00e4ttigten Fetts\u00e4uren senken den Cholesterinspiegel und sch\u00fctzen die Blutgef\u00e4\u00dfe. Zink reguliert den Blutdruck und st\u00e4rkt gleichzeitig das Immunsystem. Wer regelm\u00e4\u00dfig K\u00fcrbiskerne knabbert, der tut etwas f\u00fcr seine Gesundheit und sorgt f\u00fcr nat\u00fcrliche Sch\u00f6nheit von innen. Denn die enthaltene Kiesels\u00e4ure festigt das Bindegewebe, st\u00e4rkt Haare und Fingern\u00e4gel. Vitamin A l\u00e4sst die Haut strahlen. Der hohe Kaliumgehalt entw\u00e4ssert und reinigt den gesamten K\u00f6rper.<\/p>\n<p>Im oben verlinkten <a href=\"https:\/\/www.flora-pharm.de\/blog\/erinnerung-das-flora-herbst-halloween-raetsel-2014-und-mehr-ueber-kuerbisse\/\">Artikel<\/a> finden Sie im Textverlauf weitere Informationen \u00fcber den K\u00fcrbis sowie den Link zu einem leckeren K\u00fcrbisssuppen-Rezept auf Kokosmilchbasis\u2026<\/p>\n<p>&nbsp;<\/p>\n<p>Allerdings ist ein klein wenig Vorsicht anzuraten, wenn es sich um einen wildwachsenden oder heimisch gezogenen und zudem (das wichtigste Kriterium) <strong>bitter schmeckenden<\/strong> K\u00fcrbis handelt. 2015 traten nach einem warmen Sommer vermehrt <a href=\"https:\/\/www.flora-pharm.de\/blog\/vergiftungsfaelle-durch-bittere-zucchini-oder-bitteren-kuerbis\/\">Vergiftungsf\u00e4lle durch bittere Zucchini oder bitteren K\u00fcrbis<\/a> auf. Aktuell (2018) ist uns jedoch trotz des Jahrhundertsommers keine erh\u00f6hte Warnstufe bekannt, das Problem kann aber dennoch auftreten. Bei entsprechender Vorsicht, also bei bitterem Geschmack den K\u00fcrbis nicht weiter zu verzehren, besteht aber kein Grund zum K\u00fcrbis-Verzicht.<\/p>\n<p>&nbsp;<\/p>\n<p>PS: Halloween ist dieses Jahr am 31. Oktober 2018.<\/p>\n<p>&nbsp;<\/p>\n<p>Sprechen Sie uns an, wir beraten Sie gern.<\/p>\n<p>&nbsp;<\/p>\n<p>&nbsp;<\/p>\n<figure id=\"attachment_5336\" aria-describedby=\"caption-attachment-5336\" style=\"width: 225px\" class=\"wp-caption alignleft\"><a href=\"https:\/\/www.flora-pharm.de\/blog\/wp-content\/uploads\/2018\/10\/naturheilkunde-und-gesundheit-cover-10-2018.jpg\"><img loading=\"lazy\" decoding=\"async\" data-attachment-id=\"5336\" data-permalink=\"https:\/\/www.flora-pharm.de\/blog\/kuerbis-eine-beere-mit-baerenkraeften\/linke-seite-53\/\" data-orig-file=\"https:\/\/www.flora-pharm.de\/blog\/wp-content\/uploads\/2018\/10\/naturheilkunde-und-gesundheit-cover-10-2018.jpg\" data-orig-size=\"450,600\" data-comments-opened=\"1\" data-image-meta=\"{&quot;aperture&quot;:&quot;0&quot;,&quot;credit&quot;:&quot;kahlert&quot;,&quot;camera&quot;:&quot;&quot;,&quot;caption&quot;:&quot;&quot;,&quot;created_timestamp&quot;:&quot;0&quot;,&quot;copyright&quot;:&quot;&quot;,&quot;focal_length&quot;:&quot;0&quot;,&quot;iso&quot;:&quot;0&quot;,&quot;shutter_speed&quot;:&quot;0&quot;,&quot;title&quot;:&quot;Linke Seite&quot;,&quot;orientation&quot;:&quot;1&quot;}\" data-image-title=\"\" data-image-description=\"&lt;p&gt;Cover Okt.18&lt;\/p&gt;\n\" data-image-caption=\"&lt;p&gt;Text mit freundlicher Genehmigung der S &amp;#038; D Verlag GmbH. Das komplette &amp;#8222;Naturheilkunde &amp;#038; Gesundheit&amp;#8220; Heft bekommen Sie auch bei uns in der Apotheke.&lt;\/p&gt;\n\" data-large-file=\"https:\/\/www.flora-pharm.de\/blog\/wp-content\/uploads\/2018\/10\/naturheilkunde-und-gesundheit-cover-10-2018.jpg\" src=\"https:\/\/www.flora-pharm.de\/blog\/wp-content\/uploads\/2018\/10\/naturheilkunde-und-gesundheit-cover-10-2018-225x300.jpg\" alt=\"Naturheilkunde &amp; Gesundheit\" width=\"225\" height=\"300\" class=\"size-medium wp-image-5336\" srcset=\"https:\/\/www.flora-pharm.de\/blog\/wp-content\/uploads\/2018\/10\/naturheilkunde-und-gesundheit-cover-10-2018-225x300.jpg 225w, https:\/\/www.flora-pharm.de\/blog\/wp-content\/uploads\/2018\/10\/naturheilkunde-und-gesundheit-cover-10-2018.jpg 450w\" sizes=\"auto, (max-width: 225px) 100vw, 225px\" \/><\/a><figcaption id=\"caption-attachment-5336\" class=\"wp-caption-text\">Text mit freundlicher Genehmigung der S &#038; D Verlag GmbH. Das komplette &#8222;Naturheilkunde &#038; Gesundheit&#8220; Heft bekommen Sie auch bei uns in der Apotheke.<\/figcaption><\/figure>\n","protected":false},"excerpt":{"rendered":"<p>F\u00fcr Halloween ist er als von innen beleuchtete \u201eJack O\u2019Lantern\u201c ein schaurigsch\u00f6nes Schmuckst\u00fcck. In der Naturheilkunde ist der K\u00fcrbis (Cucurbita pepo) ein echter Tausendsassa. In der K\u00fcche \u00fcbrigens auch. Aus botanischer Sicht ist der K\u00fcrbis gar kein Gem\u00fcse, sondern eine Beere. Zugegeben: eine sehr gro\u00dfe und schwere Beere mit Seltenheitswert. Der kugelrunde Koloss z\u00e4hlt zu [&hellip;]<\/p>\n","protected":false},"author":1,"featured_media":5333,"comment_status":"open","ping_status":"open","sticky":false,"template":"","format":"standard","meta":{"jetpack_post_was_ever_published":false,"_jetpack_newsletter_access":"","_jetpack_dont_email_post_to_subs":false,"_jetpack_newsletter_tier_id":0,"_jetpack_memberships_contains_paywalled_content":false,"_jetpack_memberships_contains_paid_content":false,"footnotes":""},"categories":[8],"tags":[6,4,13,422,12],"class_list":["post-5347","post","type-post","status-publish","format-standard","has-post-thumbnail","hentry","category-wissenswert","tag-halloween","tag-herbst","tag-kuerbis","tag-naturheilkunde-und-gesundheit","tag-vergiftung","has-post-title","has-post-date","has-post-category","has-post-tag","has-post-comment","has-post-author",""],"jetpack_featured_media_url":"https:\/\/www.flora-pharm.de\/blog\/wp-content\/uploads\/2018\/10\/kuerbis-beere.jpg","jetpack-related-posts":[{"id":6179,"url":"https:\/\/www.flora-pharm.de\/blog\/kernig\/","url_meta":{"origin":5347,"position":0},"title":"Kernig","author":"Flora Team","date":"7. Juni 2019","format":false,"excerpt":"Wenn es um Obst geht, denken wir an Fruchtfleisch. Und was ist mit den Kernen? Warum werfen wir sie meistens weg? Sie haben doch innere Werte. In den Kernen liegt die Kraft. Im Inneren von Fr\u00fcchten schlummert das Potenzial zu neuem Leben. Aus den Samen w\u00e4chst eine neue Pflanze. Jedes\u2026","rel":"","context":"In &quot;Wissenswert&quot;","block_context":{"text":"Wissenswert","link":"https:\/\/www.flora-pharm.de\/blog\/category\/wissenswert\/"},"img":{"alt_text":"kernig: In den Kernen steckt die Kraft","src":"https:\/\/i0.wp.com\/www.flora-pharm.de\/blog\/wp-content\/uploads\/2019\/05\/kernig.jpg?resize=350%2C200&ssl=1","width":350,"height":200,"srcset":"https:\/\/i0.wp.com\/www.flora-pharm.de\/blog\/wp-content\/uploads\/2019\/05\/kernig.jpg?resize=350%2C200&ssl=1 1x, https:\/\/i0.wp.com\/www.flora-pharm.de\/blog\/wp-content\/uploads\/2019\/05\/kernig.jpg?resize=525%2C300&ssl=1 1.5x, https:\/\/i0.wp.com\/www.flora-pharm.de\/blog\/wp-content\/uploads\/2019\/05\/kernig.jpg?resize=700%2C400&ssl=1 2x"},"classes":[]},{"id":8445,"url":"https:\/\/www.flora-pharm.de\/blog\/heilsamer-herbst\/","url_meta":{"origin":5347,"position":1},"title":"Heilsamer Herbst","author":"Flora Team","date":"10. Oktober 2022","format":false,"excerpt":"Herbst - Die dritte Jahreszeit steht in den Startl\u00f6chern und bringt ihre ganz eigenen Vorz\u00fcge und K\u00f6stlichkeiten mit. Kein Grund f\u00fcr Tr\u00fcbnis!","rel":"","context":"In &quot;Wissenswert&quot;","block_context":{"text":"Wissenswert","link":"https:\/\/www.flora-pharm.de\/blog\/category\/wissenswert\/"},"img":{"alt_text":"heilsamer herbst","src":"https:\/\/i0.wp.com\/www.flora-pharm.de\/blog\/wp-content\/uploads\/2022\/10\/heilsamer-herbst.jpg?resize=350%2C200&ssl=1","width":350,"height":200,"srcset":"https:\/\/i0.wp.com\/www.flora-pharm.de\/blog\/wp-content\/uploads\/2022\/10\/heilsamer-herbst.jpg?resize=350%2C200&ssl=1 1x, https:\/\/i0.wp.com\/www.flora-pharm.de\/blog\/wp-content\/uploads\/2022\/10\/heilsamer-herbst.jpg?resize=525%2C300&ssl=1 1.5x, https:\/\/i0.wp.com\/www.flora-pharm.de\/blog\/wp-content\/uploads\/2022\/10\/heilsamer-herbst.jpg?resize=700%2C400&ssl=1 2x, https:\/\/i0.wp.com\/www.flora-pharm.de\/blog\/wp-content\/uploads\/2022\/10\/heilsamer-herbst.jpg?resize=1050%2C600&ssl=1 3x"},"classes":[]},{"id":2423,"url":"https:\/\/www.flora-pharm.de\/blog\/erinnerung-das-flora-herbst-halloween-raetsel-2014-und-mehr-ueber-kuerbisse\/","url_meta":{"origin":5347,"position":2},"title":"Erinnerung an das Flora-Herbst-Halloween-R\u00e4tsel 2014 und mehr \u00fcber K\u00fcrbisse","author":"Flora Team","date":"14. Oktober 2014","format":false,"excerpt":"Haben Sie schon Ihren Tipp abgegeben? Mit dieser Nahaufnahme unseres \u00d6lk\u00fcrbisses wollen wir noch mal an unser Flora-Herbst-Halloween-R\u00e4tsel 2014 erinnern und es Ihnen etwas erleichtern, das Gewicht zu sch\u00e4tzen. Weitere Bilder, Teilnahmebedingungen und\u00a0alle Informationen zum R\u00e4tsel gibt es hier in unserem Blog: https:\/\/www.flora-pharm.de\/blog\/das-flora-herbst-halloween-raetsel-2014-und-die-erkaeltungsgeister\/ \u00a0 PS: Das Gewinnspiel steht in keiner\u2026","rel":"","context":"In &quot;Aktion&quot;","block_context":{"text":"Aktion","link":"https:\/\/www.flora-pharm.de\/blog\/category\/aktion\/"},"img":{"alt_text":"","src":"https:\/\/i0.wp.com\/www.flora-pharm.de\/blog\/wp-content\/uploads\/2014\/10\/Foto-%C3%96lk%C3%BCrbis-2014-nah.jpg?resize=350%2C200&ssl=1","width":350,"height":200,"srcset":"https:\/\/i0.wp.com\/www.flora-pharm.de\/blog\/wp-content\/uploads\/2014\/10\/Foto-%C3%96lk%C3%BCrbis-2014-nah.jpg?resize=350%2C200&ssl=1 1x, https:\/\/i0.wp.com\/www.flora-pharm.de\/blog\/wp-content\/uploads\/2014\/10\/Foto-%C3%96lk%C3%BCrbis-2014-nah.jpg?resize=525%2C300&ssl=1 1.5x, https:\/\/i0.wp.com\/www.flora-pharm.de\/blog\/wp-content\/uploads\/2014\/10\/Foto-%C3%96lk%C3%BCrbis-2014-nah.jpg?resize=700%2C400&ssl=1 2x"},"classes":[]},{"id":3695,"url":"https:\/\/www.flora-pharm.de\/blog\/heilpflanzen-fuer-die-maennergesundheit\/","url_meta":{"origin":5347,"position":3},"title":"Heilpflanzen f\u00fcr die M\u00e4nnergesundheit","author":"Flora Team","date":"16. Dezember 2016","format":false,"excerpt":"Die Naturheilkunde kennt eine ganze Reihe Heilpflanzen, die gegen spezielle M\u00e4nnerleiden wirksam sind. \u00a0 Prostatabeschwerden und Harnwegsinfekte Die Prostata (Vorsteherdr\u00fcse) ist eine etwa walnussgro\u00dfe Dr\u00fcse, die unterhalb der Blase die Harnr\u00f6hre ringf\u00f6rmig umschlie\u00dft. Im h\u00f6heren Lebensalter kommt es oft zu einer gutartigen Prostatavergr\u00f6\u00dferung. Nicht bei jedem Mann l\u00f6st eine wachsende\u2026","rel":"","context":"In &quot;Heilpflanzen \/ Arzneipflanzen&quot;","block_context":{"text":"Heilpflanzen \/ Arzneipflanzen","link":"https:\/\/www.flora-pharm.de\/blog\/category\/heilpflanzen-arzneipflanzen\/"},"img":{"alt_text":"","src":"https:\/\/i0.wp.com\/www.flora-pharm.de\/blog\/wp-content\/uploads\/2016\/12\/heilpflanzen-maenneregesundheit.jpg?resize=350%2C200&ssl=1","width":350,"height":200,"srcset":"https:\/\/i0.wp.com\/www.flora-pharm.de\/blog\/wp-content\/uploads\/2016\/12\/heilpflanzen-maenneregesundheit.jpg?resize=350%2C200&ssl=1 1x, https:\/\/i0.wp.com\/www.flora-pharm.de\/blog\/wp-content\/uploads\/2016\/12\/heilpflanzen-maenneregesundheit.jpg?resize=525%2C300&ssl=1 1.5x, https:\/\/i0.wp.com\/www.flora-pharm.de\/blog\/wp-content\/uploads\/2016\/12\/heilpflanzen-maenneregesundheit.jpg?resize=700%2C400&ssl=1 2x"},"classes":[]},{"id":7239,"url":"https:\/\/www.flora-pharm.de\/blog\/prostata-auf-das-maenner-organ-hoeren\/","url_meta":{"origin":5347,"position":4},"title":"Prostata &#8211; Auf das M\u00e4nner-Organ h\u00f6ren","author":"Flora Team","date":"15. Dezember 2020","format":false,"excerpt":"Probleme mit der Prostata? Ein Thema, \u00fcber das kein Mann gerne spricht. Unsere Expertin Silke Megens (pharmazeutischtechnische Assistentin in Goch) hilft und kennt die richtigen Mittel. Von Stefanie Happ Frau Megens, das Prostata-Problem gilt als das \u201eheimliche Leiden\u201c der M\u00e4nner. Welche Erfahrungen machen Sie in der Apotheke? Die Scheu, \u00fcber\u2026","rel":"","context":"In &quot;Wissenswert&quot;","block_context":{"text":"Wissenswert","link":"https:\/\/www.flora-pharm.de\/blog\/category\/wissenswert\/"},"img":{"alt_text":"Prostata M\u00e4nner-Organ","src":"https:\/\/i0.wp.com\/www.flora-pharm.de\/blog\/wp-content\/uploads\/2020\/10\/prostata-maenner-organ.jpg?resize=350%2C200&ssl=1","width":350,"height":200,"srcset":"https:\/\/i0.wp.com\/www.flora-pharm.de\/blog\/wp-content\/uploads\/2020\/10\/prostata-maenner-organ.jpg?resize=350%2C200&ssl=1 1x, https:\/\/i0.wp.com\/www.flora-pharm.de\/blog\/wp-content\/uploads\/2020\/10\/prostata-maenner-organ.jpg?resize=525%2C300&ssl=1 1.5x, https:\/\/i0.wp.com\/www.flora-pharm.de\/blog\/wp-content\/uploads\/2020\/10\/prostata-maenner-organ.jpg?resize=700%2C400&ssl=1 2x"},"classes":[]},{"id":2412,"url":"https:\/\/www.flora-pharm.de\/blog\/das-flora-herbst-halloween-raetsel-2014-und-die-erkaeltungsgeister\/","url_meta":{"origin":5347,"position":5},"title":"Das Flora-Herbst-Halloween-R\u00e4tsel 2014 und die Erk\u00e4ltungsgeister","author":"Flora Team","date":"6. Oktober 2014","format":false,"excerpt":"Am 31.10.2014 ist Halloween. Neben gruseligen Hexen, Geistern und Zauberern (der Bezug zum Totenreich resultiert aus dem Fest Allerheiligen \u2013 Halloween=der Tag vor Allerheiligen) ist auch der K\u00fcrbis als Frucht dieser Jahreszeit sehr beliebt. In Amerika ist es z.B. Brauch, eine sog. Jack O\u2019Lantern, eine ausgeh\u00f6lte und beleuchtete K\u00fcrbisfratze zur\u2026","rel":"","context":"In &quot;Aktion&quot;","block_context":{"text":"Aktion","link":"https:\/\/www.flora-pharm.de\/blog\/category\/aktion\/"},"img":{"alt_text":"","src":"https:\/\/i0.wp.com\/www.flora-pharm.de\/blog\/wp-content\/uploads\/2013\/10\/halloween-raetsel-mach-mit.jpg?resize=350%2C200&ssl=1","width":350,"height":200,"srcset":"https:\/\/i0.wp.com\/www.flora-pharm.de\/blog\/wp-content\/uploads\/2013\/10\/halloween-raetsel-mach-mit.jpg?resize=350%2C200&ssl=1 1x, https:\/\/i0.wp.com\/www.flora-pharm.de\/blog\/wp-content\/uploads\/2013\/10\/halloween-raetsel-mach-mit.jpg?resize=525%2C300&ssl=1 1.5x, https:\/\/i0.wp.com\/www.flora-pharm.de\/blog\/wp-content\/uploads\/2013\/10\/halloween-raetsel-mach-mit.jpg?resize=700%2C400&ssl=1 2x"},"classes":[]}],"jetpack_sharing_enabled":true,"_links":{"self":[{"href":"https:\/\/www.flora-pharm.de\/blog\/wp-json\/wp\/v2\/posts\/5347","targetHints":{"allow":["GET"]}}],"collection":[{"href":"https:\/\/www.flora-pharm.de\/blog\/wp-json\/wp\/v2\/posts"}],"about":[{"href":"https:\/\/www.flora-pharm.de\/blog\/wp-json\/wp\/v2\/types\/post"}],"author":[{"embeddable":true,"href":"https:\/\/www.flora-pharm.de\/blog\/wp-json\/wp\/v2\/users\/1"}],"replies":[{"embeddable":true,"href":"https:\/\/www.flora-pharm.de\/blog\/wp-json\/wp\/v2\/comments?post=5347"}],"version-history":[{"count":1,"href":"https:\/\/www.flora-pharm.de\/blog\/wp-json\/wp\/v2\/posts\/5347\/revisions"}],"predecessor-version":[{"id":5348,"href":"https:\/\/www.flora-pharm.de\/blog\/wp-json\/wp\/v2\/posts\/5347\/revisions\/5348"}],"wp:featuredmedia":[{"embeddable":true,"href":"https:\/\/www.flora-pharm.de\/blog\/wp-json\/wp\/v2\/media\/5333"}],"wp:attachment":[{"href":"https:\/\/www.flora-pharm.de\/blog\/wp-json\/wp\/v2\/media?parent=5347"}],"wp:term":[{"taxonomy":"category","embeddable":true,"href":"https:\/\/www.flora-pharm.de\/blog\/wp-json\/wp\/v2\/categories?post=5347"},{"taxonomy":"post_tag","embeddable":true,"href":"https:\/\/www.flora-pharm.de\/blog\/wp-json\/wp\/v2\/tags?post=5347"}],"curies":[{"name":"wp","href":"https:\/\/api.w.org\/{rel}","templated":true}]}}